{"id":53331,"date":"2024-12-10T14:42:27","date_gmt":"2024-12-10T14:42:27","guid":{"rendered":"https:\/\/blogin.al\/?p=53331"},"modified":"2024-12-10T16:25:14","modified_gmt":"2024-12-10T16:25:14","slug":"ardit-gjebrea-tha-se-u-terhoqen-nga-kenga-magjike-se-ishin-semure-arilena-ara-thumbon-producentin","status":"publish","type":"post","link":"https:\/\/blogin.al\/?p=53331","title":{"rendered":"Ardit Gjebrea tha se u t\u00ebrhoq\u00ebn nga \u201cK\u00ebnga Magjike\u201d se ishin semur\u00eb! Arilena Ara thumbon producentin"},"content":{"rendered":"\n<p>K\u00ebng\u00ebtar\u00ebt, Pirro \u00c7ako dhe Arilena Ara, konkurruan n\u00eb festivalin e K\u00ebng\u00ebs Magjike me duetin \u201cZero Grad\u00eb\u201d, por u t\u00ebrhoq\u00ebn nga gara pak or\u00eb para finales, duke mos dh\u00ebn\u00eb asnj\u00eb shpjegim.<\/p>\n\n\n\n<p>Pas p\u00ebrhapjes s\u00eb lajmit p\u00ebr t\u00ebrheqjen nga festivali t\u00eb dy artist\u00ebve, reagoi producenti dhe prezantuesi Ardit Gjebrea, i cili deklaroi se Pirro \u00c7ako ishte s\u00ebmur\u00eb, ndaj nuk mund t\u00eb performonin n\u00eb nat\u00ebn finale.<\/p>\n\n\n\n<p>Por, pas deklarat\u00ebs s\u00eb Ardit Gjebreas, ka reaguar edhe k\u00ebng\u00ebtarja Arilena Ara e cila ka thumbuar producentin.<\/p>\n\n\n\n<p>N\u00eb nj\u00eb postim n\u00eb Instagram, artistja falenderoi fansat, nd\u00ebrsa thumboi Ardit Gjebrean duke u shprehur se&nbsp;<em>\u201curojm\u00eb q\u00eb i gjith\u00eb ky suport e kujdes ndaj nesh t\u2019ju kthehet ve\u00e7 n\u00eb dashuri e sh\u00ebndet, t\u00eb cilat i g\u00ebzojm\u00eb t\u00eb dy si kurr\u00eb m\u00eb par\u00eb.\u201d<\/em><\/p>\n\n\n\n<p><em>\u201cP\u00ebrjet\u00ebsisht fal\u00ebnderuese p\u00ebr kryevepr\u00ebn q\u00eb @pirrocako m\u00eb dhuroi mua dhe gjith\u00eb publikut shqiptar dhe p\u00ebr ftes\u00ebn q\u00eb pat\u00ebm p\u00ebr ta performuar s\u00eb bashku.<\/em><\/p>\n\n\n\n<p><em>P\u00ebrjet\u00ebsisht mir\u00ebnjoh\u00ebse JU! Ju q\u00eb na d\u00ebgjuat, na komentuat, na duartrokit\u00ebt! Mir\u00ebnjoh\u00ebse p\u00ebr kujdesin, dashurin\u00eb, emocionin, mb\u00ebshtjetjen, afeksionin ndaj nesh dhe k\u00ebng\u00ebs son\u00eb, duke na b\u00ebr\u00eb t\u00eb shkrinim akujt e gar\u00ebs.<\/em><\/p>\n\n\n\n<p><em>Urojm\u00eb q\u00eb i gjith\u00eb ky suport e kujdes ndaj nesh t\u2019ju kthehet ve\u00e7 n\u00eb dashuri e sh\u00ebndet, t\u00eb cilat i g\u00ebzojm\u00eb t\u00eb dy si kurr\u00eb m\u00eb par\u00eb. Deri n\u00eb takimin tjet\u00ebr: \u201cPLOT grad\u00eb\u201d dashuri p\u00ebr ju\u201d,<\/em>&nbsp;shkroi Arilena Ara.<\/p>\n\n\n\n<p>Dyshja ishin n\u00eb duet s\u00eb bashku dhe u p\u00ebrfol\u00ebn si kandidat\u00eb fitues t\u00eb K\u00ebnga Magjike. Nd\u00ebrsa u p\u00ebrfol gjithashtu p\u00ebr fitues t\u00eb paracaktuar.<\/p>\n\n\n\n<p>Pak para nisjes s\u00eb finales s\u00eb K\u00ebnga Magjike, producenti&nbsp;Ardit Gjebrea tha se i vinte keq q\u00eb Pirro \u00c7ako nuk do ishte n\u00eb festival, sipas tij, p\u00ebr shkak se ishte s\u00ebmur\u00eb.<\/p>\n\n\n\n<p>P\u00ebr shkak se k\u00ebnga \u00ebsht\u00eb duet, t\u00ebrheqja e Pirro \u00c7akos sillte rrjedhimisht edhe at\u00eb t\u00eb Arilena Ar\u00ebs, sipas producentit.<\/p>\n\n\n\n<p><em>\u201cE d\u00ebgjoni z\u00ebrin tim? Edhe un\u00eb jam ftohur, por t\u00eb pakt\u00ebn nuk do t\u00eb k\u00ebndoj. P\u00ebr fat t\u00eb keq, edhe Pirro \u00ebsht\u00eb paqejf dhe p\u00ebr sa koh\u00eb q\u00eb \u00ebsht\u00eb n\u00eb duet, m\u00eb vjen keq q\u00eb nuk do t\u00eb jet\u00eb ky duet sonte n\u00eb festival, por s\u00ebmundjes nuk ke \u00e7\u2019i b\u00ebn\u201d<\/em>, tha ai.<\/p>\n\n\n\n<p>Fituese e festivalit u shpall k\u00ebng\u00ebtarja Rozana Radi me \u201cAkoma\u201d t\u00eb cil\u00ebn e performoi n\u00eb duet me artistin grek Sany Dimitri.<\/p>\n","protected":false},"excerpt":{"rendered":"<p>K\u00ebng\u00ebtar\u00ebt, Pirro \u00c7ako dhe Arilena Ara, konkurruan n\u00eb festivalin e K\u00ebng\u00ebs Magjike me duetin \u201cZero Grad\u00eb\u201d, por u t\u00ebrhoq\u00ebn nga gara pak or\u00eb para finales, duke mos dh\u00ebn\u00eb asnj\u00eb shpjegim. Pas p\u00ebrhapjes s\u00eb lajmit p\u00ebr t\u00ebrheqjen nga festivali t\u00eb dy artist\u00ebve, reagoi producenti dhe prezantuesi Ardit Gjebrea, i cili deklaroi se Pirro \u00c7ako ishte s\u00ebmur\u00eb, [&hellip;]<\/p>\n","protected":false},"author":2,"featured_media":53339,"comment_status":"closed","ping_status":"closed","sticky":false,"template":"","format":"standard","meta":{"footnotes":""},"categories":[33],"tags":[],"class_list":{"0":"post-53331","1":"post","2":"type-post","3":"status-publish","4":"format-standard","5":"has-post-thumbnail","7":"category-showbiz"},"yoast_head":"<!-- This site is optimized with the Yoast SEO plugin v27.5 - https:\/\/yoast.com\/product\/yoast-seo-wordpress\/ -->\n<title>Ardit Gjebrea tha se u t\u00ebrhoq\u00ebn nga \u201cK\u00ebnga Magjike\u201d se ishin semur\u00eb! Arilena Ara thumbon producentin - blogin.al<\/title>\n<meta name=\"robots\" content=\"index, follow, max-snippet:-1, max-image-preview:large, max-video-preview:-1\" \/>\n<link rel=\"canonical\" href=\"https:\/\/blogin.al\/?p=53331\" \/>\n<meta property=\"og:locale\" content=\"en_US\" \/>\n<meta property=\"og:type\" content=\"article\" \/>\n<meta property=\"og:title\" content=\"Ardit Gjebrea tha se u t\u00ebrhoq\u00ebn nga \u201cK\u00ebnga Magjike\u201d se ishin semur\u00eb! Arilena Ara thumbon producentin - blogin.al\" \/>\n<meta property=\"og:description\" content=\"K\u00ebng\u00ebtar\u00ebt, Pirro \u00c7ako dhe Arilena Ara, konkurruan n\u00eb festivalin e K\u00ebng\u00ebs Magjike me duetin \u201cZero Grad\u00eb\u201d, por u t\u00ebrhoq\u00ebn nga gara pak or\u00eb para finales, duke mos dh\u00ebn\u00eb asnj\u00eb shpjegim. Pas p\u00ebrhapjes s\u00eb lajmit p\u00ebr t\u00ebrheqjen nga festivali t\u00eb dy artist\u00ebve, reagoi producenti dhe prezantuesi Ardit Gjebrea, i cili deklaroi se Pirro \u00c7ako ishte s\u00ebmur\u00eb, [&hellip;]\" \/>\n<meta property=\"og:url\" content=\"https:\/\/blogin.al\/?p=53331\" \/>\n<meta property=\"og:site_name\" content=\"blogin.al\" \/>\n<meta property=\"article:published_time\" content=\"2024-12-10T14:42:27+00:00\" \/>\n<meta property=\"article:modified_time\" content=\"2024-12-10T16:25:14+00:00\" \/>\n<meta property=\"og:image\" content=\"https:\/\/blogin.al\/wp-content\/uploads\/2024\/12\/900-0-1732097566x398cefde-bb81-43fc-ad92-bc55e6d75a6c-522-1.jpg\" \/>\n\t<meta property=\"og:image:width\" content=\"900\" \/>\n\t<meta property=\"og:image:height\" content=\"627\" \/>\n\t<meta property=\"og:image:type\" content=\"image\/jpeg\" \/>\n<meta name=\"author\" content=\"Blogin al\" \/>\n<meta name=\"twitter:card\" content=\"summary_large_image\" \/>\n<meta name=\"twitter:label1\" content=\"Written by\" \/>\n\t<meta name=\"twitter:data1\" content=\"Blogin al\" \/>\n\t<meta name=\"twitter:label2\" content=\"Est. reading time\" \/>\n\t<meta name=\"twitter:data2\" content=\"2 minutes\" \/>\n<script type=\"application\/ld+json\" class=\"yoast-schema-graph\">{\"@context\":\"https:\\\/\\\/schema.org\",\"@graph\":[{\"@type\":\"Article\",\"@id\":\"https:\\\/\\\/blogin.al\\\/?p=53331#article\",\"isPartOf\":{\"@id\":\"https:\\\/\\\/blogin.al\\\/?p=53331\"},\"author\":{\"name\":\"Blogin al\",\"@id\":\"https:\\\/\\\/blogin.al\\\/#\\\/schema\\\/person\\\/abdd56bc912cd511db877b852b115399\"},\"headline\":\"Ardit Gjebrea tha se u t\u00ebrhoq\u00ebn nga \u201cK\u00ebnga Magjike\u201d se ishin semur\u00eb! Arilena Ara thumbon producentin\",\"datePublished\":\"2024-12-10T14:42:27+00:00\",\"dateModified\":\"2024-12-10T16:25:14+00:00\",\"mainEntityOfPage\":{\"@id\":\"https:\\\/\\\/blogin.al\\\/?p=53331\"},\"wordCount\":457,\"publisher\":{\"@id\":\"https:\\\/\\\/blogin.al\\\/#organization\"},\"image\":{\"@id\":\"https:\\\/\\\/blogin.al\\\/?p=53331#primaryimage\"},\"thumbnailUrl\":\"https:\\\/\\\/blogin.al\\\/wp-content\\\/uploads\\\/2024\\\/12\\\/900-0-1732097566x398cefde-bb81-43fc-ad92-bc55e6d75a6c-522-1.jpg\",\"articleSection\":[\"SHOWBIZ\"],\"inLanguage\":\"en-US\"},{\"@type\":\"WebPage\",\"@id\":\"https:\\\/\\\/blogin.al\\\/?p=53331\",\"url\":\"https:\\\/\\\/blogin.al\\\/?p=53331\",\"name\":\"Ardit Gjebrea tha se u t\u00ebrhoq\u00ebn nga \u201cK\u00ebnga Magjike\u201d se ishin semur\u00eb! Arilena Ara thumbon producentin - blogin.al\",\"isPartOf\":{\"@id\":\"https:\\\/\\\/blogin.al\\\/#website\"},\"primaryImageOfPage\":{\"@id\":\"https:\\\/\\\/blogin.al\\\/?p=53331#primaryimage\"},\"image\":{\"@id\":\"https:\\\/\\\/blogin.al\\\/?p=53331#primaryimage\"},\"thumbnailUrl\":\"https:\\\/\\\/blogin.al\\\/wp-content\\\/uploads\\\/2024\\\/12\\\/900-0-1732097566x398cefde-bb81-43fc-ad92-bc55e6d75a6c-522-1.jpg\",\"datePublished\":\"2024-12-10T14:42:27+00:00\",\"dateModified\":\"2024-12-10T16:25:14+00:00\",\"breadcrumb\":{\"@id\":\"https:\\\/\\\/blogin.al\\\/?p=53331#breadcrumb\"},\"inLanguage\":\"en-US\",\"potentialAction\":[{\"@type\":\"ReadAction\",\"target\":[\"https:\\\/\\\/blogin.al\\\/?p=53331\"]}]},{\"@type\":\"ImageObject\",\"inLanguage\":\"en-US\",\"@id\":\"https:\\\/\\\/blogin.al\\\/?p=53331#primaryimage\",\"url\":\"https:\\\/\\\/blogin.al\\\/wp-content\\\/uploads\\\/2024\\\/12\\\/900-0-1732097566x398cefde-bb81-43fc-ad92-bc55e6d75a6c-522-1.jpg\",\"contentUrl\":\"https:\\\/\\\/blogin.al\\\/wp-content\\\/uploads\\\/2024\\\/12\\\/900-0-1732097566x398cefde-bb81-43fc-ad92-bc55e6d75a6c-522-1.jpg\",\"width\":900,\"height\":627},{\"@type\":\"BreadcrumbList\",\"@id\":\"https:\\\/\\\/blogin.al\\\/?p=53331#breadcrumb\",\"itemListElement\":[{\"@type\":\"ListItem\",\"position\":1,\"name\":\"Home\",\"item\":\"https:\\\/\\\/blogin.al\\\/\"},{\"@type\":\"ListItem\",\"position\":2,\"name\":\"Ardit Gjebrea tha se u t\u00ebrhoq\u00ebn nga \u201cK\u00ebnga Magjike\u201d se ishin semur\u00eb! Arilena Ara thumbon producentin\"}]},{\"@type\":\"WebSite\",\"@id\":\"https:\\\/\\\/blogin.al\\\/#website\",\"url\":\"https:\\\/\\\/blogin.al\\\/\",\"name\":\"blogin.al\",\"description\":\"\",\"publisher\":{\"@id\":\"https:\\\/\\\/blogin.al\\\/#organization\"},\"potentialAction\":[{\"@type\":\"SearchAction\",\"target\":{\"@type\":\"EntryPoint\",\"urlTemplate\":\"https:\\\/\\\/blogin.al\\\/?s={search_term_string}\"},\"query-input\":{\"@type\":\"PropertyValueSpecification\",\"valueRequired\":true,\"valueName\":\"search_term_string\"}}],\"inLanguage\":\"en-US\"},{\"@type\":\"Organization\",\"@id\":\"https:\\\/\\\/blogin.al\\\/#organization\",\"name\":\"BLOGIN.al\",\"url\":\"https:\\\/\\\/blogin.al\\\/\",\"logo\":{\"@type\":\"ImageObject\",\"inLanguage\":\"en-US\",\"@id\":\"https:\\\/\\\/blogin.al\\\/#\\\/schema\\\/logo\\\/image\\\/\",\"url\":\"https:\\\/\\\/blogin.al\\\/wp-content\\\/uploads\\\/2022\\\/05\\\/Untitled-2-01-e1652084456514.png\",\"contentUrl\":\"https:\\\/\\\/blogin.al\\\/wp-content\\\/uploads\\\/2022\\\/05\\\/Untitled-2-01-e1652084456514.png\",\"width\":3723,\"height\":1698,\"caption\":\"BLOGIN.al\"},\"image\":{\"@id\":\"https:\\\/\\\/blogin.al\\\/#\\\/schema\\\/logo\\\/image\\\/\"},\"sameAs\":[\"https:\\\/\\\/instagram.com\\\/blogin.al\\\/\"]},{\"@type\":\"Person\",\"@id\":\"https:\\\/\\\/blogin.al\\\/#\\\/schema\\\/person\\\/abdd56bc912cd511db877b852b115399\",\"name\":\"Blogin al\",\"image\":{\"@type\":\"ImageObject\",\"inLanguage\":\"en-US\",\"@id\":\"https:\\\/\\\/secure.gravatar.com\\\/avatar\\\/60d5661aee6e835fb13dc75d2204cd0c1d61bef2efd137c0083e59ef831e235e?s=96&d=mm&r=g\",\"url\":\"https:\\\/\\\/secure.gravatar.com\\\/avatar\\\/60d5661aee6e835fb13dc75d2204cd0c1d61bef2efd137c0083e59ef831e235e?s=96&d=mm&r=g\",\"contentUrl\":\"https:\\\/\\\/secure.gravatar.com\\\/avatar\\\/60d5661aee6e835fb13dc75d2204cd0c1d61bef2efd137c0083e59ef831e235e?s=96&d=mm&r=g\",\"caption\":\"Blogin al\"},\"sameAs\":[\"https:\\\/\\\/blogin.al\"],\"url\":\"https:\\\/\\\/blogin.al\\\/?author=2\"}]}<\/script>\n<!-- \/ Yoast SEO plugin. -->","yoast_head_json":{"title":"Ardit Gjebrea tha se u t\u00ebrhoq\u00ebn nga \u201cK\u00ebnga Magjike\u201d se ishin semur\u00eb! Arilena Ara thumbon producentin - blogin.al","robots":{"index":"index","follow":"follow","max-snippet":"max-snippet:-1","max-image-preview":"max-image-preview:large","max-video-preview":"max-video-preview:-1"},"canonical":"https:\/\/blogin.al\/?p=53331","og_locale":"en_US","og_type":"article","og_title":"Ardit Gjebrea tha se u t\u00ebrhoq\u00ebn nga \u201cK\u00ebnga Magjike\u201d se ishin semur\u00eb! Arilena Ara thumbon producentin - blogin.al","og_description":"K\u00ebng\u00ebtar\u00ebt, Pirro \u00c7ako dhe Arilena Ara, konkurruan n\u00eb festivalin e K\u00ebng\u00ebs Magjike me duetin \u201cZero Grad\u00eb\u201d, por u t\u00ebrhoq\u00ebn nga gara pak or\u00eb para finales, duke mos dh\u00ebn\u00eb asnj\u00eb shpjegim. Pas p\u00ebrhapjes s\u00eb lajmit p\u00ebr t\u00ebrheqjen nga festivali t\u00eb dy artist\u00ebve, reagoi producenti dhe prezantuesi Ardit Gjebrea, i cili deklaroi se Pirro \u00c7ako ishte s\u00ebmur\u00eb, [&hellip;]","og_url":"https:\/\/blogin.al\/?p=53331","og_site_name":"blogin.al","article_published_time":"2024-12-10T14:42:27+00:00","article_modified_time":"2024-12-10T16:25:14+00:00","og_image":[{"width":900,"height":627,"url":"https:\/\/blogin.al\/wp-content\/uploads\/2024\/12\/900-0-1732097566x398cefde-bb81-43fc-ad92-bc55e6d75a6c-522-1.jpg","type":"image\/jpeg"}],"author":"Blogin al","twitter_card":"summary_large_image","twitter_misc":{"Written by":"Blogin al","Est. reading time":"2 minutes"},"schema":{"@context":"https:\/\/schema.org","@graph":[{"@type":"Article","@id":"https:\/\/blogin.al\/?p=53331#article","isPartOf":{"@id":"https:\/\/blogin.al\/?p=53331"},"author":{"name":"Blogin al","@id":"https:\/\/blogin.al\/#\/schema\/person\/abdd56bc912cd511db877b852b115399"},"headline":"Ardit Gjebrea tha se u t\u00ebrhoq\u00ebn nga \u201cK\u00ebnga Magjike\u201d se ishin semur\u00eb! Arilena Ara thumbon producentin","datePublished":"2024-12-10T14:42:27+00:00","dateModified":"2024-12-10T16:25:14+00:00","mainEntityOfPage":{"@id":"https:\/\/blogin.al\/?p=53331"},"wordCount":457,"publisher":{"@id":"https:\/\/blogin.al\/#organization"},"image":{"@id":"https:\/\/blogin.al\/?p=53331#primaryimage"},"thumbnailUrl":"https:\/\/blogin.al\/wp-content\/uploads\/2024\/12\/900-0-1732097566x398cefde-bb81-43fc-ad92-bc55e6d75a6c-522-1.jpg","articleSection":["SHOWBIZ"],"inLanguage":"en-US"},{"@type":"WebPage","@id":"https:\/\/blogin.al\/?p=53331","url":"https:\/\/blogin.al\/?p=53331","name":"Ardit Gjebrea tha se u t\u00ebrhoq\u00ebn nga \u201cK\u00ebnga Magjike\u201d se ishin semur\u00eb! Arilena Ara thumbon producentin - blogin.al","isPartOf":{"@id":"https:\/\/blogin.al\/#website"},"primaryImageOfPage":{"@id":"https:\/\/blogin.al\/?p=53331#primaryimage"},"image":{"@id":"https:\/\/blogin.al\/?p=53331#primaryimage"},"thumbnailUrl":"https:\/\/blogin.al\/wp-content\/uploads\/2024\/12\/900-0-1732097566x398cefde-bb81-43fc-ad92-bc55e6d75a6c-522-1.jpg","datePublished":"2024-12-10T14:42:27+00:00","dateModified":"2024-12-10T16:25:14+00:00","breadcrumb":{"@id":"https:\/\/blogin.al\/?p=53331#breadcrumb"},"inLanguage":"en-US","potentialAction":[{"@type":"ReadAction","target":["https:\/\/blogin.al\/?p=53331"]}]},{"@type":"ImageObject","inLanguage":"en-US","@id":"https:\/\/blogin.al\/?p=53331#primaryimage","url":"https:\/\/blogin.al\/wp-content\/uploads\/2024\/12\/900-0-1732097566x398cefde-bb81-43fc-ad92-bc55e6d75a6c-522-1.jpg","contentUrl":"https:\/\/blogin.al\/wp-content\/uploads\/2024\/12\/900-0-1732097566x398cefde-bb81-43fc-ad92-bc55e6d75a6c-522-1.jpg","width":900,"height":627},{"@type":"BreadcrumbList","@id":"https:\/\/blogin.al\/?p=53331#breadcrumb","itemListElement":[{"@type":"ListItem","position":1,"name":"Home","item":"https:\/\/blogin.al\/"},{"@type":"ListItem","position":2,"name":"Ardit Gjebrea tha se u t\u00ebrhoq\u00ebn nga \u201cK\u00ebnga Magjike\u201d se ishin semur\u00eb! Arilena Ara thumbon producentin"}]},{"@type":"WebSite","@id":"https:\/\/blogin.al\/#website","url":"https:\/\/blogin.al\/","name":"blogin.al","description":"","publisher":{"@id":"https:\/\/blogin.al\/#organization"},"potentialAction":[{"@type":"SearchAction","target":{"@type":"EntryPoint","urlTemplate":"https:\/\/blogin.al\/?s={search_term_string}"},"query-input":{"@type":"PropertyValueSpecification","valueRequired":true,"valueName":"search_term_string"}}],"inLanguage":"en-US"},{"@type":"Organization","@id":"https:\/\/blogin.al\/#organization","name":"BLOGIN.al","url":"https:\/\/blogin.al\/","logo":{"@type":"ImageObject","inLanguage":"en-US","@id":"https:\/\/blogin.al\/#\/schema\/logo\/image\/","url":"https:\/\/blogin.al\/wp-content\/uploads\/2022\/05\/Untitled-2-01-e1652084456514.png","contentUrl":"https:\/\/blogin.al\/wp-content\/uploads\/2022\/05\/Untitled-2-01-e1652084456514.png","width":3723,"height":1698,"caption":"BLOGIN.al"},"image":{"@id":"https:\/\/blogin.al\/#\/schema\/logo\/image\/"},"sameAs":["https:\/\/instagram.com\/blogin.al\/"]},{"@type":"Person","@id":"https:\/\/blogin.al\/#\/schema\/person\/abdd56bc912cd511db877b852b115399","name":"Blogin al","image":{"@type":"ImageObject","inLanguage":"en-US","@id":"https:\/\/secure.gravatar.com\/avatar\/60d5661aee6e835fb13dc75d2204cd0c1d61bef2efd137c0083e59ef831e235e?s=96&d=mm&r=g","url":"https:\/\/secure.gravatar.com\/avatar\/60d5661aee6e835fb13dc75d2204cd0c1d61bef2efd137c0083e59ef831e235e?s=96&d=mm&r=g","contentUrl":"https:\/\/secure.gravatar.com\/avatar\/60d5661aee6e835fb13dc75d2204cd0c1d61bef2efd137c0083e59ef831e235e?s=96&d=mm&r=g","caption":"Blogin al"},"sameAs":["https:\/\/blogin.al"],"url":"https:\/\/blogin.al\/?author=2"}]}},"_links":{"self":[{"href":"https:\/\/blogin.al\/index.php?rest_route=\/wp\/v2\/posts\/53331","targetHints":{"allow":["GET"]}}],"collection":[{"href":"https:\/\/blogin.al\/index.php?rest_route=\/wp\/v2\/posts"}],"about":[{"href":"https:\/\/blogin.al\/index.php?rest_route=\/wp\/v2\/types\/post"}],"author":[{"embeddable":true,"href":"https:\/\/blogin.al\/index.php?rest_route=\/wp\/v2\/users\/2"}],"replies":[{"embeddable":true,"href":"https:\/\/blogin.al\/index.php?rest_route=%2Fwp%2Fv2%2Fcomments&post=53331"}],"version-history":[{"count":1,"href":"https:\/\/blogin.al\/index.php?rest_route=\/wp\/v2\/posts\/53331\/revisions"}],"predecessor-version":[{"id":53332,"href":"https:\/\/blogin.al\/index.php?rest_route=\/wp\/v2\/posts\/53331\/revisions\/53332"}],"wp:featuredmedia":[{"embeddable":true,"href":"https:\/\/blogin.al\/index.php?rest_route=\/wp\/v2\/media\/53339"}],"wp:attachment":[{"href":"https:\/\/blogin.al\/index.php?rest_route=%2Fwp%2Fv2%2Fmedia&parent=53331"}],"wp:term":[{"taxonomy":"category","embeddable":true,"href":"https:\/\/blogin.al\/index.php?rest_route=%2Fwp%2Fv2%2Fcategories&post=53331"},{"taxonomy":"post_tag","embeddable":true,"href":"https:\/\/blogin.al\/index.php?rest_route=%2Fwp%2Fv2%2Ftags&post=53331"}],"curies":[{"name":"wp","href":"https:\/\/api.w.org\/{rel}","templated":true}]}}