{"id":53353,"date":"2024-12-11T13:42:59","date_gmt":"2024-12-11T13:42:59","guid":{"rendered":"https:\/\/blogin.al\/?p=53353"},"modified":"2024-12-11T13:43:02","modified_gmt":"2024-12-11T13:43:02","slug":"prishe-familjen-per-endri-priftin-ola-bruko-sqaron-publikun-njehere-e-mire","status":"publish","type":"post","link":"https:\/\/blogin.al\/?p=53353","title":{"rendered":"\u201cPrishe familjen p\u00ebr Endri Priftin\u201d, Ola Bruko sqaron publikun nj\u00ebher\u00eb e mir\u00eb!"},"content":{"rendered":"\n<p>Gazetarja Ola Bruko dhe k\u00ebng\u00ebtari Endri Prifti kan\u00eb ndar\u00eb detaje mbi romanc\u00ebn e tyre gjat\u00eb nj\u00eb interviste n\u00eb programin \u201cNdryshe\u201d. Ata e zyrtarizuan lidhjen disa muaj m\u00eb par\u00eb, edhe pse lajmet p\u00ebr marr\u00ebdh\u00ebnien kishin qarkulluar m\u00eb her\u00ebt. Romanca mes tyre lindi gjat\u00eb programit \u201cDola te Ola\u201d, ku Endri dhe Stefi Prifti ishin bashk\u00ebprezantues me Ol\u00ebn.<\/p>\n\n\n\n<p>Endri e shpjegoi lidhjen si nj\u00eb ngjarje q\u00eb ndodhi rast\u00ebsisht pas tre vitesh bashk\u00ebpunimi, nd\u00ebrsa Ola e theksoi se askush nga ta nuk e k\u00ebrkoi, por lidhja u zhvillua natyrsh\u00ebm p\u00ebr shkak t\u00eb koh\u00ebs q\u00eb kalonin s\u00eb bashku p\u00ebr pun\u00eb. Ata p\u00ebrpiqeshin t\u00eb organizonin programet dhe shpesh ishin t\u00eb tre bashk\u00eb, duke ndar\u00eb koh\u00ebn gjat\u00eb jav\u00ebs.<\/p>\n\n\n\n<p>Megjithat\u00eb, lidhja e tyre ka ngjallur komente dhe spekulime, ve\u00e7an\u00ebrisht n\u00eb rrjetet sociale. Ola Bruko reagoi ndaj k\u00ebtyre komenteve, duke theksuar se shum\u00eb njer\u00ebz e akuzuan p\u00ebr ndarjen nga ish-bashk\u00ebshorti p\u00ebr shkak t\u00eb Endrit, nj\u00eb gj\u00eb q\u00eb e konsideron t\u00eb padrejt\u00eb dhe t\u00eb dhimbshme. Ajo shpjegoi se nuk kishte prishur familjen p\u00ebr Endrin dhe se lidhja e saj me t\u00eb kishte filluar pasi ajo nuk ishte m\u00eb e martuar. Ola shtoi se spekulimet mund t\u00eb ken\u00eb nj\u00eb ndikim t\u00eb keq tek f\u00ebmij\u00ebt e saj, t\u00eb cil\u00ebt i duan shum\u00eb Endrin dhe mezi presin ta takojn\u00eb.<\/p>\n","protected":false},"excerpt":{"rendered":"<p>Gazetarja Ola Bruko dhe k\u00ebng\u00ebtari Endri Prifti kan\u00eb ndar\u00eb detaje mbi romanc\u00ebn e tyre gjat\u00eb nj\u00eb interviste n\u00eb programin \u201cNdryshe\u201d. Ata e zyrtarizuan lidhjen disa muaj m\u00eb par\u00eb, edhe pse lajmet p\u00ebr marr\u00ebdh\u00ebnien kishin qarkulluar m\u00eb her\u00ebt. Romanca mes tyre lindi gjat\u00eb programit \u201cDola te Ola\u201d, ku Endri dhe Stefi Prifti ishin bashk\u00ebprezantues me Ol\u00ebn. [&hellip;]<\/p>\n","protected":false},"author":2,"featured_media":37467,"comment_status":"closed","ping_status":"closed","sticky":false,"template":"","format":"standard","meta":{"footnotes":""},"categories":[33],"tags":[],"class_list":{"0":"post-53353","1":"post","2":"type-post","3":"status-publish","4":"format-standard","5":"has-post-thumbnail","7":"category-showbiz"},"yoast_head":"<!-- This site is optimized with the Yoast SEO plugin v27.5 - https:\/\/yoast.com\/product\/yoast-seo-wordpress\/ -->\n<title>\u201cPrishe familjen p\u00ebr Endri Priftin\u201d, Ola Bruko sqaron publikun nj\u00ebher\u00eb e mir\u00eb! - blogin.al<\/title>\n<meta name=\"robots\" content=\"index, follow, max-snippet:-1, max-image-preview:large, max-video-preview:-1\" \/>\n<link rel=\"canonical\" href=\"https:\/\/blogin.al\/?p=53353\" \/>\n<meta property=\"og:locale\" content=\"en_US\" \/>\n<meta property=\"og:type\" content=\"article\" \/>\n<meta property=\"og:title\" content=\"\u201cPrishe familjen p\u00ebr Endri Priftin\u201d, Ola Bruko sqaron publikun nj\u00ebher\u00eb e mir\u00eb! - blogin.al\" \/>\n<meta property=\"og:description\" content=\"Gazetarja Ola Bruko dhe k\u00ebng\u00ebtari Endri Prifti kan\u00eb ndar\u00eb detaje mbi romanc\u00ebn e tyre gjat\u00eb nj\u00eb interviste n\u00eb programin \u201cNdryshe\u201d. Ata e zyrtarizuan lidhjen disa muaj m\u00eb par\u00eb, edhe pse lajmet p\u00ebr marr\u00ebdh\u00ebnien kishin qarkulluar m\u00eb her\u00ebt. Romanca mes tyre lindi gjat\u00eb programit \u201cDola te Ola\u201d, ku Endri dhe Stefi Prifti ishin bashk\u00ebprezantues me Ol\u00ebn. [&hellip;]\" \/>\n<meta property=\"og:url\" content=\"https:\/\/blogin.al\/?p=53353\" \/>\n<meta property=\"og:site_name\" content=\"blogin.al\" \/>\n<meta property=\"article:published_time\" content=\"2024-12-11T13:42:59+00:00\" \/>\n<meta property=\"article:modified_time\" content=\"2024-12-11T13:43:02+00:00\" \/>\n<meta property=\"og:image\" content=\"https:\/\/blogin.al\/wp-content\/uploads\/2023\/09\/endri-prifti-ola-bruko.png\" \/>\n\t<meta property=\"og:image:width\" content=\"900\" \/>\n\t<meta property=\"og:image:height\" content=\"688\" \/>\n\t<meta property=\"og:image:type\" content=\"image\/png\" \/>\n<meta name=\"author\" content=\"Blogin al\" \/>\n<meta name=\"twitter:card\" content=\"summary_large_image\" \/>\n<meta name=\"twitter:label1\" content=\"Written by\" \/>\n\t<meta name=\"twitter:data1\" content=\"Blogin al\" \/>\n\t<meta name=\"twitter:label2\" content=\"Est. reading time\" \/>\n\t<meta name=\"twitter:data2\" content=\"2 minutes\" \/>\n<script type=\"application\/ld+json\" class=\"yoast-schema-graph\">{\"@context\":\"https:\\\/\\\/schema.org\",\"@graph\":[{\"@type\":\"Article\",\"@id\":\"https:\\\/\\\/blogin.al\\\/?p=53353#article\",\"isPartOf\":{\"@id\":\"https:\\\/\\\/blogin.al\\\/?p=53353\"},\"author\":{\"name\":\"Blogin al\",\"@id\":\"https:\\\/\\\/blogin.al\\\/#\\\/schema\\\/person\\\/abdd56bc912cd511db877b852b115399\"},\"headline\":\"\u201cPrishe familjen p\u00ebr Endri Priftin\u201d, Ola Bruko sqaron publikun nj\u00ebher\u00eb e mir\u00eb!\",\"datePublished\":\"2024-12-11T13:42:59+00:00\",\"dateModified\":\"2024-12-11T13:43:02+00:00\",\"mainEntityOfPage\":{\"@id\":\"https:\\\/\\\/blogin.al\\\/?p=53353\"},\"wordCount\":251,\"publisher\":{\"@id\":\"https:\\\/\\\/blogin.al\\\/#organization\"},\"image\":{\"@id\":\"https:\\\/\\\/blogin.al\\\/?p=53353#primaryimage\"},\"thumbnailUrl\":\"https:\\\/\\\/blogin.al\\\/wp-content\\\/uploads\\\/2023\\\/09\\\/endri-prifti-ola-bruko.png\",\"articleSection\":[\"SHOWBIZ\"],\"inLanguage\":\"en-US\"},{\"@type\":\"WebPage\",\"@id\":\"https:\\\/\\\/blogin.al\\\/?p=53353\",\"url\":\"https:\\\/\\\/blogin.al\\\/?p=53353\",\"name\":\"\u201cPrishe familjen p\u00ebr Endri Priftin\u201d, Ola Bruko sqaron publikun nj\u00ebher\u00eb e mir\u00eb! - blogin.al\",\"isPartOf\":{\"@id\":\"https:\\\/\\\/blogin.al\\\/#website\"},\"primaryImageOfPage\":{\"@id\":\"https:\\\/\\\/blogin.al\\\/?p=53353#primaryimage\"},\"image\":{\"@id\":\"https:\\\/\\\/blogin.al\\\/?p=53353#primaryimage\"},\"thumbnailUrl\":\"https:\\\/\\\/blogin.al\\\/wp-content\\\/uploads\\\/2023\\\/09\\\/endri-prifti-ola-bruko.png\",\"datePublished\":\"2024-12-11T13:42:59+00:00\",\"dateModified\":\"2024-12-11T13:43:02+00:00\",\"breadcrumb\":{\"@id\":\"https:\\\/\\\/blogin.al\\\/?p=53353#breadcrumb\"},\"inLanguage\":\"en-US\",\"potentialAction\":[{\"@type\":\"ReadAction\",\"target\":[\"https:\\\/\\\/blogin.al\\\/?p=53353\"]}]},{\"@type\":\"ImageObject\",\"inLanguage\":\"en-US\",\"@id\":\"https:\\\/\\\/blogin.al\\\/?p=53353#primaryimage\",\"url\":\"https:\\\/\\\/blogin.al\\\/wp-content\\\/uploads\\\/2023\\\/09\\\/endri-prifti-ola-bruko.png\",\"contentUrl\":\"https:\\\/\\\/blogin.al\\\/wp-content\\\/uploads\\\/2023\\\/09\\\/endri-prifti-ola-bruko.png\",\"width\":900,\"height\":688},{\"@type\":\"BreadcrumbList\",\"@id\":\"https:\\\/\\\/blogin.al\\\/?p=53353#breadcrumb\",\"itemListElement\":[{\"@type\":\"ListItem\",\"position\":1,\"name\":\"Home\",\"item\":\"https:\\\/\\\/blogin.al\\\/\"},{\"@type\":\"ListItem\",\"position\":2,\"name\":\"\u201cPrishe familjen p\u00ebr Endri Priftin\u201d, Ola Bruko sqaron publikun nj\u00ebher\u00eb e mir\u00eb!\"}]},{\"@type\":\"WebSite\",\"@id\":\"https:\\\/\\\/blogin.al\\\/#website\",\"url\":\"https:\\\/\\\/blogin.al\\\/\",\"name\":\"blogin.al\",\"description\":\"\",\"publisher\":{\"@id\":\"https:\\\/\\\/blogin.al\\\/#organization\"},\"potentialAction\":[{\"@type\":\"SearchAction\",\"target\":{\"@type\":\"EntryPoint\",\"urlTemplate\":\"https:\\\/\\\/blogin.al\\\/?s={search_term_string}\"},\"query-input\":{\"@type\":\"PropertyValueSpecification\",\"valueRequired\":true,\"valueName\":\"search_term_string\"}}],\"inLanguage\":\"en-US\"},{\"@type\":\"Organization\",\"@id\":\"https:\\\/\\\/blogin.al\\\/#organization\",\"name\":\"BLOGIN.al\",\"url\":\"https:\\\/\\\/blogin.al\\\/\",\"logo\":{\"@type\":\"ImageObject\",\"inLanguage\":\"en-US\",\"@id\":\"https:\\\/\\\/blogin.al\\\/#\\\/schema\\\/logo\\\/image\\\/\",\"url\":\"https:\\\/\\\/blogin.al\\\/wp-content\\\/uploads\\\/2022\\\/05\\\/Untitled-2-01-e1652084456514.png\",\"contentUrl\":\"https:\\\/\\\/blogin.al\\\/wp-content\\\/uploads\\\/2022\\\/05\\\/Untitled-2-01-e1652084456514.png\",\"width\":3723,\"height\":1698,\"caption\":\"BLOGIN.al\"},\"image\":{\"@id\":\"https:\\\/\\\/blogin.al\\\/#\\\/schema\\\/logo\\\/image\\\/\"},\"sameAs\":[\"https:\\\/\\\/instagram.com\\\/blogin.al\\\/\"]},{\"@type\":\"Person\",\"@id\":\"https:\\\/\\\/blogin.al\\\/#\\\/schema\\\/person\\\/abdd56bc912cd511db877b852b115399\",\"name\":\"Blogin al\",\"image\":{\"@type\":\"ImageObject\",\"inLanguage\":\"en-US\",\"@id\":\"https:\\\/\\\/secure.gravatar.com\\\/avatar\\\/60d5661aee6e835fb13dc75d2204cd0c1d61bef2efd137c0083e59ef831e235e?s=96&d=mm&r=g\",\"url\":\"https:\\\/\\\/secure.gravatar.com\\\/avatar\\\/60d5661aee6e835fb13dc75d2204cd0c1d61bef2efd137c0083e59ef831e235e?s=96&d=mm&r=g\",\"contentUrl\":\"https:\\\/\\\/secure.gravatar.com\\\/avatar\\\/60d5661aee6e835fb13dc75d2204cd0c1d61bef2efd137c0083e59ef831e235e?s=96&d=mm&r=g\",\"caption\":\"Blogin al\"},\"sameAs\":[\"https:\\\/\\\/blogin.al\"],\"url\":\"https:\\\/\\\/blogin.al\\\/?author=2\"}]}<\/script>\n<!-- \/ Yoast SEO plugin. -->","yoast_head_json":{"title":"\u201cPrishe familjen p\u00ebr Endri Priftin\u201d, Ola Bruko sqaron publikun nj\u00ebher\u00eb e mir\u00eb! - blogin.al","robots":{"index":"index","follow":"follow","max-snippet":"max-snippet:-1","max-image-preview":"max-image-preview:large","max-video-preview":"max-video-preview:-1"},"canonical":"https:\/\/blogin.al\/?p=53353","og_locale":"en_US","og_type":"article","og_title":"\u201cPrishe familjen p\u00ebr Endri Priftin\u201d, Ola Bruko sqaron publikun nj\u00ebher\u00eb e mir\u00eb! - blogin.al","og_description":"Gazetarja Ola Bruko dhe k\u00ebng\u00ebtari Endri Prifti kan\u00eb ndar\u00eb detaje mbi romanc\u00ebn e tyre gjat\u00eb nj\u00eb interviste n\u00eb programin \u201cNdryshe\u201d. Ata e zyrtarizuan lidhjen disa muaj m\u00eb par\u00eb, edhe pse lajmet p\u00ebr marr\u00ebdh\u00ebnien kishin qarkulluar m\u00eb her\u00ebt. Romanca mes tyre lindi gjat\u00eb programit \u201cDola te Ola\u201d, ku Endri dhe Stefi Prifti ishin bashk\u00ebprezantues me Ol\u00ebn. [&hellip;]","og_url":"https:\/\/blogin.al\/?p=53353","og_site_name":"blogin.al","article_published_time":"2024-12-11T13:42:59+00:00","article_modified_time":"2024-12-11T13:43:02+00:00","og_image":[{"width":900,"height":688,"url":"https:\/\/blogin.al\/wp-content\/uploads\/2023\/09\/endri-prifti-ola-bruko.png","type":"image\/png"}],"author":"Blogin al","twitter_card":"summary_large_image","twitter_misc":{"Written by":"Blogin al","Est. reading time":"2 minutes"},"schema":{"@context":"https:\/\/schema.org","@graph":[{"@type":"Article","@id":"https:\/\/blogin.al\/?p=53353#article","isPartOf":{"@id":"https:\/\/blogin.al\/?p=53353"},"author":{"name":"Blogin al","@id":"https:\/\/blogin.al\/#\/schema\/person\/abdd56bc912cd511db877b852b115399"},"headline":"\u201cPrishe familjen p\u00ebr Endri Priftin\u201d, Ola Bruko sqaron publikun nj\u00ebher\u00eb e mir\u00eb!","datePublished":"2024-12-11T13:42:59+00:00","dateModified":"2024-12-11T13:43:02+00:00","mainEntityOfPage":{"@id":"https:\/\/blogin.al\/?p=53353"},"wordCount":251,"publisher":{"@id":"https:\/\/blogin.al\/#organization"},"image":{"@id":"https:\/\/blogin.al\/?p=53353#primaryimage"},"thumbnailUrl":"https:\/\/blogin.al\/wp-content\/uploads\/2023\/09\/endri-prifti-ola-bruko.png","articleSection":["SHOWBIZ"],"inLanguage":"en-US"},{"@type":"WebPage","@id":"https:\/\/blogin.al\/?p=53353","url":"https:\/\/blogin.al\/?p=53353","name":"\u201cPrishe familjen p\u00ebr Endri Priftin\u201d, Ola Bruko sqaron publikun nj\u00ebher\u00eb e mir\u00eb! - blogin.al","isPartOf":{"@id":"https:\/\/blogin.al\/#website"},"primaryImageOfPage":{"@id":"https:\/\/blogin.al\/?p=53353#primaryimage"},"image":{"@id":"https:\/\/blogin.al\/?p=53353#primaryimage"},"thumbnailUrl":"https:\/\/blogin.al\/wp-content\/uploads\/2023\/09\/endri-prifti-ola-bruko.png","datePublished":"2024-12-11T13:42:59+00:00","dateModified":"2024-12-11T13:43:02+00:00","breadcrumb":{"@id":"https:\/\/blogin.al\/?p=53353#breadcrumb"},"inLanguage":"en-US","potentialAction":[{"@type":"ReadAction","target":["https:\/\/blogin.al\/?p=53353"]}]},{"@type":"ImageObject","inLanguage":"en-US","@id":"https:\/\/blogin.al\/?p=53353#primaryimage","url":"https:\/\/blogin.al\/wp-content\/uploads\/2023\/09\/endri-prifti-ola-bruko.png","contentUrl":"https:\/\/blogin.al\/wp-content\/uploads\/2023\/09\/endri-prifti-ola-bruko.png","width":900,"height":688},{"@type":"BreadcrumbList","@id":"https:\/\/blogin.al\/?p=53353#breadcrumb","itemListElement":[{"@type":"ListItem","position":1,"name":"Home","item":"https:\/\/blogin.al\/"},{"@type":"ListItem","position":2,"name":"\u201cPrishe familjen p\u00ebr Endri Priftin\u201d, Ola Bruko sqaron publikun nj\u00ebher\u00eb e mir\u00eb!"}]},{"@type":"WebSite","@id":"https:\/\/blogin.al\/#website","url":"https:\/\/blogin.al\/","name":"blogin.al","description":"","publisher":{"@id":"https:\/\/blogin.al\/#organization"},"potentialAction":[{"@type":"SearchAction","target":{"@type":"EntryPoint","urlTemplate":"https:\/\/blogin.al\/?s={search_term_string}"},"query-input":{"@type":"PropertyValueSpecification","valueRequired":true,"valueName":"search_term_string"}}],"inLanguage":"en-US"},{"@type":"Organization","@id":"https:\/\/blogin.al\/#organization","name":"BLOGIN.al","url":"https:\/\/blogin.al\/","logo":{"@type":"ImageObject","inLanguage":"en-US","@id":"https:\/\/blogin.al\/#\/schema\/logo\/image\/","url":"https:\/\/blogin.al\/wp-content\/uploads\/2022\/05\/Untitled-2-01-e1652084456514.png","contentUrl":"https:\/\/blogin.al\/wp-content\/uploads\/2022\/05\/Untitled-2-01-e1652084456514.png","width":3723,"height":1698,"caption":"BLOGIN.al"},"image":{"@id":"https:\/\/blogin.al\/#\/schema\/logo\/image\/"},"sameAs":["https:\/\/instagram.com\/blogin.al\/"]},{"@type":"Person","@id":"https:\/\/blogin.al\/#\/schema\/person\/abdd56bc912cd511db877b852b115399","name":"Blogin al","image":{"@type":"ImageObject","inLanguage":"en-US","@id":"https:\/\/secure.gravatar.com\/avatar\/60d5661aee6e835fb13dc75d2204cd0c1d61bef2efd137c0083e59ef831e235e?s=96&d=mm&r=g","url":"https:\/\/secure.gravatar.com\/avatar\/60d5661aee6e835fb13dc75d2204cd0c1d61bef2efd137c0083e59ef831e235e?s=96&d=mm&r=g","contentUrl":"https:\/\/secure.gravatar.com\/avatar\/60d5661aee6e835fb13dc75d2204cd0c1d61bef2efd137c0083e59ef831e235e?s=96&d=mm&r=g","caption":"Blogin al"},"sameAs":["https:\/\/blogin.al"],"url":"https:\/\/blogin.al\/?author=2"}]}},"_links":{"self":[{"href":"https:\/\/blogin.al\/index.php?rest_route=\/wp\/v2\/posts\/53353","targetHints":{"allow":["GET"]}}],"collection":[{"href":"https:\/\/blogin.al\/index.php?rest_route=\/wp\/v2\/posts"}],"about":[{"href":"https:\/\/blogin.al\/index.php?rest_route=\/wp\/v2\/types\/post"}],"author":[{"embeddable":true,"href":"https:\/\/blogin.al\/index.php?rest_route=\/wp\/v2\/users\/2"}],"replies":[{"embeddable":true,"href":"https:\/\/blogin.al\/index.php?rest_route=%2Fwp%2Fv2%2Fcomments&post=53353"}],"version-history":[{"count":1,"href":"https:\/\/blogin.al\/index.php?rest_route=\/wp\/v2\/posts\/53353\/revisions"}],"predecessor-version":[{"id":53354,"href":"https:\/\/blogin.al\/index.php?rest_route=\/wp\/v2\/posts\/53353\/revisions\/53354"}],"wp:featuredmedia":[{"embeddable":true,"href":"https:\/\/blogin.al\/index.php?rest_route=\/wp\/v2\/media\/37467"}],"wp:attachment":[{"href":"https:\/\/blogin.al\/index.php?rest_route=%2Fwp%2Fv2%2Fmedia&parent=53353"}],"wp:term":[{"taxonomy":"category","embeddable":true,"href":"https:\/\/blogin.al\/index.php?rest_route=%2Fwp%2Fv2%2Fcategories&post=53353"},{"taxonomy":"post_tag","embeddable":true,"href":"https:\/\/blogin.al\/index.php?rest_route=%2Fwp%2Fv2%2Ftags&post=53353"}],"curies":[{"name":"wp","href":"https:\/\/api.w.org\/{rel}","templated":true}]}}