{"id":53413,"date":"2024-12-14T09:26:47","date_gmt":"2024-12-14T09:26:47","guid":{"rendered":"https:\/\/blogin.al\/?p=53413"},"modified":"2024-12-14T10:19:39","modified_gmt":"2024-12-14T10:19:39","slug":"deklarata-bombe-e-feros-arbenita-me-kerkoi-ta-trajtoja-si-50-hijet-e-greit","status":"publish","type":"post","link":"https:\/\/blogin.al\/?p=53413","title":{"rendered":"Deklarata bomb\u00eb e Feros: Arbenita m\u00eb k\u00ebrkoi ta trajtoja si \u201850 hijet e Greit\u2019"},"content":{"rendered":"\n<p>I ftuar n\u00eb puntat\u00ebn e mbr\u00ebmjes s\u00eb sotme n\u00eb emisionin \u201cGlamour Zone\u201d, ishte ish-reperi I njohur, Fero Fera, i cili zbuloi t\u00eb v\u00ebrtet\u00ebn e tij, n\u00eb lidhje me ish-partneren, Arbenit\u00ebn. Ai theksoi se nuk e ka dhunuar asnj\u00ebher\u00eb, p\u00ebrve\u00e7 n\u00eb nj\u00eb rast, ku sipas tij, ajo i\u2019a ka k\u00ebrkuar vet\u00eb.<\/p>\n\n\n\n<p>Fero u shpreh se kur kan\u00eb qen\u00eb n\u00eb dashuri, teksa kan\u00eb qen\u00eb duke pare filmin \u201c50 shades of Gray\u201d, Arbenita i ka k\u00ebrkuar t\u00eb sillet si aktori kryesor.<\/p>\n\n\n\n<p><strong>Pjes\u00eb nga intervista:<\/strong><\/p>\n\n\n\n<p><strong>Ester Bylyku:<\/strong>&nbsp;\u00cbsht\u00eb edhe di\u00e7ka q\u00eb ne e shohim kudo n\u00eb internet. B\u00ebhet fjal\u00eb p\u00ebr nj\u00eb urdh\u00ebr mbrojtje q\u00eb ish-bashk\u00ebshortja ka ndaj teje.<\/p>\n\n\n\n<p><strong>Fero Fera:<\/strong>&nbsp;N\u00eb Maqedoni?<\/p>\n\n\n\n<p><strong>Ester Bylyku:<\/strong>&nbsp;Po, \u00ebsht\u00eb nj\u00eb urdh\u00ebr mbrojtje q\u00eb ajo ka ndaj teje.<\/p>\n\n\n\n<p><strong>Fero Fera:<\/strong>&nbsp;E ka k\u00ebrkuar urdh\u00ebr mbrojtje. Gjat\u00eb vitit 2023 n\u00eb korrik, kthehem un\u00eb n\u00eb sht\u00ebpi. Po t\u00eb tregoj historin\u00eb se pse kam qen\u00eb un\u00eb n\u00eb burg. Se edhe n\u00eb burg kam qen\u00eb padrejt\u00ebsisht. Un\u00eb e kam nuhatur se koh\u00ebt e fundit ajo u mundonte me m\u00eb in\u00e7izuar, tin\u00ebz dhe u mundonte me nxjerr fakte. E m\u00ebsonin motrat e veta, p\u00ebr t\u00eb m\u00eb marr bvajz\u00ebn. Gjith\u00e7ka ishte e planifikuar prej saj. Mi b\u00ebri disa pyetje. Po, q\u00eb na ka ndodhur nj\u00ebher\u00eb me n\u00ebn\u00ebn e vajz\u00ebs, ku un\u00eb kam ushtruar nj\u00eb lloj dhune ndaj saj. Ka qen\u00eb kur kemi qen\u00eb n\u00eb dashuri dhe kemi qen\u00eb duke par\u00eb filmin \u201c50 shades of Gray\u201d. E kemi pare filmin dhe ajo donte t\u00eb veproja un\u00eb si aktori. Ka ndodh nj\u00eb marr\u00ebdh\u00ebnie dhe kur ndodhi ajo ka fotografuar veten. Ato foto I ka ruajtur.<\/p>\n\n\n\n<p><strong>Ester Bylyku<\/strong>: Sigurisht, e dhunuar nga ty.<\/p>\n\n\n\n<p><strong>Fero Fera:<\/strong>&nbsp;Ajo e ka lyp. A je duke m\u00eb kuptuar? E ka fotografuar veten dhe un\u00eb mendova se ka qejf t\u00eb shikoj veten n\u00eb at\u00eb m\u00ebnyr\u00eb. Gjithsesi, n\u00eb dit\u00ebn kritike, un\u00eb pasha Allahun, e b\u00ebj Allahun be, nuk kam ushtruar dhun\u00eb ndaj saj.<\/p>\n","protected":false},"excerpt":{"rendered":"<p>I ftuar n\u00eb puntat\u00ebn e mbr\u00ebmjes s\u00eb sotme n\u00eb emisionin \u201cGlamour Zone\u201d, ishte ish-reperi I njohur, Fero Fera, i cili zbuloi t\u00eb v\u00ebrtet\u00ebn e tij, n\u00eb lidhje me ish-partneren, Arbenit\u00ebn. Ai theksoi se nuk e ka dhunuar asnj\u00ebher\u00eb, p\u00ebrve\u00e7 n\u00eb nj\u00eb rast, ku sipas tij, ajo i\u2019a ka k\u00ebrkuar vet\u00eb. Fero u shpreh se kur [&hellip;]<\/p>\n","protected":false},"author":2,"featured_media":53414,"comment_status":"open","ping_status":"open","sticky":false,"template":"","format":"standard","meta":{"footnotes":""},"categories":[33],"tags":[],"class_list":{"0":"post-53413","1":"post","2":"type-post","3":"status-publish","4":"format-standard","5":"has-post-thumbnail","7":"category-showbiz"},"yoast_head":"<!-- This site is optimized with the Yoast SEO plugin v27.5 - https:\/\/yoast.com\/product\/yoast-seo-wordpress\/ -->\n<title>Deklarata bomb\u00eb e Feros: Arbenita m\u00eb k\u00ebrkoi ta trajtoja si \u201850 hijet e Greit\u2019 - blogin.al<\/title>\n<meta name=\"robots\" content=\"index, follow, max-snippet:-1, max-image-preview:large, max-video-preview:-1\" \/>\n<link rel=\"canonical\" href=\"https:\/\/blogin.al\/?p=53413\" \/>\n<meta property=\"og:locale\" content=\"en_US\" \/>\n<meta property=\"og:type\" content=\"article\" \/>\n<meta property=\"og:title\" content=\"Deklarata bomb\u00eb e Feros: Arbenita m\u00eb k\u00ebrkoi ta trajtoja si \u201850 hijet e Greit\u2019 - blogin.al\" \/>\n<meta property=\"og:description\" content=\"I ftuar n\u00eb puntat\u00ebn e mbr\u00ebmjes s\u00eb sotme n\u00eb emisionin \u201cGlamour Zone\u201d, ishte ish-reperi I njohur, Fero Fera, i cili zbuloi t\u00eb v\u00ebrtet\u00ebn e tij, n\u00eb lidhje me ish-partneren, Arbenit\u00ebn. Ai theksoi se nuk e ka dhunuar asnj\u00ebher\u00eb, p\u00ebrve\u00e7 n\u00eb nj\u00eb rast, ku sipas tij, ajo i\u2019a ka k\u00ebrkuar vet\u00eb. Fero u shpreh se kur [&hellip;]\" \/>\n<meta property=\"og:url\" content=\"https:\/\/blogin.al\/?p=53413\" \/>\n<meta property=\"og:site_name\" content=\"blogin.al\" \/>\n<meta property=\"article:published_time\" content=\"2024-12-14T09:26:47+00:00\" \/>\n<meta property=\"article:modified_time\" content=\"2024-12-14T10:19:39+00:00\" \/>\n<meta property=\"og:image\" content=\"https:\/\/blogin.al\/wp-content\/uploads\/2024\/12\/20221129_121551-1-scaled.jpg\" \/>\n\t<meta property=\"og:image:width\" content=\"2560\" \/>\n\t<meta property=\"og:image:height\" content=\"2560\" \/>\n\t<meta property=\"og:image:type\" content=\"image\/jpeg\" \/>\n<meta name=\"author\" content=\"Blogin al\" \/>\n<meta name=\"twitter:card\" content=\"summary_large_image\" \/>\n<meta name=\"twitter:label1\" content=\"Written by\" \/>\n\t<meta name=\"twitter:data1\" content=\"Blogin al\" \/>\n\t<meta name=\"twitter:label2\" content=\"Est. reading time\" \/>\n\t<meta name=\"twitter:data2\" content=\"2 minutes\" \/>\n<script type=\"application\/ld+json\" class=\"yoast-schema-graph\">{\"@context\":\"https:\\\/\\\/schema.org\",\"@graph\":[{\"@type\":\"Article\",\"@id\":\"https:\\\/\\\/blogin.al\\\/?p=53413#article\",\"isPartOf\":{\"@id\":\"https:\\\/\\\/blogin.al\\\/?p=53413\"},\"author\":{\"name\":\"Blogin al\",\"@id\":\"https:\\\/\\\/blogin.al\\\/#\\\/schema\\\/person\\\/abdd56bc912cd511db877b852b115399\"},\"headline\":\"Deklarata bomb\u00eb e Feros: Arbenita m\u00eb k\u00ebrkoi ta trajtoja si \u201850 hijet e Greit\u2019\",\"datePublished\":\"2024-12-14T09:26:47+00:00\",\"dateModified\":\"2024-12-14T10:19:39+00:00\",\"mainEntityOfPage\":{\"@id\":\"https:\\\/\\\/blogin.al\\\/?p=53413\"},\"wordCount\":363,\"commentCount\":0,\"publisher\":{\"@id\":\"https:\\\/\\\/blogin.al\\\/#organization\"},\"image\":{\"@id\":\"https:\\\/\\\/blogin.al\\\/?p=53413#primaryimage\"},\"thumbnailUrl\":\"https:\\\/\\\/blogin.al\\\/wp-content\\\/uploads\\\/2024\\\/12\\\/20221129_121551-1-scaled.jpg\",\"articleSection\":[\"SHOWBIZ\"],\"inLanguage\":\"en-US\",\"potentialAction\":[{\"@type\":\"CommentAction\",\"name\":\"Comment\",\"target\":[\"https:\\\/\\\/blogin.al\\\/?p=53413#respond\"]}]},{\"@type\":\"WebPage\",\"@id\":\"https:\\\/\\\/blogin.al\\\/?p=53413\",\"url\":\"https:\\\/\\\/blogin.al\\\/?p=53413\",\"name\":\"Deklarata bomb\u00eb e Feros: Arbenita m\u00eb k\u00ebrkoi ta trajtoja si \u201850 hijet e Greit\u2019 - blogin.al\",\"isPartOf\":{\"@id\":\"https:\\\/\\\/blogin.al\\\/#website\"},\"primaryImageOfPage\":{\"@id\":\"https:\\\/\\\/blogin.al\\\/?p=53413#primaryimage\"},\"image\":{\"@id\":\"https:\\\/\\\/blogin.al\\\/?p=53413#primaryimage\"},\"thumbnailUrl\":\"https:\\\/\\\/blogin.al\\\/wp-content\\\/uploads\\\/2024\\\/12\\\/20221129_121551-1-scaled.jpg\",\"datePublished\":\"2024-12-14T09:26:47+00:00\",\"dateModified\":\"2024-12-14T10:19:39+00:00\",\"breadcrumb\":{\"@id\":\"https:\\\/\\\/blogin.al\\\/?p=53413#breadcrumb\"},\"inLanguage\":\"en-US\",\"potentialAction\":[{\"@type\":\"ReadAction\",\"target\":[\"https:\\\/\\\/blogin.al\\\/?p=53413\"]}]},{\"@type\":\"ImageObject\",\"inLanguage\":\"en-US\",\"@id\":\"https:\\\/\\\/blogin.al\\\/?p=53413#primaryimage\",\"url\":\"https:\\\/\\\/blogin.al\\\/wp-content\\\/uploads\\\/2024\\\/12\\\/20221129_121551-1-scaled.jpg\",\"contentUrl\":\"https:\\\/\\\/blogin.al\\\/wp-content\\\/uploads\\\/2024\\\/12\\\/20221129_121551-1-scaled.jpg\",\"width\":2560,\"height\":2560},{\"@type\":\"BreadcrumbList\",\"@id\":\"https:\\\/\\\/blogin.al\\\/?p=53413#breadcrumb\",\"itemListElement\":[{\"@type\":\"ListItem\",\"position\":1,\"name\":\"Home\",\"item\":\"https:\\\/\\\/blogin.al\\\/\"},{\"@type\":\"ListItem\",\"position\":2,\"name\":\"Deklarata bomb\u00eb e Feros: Arbenita m\u00eb k\u00ebrkoi ta trajtoja si \u201850 hijet e Greit\u2019\"}]},{\"@type\":\"WebSite\",\"@id\":\"https:\\\/\\\/blogin.al\\\/#website\",\"url\":\"https:\\\/\\\/blogin.al\\\/\",\"name\":\"blogin.al\",\"description\":\"\",\"publisher\":{\"@id\":\"https:\\\/\\\/blogin.al\\\/#organization\"},\"potentialAction\":[{\"@type\":\"SearchAction\",\"target\":{\"@type\":\"EntryPoint\",\"urlTemplate\":\"https:\\\/\\\/blogin.al\\\/?s={search_term_string}\"},\"query-input\":{\"@type\":\"PropertyValueSpecification\",\"valueRequired\":true,\"valueName\":\"search_term_string\"}}],\"inLanguage\":\"en-US\"},{\"@type\":\"Organization\",\"@id\":\"https:\\\/\\\/blogin.al\\\/#organization\",\"name\":\"BLOGIN.al\",\"url\":\"https:\\\/\\\/blogin.al\\\/\",\"logo\":{\"@type\":\"ImageObject\",\"inLanguage\":\"en-US\",\"@id\":\"https:\\\/\\\/blogin.al\\\/#\\\/schema\\\/logo\\\/image\\\/\",\"url\":\"https:\\\/\\\/blogin.al\\\/wp-content\\\/uploads\\\/2022\\\/05\\\/Untitled-2-01-e1652084456514.png\",\"contentUrl\":\"https:\\\/\\\/blogin.al\\\/wp-content\\\/uploads\\\/2022\\\/05\\\/Untitled-2-01-e1652084456514.png\",\"width\":3723,\"height\":1698,\"caption\":\"BLOGIN.al\"},\"image\":{\"@id\":\"https:\\\/\\\/blogin.al\\\/#\\\/schema\\\/logo\\\/image\\\/\"},\"sameAs\":[\"https:\\\/\\\/instagram.com\\\/blogin.al\\\/\"]},{\"@type\":\"Person\",\"@id\":\"https:\\\/\\\/blogin.al\\\/#\\\/schema\\\/person\\\/abdd56bc912cd511db877b852b115399\",\"name\":\"Blogin al\",\"image\":{\"@type\":\"ImageObject\",\"inLanguage\":\"en-US\",\"@id\":\"https:\\\/\\\/secure.gravatar.com\\\/avatar\\\/60d5661aee6e835fb13dc75d2204cd0c1d61bef2efd137c0083e59ef831e235e?s=96&d=mm&r=g\",\"url\":\"https:\\\/\\\/secure.gravatar.com\\\/avatar\\\/60d5661aee6e835fb13dc75d2204cd0c1d61bef2efd137c0083e59ef831e235e?s=96&d=mm&r=g\",\"contentUrl\":\"https:\\\/\\\/secure.gravatar.com\\\/avatar\\\/60d5661aee6e835fb13dc75d2204cd0c1d61bef2efd137c0083e59ef831e235e?s=96&d=mm&r=g\",\"caption\":\"Blogin al\"},\"sameAs\":[\"https:\\\/\\\/blogin.al\"],\"url\":\"https:\\\/\\\/blogin.al\\\/?author=2\"}]}<\/script>\n<!-- \/ Yoast SEO plugin. -->","yoast_head_json":{"title":"Deklarata bomb\u00eb e Feros: Arbenita m\u00eb k\u00ebrkoi ta trajtoja si \u201850 hijet e Greit\u2019 - blogin.al","robots":{"index":"index","follow":"follow","max-snippet":"max-snippet:-1","max-image-preview":"max-image-preview:large","max-video-preview":"max-video-preview:-1"},"canonical":"https:\/\/blogin.al\/?p=53413","og_locale":"en_US","og_type":"article","og_title":"Deklarata bomb\u00eb e Feros: Arbenita m\u00eb k\u00ebrkoi ta trajtoja si \u201850 hijet e Greit\u2019 - blogin.al","og_description":"I ftuar n\u00eb puntat\u00ebn e mbr\u00ebmjes s\u00eb sotme n\u00eb emisionin \u201cGlamour Zone\u201d, ishte ish-reperi I njohur, Fero Fera, i cili zbuloi t\u00eb v\u00ebrtet\u00ebn e tij, n\u00eb lidhje me ish-partneren, Arbenit\u00ebn. Ai theksoi se nuk e ka dhunuar asnj\u00ebher\u00eb, p\u00ebrve\u00e7 n\u00eb nj\u00eb rast, ku sipas tij, ajo i\u2019a ka k\u00ebrkuar vet\u00eb. Fero u shpreh se kur [&hellip;]","og_url":"https:\/\/blogin.al\/?p=53413","og_site_name":"blogin.al","article_published_time":"2024-12-14T09:26:47+00:00","article_modified_time":"2024-12-14T10:19:39+00:00","og_image":[{"width":2560,"height":2560,"url":"https:\/\/blogin.al\/wp-content\/uploads\/2024\/12\/20221129_121551-1-scaled.jpg","type":"image\/jpeg"}],"author":"Blogin al","twitter_card":"summary_large_image","twitter_misc":{"Written by":"Blogin al","Est. reading time":"2 minutes"},"schema":{"@context":"https:\/\/schema.org","@graph":[{"@type":"Article","@id":"https:\/\/blogin.al\/?p=53413#article","isPartOf":{"@id":"https:\/\/blogin.al\/?p=53413"},"author":{"name":"Blogin al","@id":"https:\/\/blogin.al\/#\/schema\/person\/abdd56bc912cd511db877b852b115399"},"headline":"Deklarata bomb\u00eb e Feros: Arbenita m\u00eb k\u00ebrkoi ta trajtoja si \u201850 hijet e Greit\u2019","datePublished":"2024-12-14T09:26:47+00:00","dateModified":"2024-12-14T10:19:39+00:00","mainEntityOfPage":{"@id":"https:\/\/blogin.al\/?p=53413"},"wordCount":363,"commentCount":0,"publisher":{"@id":"https:\/\/blogin.al\/#organization"},"image":{"@id":"https:\/\/blogin.al\/?p=53413#primaryimage"},"thumbnailUrl":"https:\/\/blogin.al\/wp-content\/uploads\/2024\/12\/20221129_121551-1-scaled.jpg","articleSection":["SHOWBIZ"],"inLanguage":"en-US","potentialAction":[{"@type":"CommentAction","name":"Comment","target":["https:\/\/blogin.al\/?p=53413#respond"]}]},{"@type":"WebPage","@id":"https:\/\/blogin.al\/?p=53413","url":"https:\/\/blogin.al\/?p=53413","name":"Deklarata bomb\u00eb e Feros: Arbenita m\u00eb k\u00ebrkoi ta trajtoja si \u201850 hijet e Greit\u2019 - blogin.al","isPartOf":{"@id":"https:\/\/blogin.al\/#website"},"primaryImageOfPage":{"@id":"https:\/\/blogin.al\/?p=53413#primaryimage"},"image":{"@id":"https:\/\/blogin.al\/?p=53413#primaryimage"},"thumbnailUrl":"https:\/\/blogin.al\/wp-content\/uploads\/2024\/12\/20221129_121551-1-scaled.jpg","datePublished":"2024-12-14T09:26:47+00:00","dateModified":"2024-12-14T10:19:39+00:00","breadcrumb":{"@id":"https:\/\/blogin.al\/?p=53413#breadcrumb"},"inLanguage":"en-US","potentialAction":[{"@type":"ReadAction","target":["https:\/\/blogin.al\/?p=53413"]}]},{"@type":"ImageObject","inLanguage":"en-US","@id":"https:\/\/blogin.al\/?p=53413#primaryimage","url":"https:\/\/blogin.al\/wp-content\/uploads\/2024\/12\/20221129_121551-1-scaled.jpg","contentUrl":"https:\/\/blogin.al\/wp-content\/uploads\/2024\/12\/20221129_121551-1-scaled.jpg","width":2560,"height":2560},{"@type":"BreadcrumbList","@id":"https:\/\/blogin.al\/?p=53413#breadcrumb","itemListElement":[{"@type":"ListItem","position":1,"name":"Home","item":"https:\/\/blogin.al\/"},{"@type":"ListItem","position":2,"name":"Deklarata bomb\u00eb e Feros: Arbenita m\u00eb k\u00ebrkoi ta trajtoja si \u201850 hijet e Greit\u2019"}]},{"@type":"WebSite","@id":"https:\/\/blogin.al\/#website","url":"https:\/\/blogin.al\/","name":"blogin.al","description":"","publisher":{"@id":"https:\/\/blogin.al\/#organization"},"potentialAction":[{"@type":"SearchAction","target":{"@type":"EntryPoint","urlTemplate":"https:\/\/blogin.al\/?s={search_term_string}"},"query-input":{"@type":"PropertyValueSpecification","valueRequired":true,"valueName":"search_term_string"}}],"inLanguage":"en-US"},{"@type":"Organization","@id":"https:\/\/blogin.al\/#organization","name":"BLOGIN.al","url":"https:\/\/blogin.al\/","logo":{"@type":"ImageObject","inLanguage":"en-US","@id":"https:\/\/blogin.al\/#\/schema\/logo\/image\/","url":"https:\/\/blogin.al\/wp-content\/uploads\/2022\/05\/Untitled-2-01-e1652084456514.png","contentUrl":"https:\/\/blogin.al\/wp-content\/uploads\/2022\/05\/Untitled-2-01-e1652084456514.png","width":3723,"height":1698,"caption":"BLOGIN.al"},"image":{"@id":"https:\/\/blogin.al\/#\/schema\/logo\/image\/"},"sameAs":["https:\/\/instagram.com\/blogin.al\/"]},{"@type":"Person","@id":"https:\/\/blogin.al\/#\/schema\/person\/abdd56bc912cd511db877b852b115399","name":"Blogin al","image":{"@type":"ImageObject","inLanguage":"en-US","@id":"https:\/\/secure.gravatar.com\/avatar\/60d5661aee6e835fb13dc75d2204cd0c1d61bef2efd137c0083e59ef831e235e?s=96&d=mm&r=g","url":"https:\/\/secure.gravatar.com\/avatar\/60d5661aee6e835fb13dc75d2204cd0c1d61bef2efd137c0083e59ef831e235e?s=96&d=mm&r=g","contentUrl":"https:\/\/secure.gravatar.com\/avatar\/60d5661aee6e835fb13dc75d2204cd0c1d61bef2efd137c0083e59ef831e235e?s=96&d=mm&r=g","caption":"Blogin al"},"sameAs":["https:\/\/blogin.al"],"url":"https:\/\/blogin.al\/?author=2"}]}},"_links":{"self":[{"href":"https:\/\/blogin.al\/index.php?rest_route=\/wp\/v2\/posts\/53413","targetHints":{"allow":["GET"]}}],"collection":[{"href":"https:\/\/blogin.al\/index.php?rest_route=\/wp\/v2\/posts"}],"about":[{"href":"https:\/\/blogin.al\/index.php?rest_route=\/wp\/v2\/types\/post"}],"author":[{"embeddable":true,"href":"https:\/\/blogin.al\/index.php?rest_route=\/wp\/v2\/users\/2"}],"replies":[{"embeddable":true,"href":"https:\/\/blogin.al\/index.php?rest_route=%2Fwp%2Fv2%2Fcomments&post=53413"}],"version-history":[{"count":1,"href":"https:\/\/blogin.al\/index.php?rest_route=\/wp\/v2\/posts\/53413\/revisions"}],"predecessor-version":[{"id":53415,"href":"https:\/\/blogin.al\/index.php?rest_route=\/wp\/v2\/posts\/53413\/revisions\/53415"}],"wp:featuredmedia":[{"embeddable":true,"href":"https:\/\/blogin.al\/index.php?rest_route=\/wp\/v2\/media\/53414"}],"wp:attachment":[{"href":"https:\/\/blogin.al\/index.php?rest_route=%2Fwp%2Fv2%2Fmedia&parent=53413"}],"wp:term":[{"taxonomy":"category","embeddable":true,"href":"https:\/\/blogin.al\/index.php?rest_route=%2Fwp%2Fv2%2Fcategories&post=53413"},{"taxonomy":"post_tag","embeddable":true,"href":"https:\/\/blogin.al\/index.php?rest_route=%2Fwp%2Fv2%2Ftags&post=53413"}],"curies":[{"name":"wp","href":"https:\/\/api.w.org\/{rel}","templated":true}]}}