{"id":53429,"date":"2024-12-14T11:34:10","date_gmt":"2024-12-14T11:34:10","guid":{"rendered":"https:\/\/blogin.al\/akuza-te-renda-fero-arabi-terhoqi-vajzen-time-nga-krahu\/"},"modified":"2024-12-14T11:34:10","modified_gmt":"2024-12-14T11:34:10","slug":"akuza-te-renda-fero-arabi-terhoqi-vajzen-time-nga-krahu","status":"publish","type":"post","link":"https:\/\/blogin.al\/?p=53429","title":{"rendered":"Akuza t\u00eb r\u00ebnda! Fero: Arabi t\u00ebrhoqi vajz\u00ebn time nga krahu"},"content":{"rendered":"\n<p>Fero Fera, ish-reperi i njohur, ishte i ftuari i mbr\u00ebmjes s\u00eb kaluar n\u00eb emisionin \u201cGlamour Zone\u201d n\u00eb \u201cOra News\u201d. Gjat\u00eb intervist\u00ebs, ai foli p\u00ebr nj\u00eb situat\u00eb shqet\u00ebsuese lidhur me vajz\u00ebn e tij, duke sqaruar nj\u00eb deklarat\u00eb q\u00eb kishte b\u00ebr\u00eb disa dit\u00eb m\u00eb par\u00eb n\u00eb rrjetet sociale.<\/p>\n\n\n\n<p>Fero kishte postuar n\u00eb \u201cInstagram\u201d nj\u00eb deklarat\u00eb ku shprehej se vajza e tij po keqtrajtohej nga burra t\u00eb huaj. N\u00eb emision, ai dha m\u00eb shum\u00eb detaje p\u00ebr situat\u00ebn, duke shpjeguar se kishte marr\u00eb foto ku dukej se vajza e tij po t\u00ebrhiqej kund\u00ebr d\u00ebshir\u00ebs nga nj\u00eb burr\u00eb, nd\u00ebrsa n\u00ebna e vajz\u00ebs q\u00ebndronte indiferente, duke p\u00ebrdorur telefonin.<\/p>\n\n\n\n<p><strong>Pjes\u00eb nga intervista<\/strong><\/p>\n\n\n\n<p>Fero Fera: Nj\u00eb shok i nj\u00eb shoku ka qen\u00eb n\u00eb Dubai dhe m\u00eb ka treguar q\u00eb ka par\u00eb vajz\u00ebn time n\u00eb nj\u00eb situat\u00eb t\u00eb pak\u00ebndshme.<\/p>\n\n\n\n<p>Ester Bylyku: Kjo ndodhi n\u00eb t\u00eb nj\u00ebjt\u00ebn koh\u00eb kur e dije q\u00eb vajza ishte n\u00eb psikolog n\u00eb Maqedoni?<\/p>\n\n\n\n<p>Fero Fera: Po, avokatja m\u00eb informoi se vajza ishte n\u00eb psikolog dje ose pardje. Por, shoku m\u00eb tha se kjo ngjarje ka ndodhur jav\u00ebn e kaluar. N\u00eb foto shihej nj\u00eb burr\u00eb q\u00eb e ngrinte vajz\u00ebn time kund\u00ebr d\u00ebshir\u00ebs, nd\u00ebrsa n\u00ebna e saj ishte n\u00eb telefon.<\/p>\n\n\n\n<p>Ester Bylyku: Pse vajza nuk donte? \u00c7far\u00eb ndodhi konkretisht?<\/p>\n\n\n\n<p>Fero Fera: Vajza ime ndoshta thjesht donte t\u00eb luante, por ai burri e t\u00ebrhiqte kund\u00ebr d\u00ebshir\u00ebs s\u00eb saj.<\/p>\n\n\n\n<p>Ester Bylyku: Dhe kjo lidhet me deklarat\u00ebn t\u00ebnde t\u00eb fort\u00eb ku the se \u201cvajza ime po keqp\u00ebrdoret nga burra t\u00eb huaj\u201d?<\/p>\n\n\n\n<p>Fero Fera: Po. Askush nuk e do vajz\u00ebn time m\u00eb shum\u00eb se un\u00eb. Un\u00eb nuk kam pasur mund\u00ebsi ta shoh dhe t\u00eb jem pran\u00eb saj. Si \u00ebsht\u00eb e mundur q\u00eb nj\u00eb person i huaj, nj\u00eb burr\u00eb, ka m\u00eb shum\u00eb mund\u00ebsi t\u00eb jet\u00eb pran\u00eb vajz\u00ebs time sesa un\u00eb?<\/p>\n\n\n\n<p>Ester Bylyku: N\u00ebna e vajz\u00ebs si reagoi gjat\u00eb asaj situate?<\/p>\n\n\n\n<p>Fero Fera: Ishte n\u00eb telefon. Kjo m\u00eb shqet\u00ebson jasht\u00eb mase. Si mundet t\u00eb jem i p\u00ebrjashtuar nga jeta e vajz\u00ebs sime? Un\u00eb b\u00ebj gjith\u00e7ka p\u00ebr t\u00eb, por sistemi m\u00eb pengon. Gjykata dhe Prokuroria po p\u00ebrpiqen, por situata mbetet e padrejt\u00eb.<\/p>\n","protected":false},"excerpt":{"rendered":"<p>Fero Fera, ish-reperi i njohur, ishte i ftuari i mbr\u00ebmjes s\u00eb kaluar n\u00eb emisionin \u201cGlamour Zone\u201d n\u00eb \u201cOra News\u201d. Gjat\u00eb intervist\u00ebs, ai foli p\u00ebr nj\u00eb situat\u00eb shqet\u00ebsuese lidhur me vajz\u00ebn e tij, duke sqaruar nj\u00eb deklarat\u00eb q\u00eb kishte b\u00ebr\u00eb disa dit\u00eb m\u00eb par\u00eb n\u00eb rrjetet sociale. Fero kishte postuar n\u00eb \u201cInstagram\u201d nj\u00eb deklarat\u00eb ku shprehej [&hellip;]<\/p>\n","protected":false},"author":2,"featured_media":53428,"comment_status":"open","ping_status":"open","sticky":false,"template":"","format":"standard","meta":{"footnotes":""},"categories":[33],"tags":[],"class_list":{"0":"post-53429","1":"post","2":"type-post","3":"status-publish","4":"format-standard","5":"has-post-thumbnail","7":"category-showbiz"},"yoast_head":"<!-- This site is optimized with the Yoast SEO plugin v27.5 - https:\/\/yoast.com\/product\/yoast-seo-wordpress\/ -->\n<title>Akuza t\u00eb r\u00ebnda! Fero: Arabi t\u00ebrhoqi vajz\u00ebn time nga krahu - blogin.al<\/title>\n<meta name=\"robots\" content=\"index, follow, max-snippet:-1, max-image-preview:large, max-video-preview:-1\" \/>\n<link rel=\"canonical\" href=\"https:\/\/blogin.al\/?p=53429\" \/>\n<meta property=\"og:locale\" content=\"en_US\" \/>\n<meta property=\"og:type\" content=\"article\" \/>\n<meta property=\"og:title\" content=\"Akuza t\u00eb r\u00ebnda! Fero: Arabi t\u00ebrhoqi vajz\u00ebn time nga krahu - blogin.al\" \/>\n<meta property=\"og:description\" content=\"Fero Fera, ish-reperi i njohur, ishte i ftuari i mbr\u00ebmjes s\u00eb kaluar n\u00eb emisionin \u201cGlamour Zone\u201d n\u00eb \u201cOra News\u201d. Gjat\u00eb intervist\u00ebs, ai foli p\u00ebr nj\u00eb situat\u00eb shqet\u00ebsuese lidhur me vajz\u00ebn e tij, duke sqaruar nj\u00eb deklarat\u00eb q\u00eb kishte b\u00ebr\u00eb disa dit\u00eb m\u00eb par\u00eb n\u00eb rrjetet sociale. Fero kishte postuar n\u00eb \u201cInstagram\u201d nj\u00eb deklarat\u00eb ku shprehej [&hellip;]\" \/>\n<meta property=\"og:url\" content=\"https:\/\/blogin.al\/?p=53429\" \/>\n<meta property=\"og:site_name\" content=\"blogin.al\" \/>\n<meta property=\"article:published_time\" content=\"2024-12-14T11:34:10+00:00\" \/>\n<meta property=\"og:image\" content=\"https:\/\/blogin.al\/wp-content\/uploads\/2024\/12\/900-0-1723710396xfero-e-bijapng-753.jpg\" \/>\n\t<meta property=\"og:image:width\" content=\"900\" \/>\n\t<meta property=\"og:image:height\" content=\"771\" \/>\n\t<meta property=\"og:image:type\" content=\"image\/jpeg\" \/>\n<meta name=\"author\" content=\"Blogin al\" \/>\n<meta name=\"twitter:card\" content=\"summary_large_image\" \/>\n<meta name=\"twitter:label1\" content=\"Written by\" \/>\n\t<meta name=\"twitter:data1\" content=\"Blogin al\" \/>\n\t<meta name=\"twitter:label2\" content=\"Est. reading time\" \/>\n\t<meta name=\"twitter:data2\" content=\"2 minutes\" \/>\n<script type=\"application\/ld+json\" class=\"yoast-schema-graph\">{\"@context\":\"https:\\\/\\\/schema.org\",\"@graph\":[{\"@type\":\"Article\",\"@id\":\"https:\\\/\\\/blogin.al\\\/?p=53429#article\",\"isPartOf\":{\"@id\":\"https:\\\/\\\/blogin.al\\\/?p=53429\"},\"author\":{\"name\":\"Blogin al\",\"@id\":\"https:\\\/\\\/blogin.al\\\/#\\\/schema\\\/person\\\/abdd56bc912cd511db877b852b115399\"},\"headline\":\"Akuza t\u00eb r\u00ebnda! Fero: Arabi t\u00ebrhoqi vajz\u00ebn time nga krahu\",\"datePublished\":\"2024-12-14T11:34:10+00:00\",\"mainEntityOfPage\":{\"@id\":\"https:\\\/\\\/blogin.al\\\/?p=53429\"},\"wordCount\":399,\"commentCount\":0,\"publisher\":{\"@id\":\"https:\\\/\\\/blogin.al\\\/#organization\"},\"image\":{\"@id\":\"https:\\\/\\\/blogin.al\\\/?p=53429#primaryimage\"},\"thumbnailUrl\":\"https:\\\/\\\/blogin.al\\\/wp-content\\\/uploads\\\/2024\\\/12\\\/900-0-1723710396xfero-e-bijapng-753.jpg\",\"articleSection\":[\"SHOWBIZ\"],\"inLanguage\":\"en-US\",\"potentialAction\":[{\"@type\":\"CommentAction\",\"name\":\"Comment\",\"target\":[\"https:\\\/\\\/blogin.al\\\/?p=53429#respond\"]}]},{\"@type\":\"WebPage\",\"@id\":\"https:\\\/\\\/blogin.al\\\/?p=53429\",\"url\":\"https:\\\/\\\/blogin.al\\\/?p=53429\",\"name\":\"Akuza t\u00eb r\u00ebnda! Fero: Arabi t\u00ebrhoqi vajz\u00ebn time nga krahu - blogin.al\",\"isPartOf\":{\"@id\":\"https:\\\/\\\/blogin.al\\\/#website\"},\"primaryImageOfPage\":{\"@id\":\"https:\\\/\\\/blogin.al\\\/?p=53429#primaryimage\"},\"image\":{\"@id\":\"https:\\\/\\\/blogin.al\\\/?p=53429#primaryimage\"},\"thumbnailUrl\":\"https:\\\/\\\/blogin.al\\\/wp-content\\\/uploads\\\/2024\\\/12\\\/900-0-1723710396xfero-e-bijapng-753.jpg\",\"datePublished\":\"2024-12-14T11:34:10+00:00\",\"breadcrumb\":{\"@id\":\"https:\\\/\\\/blogin.al\\\/?p=53429#breadcrumb\"},\"inLanguage\":\"en-US\",\"potentialAction\":[{\"@type\":\"ReadAction\",\"target\":[\"https:\\\/\\\/blogin.al\\\/?p=53429\"]}]},{\"@type\":\"ImageObject\",\"inLanguage\":\"en-US\",\"@id\":\"https:\\\/\\\/blogin.al\\\/?p=53429#primaryimage\",\"url\":\"https:\\\/\\\/blogin.al\\\/wp-content\\\/uploads\\\/2024\\\/12\\\/900-0-1723710396xfero-e-bijapng-753.jpg\",\"contentUrl\":\"https:\\\/\\\/blogin.al\\\/wp-content\\\/uploads\\\/2024\\\/12\\\/900-0-1723710396xfero-e-bijapng-753.jpg\",\"width\":900,\"height\":771},{\"@type\":\"BreadcrumbList\",\"@id\":\"https:\\\/\\\/blogin.al\\\/?p=53429#breadcrumb\",\"itemListElement\":[{\"@type\":\"ListItem\",\"position\":1,\"name\":\"Home\",\"item\":\"https:\\\/\\\/blogin.al\\\/\"},{\"@type\":\"ListItem\",\"position\":2,\"name\":\"Akuza t\u00eb r\u00ebnda! Fero: Arabi t\u00ebrhoqi vajz\u00ebn time nga krahu\"}]},{\"@type\":\"WebSite\",\"@id\":\"https:\\\/\\\/blogin.al\\\/#website\",\"url\":\"https:\\\/\\\/blogin.al\\\/\",\"name\":\"blogin.al\",\"description\":\"\",\"publisher\":{\"@id\":\"https:\\\/\\\/blogin.al\\\/#organization\"},\"potentialAction\":[{\"@type\":\"SearchAction\",\"target\":{\"@type\":\"EntryPoint\",\"urlTemplate\":\"https:\\\/\\\/blogin.al\\\/?s={search_term_string}\"},\"query-input\":{\"@type\":\"PropertyValueSpecification\",\"valueRequired\":true,\"valueName\":\"search_term_string\"}}],\"inLanguage\":\"en-US\"},{\"@type\":\"Organization\",\"@id\":\"https:\\\/\\\/blogin.al\\\/#organization\",\"name\":\"BLOGIN.al\",\"url\":\"https:\\\/\\\/blogin.al\\\/\",\"logo\":{\"@type\":\"ImageObject\",\"inLanguage\":\"en-US\",\"@id\":\"https:\\\/\\\/blogin.al\\\/#\\\/schema\\\/logo\\\/image\\\/\",\"url\":\"https:\\\/\\\/blogin.al\\\/wp-content\\\/uploads\\\/2022\\\/05\\\/Untitled-2-01-e1652084456514.png\",\"contentUrl\":\"https:\\\/\\\/blogin.al\\\/wp-content\\\/uploads\\\/2022\\\/05\\\/Untitled-2-01-e1652084456514.png\",\"width\":3723,\"height\":1698,\"caption\":\"BLOGIN.al\"},\"image\":{\"@id\":\"https:\\\/\\\/blogin.al\\\/#\\\/schema\\\/logo\\\/image\\\/\"},\"sameAs\":[\"https:\\\/\\\/instagram.com\\\/blogin.al\\\/\"]},{\"@type\":\"Person\",\"@id\":\"https:\\\/\\\/blogin.al\\\/#\\\/schema\\\/person\\\/abdd56bc912cd511db877b852b115399\",\"name\":\"Blogin al\",\"image\":{\"@type\":\"ImageObject\",\"inLanguage\":\"en-US\",\"@id\":\"https:\\\/\\\/secure.gravatar.com\\\/avatar\\\/60d5661aee6e835fb13dc75d2204cd0c1d61bef2efd137c0083e59ef831e235e?s=96&d=mm&r=g\",\"url\":\"https:\\\/\\\/secure.gravatar.com\\\/avatar\\\/60d5661aee6e835fb13dc75d2204cd0c1d61bef2efd137c0083e59ef831e235e?s=96&d=mm&r=g\",\"contentUrl\":\"https:\\\/\\\/secure.gravatar.com\\\/avatar\\\/60d5661aee6e835fb13dc75d2204cd0c1d61bef2efd137c0083e59ef831e235e?s=96&d=mm&r=g\",\"caption\":\"Blogin al\"},\"sameAs\":[\"https:\\\/\\\/blogin.al\"],\"url\":\"https:\\\/\\\/blogin.al\\\/?author=2\"}]}<\/script>\n<!-- \/ Yoast SEO plugin. -->","yoast_head_json":{"title":"Akuza t\u00eb r\u00ebnda! Fero: Arabi t\u00ebrhoqi vajz\u00ebn time nga krahu - blogin.al","robots":{"index":"index","follow":"follow","max-snippet":"max-snippet:-1","max-image-preview":"max-image-preview:large","max-video-preview":"max-video-preview:-1"},"canonical":"https:\/\/blogin.al\/?p=53429","og_locale":"en_US","og_type":"article","og_title":"Akuza t\u00eb r\u00ebnda! Fero: Arabi t\u00ebrhoqi vajz\u00ebn time nga krahu - blogin.al","og_description":"Fero Fera, ish-reperi i njohur, ishte i ftuari i mbr\u00ebmjes s\u00eb kaluar n\u00eb emisionin \u201cGlamour Zone\u201d n\u00eb \u201cOra News\u201d. Gjat\u00eb intervist\u00ebs, ai foli p\u00ebr nj\u00eb situat\u00eb shqet\u00ebsuese lidhur me vajz\u00ebn e tij, duke sqaruar nj\u00eb deklarat\u00eb q\u00eb kishte b\u00ebr\u00eb disa dit\u00eb m\u00eb par\u00eb n\u00eb rrjetet sociale. Fero kishte postuar n\u00eb \u201cInstagram\u201d nj\u00eb deklarat\u00eb ku shprehej [&hellip;]","og_url":"https:\/\/blogin.al\/?p=53429","og_site_name":"blogin.al","article_published_time":"2024-12-14T11:34:10+00:00","og_image":[{"width":900,"height":771,"url":"https:\/\/blogin.al\/wp-content\/uploads\/2024\/12\/900-0-1723710396xfero-e-bijapng-753.jpg","type":"image\/jpeg"}],"author":"Blogin al","twitter_card":"summary_large_image","twitter_misc":{"Written by":"Blogin al","Est. reading time":"2 minutes"},"schema":{"@context":"https:\/\/schema.org","@graph":[{"@type":"Article","@id":"https:\/\/blogin.al\/?p=53429#article","isPartOf":{"@id":"https:\/\/blogin.al\/?p=53429"},"author":{"name":"Blogin al","@id":"https:\/\/blogin.al\/#\/schema\/person\/abdd56bc912cd511db877b852b115399"},"headline":"Akuza t\u00eb r\u00ebnda! Fero: Arabi t\u00ebrhoqi vajz\u00ebn time nga krahu","datePublished":"2024-12-14T11:34:10+00:00","mainEntityOfPage":{"@id":"https:\/\/blogin.al\/?p=53429"},"wordCount":399,"commentCount":0,"publisher":{"@id":"https:\/\/blogin.al\/#organization"},"image":{"@id":"https:\/\/blogin.al\/?p=53429#primaryimage"},"thumbnailUrl":"https:\/\/blogin.al\/wp-content\/uploads\/2024\/12\/900-0-1723710396xfero-e-bijapng-753.jpg","articleSection":["SHOWBIZ"],"inLanguage":"en-US","potentialAction":[{"@type":"CommentAction","name":"Comment","target":["https:\/\/blogin.al\/?p=53429#respond"]}]},{"@type":"WebPage","@id":"https:\/\/blogin.al\/?p=53429","url":"https:\/\/blogin.al\/?p=53429","name":"Akuza t\u00eb r\u00ebnda! Fero: Arabi t\u00ebrhoqi vajz\u00ebn time nga krahu - blogin.al","isPartOf":{"@id":"https:\/\/blogin.al\/#website"},"primaryImageOfPage":{"@id":"https:\/\/blogin.al\/?p=53429#primaryimage"},"image":{"@id":"https:\/\/blogin.al\/?p=53429#primaryimage"},"thumbnailUrl":"https:\/\/blogin.al\/wp-content\/uploads\/2024\/12\/900-0-1723710396xfero-e-bijapng-753.jpg","datePublished":"2024-12-14T11:34:10+00:00","breadcrumb":{"@id":"https:\/\/blogin.al\/?p=53429#breadcrumb"},"inLanguage":"en-US","potentialAction":[{"@type":"ReadAction","target":["https:\/\/blogin.al\/?p=53429"]}]},{"@type":"ImageObject","inLanguage":"en-US","@id":"https:\/\/blogin.al\/?p=53429#primaryimage","url":"https:\/\/blogin.al\/wp-content\/uploads\/2024\/12\/900-0-1723710396xfero-e-bijapng-753.jpg","contentUrl":"https:\/\/blogin.al\/wp-content\/uploads\/2024\/12\/900-0-1723710396xfero-e-bijapng-753.jpg","width":900,"height":771},{"@type":"BreadcrumbList","@id":"https:\/\/blogin.al\/?p=53429#breadcrumb","itemListElement":[{"@type":"ListItem","position":1,"name":"Home","item":"https:\/\/blogin.al\/"},{"@type":"ListItem","position":2,"name":"Akuza t\u00eb r\u00ebnda! Fero: Arabi t\u00ebrhoqi vajz\u00ebn time nga krahu"}]},{"@type":"WebSite","@id":"https:\/\/blogin.al\/#website","url":"https:\/\/blogin.al\/","name":"blogin.al","description":"","publisher":{"@id":"https:\/\/blogin.al\/#organization"},"potentialAction":[{"@type":"SearchAction","target":{"@type":"EntryPoint","urlTemplate":"https:\/\/blogin.al\/?s={search_term_string}"},"query-input":{"@type":"PropertyValueSpecification","valueRequired":true,"valueName":"search_term_string"}}],"inLanguage":"en-US"},{"@type":"Organization","@id":"https:\/\/blogin.al\/#organization","name":"BLOGIN.al","url":"https:\/\/blogin.al\/","logo":{"@type":"ImageObject","inLanguage":"en-US","@id":"https:\/\/blogin.al\/#\/schema\/logo\/image\/","url":"https:\/\/blogin.al\/wp-content\/uploads\/2022\/05\/Untitled-2-01-e1652084456514.png","contentUrl":"https:\/\/blogin.al\/wp-content\/uploads\/2022\/05\/Untitled-2-01-e1652084456514.png","width":3723,"height":1698,"caption":"BLOGIN.al"},"image":{"@id":"https:\/\/blogin.al\/#\/schema\/logo\/image\/"},"sameAs":["https:\/\/instagram.com\/blogin.al\/"]},{"@type":"Person","@id":"https:\/\/blogin.al\/#\/schema\/person\/abdd56bc912cd511db877b852b115399","name":"Blogin al","image":{"@type":"ImageObject","inLanguage":"en-US","@id":"https:\/\/secure.gravatar.com\/avatar\/60d5661aee6e835fb13dc75d2204cd0c1d61bef2efd137c0083e59ef831e235e?s=96&d=mm&r=g","url":"https:\/\/secure.gravatar.com\/avatar\/60d5661aee6e835fb13dc75d2204cd0c1d61bef2efd137c0083e59ef831e235e?s=96&d=mm&r=g","contentUrl":"https:\/\/secure.gravatar.com\/avatar\/60d5661aee6e835fb13dc75d2204cd0c1d61bef2efd137c0083e59ef831e235e?s=96&d=mm&r=g","caption":"Blogin al"},"sameAs":["https:\/\/blogin.al"],"url":"https:\/\/blogin.al\/?author=2"}]}},"_links":{"self":[{"href":"https:\/\/blogin.al\/index.php?rest_route=\/wp\/v2\/posts\/53429","targetHints":{"allow":["GET"]}}],"collection":[{"href":"https:\/\/blogin.al\/index.php?rest_route=\/wp\/v2\/posts"}],"about":[{"href":"https:\/\/blogin.al\/index.php?rest_route=\/wp\/v2\/types\/post"}],"author":[{"embeddable":true,"href":"https:\/\/blogin.al\/index.php?rest_route=\/wp\/v2\/users\/2"}],"replies":[{"embeddable":true,"href":"https:\/\/blogin.al\/index.php?rest_route=%2Fwp%2Fv2%2Fcomments&post=53429"}],"version-history":[{"count":0,"href":"https:\/\/blogin.al\/index.php?rest_route=\/wp\/v2\/posts\/53429\/revisions"}],"wp:featuredmedia":[{"embeddable":true,"href":"https:\/\/blogin.al\/index.php?rest_route=\/wp\/v2\/media\/53428"}],"wp:attachment":[{"href":"https:\/\/blogin.al\/index.php?rest_route=%2Fwp%2Fv2%2Fmedia&parent=53429"}],"wp:term":[{"taxonomy":"category","embeddable":true,"href":"https:\/\/blogin.al\/index.php?rest_route=%2Fwp%2Fv2%2Fcategories&post=53429"},{"taxonomy":"post_tag","embeddable":true,"href":"https:\/\/blogin.al\/index.php?rest_route=%2Fwp%2Fv2%2Ftags&post=53429"}],"curies":[{"name":"wp","href":"https:\/\/api.w.org\/{rel}","templated":true}]}}