{"id":53432,"date":"2024-12-15T09:41:45","date_gmt":"2024-12-15T09:41:45","guid":{"rendered":"https:\/\/blogin.al\/?p=53432"},"modified":"2024-12-15T09:46:57","modified_gmt":"2024-12-15T09:46:57","slug":"sulmi-ndaj-klea-prenges-antonela-berisha-flet-per-here-te-pare-publikisht","status":"publish","type":"post","link":"https:\/\/blogin.al\/?p=53432","title":{"rendered":"\u201cNjer\u00ebz jemi, b\u00ebjm\u00eb gabime\u201d, Antonela Berisha flet pas sulmit ndaj Klea Preng\u00ebs"},"content":{"rendered":"\n<p>P\u00ebr her\u00eb t\u00eb par\u00eb publikisht, n\u00eb \u201cGoca dhe Gra\u201d, Antonela Berisha tregoi versionin e saj t\u00eb sulmit brutal ndaj Klea Preng\u00ebs, nj\u00eb ngjarje e r\u00ebnd\u00eb e ndodhur 3 muaj m\u00eb par\u00eb.<\/p>\n\n\n\n<p>Antonela tha se nuk ka lidhje direkt me ngjarjen, por e p\u00ebrfshir\u00eb ka qen\u00eb motra e saj. P\u00ebr k\u00ebt\u00eb arsye, ajo thot\u00eb se \u00ebsht\u00eb ndodhur n\u00eb vendin e gabuar n\u00eb momentin e gabuar.<\/p>\n\n\n\n<p>\u201cKa qen\u00eb nj\u00eb periudh\u00eb jo fort e leht\u00eb p\u00ebr ne dhe familjen time. Doja t\u00eb sillja edhe nj\u00eb mesazh, q\u00eb pavar\u00ebsisht t\u00eb k\u00ebqijave q\u00eb kalojm\u00eb n\u00eb jet\u00eb ne ringrihemi m\u00eb t\u00eb fort\u00eb\u2026\u201d<\/p>\n\n\n\n<p>\u201cKam nxjerr\u00eb m\u00ebsim. Mos bini pre e provokimeve. Nj\u00eb personazh publik ka nj\u00eb pesh\u00eb tjet\u00ebr n\u00eb impaktin e njer\u00ebzve, sepse po t\u2019i ndodhte nj\u00eb personi t\u00eb thjesht\u00eb ajo q\u00eb na ndodhi neve, nuk do kishte at\u00eb impact aq t\u00eb madh, aq mediatik. \u00cbsht\u00eb v\u00ebshtir\u00eb, sepse \u00e7do gj\u00eb q\u00eb shikohet, \u00e7do gj\u00eb q\u00eb b\u00ebn shikohet n\u00eb nj\u00eb m\u00ebnyr\u00eb ndryshe\u2026\u201d, \u2013 tregon Antonela.<\/p>\n\n\n\n<p>E pyetur se cili \u00ebsht\u00eb version i saj i ngjarjes, ajo tha: \u201cUn\u00eb e kam dh\u00ebn\u00eb versionin tim, n\u00eb institucionet p\u00ebrkat\u00ebse. Dua ta them edhe publikisht q\u00eb un\u00eb nuk kam kontakt drejtp\u00ebrdrejt me ngjarjen, nuk jam e p\u00ebrfshir\u00eb un\u00eb personalisht, \u00ebsht\u00eb e p\u00ebrfshir\u00eb motra ime me persona t\u00eb tjer\u00eb. Un\u00eb thjesht jam ndodhur n\u00eb momentin e gabuar n\u00eb vendin e gabuar at\u00eb nat\u00eb dhe k\u00ebt\u00eb e kam deklaruar edhe n\u00eb institucionet ligjv\u00ebn\u00ebse. P\u00ebr momentin, jam n\u00eb mas\u00eb sigurie dhe hetimet vazhdojn\u00eb\u201d.<\/p>\n","protected":false},"excerpt":{"rendered":"<p>P\u00ebr her\u00eb t\u00eb par\u00eb publikisht, n\u00eb \u201cGoca dhe Gra\u201d, Antonela Berisha tregoi versionin e saj t\u00eb sulmit brutal ndaj Klea Preng\u00ebs, nj\u00eb ngjarje e r\u00ebnd\u00eb e ndodhur 3 muaj m\u00eb par\u00eb. Antonela tha se nuk ka lidhje direkt me ngjarjen, por e p\u00ebrfshir\u00eb ka qen\u00eb motra e saj. P\u00ebr k\u00ebt\u00eb arsye, ajo thot\u00eb se \u00ebsht\u00eb [&hellip;]<\/p>\n","protected":false},"author":2,"featured_media":37456,"comment_status":"closed","ping_status":"closed","sticky":false,"template":"","format":"standard","meta":{"footnotes":""},"categories":[33],"tags":[],"class_list":{"0":"post-53432","1":"post","2":"type-post","3":"status-publish","4":"format-standard","5":"has-post-thumbnail","7":"category-showbiz"},"yoast_head":"<!-- This site is optimized with the Yoast SEO plugin v27.5 - https:\/\/yoast.com\/product\/yoast-seo-wordpress\/ -->\n<title>\u201cNjer\u00ebz jemi, b\u00ebjm\u00eb gabime\u201d, Antonela Berisha flet pas sulmit ndaj Klea Preng\u00ebs - blogin.al<\/title>\n<meta name=\"robots\" content=\"index, follow, max-snippet:-1, max-image-preview:large, max-video-preview:-1\" \/>\n<link rel=\"canonical\" href=\"https:\/\/blogin.al\/?p=53432\" \/>\n<meta property=\"og:locale\" content=\"en_US\" \/>\n<meta property=\"og:type\" content=\"article\" \/>\n<meta property=\"og:title\" content=\"\u201cNjer\u00ebz jemi, b\u00ebjm\u00eb gabime\u201d, Antonela Berisha flet pas sulmit ndaj Klea Preng\u00ebs - blogin.al\" \/>\n<meta property=\"og:description\" content=\"P\u00ebr her\u00eb t\u00eb par\u00eb publikisht, n\u00eb \u201cGoca dhe Gra\u201d, Antonela Berisha tregoi versionin e saj t\u00eb sulmit brutal ndaj Klea Preng\u00ebs, nj\u00eb ngjarje e r\u00ebnd\u00eb e ndodhur 3 muaj m\u00eb par\u00eb. Antonela tha se nuk ka lidhje direkt me ngjarjen, por e p\u00ebrfshir\u00eb ka qen\u00eb motra e saj. P\u00ebr k\u00ebt\u00eb arsye, ajo thot\u00eb se \u00ebsht\u00eb [&hellip;]\" \/>\n<meta property=\"og:url\" content=\"https:\/\/blogin.al\/?p=53432\" \/>\n<meta property=\"og:site_name\" content=\"blogin.al\" \/>\n<meta property=\"article:published_time\" content=\"2024-12-15T09:41:45+00:00\" \/>\n<meta property=\"article:modified_time\" content=\"2024-12-15T09:46:57+00:00\" \/>\n<meta property=\"og:image\" content=\"https:\/\/blogin.al\/wp-content\/uploads\/2023\/09\/image_editor_output_image1244697286-1695021404270.jpg\" \/>\n\t<meta property=\"og:image:width\" content=\"1440\" \/>\n\t<meta property=\"og:image:height\" content=\"1652\" \/>\n\t<meta property=\"og:image:type\" content=\"image\/jpeg\" \/>\n<meta name=\"author\" content=\"Blogin al\" \/>\n<meta name=\"twitter:card\" content=\"summary_large_image\" \/>\n<meta name=\"twitter:label1\" content=\"Written by\" \/>\n\t<meta name=\"twitter:data1\" content=\"Blogin al\" \/>\n\t<meta name=\"twitter:label2\" content=\"Est. reading time\" \/>\n\t<meta name=\"twitter:data2\" content=\"2 minutes\" \/>\n<script type=\"application\/ld+json\" class=\"yoast-schema-graph\">{\"@context\":\"https:\\\/\\\/schema.org\",\"@graph\":[{\"@type\":\"Article\",\"@id\":\"https:\\\/\\\/blogin.al\\\/?p=53432#article\",\"isPartOf\":{\"@id\":\"https:\\\/\\\/blogin.al\\\/?p=53432\"},\"author\":{\"name\":\"Blogin al\",\"@id\":\"https:\\\/\\\/blogin.al\\\/#\\\/schema\\\/person\\\/abdd56bc912cd511db877b852b115399\"},\"headline\":\"\u201cNjer\u00ebz jemi, b\u00ebjm\u00eb gabime\u201d, Antonela Berisha flet pas sulmit ndaj Klea Preng\u00ebs\",\"datePublished\":\"2024-12-15T09:41:45+00:00\",\"dateModified\":\"2024-12-15T09:46:57+00:00\",\"mainEntityOfPage\":{\"@id\":\"https:\\\/\\\/blogin.al\\\/?p=53432\"},\"wordCount\":277,\"publisher\":{\"@id\":\"https:\\\/\\\/blogin.al\\\/#organization\"},\"image\":{\"@id\":\"https:\\\/\\\/blogin.al\\\/?p=53432#primaryimage\"},\"thumbnailUrl\":\"https:\\\/\\\/blogin.al\\\/wp-content\\\/uploads\\\/2023\\\/09\\\/image_editor_output_image1244697286-1695021404270.jpg\",\"articleSection\":[\"SHOWBIZ\"],\"inLanguage\":\"en-US\"},{\"@type\":\"WebPage\",\"@id\":\"https:\\\/\\\/blogin.al\\\/?p=53432\",\"url\":\"https:\\\/\\\/blogin.al\\\/?p=53432\",\"name\":\"\u201cNjer\u00ebz jemi, b\u00ebjm\u00eb gabime\u201d, Antonela Berisha flet pas sulmit ndaj Klea Preng\u00ebs - blogin.al\",\"isPartOf\":{\"@id\":\"https:\\\/\\\/blogin.al\\\/#website\"},\"primaryImageOfPage\":{\"@id\":\"https:\\\/\\\/blogin.al\\\/?p=53432#primaryimage\"},\"image\":{\"@id\":\"https:\\\/\\\/blogin.al\\\/?p=53432#primaryimage\"},\"thumbnailUrl\":\"https:\\\/\\\/blogin.al\\\/wp-content\\\/uploads\\\/2023\\\/09\\\/image_editor_output_image1244697286-1695021404270.jpg\",\"datePublished\":\"2024-12-15T09:41:45+00:00\",\"dateModified\":\"2024-12-15T09:46:57+00:00\",\"breadcrumb\":{\"@id\":\"https:\\\/\\\/blogin.al\\\/?p=53432#breadcrumb\"},\"inLanguage\":\"en-US\",\"potentialAction\":[{\"@type\":\"ReadAction\",\"target\":[\"https:\\\/\\\/blogin.al\\\/?p=53432\"]}]},{\"@type\":\"ImageObject\",\"inLanguage\":\"en-US\",\"@id\":\"https:\\\/\\\/blogin.al\\\/?p=53432#primaryimage\",\"url\":\"https:\\\/\\\/blogin.al\\\/wp-content\\\/uploads\\\/2023\\\/09\\\/image_editor_output_image1244697286-1695021404270.jpg\",\"contentUrl\":\"https:\\\/\\\/blogin.al\\\/wp-content\\\/uploads\\\/2023\\\/09\\\/image_editor_output_image1244697286-1695021404270.jpg\",\"width\":1440,\"height\":1652},{\"@type\":\"BreadcrumbList\",\"@id\":\"https:\\\/\\\/blogin.al\\\/?p=53432#breadcrumb\",\"itemListElement\":[{\"@type\":\"ListItem\",\"position\":1,\"name\":\"Home\",\"item\":\"https:\\\/\\\/blogin.al\\\/\"},{\"@type\":\"ListItem\",\"position\":2,\"name\":\"\u201cNjer\u00ebz jemi, b\u00ebjm\u00eb gabime\u201d, Antonela Berisha flet pas sulmit ndaj Klea Preng\u00ebs\"}]},{\"@type\":\"WebSite\",\"@id\":\"https:\\\/\\\/blogin.al\\\/#website\",\"url\":\"https:\\\/\\\/blogin.al\\\/\",\"name\":\"blogin.al\",\"description\":\"\",\"publisher\":{\"@id\":\"https:\\\/\\\/blogin.al\\\/#organization\"},\"potentialAction\":[{\"@type\":\"SearchAction\",\"target\":{\"@type\":\"EntryPoint\",\"urlTemplate\":\"https:\\\/\\\/blogin.al\\\/?s={search_term_string}\"},\"query-input\":{\"@type\":\"PropertyValueSpecification\",\"valueRequired\":true,\"valueName\":\"search_term_string\"}}],\"inLanguage\":\"en-US\"},{\"@type\":\"Organization\",\"@id\":\"https:\\\/\\\/blogin.al\\\/#organization\",\"name\":\"BLOGIN.al\",\"url\":\"https:\\\/\\\/blogin.al\\\/\",\"logo\":{\"@type\":\"ImageObject\",\"inLanguage\":\"en-US\",\"@id\":\"https:\\\/\\\/blogin.al\\\/#\\\/schema\\\/logo\\\/image\\\/\",\"url\":\"https:\\\/\\\/blogin.al\\\/wp-content\\\/uploads\\\/2022\\\/05\\\/Untitled-2-01-e1652084456514.png\",\"contentUrl\":\"https:\\\/\\\/blogin.al\\\/wp-content\\\/uploads\\\/2022\\\/05\\\/Untitled-2-01-e1652084456514.png\",\"width\":3723,\"height\":1698,\"caption\":\"BLOGIN.al\"},\"image\":{\"@id\":\"https:\\\/\\\/blogin.al\\\/#\\\/schema\\\/logo\\\/image\\\/\"},\"sameAs\":[\"https:\\\/\\\/instagram.com\\\/blogin.al\\\/\"]},{\"@type\":\"Person\",\"@id\":\"https:\\\/\\\/blogin.al\\\/#\\\/schema\\\/person\\\/abdd56bc912cd511db877b852b115399\",\"name\":\"Blogin al\",\"image\":{\"@type\":\"ImageObject\",\"inLanguage\":\"en-US\",\"@id\":\"https:\\\/\\\/secure.gravatar.com\\\/avatar\\\/60d5661aee6e835fb13dc75d2204cd0c1d61bef2efd137c0083e59ef831e235e?s=96&d=mm&r=g\",\"url\":\"https:\\\/\\\/secure.gravatar.com\\\/avatar\\\/60d5661aee6e835fb13dc75d2204cd0c1d61bef2efd137c0083e59ef831e235e?s=96&d=mm&r=g\",\"contentUrl\":\"https:\\\/\\\/secure.gravatar.com\\\/avatar\\\/60d5661aee6e835fb13dc75d2204cd0c1d61bef2efd137c0083e59ef831e235e?s=96&d=mm&r=g\",\"caption\":\"Blogin al\"},\"sameAs\":[\"https:\\\/\\\/blogin.al\"],\"url\":\"https:\\\/\\\/blogin.al\\\/?author=2\"}]}<\/script>\n<!-- \/ Yoast SEO plugin. -->","yoast_head_json":{"title":"\u201cNjer\u00ebz jemi, b\u00ebjm\u00eb gabime\u201d, Antonela Berisha flet pas sulmit ndaj Klea Preng\u00ebs - blogin.al","robots":{"index":"index","follow":"follow","max-snippet":"max-snippet:-1","max-image-preview":"max-image-preview:large","max-video-preview":"max-video-preview:-1"},"canonical":"https:\/\/blogin.al\/?p=53432","og_locale":"en_US","og_type":"article","og_title":"\u201cNjer\u00ebz jemi, b\u00ebjm\u00eb gabime\u201d, Antonela Berisha flet pas sulmit ndaj Klea Preng\u00ebs - blogin.al","og_description":"P\u00ebr her\u00eb t\u00eb par\u00eb publikisht, n\u00eb \u201cGoca dhe Gra\u201d, Antonela Berisha tregoi versionin e saj t\u00eb sulmit brutal ndaj Klea Preng\u00ebs, nj\u00eb ngjarje e r\u00ebnd\u00eb e ndodhur 3 muaj m\u00eb par\u00eb. Antonela tha se nuk ka lidhje direkt me ngjarjen, por e p\u00ebrfshir\u00eb ka qen\u00eb motra e saj. P\u00ebr k\u00ebt\u00eb arsye, ajo thot\u00eb se \u00ebsht\u00eb [&hellip;]","og_url":"https:\/\/blogin.al\/?p=53432","og_site_name":"blogin.al","article_published_time":"2024-12-15T09:41:45+00:00","article_modified_time":"2024-12-15T09:46:57+00:00","og_image":[{"width":1440,"height":1652,"url":"https:\/\/blogin.al\/wp-content\/uploads\/2023\/09\/image_editor_output_image1244697286-1695021404270.jpg","type":"image\/jpeg"}],"author":"Blogin al","twitter_card":"summary_large_image","twitter_misc":{"Written by":"Blogin al","Est. reading time":"2 minutes"},"schema":{"@context":"https:\/\/schema.org","@graph":[{"@type":"Article","@id":"https:\/\/blogin.al\/?p=53432#article","isPartOf":{"@id":"https:\/\/blogin.al\/?p=53432"},"author":{"name":"Blogin al","@id":"https:\/\/blogin.al\/#\/schema\/person\/abdd56bc912cd511db877b852b115399"},"headline":"\u201cNjer\u00ebz jemi, b\u00ebjm\u00eb gabime\u201d, Antonela Berisha flet pas sulmit ndaj Klea Preng\u00ebs","datePublished":"2024-12-15T09:41:45+00:00","dateModified":"2024-12-15T09:46:57+00:00","mainEntityOfPage":{"@id":"https:\/\/blogin.al\/?p=53432"},"wordCount":277,"publisher":{"@id":"https:\/\/blogin.al\/#organization"},"image":{"@id":"https:\/\/blogin.al\/?p=53432#primaryimage"},"thumbnailUrl":"https:\/\/blogin.al\/wp-content\/uploads\/2023\/09\/image_editor_output_image1244697286-1695021404270.jpg","articleSection":["SHOWBIZ"],"inLanguage":"en-US"},{"@type":"WebPage","@id":"https:\/\/blogin.al\/?p=53432","url":"https:\/\/blogin.al\/?p=53432","name":"\u201cNjer\u00ebz jemi, b\u00ebjm\u00eb gabime\u201d, Antonela Berisha flet pas sulmit ndaj Klea Preng\u00ebs - blogin.al","isPartOf":{"@id":"https:\/\/blogin.al\/#website"},"primaryImageOfPage":{"@id":"https:\/\/blogin.al\/?p=53432#primaryimage"},"image":{"@id":"https:\/\/blogin.al\/?p=53432#primaryimage"},"thumbnailUrl":"https:\/\/blogin.al\/wp-content\/uploads\/2023\/09\/image_editor_output_image1244697286-1695021404270.jpg","datePublished":"2024-12-15T09:41:45+00:00","dateModified":"2024-12-15T09:46:57+00:00","breadcrumb":{"@id":"https:\/\/blogin.al\/?p=53432#breadcrumb"},"inLanguage":"en-US","potentialAction":[{"@type":"ReadAction","target":["https:\/\/blogin.al\/?p=53432"]}]},{"@type":"ImageObject","inLanguage":"en-US","@id":"https:\/\/blogin.al\/?p=53432#primaryimage","url":"https:\/\/blogin.al\/wp-content\/uploads\/2023\/09\/image_editor_output_image1244697286-1695021404270.jpg","contentUrl":"https:\/\/blogin.al\/wp-content\/uploads\/2023\/09\/image_editor_output_image1244697286-1695021404270.jpg","width":1440,"height":1652},{"@type":"BreadcrumbList","@id":"https:\/\/blogin.al\/?p=53432#breadcrumb","itemListElement":[{"@type":"ListItem","position":1,"name":"Home","item":"https:\/\/blogin.al\/"},{"@type":"ListItem","position":2,"name":"\u201cNjer\u00ebz jemi, b\u00ebjm\u00eb gabime\u201d, Antonela Berisha flet pas sulmit ndaj Klea Preng\u00ebs"}]},{"@type":"WebSite","@id":"https:\/\/blogin.al\/#website","url":"https:\/\/blogin.al\/","name":"blogin.al","description":"","publisher":{"@id":"https:\/\/blogin.al\/#organization"},"potentialAction":[{"@type":"SearchAction","target":{"@type":"EntryPoint","urlTemplate":"https:\/\/blogin.al\/?s={search_term_string}"},"query-input":{"@type":"PropertyValueSpecification","valueRequired":true,"valueName":"search_term_string"}}],"inLanguage":"en-US"},{"@type":"Organization","@id":"https:\/\/blogin.al\/#organization","name":"BLOGIN.al","url":"https:\/\/blogin.al\/","logo":{"@type":"ImageObject","inLanguage":"en-US","@id":"https:\/\/blogin.al\/#\/schema\/logo\/image\/","url":"https:\/\/blogin.al\/wp-content\/uploads\/2022\/05\/Untitled-2-01-e1652084456514.png","contentUrl":"https:\/\/blogin.al\/wp-content\/uploads\/2022\/05\/Untitled-2-01-e1652084456514.png","width":3723,"height":1698,"caption":"BLOGIN.al"},"image":{"@id":"https:\/\/blogin.al\/#\/schema\/logo\/image\/"},"sameAs":["https:\/\/instagram.com\/blogin.al\/"]},{"@type":"Person","@id":"https:\/\/blogin.al\/#\/schema\/person\/abdd56bc912cd511db877b852b115399","name":"Blogin al","image":{"@type":"ImageObject","inLanguage":"en-US","@id":"https:\/\/secure.gravatar.com\/avatar\/60d5661aee6e835fb13dc75d2204cd0c1d61bef2efd137c0083e59ef831e235e?s=96&d=mm&r=g","url":"https:\/\/secure.gravatar.com\/avatar\/60d5661aee6e835fb13dc75d2204cd0c1d61bef2efd137c0083e59ef831e235e?s=96&d=mm&r=g","contentUrl":"https:\/\/secure.gravatar.com\/avatar\/60d5661aee6e835fb13dc75d2204cd0c1d61bef2efd137c0083e59ef831e235e?s=96&d=mm&r=g","caption":"Blogin al"},"sameAs":["https:\/\/blogin.al"],"url":"https:\/\/blogin.al\/?author=2"}]}},"_links":{"self":[{"href":"https:\/\/blogin.al\/index.php?rest_route=\/wp\/v2\/posts\/53432","targetHints":{"allow":["GET"]}}],"collection":[{"href":"https:\/\/blogin.al\/index.php?rest_route=\/wp\/v2\/posts"}],"about":[{"href":"https:\/\/blogin.al\/index.php?rest_route=\/wp\/v2\/types\/post"}],"author":[{"embeddable":true,"href":"https:\/\/blogin.al\/index.php?rest_route=\/wp\/v2\/users\/2"}],"replies":[{"embeddable":true,"href":"https:\/\/blogin.al\/index.php?rest_route=%2Fwp%2Fv2%2Fcomments&post=53432"}],"version-history":[{"count":2,"href":"https:\/\/blogin.al\/index.php?rest_route=\/wp\/v2\/posts\/53432\/revisions"}],"predecessor-version":[{"id":53436,"href":"https:\/\/blogin.al\/index.php?rest_route=\/wp\/v2\/posts\/53432\/revisions\/53436"}],"wp:featuredmedia":[{"embeddable":true,"href":"https:\/\/blogin.al\/index.php?rest_route=\/wp\/v2\/media\/37456"}],"wp:attachment":[{"href":"https:\/\/blogin.al\/index.php?rest_route=%2Fwp%2Fv2%2Fmedia&parent=53432"}],"wp:term":[{"taxonomy":"category","embeddable":true,"href":"https:\/\/blogin.al\/index.php?rest_route=%2Fwp%2Fv2%2Fcategories&post=53432"},{"taxonomy":"post_tag","embeddable":true,"href":"https:\/\/blogin.al\/index.php?rest_route=%2Fwp%2Fv2%2Ftags&post=53432"}],"curies":[{"name":"wp","href":"https:\/\/api.w.org\/{rel}","templated":true}]}}