{"id":53447,"date":"2024-12-15T13:53:27","date_gmt":"2024-12-15T13:53:27","guid":{"rendered":"https:\/\/blogin.al\/?p=53447"},"modified":"2024-12-15T13:57:20","modified_gmt":"2024-12-15T13:57:20","slug":"xhensila-myrtezaj-anulon-te-gjitha-koncertet","status":"publish","type":"post","link":"https:\/\/blogin.al\/?p=53447","title":{"rendered":"Xhensila Myrtezaj anulon t\u00eb gjitha koncertet"},"content":{"rendered":"\n<p>Deklarata e fundit e k\u00ebng\u00ebtares Xhensila Myrtezaj i ka shqet\u00ebsuar t\u00eb gjith\u00eb. Kjo pasi t\u00eb gjith\u00eb koncertet ku ajo do t\u00eb ishte e pranishme jan\u00eb anuluar.<\/p>\n\n\n\n<p>P\u00ebrmes nj\u00eb videoje q\u00eb k\u00ebng\u00ebtarja ka postuar n\u00eb profilin e saj n\u00eb Instagram, ka treguar se po kalon nj\u00eb gjendje jo t\u00eb mir\u00eb sh\u00ebndet\u00ebsore q\u00eb e ka detyruar t\u00eb marr\u00eb mjekim venoz.<\/p>\n\n\n\n<p><em>\u201cNuk m\u00eb ka ndodhur kurr\u00eb q\u00eb t\u00eb anuloj nj\u00eb koncert ose nj\u00eb event p\u00ebr shkaqe sh\u00ebndet\u00ebsore apo personale, e kam mbajtur veten p\u00ebr goc\u00eb t\u00eb fort\u00eb, por ndonj\u00ebher\u00eb sh\u00ebndeti nuk pyet se sa d\u00ebshir\u00eb ose forc\u00eb ke ti p\u00ebr t\u00eb punuar. Mjekja m\u00eb sugjeroi, n\u00eb fakt nuk ishte sugjerim, ishte nj\u00eb urdh\u00ebr q\u00eb duhet t\u00eb vazhdoj nj\u00eb terapi venoz dy her\u00eb n\u00eb dit\u00eb derisa ta marr veten. \u00cbsht\u00eb \u00e7\u00ebshtje dit\u00ebsh dhe un\u00eb e di q\u00eb do t\u00eb vij s\u00ebrish m\u00eb e fort\u00eb se kurr\u00eb p\u00ebr koncertet e tjera t\u00eb radh\u00ebs dhe p\u00ebr t\u00eb qen\u00eb pran\u00eb jush\u201d.<\/em><\/p>\n","protected":false},"excerpt":{"rendered":"<p>Deklarata e fundit e k\u00ebng\u00ebtares Xhensila Myrtezaj i ka shqet\u00ebsuar t\u00eb gjith\u00eb. Kjo pasi t\u00eb gjith\u00eb koncertet ku ajo do t\u00eb ishte e pranishme jan\u00eb anuluar. P\u00ebrmes nj\u00eb videoje q\u00eb k\u00ebng\u00ebtarja ka postuar n\u00eb profilin e saj n\u00eb Instagram, ka treguar se po kalon nj\u00eb gjendje jo t\u00eb mir\u00eb sh\u00ebndet\u00ebsore q\u00eb e ka detyruar t\u00eb [&hellip;]<\/p>\n","protected":false},"author":2,"featured_media":53449,"comment_status":"closed","ping_status":"closed","sticky":false,"template":"","format":"standard","meta":{"footnotes":""},"categories":[33],"tags":[],"class_list":{"0":"post-53447","1":"post","2":"type-post","3":"status-publish","4":"format-standard","5":"has-post-thumbnail","7":"category-showbiz"},"yoast_head":"<!-- This site is optimized with the Yoast SEO plugin v27.5 - https:\/\/yoast.com\/product\/yoast-seo-wordpress\/ -->\n<title>Xhensila Myrtezaj anulon t\u00eb gjitha koncertet - blogin.al<\/title>\n<meta name=\"robots\" content=\"index, follow, max-snippet:-1, max-image-preview:large, max-video-preview:-1\" \/>\n<link rel=\"canonical\" href=\"https:\/\/blogin.al\/?p=53447\" \/>\n<meta property=\"og:locale\" content=\"en_US\" \/>\n<meta property=\"og:type\" content=\"article\" \/>\n<meta property=\"og:title\" content=\"Xhensila Myrtezaj anulon t\u00eb gjitha koncertet - blogin.al\" \/>\n<meta property=\"og:description\" content=\"Deklarata e fundit e k\u00ebng\u00ebtares Xhensila Myrtezaj i ka shqet\u00ebsuar t\u00eb gjith\u00eb. Kjo pasi t\u00eb gjith\u00eb koncertet ku ajo do t\u00eb ishte e pranishme jan\u00eb anuluar. P\u00ebrmes nj\u00eb videoje q\u00eb k\u00ebng\u00ebtarja ka postuar n\u00eb profilin e saj n\u00eb Instagram, ka treguar se po kalon nj\u00eb gjendje jo t\u00eb mir\u00eb sh\u00ebndet\u00ebsore q\u00eb e ka detyruar t\u00eb [&hellip;]\" \/>\n<meta property=\"og:url\" content=\"https:\/\/blogin.al\/?p=53447\" \/>\n<meta property=\"og:site_name\" content=\"blogin.al\" \/>\n<meta property=\"article:published_time\" content=\"2024-12-15T13:53:27+00:00\" \/>\n<meta property=\"article:modified_time\" content=\"2024-12-15T13:57:20+00:00\" \/>\n<meta property=\"og:image\" content=\"https:\/\/blogin.al\/wp-content\/uploads\/2024\/12\/auto_unnamed1712133326.jpg\" \/>\n\t<meta property=\"og:image:width\" content=\"900\" \/>\n\t<meta property=\"og:image:height\" content=\"1276\" \/>\n\t<meta property=\"og:image:type\" content=\"image\/jpeg\" \/>\n<meta name=\"author\" content=\"Blogin al\" \/>\n<meta name=\"twitter:card\" content=\"summary_large_image\" \/>\n<meta name=\"twitter:label1\" content=\"Written by\" \/>\n\t<meta name=\"twitter:data1\" content=\"Blogin al\" \/>\n\t<meta name=\"twitter:label2\" content=\"Est. reading time\" \/>\n\t<meta name=\"twitter:data2\" content=\"1 minute\" \/>\n<script type=\"application\/ld+json\" class=\"yoast-schema-graph\">{\"@context\":\"https:\\\/\\\/schema.org\",\"@graph\":[{\"@type\":\"Article\",\"@id\":\"https:\\\/\\\/blogin.al\\\/?p=53447#article\",\"isPartOf\":{\"@id\":\"https:\\\/\\\/blogin.al\\\/?p=53447\"},\"author\":{\"name\":\"Blogin al\",\"@id\":\"https:\\\/\\\/blogin.al\\\/#\\\/schema\\\/person\\\/abdd56bc912cd511db877b852b115399\"},\"headline\":\"Xhensila Myrtezaj anulon t\u00eb gjitha koncertet\",\"datePublished\":\"2024-12-15T13:53:27+00:00\",\"dateModified\":\"2024-12-15T13:57:20+00:00\",\"mainEntityOfPage\":{\"@id\":\"https:\\\/\\\/blogin.al\\\/?p=53447\"},\"wordCount\":182,\"publisher\":{\"@id\":\"https:\\\/\\\/blogin.al\\\/#organization\"},\"image\":{\"@id\":\"https:\\\/\\\/blogin.al\\\/?p=53447#primaryimage\"},\"thumbnailUrl\":\"https:\\\/\\\/blogin.al\\\/wp-content\\\/uploads\\\/2024\\\/12\\\/auto_unnamed1712133326.jpg\",\"articleSection\":[\"SHOWBIZ\"],\"inLanguage\":\"en-US\"},{\"@type\":\"WebPage\",\"@id\":\"https:\\\/\\\/blogin.al\\\/?p=53447\",\"url\":\"https:\\\/\\\/blogin.al\\\/?p=53447\",\"name\":\"Xhensila Myrtezaj anulon t\u00eb gjitha koncertet - blogin.al\",\"isPartOf\":{\"@id\":\"https:\\\/\\\/blogin.al\\\/#website\"},\"primaryImageOfPage\":{\"@id\":\"https:\\\/\\\/blogin.al\\\/?p=53447#primaryimage\"},\"image\":{\"@id\":\"https:\\\/\\\/blogin.al\\\/?p=53447#primaryimage\"},\"thumbnailUrl\":\"https:\\\/\\\/blogin.al\\\/wp-content\\\/uploads\\\/2024\\\/12\\\/auto_unnamed1712133326.jpg\",\"datePublished\":\"2024-12-15T13:53:27+00:00\",\"dateModified\":\"2024-12-15T13:57:20+00:00\",\"breadcrumb\":{\"@id\":\"https:\\\/\\\/blogin.al\\\/?p=53447#breadcrumb\"},\"inLanguage\":\"en-US\",\"potentialAction\":[{\"@type\":\"ReadAction\",\"target\":[\"https:\\\/\\\/blogin.al\\\/?p=53447\"]}]},{\"@type\":\"ImageObject\",\"inLanguage\":\"en-US\",\"@id\":\"https:\\\/\\\/blogin.al\\\/?p=53447#primaryimage\",\"url\":\"https:\\\/\\\/blogin.al\\\/wp-content\\\/uploads\\\/2024\\\/12\\\/auto_unnamed1712133326.jpg\",\"contentUrl\":\"https:\\\/\\\/blogin.al\\\/wp-content\\\/uploads\\\/2024\\\/12\\\/auto_unnamed1712133326.jpg\",\"width\":900,\"height\":1276},{\"@type\":\"BreadcrumbList\",\"@id\":\"https:\\\/\\\/blogin.al\\\/?p=53447#breadcrumb\",\"itemListElement\":[{\"@type\":\"ListItem\",\"position\":1,\"name\":\"Home\",\"item\":\"https:\\\/\\\/blogin.al\\\/\"},{\"@type\":\"ListItem\",\"position\":2,\"name\":\"Xhensila Myrtezaj anulon t\u00eb gjitha koncertet\"}]},{\"@type\":\"WebSite\",\"@id\":\"https:\\\/\\\/blogin.al\\\/#website\",\"url\":\"https:\\\/\\\/blogin.al\\\/\",\"name\":\"blogin.al\",\"description\":\"\",\"publisher\":{\"@id\":\"https:\\\/\\\/blogin.al\\\/#organization\"},\"potentialAction\":[{\"@type\":\"SearchAction\",\"target\":{\"@type\":\"EntryPoint\",\"urlTemplate\":\"https:\\\/\\\/blogin.al\\\/?s={search_term_string}\"},\"query-input\":{\"@type\":\"PropertyValueSpecification\",\"valueRequired\":true,\"valueName\":\"search_term_string\"}}],\"inLanguage\":\"en-US\"},{\"@type\":\"Organization\",\"@id\":\"https:\\\/\\\/blogin.al\\\/#organization\",\"name\":\"BLOGIN.al\",\"url\":\"https:\\\/\\\/blogin.al\\\/\",\"logo\":{\"@type\":\"ImageObject\",\"inLanguage\":\"en-US\",\"@id\":\"https:\\\/\\\/blogin.al\\\/#\\\/schema\\\/logo\\\/image\\\/\",\"url\":\"https:\\\/\\\/blogin.al\\\/wp-content\\\/uploads\\\/2022\\\/05\\\/Untitled-2-01-e1652084456514.png\",\"contentUrl\":\"https:\\\/\\\/blogin.al\\\/wp-content\\\/uploads\\\/2022\\\/05\\\/Untitled-2-01-e1652084456514.png\",\"width\":3723,\"height\":1698,\"caption\":\"BLOGIN.al\"},\"image\":{\"@id\":\"https:\\\/\\\/blogin.al\\\/#\\\/schema\\\/logo\\\/image\\\/\"},\"sameAs\":[\"https:\\\/\\\/instagram.com\\\/blogin.al\\\/\"]},{\"@type\":\"Person\",\"@id\":\"https:\\\/\\\/blogin.al\\\/#\\\/schema\\\/person\\\/abdd56bc912cd511db877b852b115399\",\"name\":\"Blogin al\",\"image\":{\"@type\":\"ImageObject\",\"inLanguage\":\"en-US\",\"@id\":\"https:\\\/\\\/secure.gravatar.com\\\/avatar\\\/60d5661aee6e835fb13dc75d2204cd0c1d61bef2efd137c0083e59ef831e235e?s=96&d=mm&r=g\",\"url\":\"https:\\\/\\\/secure.gravatar.com\\\/avatar\\\/60d5661aee6e835fb13dc75d2204cd0c1d61bef2efd137c0083e59ef831e235e?s=96&d=mm&r=g\",\"contentUrl\":\"https:\\\/\\\/secure.gravatar.com\\\/avatar\\\/60d5661aee6e835fb13dc75d2204cd0c1d61bef2efd137c0083e59ef831e235e?s=96&d=mm&r=g\",\"caption\":\"Blogin al\"},\"sameAs\":[\"https:\\\/\\\/blogin.al\"],\"url\":\"https:\\\/\\\/blogin.al\\\/?author=2\"}]}<\/script>\n<!-- \/ Yoast SEO plugin. -->","yoast_head_json":{"title":"Xhensila Myrtezaj anulon t\u00eb gjitha koncertet - blogin.al","robots":{"index":"index","follow":"follow","max-snippet":"max-snippet:-1","max-image-preview":"max-image-preview:large","max-video-preview":"max-video-preview:-1"},"canonical":"https:\/\/blogin.al\/?p=53447","og_locale":"en_US","og_type":"article","og_title":"Xhensila Myrtezaj anulon t\u00eb gjitha koncertet - blogin.al","og_description":"Deklarata e fundit e k\u00ebng\u00ebtares Xhensila Myrtezaj i ka shqet\u00ebsuar t\u00eb gjith\u00eb. Kjo pasi t\u00eb gjith\u00eb koncertet ku ajo do t\u00eb ishte e pranishme jan\u00eb anuluar. P\u00ebrmes nj\u00eb videoje q\u00eb k\u00ebng\u00ebtarja ka postuar n\u00eb profilin e saj n\u00eb Instagram, ka treguar se po kalon nj\u00eb gjendje jo t\u00eb mir\u00eb sh\u00ebndet\u00ebsore q\u00eb e ka detyruar t\u00eb [&hellip;]","og_url":"https:\/\/blogin.al\/?p=53447","og_site_name":"blogin.al","article_published_time":"2024-12-15T13:53:27+00:00","article_modified_time":"2024-12-15T13:57:20+00:00","og_image":[{"width":900,"height":1276,"url":"https:\/\/blogin.al\/wp-content\/uploads\/2024\/12\/auto_unnamed1712133326.jpg","type":"image\/jpeg"}],"author":"Blogin al","twitter_card":"summary_large_image","twitter_misc":{"Written by":"Blogin al","Est. reading time":"1 minute"},"schema":{"@context":"https:\/\/schema.org","@graph":[{"@type":"Article","@id":"https:\/\/blogin.al\/?p=53447#article","isPartOf":{"@id":"https:\/\/blogin.al\/?p=53447"},"author":{"name":"Blogin al","@id":"https:\/\/blogin.al\/#\/schema\/person\/abdd56bc912cd511db877b852b115399"},"headline":"Xhensila Myrtezaj anulon t\u00eb gjitha koncertet","datePublished":"2024-12-15T13:53:27+00:00","dateModified":"2024-12-15T13:57:20+00:00","mainEntityOfPage":{"@id":"https:\/\/blogin.al\/?p=53447"},"wordCount":182,"publisher":{"@id":"https:\/\/blogin.al\/#organization"},"image":{"@id":"https:\/\/blogin.al\/?p=53447#primaryimage"},"thumbnailUrl":"https:\/\/blogin.al\/wp-content\/uploads\/2024\/12\/auto_unnamed1712133326.jpg","articleSection":["SHOWBIZ"],"inLanguage":"en-US"},{"@type":"WebPage","@id":"https:\/\/blogin.al\/?p=53447","url":"https:\/\/blogin.al\/?p=53447","name":"Xhensila Myrtezaj anulon t\u00eb gjitha koncertet - blogin.al","isPartOf":{"@id":"https:\/\/blogin.al\/#website"},"primaryImageOfPage":{"@id":"https:\/\/blogin.al\/?p=53447#primaryimage"},"image":{"@id":"https:\/\/blogin.al\/?p=53447#primaryimage"},"thumbnailUrl":"https:\/\/blogin.al\/wp-content\/uploads\/2024\/12\/auto_unnamed1712133326.jpg","datePublished":"2024-12-15T13:53:27+00:00","dateModified":"2024-12-15T13:57:20+00:00","breadcrumb":{"@id":"https:\/\/blogin.al\/?p=53447#breadcrumb"},"inLanguage":"en-US","potentialAction":[{"@type":"ReadAction","target":["https:\/\/blogin.al\/?p=53447"]}]},{"@type":"ImageObject","inLanguage":"en-US","@id":"https:\/\/blogin.al\/?p=53447#primaryimage","url":"https:\/\/blogin.al\/wp-content\/uploads\/2024\/12\/auto_unnamed1712133326.jpg","contentUrl":"https:\/\/blogin.al\/wp-content\/uploads\/2024\/12\/auto_unnamed1712133326.jpg","width":900,"height":1276},{"@type":"BreadcrumbList","@id":"https:\/\/blogin.al\/?p=53447#breadcrumb","itemListElement":[{"@type":"ListItem","position":1,"name":"Home","item":"https:\/\/blogin.al\/"},{"@type":"ListItem","position":2,"name":"Xhensila Myrtezaj anulon t\u00eb gjitha koncertet"}]},{"@type":"WebSite","@id":"https:\/\/blogin.al\/#website","url":"https:\/\/blogin.al\/","name":"blogin.al","description":"","publisher":{"@id":"https:\/\/blogin.al\/#organization"},"potentialAction":[{"@type":"SearchAction","target":{"@type":"EntryPoint","urlTemplate":"https:\/\/blogin.al\/?s={search_term_string}"},"query-input":{"@type":"PropertyValueSpecification","valueRequired":true,"valueName":"search_term_string"}}],"inLanguage":"en-US"},{"@type":"Organization","@id":"https:\/\/blogin.al\/#organization","name":"BLOGIN.al","url":"https:\/\/blogin.al\/","logo":{"@type":"ImageObject","inLanguage":"en-US","@id":"https:\/\/blogin.al\/#\/schema\/logo\/image\/","url":"https:\/\/blogin.al\/wp-content\/uploads\/2022\/05\/Untitled-2-01-e1652084456514.png","contentUrl":"https:\/\/blogin.al\/wp-content\/uploads\/2022\/05\/Untitled-2-01-e1652084456514.png","width":3723,"height":1698,"caption":"BLOGIN.al"},"image":{"@id":"https:\/\/blogin.al\/#\/schema\/logo\/image\/"},"sameAs":["https:\/\/instagram.com\/blogin.al\/"]},{"@type":"Person","@id":"https:\/\/blogin.al\/#\/schema\/person\/abdd56bc912cd511db877b852b115399","name":"Blogin al","image":{"@type":"ImageObject","inLanguage":"en-US","@id":"https:\/\/secure.gravatar.com\/avatar\/60d5661aee6e835fb13dc75d2204cd0c1d61bef2efd137c0083e59ef831e235e?s=96&d=mm&r=g","url":"https:\/\/secure.gravatar.com\/avatar\/60d5661aee6e835fb13dc75d2204cd0c1d61bef2efd137c0083e59ef831e235e?s=96&d=mm&r=g","contentUrl":"https:\/\/secure.gravatar.com\/avatar\/60d5661aee6e835fb13dc75d2204cd0c1d61bef2efd137c0083e59ef831e235e?s=96&d=mm&r=g","caption":"Blogin al"},"sameAs":["https:\/\/blogin.al"],"url":"https:\/\/blogin.al\/?author=2"}]}},"_links":{"self":[{"href":"https:\/\/blogin.al\/index.php?rest_route=\/wp\/v2\/posts\/53447","targetHints":{"allow":["GET"]}}],"collection":[{"href":"https:\/\/blogin.al\/index.php?rest_route=\/wp\/v2\/posts"}],"about":[{"href":"https:\/\/blogin.al\/index.php?rest_route=\/wp\/v2\/types\/post"}],"author":[{"embeddable":true,"href":"https:\/\/blogin.al\/index.php?rest_route=\/wp\/v2\/users\/2"}],"replies":[{"embeddable":true,"href":"https:\/\/blogin.al\/index.php?rest_route=%2Fwp%2Fv2%2Fcomments&post=53447"}],"version-history":[{"count":1,"href":"https:\/\/blogin.al\/index.php?rest_route=\/wp\/v2\/posts\/53447\/revisions"}],"predecessor-version":[{"id":53448,"href":"https:\/\/blogin.al\/index.php?rest_route=\/wp\/v2\/posts\/53447\/revisions\/53448"}],"wp:featuredmedia":[{"embeddable":true,"href":"https:\/\/blogin.al\/index.php?rest_route=\/wp\/v2\/media\/53449"}],"wp:attachment":[{"href":"https:\/\/blogin.al\/index.php?rest_route=%2Fwp%2Fv2%2Fmedia&parent=53447"}],"wp:term":[{"taxonomy":"category","embeddable":true,"href":"https:\/\/blogin.al\/index.php?rest_route=%2Fwp%2Fv2%2Fcategories&post=53447"},{"taxonomy":"post_tag","embeddable":true,"href":"https:\/\/blogin.al\/index.php?rest_route=%2Fwp%2Fv2%2Ftags&post=53447"}],"curies":[{"name":"wp","href":"https:\/\/api.w.org\/{rel}","templated":true}]}}