{"id":53460,"date":"2024-12-16T10:38:43","date_gmt":"2024-12-16T10:38:43","guid":{"rendered":"https:\/\/blogin.al\/?p=53460"},"modified":"2024-12-16T10:38:46","modified_gmt":"2024-12-16T10:38:46","slug":"vellai-im-vrau-veten-para-syve-te-mi-aktori-gent-hazizi-rrefen-tragjedine-e-jetes","status":"publish","type":"post","link":"https:\/\/blogin.al\/?p=53460","title":{"rendered":"\u201cV\u00ebllai im vrau veten para syve t\u00eb mi\u201d\/ Aktori Gent Hazizi rr\u00ebfen tragjedin\u00eb e jet\u00ebs"},"content":{"rendered":"\n<p>Aktori i njohur, Gent Hazizi, ka rr\u00ebfyer p\u00ebr her\u00eb t\u00eb par\u00eb humbjen e v\u00ebllait t\u00eb tij t\u00eb madh. Ai ka treguar se vjen nga nj\u00eb familje e madhe dhe n\u00eb koh\u00ebn kur ka ndodhur tragjedia ka qen\u00eb vet\u00ebm 5 vje\u00e7.<\/p>\n\n\n\n<p>N\u00eb m\u00ebnyr\u00eb q\u00eb ai ta kalonte sa m\u00eb shpejt, prind\u00ebrit vendos\u00ebn ta fusnin n\u00eb shkoll\u00eb por Genti e mban mend mir\u00eb p\u00ebrjetimin pasi ka par\u00eb gjith\u00e7ka.<\/p>\n\n\n\n<p><strong>\u201cE kam gjithmon\u00eb fotografi, me v\u00ebllain tim t\u00eb shtrir\u00eb\u2026q\u00eb kishte nj\u00eb litar gjaku dhe mua m\u00eb dukej sikur po t\u2019ia hiqja do t\u2019ia shkurtoja. Vrau veten, nj\u00eb tragjedi familjare, asokohe punonte\u2026 kishte arm\u00eb, punonte n\u00eb Drejtorin\u00eb e Dyt\u00eb q\u00eb quhej at\u00ebher\u00eb, nuk po merrem me detaje si ishte historia, por po merrem me veten time q\u00eb e pash\u00eb t\u00eb shtrir\u00eb dhe\u2026 kam jetuar gjith\u00eb jet\u00ebn time me mendjen q\u00eb un\u00eb kam vdekur at\u00eb dit\u00eb dhe \u00e7do gj\u00eb m\u00eb dukej\u2026<\/strong><\/p>\n\n\n\n<p><strong>Kam arritur ta fal pas gati 25 viteve. U b\u00eb sebep zysha ime n\u00eb Itali q\u00eb m\u00eb tha, un\u00eb do t\u00eb b\u00ebja Mark Antonin dhe po p\u00ebrdorja figur\u00ebn e v\u00ebllait p\u00ebr t\u00eb folur p\u00ebr Cezarin e vdekur. Ajo m\u00eb tha \u2018e ke gabim, pavar\u00ebsisht se ndjesia \u00ebsht\u00eb shum\u00eb e fort\u00eb, e ke gabim sepse ti nuk e ke falur at\u00eb\u2019, k\u00ebshtu q\u00eb m\u00eb futi pastaj n\u00eb nj\u00eb gjendje q\u00eb un\u00eb ta rijetoja at\u00eb histori, pastaj m\u00eb tha \u2018mbylli syt\u00eb, shikoje v\u00ebllain t\u00ebnd edhe nj\u00ebher\u00eb, fale dhe l\u00ebre t\u00eb shkoj\u00eb\u2019. Un\u00eb kam dal\u00eb nga ajo gjendje, i thash\u00eb kush je ti q\u00eb m\u00eb b\u00ebn k\u00ebto gj\u00ebra?\u201d,&nbsp;<\/strong>ka treguar aktori Hazizi.<\/p>\n","protected":false},"excerpt":{"rendered":"<p>Aktori i njohur, Gent Hazizi, ka rr\u00ebfyer p\u00ebr her\u00eb t\u00eb par\u00eb humbjen e v\u00ebllait t\u00eb tij t\u00eb madh. Ai ka treguar se vjen nga nj\u00eb familje e madhe dhe n\u00eb koh\u00ebn kur ka ndodhur tragjedia ka qen\u00eb vet\u00ebm 5 vje\u00e7. N\u00eb m\u00ebnyr\u00eb q\u00eb ai ta kalonte sa m\u00eb shpejt, prind\u00ebrit vendos\u00ebn ta fusnin n\u00eb shkoll\u00eb [&hellip;]<\/p>\n","protected":false},"author":2,"featured_media":19686,"comment_status":"closed","ping_status":"closed","sticky":false,"template":"","format":"standard","meta":{"footnotes":""},"categories":[33],"tags":[],"class_list":{"0":"post-53460","1":"post","2":"type-post","3":"status-publish","4":"format-standard","5":"has-post-thumbnail","7":"category-showbiz"},"yoast_head":"<!-- This site is optimized with the Yoast SEO plugin v27.5 - https:\/\/yoast.com\/product\/yoast-seo-wordpress\/ -->\n<title>\u201cV\u00ebllai im vrau veten para syve t\u00eb mi\u201d\/ Aktori Gent Hazizi rr\u00ebfen tragjedin\u00eb e jet\u00ebs - blogin.al<\/title>\n<meta name=\"robots\" content=\"index, follow, max-snippet:-1, max-image-preview:large, max-video-preview:-1\" \/>\n<link rel=\"canonical\" href=\"https:\/\/blogin.al\/?p=53460\" \/>\n<meta property=\"og:locale\" content=\"en_US\" \/>\n<meta property=\"og:type\" content=\"article\" \/>\n<meta property=\"og:title\" content=\"\u201cV\u00ebllai im vrau veten para syve t\u00eb mi\u201d\/ Aktori Gent Hazizi rr\u00ebfen tragjedin\u00eb e jet\u00ebs - blogin.al\" \/>\n<meta property=\"og:description\" content=\"Aktori i njohur, Gent Hazizi, ka rr\u00ebfyer p\u00ebr her\u00eb t\u00eb par\u00eb humbjen e v\u00ebllait t\u00eb tij t\u00eb madh. Ai ka treguar se vjen nga nj\u00eb familje e madhe dhe n\u00eb koh\u00ebn kur ka ndodhur tragjedia ka qen\u00eb vet\u00ebm 5 vje\u00e7. N\u00eb m\u00ebnyr\u00eb q\u00eb ai ta kalonte sa m\u00eb shpejt, prind\u00ebrit vendos\u00ebn ta fusnin n\u00eb shkoll\u00eb [&hellip;]\" \/>\n<meta property=\"og:url\" content=\"https:\/\/blogin.al\/?p=53460\" \/>\n<meta property=\"og:site_name\" content=\"blogin.al\" \/>\n<meta property=\"article:published_time\" content=\"2024-12-16T10:38:43+00:00\" \/>\n<meta property=\"article:modified_time\" content=\"2024-12-16T10:38:46+00:00\" \/>\n<meta property=\"og:image\" content=\"https:\/\/blogin.al\/wp-content\/uploads\/2022\/12\/genti-aktor.jpg\" \/>\n\t<meta property=\"og:image:width\" content=\"960\" \/>\n\t<meta property=\"og:image:height\" content=\"960\" \/>\n\t<meta property=\"og:image:type\" content=\"image\/jpeg\" \/>\n<meta name=\"author\" content=\"Blogin al\" \/>\n<meta name=\"twitter:card\" content=\"summary_large_image\" \/>\n<meta name=\"twitter:label1\" content=\"Written by\" \/>\n\t<meta name=\"twitter:data1\" content=\"Blogin al\" \/>\n\t<meta name=\"twitter:label2\" content=\"Est. reading time\" \/>\n\t<meta name=\"twitter:data2\" content=\"2 minutes\" \/>\n<script type=\"application\/ld+json\" class=\"yoast-schema-graph\">{\"@context\":\"https:\\\/\\\/schema.org\",\"@graph\":[{\"@type\":\"Article\",\"@id\":\"https:\\\/\\\/blogin.al\\\/?p=53460#article\",\"isPartOf\":{\"@id\":\"https:\\\/\\\/blogin.al\\\/?p=53460\"},\"author\":{\"name\":\"Blogin al\",\"@id\":\"https:\\\/\\\/blogin.al\\\/#\\\/schema\\\/person\\\/abdd56bc912cd511db877b852b115399\"},\"headline\":\"\u201cV\u00ebllai im vrau veten para syve t\u00eb mi\u201d\\\/ Aktori Gent Hazizi rr\u00ebfen tragjedin\u00eb e jet\u00ebs\",\"datePublished\":\"2024-12-16T10:38:43+00:00\",\"dateModified\":\"2024-12-16T10:38:46+00:00\",\"mainEntityOfPage\":{\"@id\":\"https:\\\/\\\/blogin.al\\\/?p=53460\"},\"wordCount\":302,\"publisher\":{\"@id\":\"https:\\\/\\\/blogin.al\\\/#organization\"},\"image\":{\"@id\":\"https:\\\/\\\/blogin.al\\\/?p=53460#primaryimage\"},\"thumbnailUrl\":\"https:\\\/\\\/blogin.al\\\/wp-content\\\/uploads\\\/2022\\\/12\\\/genti-aktor.jpg\",\"articleSection\":[\"SHOWBIZ\"],\"inLanguage\":\"en-US\"},{\"@type\":\"WebPage\",\"@id\":\"https:\\\/\\\/blogin.al\\\/?p=53460\",\"url\":\"https:\\\/\\\/blogin.al\\\/?p=53460\",\"name\":\"\u201cV\u00ebllai im vrau veten para syve t\u00eb mi\u201d\\\/ Aktori Gent Hazizi rr\u00ebfen tragjedin\u00eb e jet\u00ebs - blogin.al\",\"isPartOf\":{\"@id\":\"https:\\\/\\\/blogin.al\\\/#website\"},\"primaryImageOfPage\":{\"@id\":\"https:\\\/\\\/blogin.al\\\/?p=53460#primaryimage\"},\"image\":{\"@id\":\"https:\\\/\\\/blogin.al\\\/?p=53460#primaryimage\"},\"thumbnailUrl\":\"https:\\\/\\\/blogin.al\\\/wp-content\\\/uploads\\\/2022\\\/12\\\/genti-aktor.jpg\",\"datePublished\":\"2024-12-16T10:38:43+00:00\",\"dateModified\":\"2024-12-16T10:38:46+00:00\",\"breadcrumb\":{\"@id\":\"https:\\\/\\\/blogin.al\\\/?p=53460#breadcrumb\"},\"inLanguage\":\"en-US\",\"potentialAction\":[{\"@type\":\"ReadAction\",\"target\":[\"https:\\\/\\\/blogin.al\\\/?p=53460\"]}]},{\"@type\":\"ImageObject\",\"inLanguage\":\"en-US\",\"@id\":\"https:\\\/\\\/blogin.al\\\/?p=53460#primaryimage\",\"url\":\"https:\\\/\\\/blogin.al\\\/wp-content\\\/uploads\\\/2022\\\/12\\\/genti-aktor.jpg\",\"contentUrl\":\"https:\\\/\\\/blogin.al\\\/wp-content\\\/uploads\\\/2022\\\/12\\\/genti-aktor.jpg\",\"width\":960,\"height\":960},{\"@type\":\"BreadcrumbList\",\"@id\":\"https:\\\/\\\/blogin.al\\\/?p=53460#breadcrumb\",\"itemListElement\":[{\"@type\":\"ListItem\",\"position\":1,\"name\":\"Home\",\"item\":\"https:\\\/\\\/blogin.al\\\/\"},{\"@type\":\"ListItem\",\"position\":2,\"name\":\"\u201cV\u00ebllai im vrau veten para syve t\u00eb mi\u201d\\\/ Aktori Gent Hazizi rr\u00ebfen tragjedin\u00eb e jet\u00ebs\"}]},{\"@type\":\"WebSite\",\"@id\":\"https:\\\/\\\/blogin.al\\\/#website\",\"url\":\"https:\\\/\\\/blogin.al\\\/\",\"name\":\"blogin.al\",\"description\":\"\",\"publisher\":{\"@id\":\"https:\\\/\\\/blogin.al\\\/#organization\"},\"potentialAction\":[{\"@type\":\"SearchAction\",\"target\":{\"@type\":\"EntryPoint\",\"urlTemplate\":\"https:\\\/\\\/blogin.al\\\/?s={search_term_string}\"},\"query-input\":{\"@type\":\"PropertyValueSpecification\",\"valueRequired\":true,\"valueName\":\"search_term_string\"}}],\"inLanguage\":\"en-US\"},{\"@type\":\"Organization\",\"@id\":\"https:\\\/\\\/blogin.al\\\/#organization\",\"name\":\"BLOGIN.al\",\"url\":\"https:\\\/\\\/blogin.al\\\/\",\"logo\":{\"@type\":\"ImageObject\",\"inLanguage\":\"en-US\",\"@id\":\"https:\\\/\\\/blogin.al\\\/#\\\/schema\\\/logo\\\/image\\\/\",\"url\":\"https:\\\/\\\/blogin.al\\\/wp-content\\\/uploads\\\/2022\\\/05\\\/Untitled-2-01-e1652084456514.png\",\"contentUrl\":\"https:\\\/\\\/blogin.al\\\/wp-content\\\/uploads\\\/2022\\\/05\\\/Untitled-2-01-e1652084456514.png\",\"width\":3723,\"height\":1698,\"caption\":\"BLOGIN.al\"},\"image\":{\"@id\":\"https:\\\/\\\/blogin.al\\\/#\\\/schema\\\/logo\\\/image\\\/\"},\"sameAs\":[\"https:\\\/\\\/instagram.com\\\/blogin.al\\\/\"]},{\"@type\":\"Person\",\"@id\":\"https:\\\/\\\/blogin.al\\\/#\\\/schema\\\/person\\\/abdd56bc912cd511db877b852b115399\",\"name\":\"Blogin al\",\"image\":{\"@type\":\"ImageObject\",\"inLanguage\":\"en-US\",\"@id\":\"https:\\\/\\\/secure.gravatar.com\\\/avatar\\\/60d5661aee6e835fb13dc75d2204cd0c1d61bef2efd137c0083e59ef831e235e?s=96&d=mm&r=g\",\"url\":\"https:\\\/\\\/secure.gravatar.com\\\/avatar\\\/60d5661aee6e835fb13dc75d2204cd0c1d61bef2efd137c0083e59ef831e235e?s=96&d=mm&r=g\",\"contentUrl\":\"https:\\\/\\\/secure.gravatar.com\\\/avatar\\\/60d5661aee6e835fb13dc75d2204cd0c1d61bef2efd137c0083e59ef831e235e?s=96&d=mm&r=g\",\"caption\":\"Blogin al\"},\"sameAs\":[\"https:\\\/\\\/blogin.al\"],\"url\":\"https:\\\/\\\/blogin.al\\\/?author=2\"}]}<\/script>\n<!-- \/ Yoast SEO plugin. -->","yoast_head_json":{"title":"\u201cV\u00ebllai im vrau veten para syve t\u00eb mi\u201d\/ Aktori Gent Hazizi rr\u00ebfen tragjedin\u00eb e jet\u00ebs - blogin.al","robots":{"index":"index","follow":"follow","max-snippet":"max-snippet:-1","max-image-preview":"max-image-preview:large","max-video-preview":"max-video-preview:-1"},"canonical":"https:\/\/blogin.al\/?p=53460","og_locale":"en_US","og_type":"article","og_title":"\u201cV\u00ebllai im vrau veten para syve t\u00eb mi\u201d\/ Aktori Gent Hazizi rr\u00ebfen tragjedin\u00eb e jet\u00ebs - blogin.al","og_description":"Aktori i njohur, Gent Hazizi, ka rr\u00ebfyer p\u00ebr her\u00eb t\u00eb par\u00eb humbjen e v\u00ebllait t\u00eb tij t\u00eb madh. Ai ka treguar se vjen nga nj\u00eb familje e madhe dhe n\u00eb koh\u00ebn kur ka ndodhur tragjedia ka qen\u00eb vet\u00ebm 5 vje\u00e7. N\u00eb m\u00ebnyr\u00eb q\u00eb ai ta kalonte sa m\u00eb shpejt, prind\u00ebrit vendos\u00ebn ta fusnin n\u00eb shkoll\u00eb [&hellip;]","og_url":"https:\/\/blogin.al\/?p=53460","og_site_name":"blogin.al","article_published_time":"2024-12-16T10:38:43+00:00","article_modified_time":"2024-12-16T10:38:46+00:00","og_image":[{"width":960,"height":960,"url":"https:\/\/blogin.al\/wp-content\/uploads\/2022\/12\/genti-aktor.jpg","type":"image\/jpeg"}],"author":"Blogin al","twitter_card":"summary_large_image","twitter_misc":{"Written by":"Blogin al","Est. reading time":"2 minutes"},"schema":{"@context":"https:\/\/schema.org","@graph":[{"@type":"Article","@id":"https:\/\/blogin.al\/?p=53460#article","isPartOf":{"@id":"https:\/\/blogin.al\/?p=53460"},"author":{"name":"Blogin al","@id":"https:\/\/blogin.al\/#\/schema\/person\/abdd56bc912cd511db877b852b115399"},"headline":"\u201cV\u00ebllai im vrau veten para syve t\u00eb mi\u201d\/ Aktori Gent Hazizi rr\u00ebfen tragjedin\u00eb e jet\u00ebs","datePublished":"2024-12-16T10:38:43+00:00","dateModified":"2024-12-16T10:38:46+00:00","mainEntityOfPage":{"@id":"https:\/\/blogin.al\/?p=53460"},"wordCount":302,"publisher":{"@id":"https:\/\/blogin.al\/#organization"},"image":{"@id":"https:\/\/blogin.al\/?p=53460#primaryimage"},"thumbnailUrl":"https:\/\/blogin.al\/wp-content\/uploads\/2022\/12\/genti-aktor.jpg","articleSection":["SHOWBIZ"],"inLanguage":"en-US"},{"@type":"WebPage","@id":"https:\/\/blogin.al\/?p=53460","url":"https:\/\/blogin.al\/?p=53460","name":"\u201cV\u00ebllai im vrau veten para syve t\u00eb mi\u201d\/ Aktori Gent Hazizi rr\u00ebfen tragjedin\u00eb e jet\u00ebs - blogin.al","isPartOf":{"@id":"https:\/\/blogin.al\/#website"},"primaryImageOfPage":{"@id":"https:\/\/blogin.al\/?p=53460#primaryimage"},"image":{"@id":"https:\/\/blogin.al\/?p=53460#primaryimage"},"thumbnailUrl":"https:\/\/blogin.al\/wp-content\/uploads\/2022\/12\/genti-aktor.jpg","datePublished":"2024-12-16T10:38:43+00:00","dateModified":"2024-12-16T10:38:46+00:00","breadcrumb":{"@id":"https:\/\/blogin.al\/?p=53460#breadcrumb"},"inLanguage":"en-US","potentialAction":[{"@type":"ReadAction","target":["https:\/\/blogin.al\/?p=53460"]}]},{"@type":"ImageObject","inLanguage":"en-US","@id":"https:\/\/blogin.al\/?p=53460#primaryimage","url":"https:\/\/blogin.al\/wp-content\/uploads\/2022\/12\/genti-aktor.jpg","contentUrl":"https:\/\/blogin.al\/wp-content\/uploads\/2022\/12\/genti-aktor.jpg","width":960,"height":960},{"@type":"BreadcrumbList","@id":"https:\/\/blogin.al\/?p=53460#breadcrumb","itemListElement":[{"@type":"ListItem","position":1,"name":"Home","item":"https:\/\/blogin.al\/"},{"@type":"ListItem","position":2,"name":"\u201cV\u00ebllai im vrau veten para syve t\u00eb mi\u201d\/ Aktori Gent Hazizi rr\u00ebfen tragjedin\u00eb e jet\u00ebs"}]},{"@type":"WebSite","@id":"https:\/\/blogin.al\/#website","url":"https:\/\/blogin.al\/","name":"blogin.al","description":"","publisher":{"@id":"https:\/\/blogin.al\/#organization"},"potentialAction":[{"@type":"SearchAction","target":{"@type":"EntryPoint","urlTemplate":"https:\/\/blogin.al\/?s={search_term_string}"},"query-input":{"@type":"PropertyValueSpecification","valueRequired":true,"valueName":"search_term_string"}}],"inLanguage":"en-US"},{"@type":"Organization","@id":"https:\/\/blogin.al\/#organization","name":"BLOGIN.al","url":"https:\/\/blogin.al\/","logo":{"@type":"ImageObject","inLanguage":"en-US","@id":"https:\/\/blogin.al\/#\/schema\/logo\/image\/","url":"https:\/\/blogin.al\/wp-content\/uploads\/2022\/05\/Untitled-2-01-e1652084456514.png","contentUrl":"https:\/\/blogin.al\/wp-content\/uploads\/2022\/05\/Untitled-2-01-e1652084456514.png","width":3723,"height":1698,"caption":"BLOGIN.al"},"image":{"@id":"https:\/\/blogin.al\/#\/schema\/logo\/image\/"},"sameAs":["https:\/\/instagram.com\/blogin.al\/"]},{"@type":"Person","@id":"https:\/\/blogin.al\/#\/schema\/person\/abdd56bc912cd511db877b852b115399","name":"Blogin al","image":{"@type":"ImageObject","inLanguage":"en-US","@id":"https:\/\/secure.gravatar.com\/avatar\/60d5661aee6e835fb13dc75d2204cd0c1d61bef2efd137c0083e59ef831e235e?s=96&d=mm&r=g","url":"https:\/\/secure.gravatar.com\/avatar\/60d5661aee6e835fb13dc75d2204cd0c1d61bef2efd137c0083e59ef831e235e?s=96&d=mm&r=g","contentUrl":"https:\/\/secure.gravatar.com\/avatar\/60d5661aee6e835fb13dc75d2204cd0c1d61bef2efd137c0083e59ef831e235e?s=96&d=mm&r=g","caption":"Blogin al"},"sameAs":["https:\/\/blogin.al"],"url":"https:\/\/blogin.al\/?author=2"}]}},"_links":{"self":[{"href":"https:\/\/blogin.al\/index.php?rest_route=\/wp\/v2\/posts\/53460","targetHints":{"allow":["GET"]}}],"collection":[{"href":"https:\/\/blogin.al\/index.php?rest_route=\/wp\/v2\/posts"}],"about":[{"href":"https:\/\/blogin.al\/index.php?rest_route=\/wp\/v2\/types\/post"}],"author":[{"embeddable":true,"href":"https:\/\/blogin.al\/index.php?rest_route=\/wp\/v2\/users\/2"}],"replies":[{"embeddable":true,"href":"https:\/\/blogin.al\/index.php?rest_route=%2Fwp%2Fv2%2Fcomments&post=53460"}],"version-history":[{"count":1,"href":"https:\/\/blogin.al\/index.php?rest_route=\/wp\/v2\/posts\/53460\/revisions"}],"predecessor-version":[{"id":53461,"href":"https:\/\/blogin.al\/index.php?rest_route=\/wp\/v2\/posts\/53460\/revisions\/53461"}],"wp:featuredmedia":[{"embeddable":true,"href":"https:\/\/blogin.al\/index.php?rest_route=\/wp\/v2\/media\/19686"}],"wp:attachment":[{"href":"https:\/\/blogin.al\/index.php?rest_route=%2Fwp%2Fv2%2Fmedia&parent=53460"}],"wp:term":[{"taxonomy":"category","embeddable":true,"href":"https:\/\/blogin.al\/index.php?rest_route=%2Fwp%2Fv2%2Fcategories&post=53460"},{"taxonomy":"post_tag","embeddable":true,"href":"https:\/\/blogin.al\/index.php?rest_route=%2Fwp%2Fv2%2Ftags&post=53460"}],"curies":[{"name":"wp","href":"https:\/\/api.w.org\/{rel}","templated":true}]}}