{"id":53469,"date":"2024-12-16T13:33:16","date_gmt":"2024-12-16T13:33:16","guid":{"rendered":"https:\/\/blogin.al\/?p=53469"},"modified":"2024-12-16T17:44:47","modified_gmt":"2024-12-16T17:44:47","slug":"klea-prenga-reagon-pas-intervistes-se-antoneles-me-sulmojne-mua-dhe-familjen-time","status":"publish","type":"post","link":"https:\/\/blogin.al\/?p=53469","title":{"rendered":"Klea Prenga reagon pas intervist\u00ebs s\u00eb Antonel\u00ebs: M\u00eb sulmojn\u00eb mua dhe familjen time"},"content":{"rendered":"\n<p>Klea Prenga i \u00ebsht\u00eb rikthyer edhe nj\u00ebher\u00eb sumit ndaj saj nga Antonela dhe Mariela Berisha, pas intervist\u00ebs t\u00eb s\u00eb par\u00ebs n\u00eb \u201cGoca dhe Gra\u201d. N\u00eb intervist\u00eb, Antonela u shpreh se k\u00ebrkonte falje, mir\u00ebpo n\u00eb asnj\u00eb moment nuk i \u00ebsht\u00eb referuar Klea Preng\u00ebs, ndaj t\u00eb cils kryen aktin e tmerrsh\u00ebm. Mir\u00ebpo Klea Prenga ka ardhur me nj\u00eb reagim n\u00eb rrjete sociale duke deklaruar se n\u00eb asnj\u00eb moment askush nuk \u00ebsht\u00eb mundut t\u2019i k\u00ebrkoj\u00eb falje apo ta d\u00ebmshp\u00ebrblej, por dhe n\u00ebse ky gjest ndodh prej tyre, ajo nuk e ka nd\u00ebrmend t\u2019i pranoj\u00eb.<\/p>\n\n\n\n<blockquote class=\"wp-block-quote is-layout-flow wp-block-quote-is-layout-flow\">\n<p>Dua t\u00eb sqaroj publikisht se n\u00eb asnj\u00eb moment askush nuk ka tentuar t\u00eb m\u00eb d\u00ebmshp\u00ebrblej\u00eb apo t\u00eb k\u00ebrkoj\u00eb falje p\u00ebr at\u00eb q\u00eb ka b\u00ebr\u00eb. As nuk do ta pranoj ndonj\u00ebher\u00eb d\u00ebmshp\u00ebrblimin dhe faljen. E vetmja gj\u00eb q\u00eb jan\u00eb p\u00ebrpjekur t\u00eb b\u00ebjn\u00eb \u00ebsht\u00eb t\u00eb manipulojn\u00eb opinionin publik me g\u00ebnjeshtra. E v\u00ebrteta \u00ebsht\u00eb aty, e qart\u00eb dhe e pakund\u00ebrshtueshme. P\u00ebr m\u00eb tep\u00ebr, t\u00eb dyja pohimet ishin t\u00eb gatshme t\u00eb kryenin. Foto e m\u00ebposhtme jan\u00eb shk\u00ebputur nga adresat e tyre ku guxojn\u00eb t\u00eb pohojn\u00eb q\u00eb do ta kryejn\u00eb sulmin p\u00ebrs\u00ebri. Nj\u00ebra komenton q\u00eb her\u00ebn tjet\u00ebr kur t\u00eb sulmoj do t\u00eb th\u00ebrras\u00eb dhe komentuesen, nd\u00ebrsa tjetra p\u00eblqen komentin me fjalorin banal. Tani nxirrini prap\u00eb n\u00eb emisione t\u00eb tjera se ju shisni dhe shpirtin p\u00ebr klikime. (Ahh, dhe p\u00ebr k\u00eb mb\u00ebshtetje publike e kan\u00eb fjal\u00ebn, p\u00ebr adresat fake t\u00eb hapura nga vet\u00eb ata q\u00eb m\u00eb sulmojn\u00eb prej muajsh mua dhe familjen time?) Vazhdoni p\u00ebrndjekjen.<\/p>\n<\/blockquote>\n\n\n\n<figure class=\"wp-block-image is-style-default\"><img decoding=\"async\" src=\"https:\/\/iconstyle.al\/wp-content\/uploads\/2024\/12\/900-0-1734343283x250314c7-6c4d-4c5b-aec5-458acde5f46b-644-300x524.jpg\" alt=\"\" class=\"wp-image-684481\"\/><\/figure>\n","protected":false},"excerpt":{"rendered":"<p>Klea Prenga i \u00ebsht\u00eb rikthyer edhe nj\u00ebher\u00eb sumit ndaj saj nga Antonela dhe Mariela Berisha, pas intervist\u00ebs t\u00eb s\u00eb par\u00ebs n\u00eb \u201cGoca dhe Gra\u201d. N\u00eb intervist\u00eb, Antonela u shpreh se k\u00ebrkonte falje, mir\u00ebpo n\u00eb asnj\u00eb moment nuk i \u00ebsht\u00eb referuar Klea Preng\u00ebs, ndaj t\u00eb cils kryen aktin e tmerrsh\u00ebm. Mir\u00ebpo Klea Prenga ka ardhur me [&hellip;]<\/p>\n","protected":false},"author":2,"featured_media":53481,"comment_status":"closed","ping_status":"closed","sticky":false,"template":"","format":"standard","meta":{"footnotes":""},"categories":[33],"tags":[],"class_list":{"0":"post-53469","1":"post","2":"type-post","3":"status-publish","4":"format-standard","5":"has-post-thumbnail","7":"category-showbiz"},"yoast_head":"<!-- This site is optimized with the Yoast SEO plugin v27.5 - https:\/\/yoast.com\/product\/yoast-seo-wordpress\/ -->\n<title>Klea Prenga reagon pas intervist\u00ebs s\u00eb Antonel\u00ebs: M\u00eb sulmojn\u00eb mua dhe familjen time - blogin.al<\/title>\n<meta name=\"robots\" content=\"index, follow, max-snippet:-1, max-image-preview:large, max-video-preview:-1\" \/>\n<link rel=\"canonical\" href=\"https:\/\/blogin.al\/?p=53469\" \/>\n<meta property=\"og:locale\" content=\"en_US\" \/>\n<meta property=\"og:type\" content=\"article\" \/>\n<meta property=\"og:title\" content=\"Klea Prenga reagon pas intervist\u00ebs s\u00eb Antonel\u00ebs: M\u00eb sulmojn\u00eb mua dhe familjen time - blogin.al\" \/>\n<meta property=\"og:description\" content=\"Klea Prenga i \u00ebsht\u00eb rikthyer edhe nj\u00ebher\u00eb sumit ndaj saj nga Antonela dhe Mariela Berisha, pas intervist\u00ebs t\u00eb s\u00eb par\u00ebs n\u00eb \u201cGoca dhe Gra\u201d. N\u00eb intervist\u00eb, Antonela u shpreh se k\u00ebrkonte falje, mir\u00ebpo n\u00eb asnj\u00eb moment nuk i \u00ebsht\u00eb referuar Klea Preng\u00ebs, ndaj t\u00eb cils kryen aktin e tmerrsh\u00ebm. Mir\u00ebpo Klea Prenga ka ardhur me [&hellip;]\" \/>\n<meta property=\"og:url\" content=\"https:\/\/blogin.al\/?p=53469\" \/>\n<meta property=\"og:site_name\" content=\"blogin.al\" \/>\n<meta property=\"article:published_time\" content=\"2024-12-16T13:33:16+00:00\" \/>\n<meta property=\"article:modified_time\" content=\"2024-12-16T17:44:47+00:00\" \/>\n<meta property=\"og:image\" content=\"https:\/\/blogin.al\/wp-content\/uploads\/2024\/12\/antonela-berisha-marinela-berisha-klea-prenga2-1.jpg\" \/>\n\t<meta property=\"og:image:width\" content=\"740\" \/>\n\t<meta property=\"og:image:height\" content=\"492\" \/>\n\t<meta property=\"og:image:type\" content=\"image\/jpeg\" \/>\n<meta name=\"author\" content=\"Blogin al\" \/>\n<meta name=\"twitter:card\" content=\"summary_large_image\" \/>\n<meta name=\"twitter:label1\" content=\"Written by\" \/>\n\t<meta name=\"twitter:data1\" content=\"Blogin al\" \/>\n\t<meta name=\"twitter:label2\" content=\"Est. reading time\" \/>\n\t<meta name=\"twitter:data2\" content=\"1 minute\" \/>\n<script type=\"application\/ld+json\" class=\"yoast-schema-graph\">{\"@context\":\"https:\\\/\\\/schema.org\",\"@graph\":[{\"@type\":\"Article\",\"@id\":\"https:\\\/\\\/blogin.al\\\/?p=53469#article\",\"isPartOf\":{\"@id\":\"https:\\\/\\\/blogin.al\\\/?p=53469\"},\"author\":{\"name\":\"Blogin al\",\"@id\":\"https:\\\/\\\/blogin.al\\\/#\\\/schema\\\/person\\\/abdd56bc912cd511db877b852b115399\"},\"headline\":\"Klea Prenga reagon pas intervist\u00ebs s\u00eb Antonel\u00ebs: M\u00eb sulmojn\u00eb mua dhe familjen time\",\"datePublished\":\"2024-12-16T13:33:16+00:00\",\"dateModified\":\"2024-12-16T17:44:47+00:00\",\"mainEntityOfPage\":{\"@id\":\"https:\\\/\\\/blogin.al\\\/?p=53469\"},\"wordCount\":301,\"publisher\":{\"@id\":\"https:\\\/\\\/blogin.al\\\/#organization\"},\"image\":{\"@id\":\"https:\\\/\\\/blogin.al\\\/?p=53469#primaryimage\"},\"thumbnailUrl\":\"https:\\\/\\\/blogin.al\\\/wp-content\\\/uploads\\\/2024\\\/12\\\/antonela-berisha-marinela-berisha-klea-prenga2-1.jpg\",\"articleSection\":[\"SHOWBIZ\"],\"inLanguage\":\"en-US\"},{\"@type\":\"WebPage\",\"@id\":\"https:\\\/\\\/blogin.al\\\/?p=53469\",\"url\":\"https:\\\/\\\/blogin.al\\\/?p=53469\",\"name\":\"Klea Prenga reagon pas intervist\u00ebs s\u00eb Antonel\u00ebs: M\u00eb sulmojn\u00eb mua dhe familjen time - blogin.al\",\"isPartOf\":{\"@id\":\"https:\\\/\\\/blogin.al\\\/#website\"},\"primaryImageOfPage\":{\"@id\":\"https:\\\/\\\/blogin.al\\\/?p=53469#primaryimage\"},\"image\":{\"@id\":\"https:\\\/\\\/blogin.al\\\/?p=53469#primaryimage\"},\"thumbnailUrl\":\"https:\\\/\\\/blogin.al\\\/wp-content\\\/uploads\\\/2024\\\/12\\\/antonela-berisha-marinela-berisha-klea-prenga2-1.jpg\",\"datePublished\":\"2024-12-16T13:33:16+00:00\",\"dateModified\":\"2024-12-16T17:44:47+00:00\",\"breadcrumb\":{\"@id\":\"https:\\\/\\\/blogin.al\\\/?p=53469#breadcrumb\"},\"inLanguage\":\"en-US\",\"potentialAction\":[{\"@type\":\"ReadAction\",\"target\":[\"https:\\\/\\\/blogin.al\\\/?p=53469\"]}]},{\"@type\":\"ImageObject\",\"inLanguage\":\"en-US\",\"@id\":\"https:\\\/\\\/blogin.al\\\/?p=53469#primaryimage\",\"url\":\"https:\\\/\\\/blogin.al\\\/wp-content\\\/uploads\\\/2024\\\/12\\\/antonela-berisha-marinela-berisha-klea-prenga2-1.jpg\",\"contentUrl\":\"https:\\\/\\\/blogin.al\\\/wp-content\\\/uploads\\\/2024\\\/12\\\/antonela-berisha-marinela-berisha-klea-prenga2-1.jpg\",\"width\":740,\"height\":492},{\"@type\":\"BreadcrumbList\",\"@id\":\"https:\\\/\\\/blogin.al\\\/?p=53469#breadcrumb\",\"itemListElement\":[{\"@type\":\"ListItem\",\"position\":1,\"name\":\"Home\",\"item\":\"https:\\\/\\\/blogin.al\\\/\"},{\"@type\":\"ListItem\",\"position\":2,\"name\":\"Klea Prenga reagon pas intervist\u00ebs s\u00eb Antonel\u00ebs: M\u00eb sulmojn\u00eb mua dhe familjen time\"}]},{\"@type\":\"WebSite\",\"@id\":\"https:\\\/\\\/blogin.al\\\/#website\",\"url\":\"https:\\\/\\\/blogin.al\\\/\",\"name\":\"blogin.al\",\"description\":\"\",\"publisher\":{\"@id\":\"https:\\\/\\\/blogin.al\\\/#organization\"},\"potentialAction\":[{\"@type\":\"SearchAction\",\"target\":{\"@type\":\"EntryPoint\",\"urlTemplate\":\"https:\\\/\\\/blogin.al\\\/?s={search_term_string}\"},\"query-input\":{\"@type\":\"PropertyValueSpecification\",\"valueRequired\":true,\"valueName\":\"search_term_string\"}}],\"inLanguage\":\"en-US\"},{\"@type\":\"Organization\",\"@id\":\"https:\\\/\\\/blogin.al\\\/#organization\",\"name\":\"BLOGIN.al\",\"url\":\"https:\\\/\\\/blogin.al\\\/\",\"logo\":{\"@type\":\"ImageObject\",\"inLanguage\":\"en-US\",\"@id\":\"https:\\\/\\\/blogin.al\\\/#\\\/schema\\\/logo\\\/image\\\/\",\"url\":\"https:\\\/\\\/blogin.al\\\/wp-content\\\/uploads\\\/2022\\\/05\\\/Untitled-2-01-e1652084456514.png\",\"contentUrl\":\"https:\\\/\\\/blogin.al\\\/wp-content\\\/uploads\\\/2022\\\/05\\\/Untitled-2-01-e1652084456514.png\",\"width\":3723,\"height\":1698,\"caption\":\"BLOGIN.al\"},\"image\":{\"@id\":\"https:\\\/\\\/blogin.al\\\/#\\\/schema\\\/logo\\\/image\\\/\"},\"sameAs\":[\"https:\\\/\\\/instagram.com\\\/blogin.al\\\/\"]},{\"@type\":\"Person\",\"@id\":\"https:\\\/\\\/blogin.al\\\/#\\\/schema\\\/person\\\/abdd56bc912cd511db877b852b115399\",\"name\":\"Blogin al\",\"image\":{\"@type\":\"ImageObject\",\"inLanguage\":\"en-US\",\"@id\":\"https:\\\/\\\/secure.gravatar.com\\\/avatar\\\/60d5661aee6e835fb13dc75d2204cd0c1d61bef2efd137c0083e59ef831e235e?s=96&d=mm&r=g\",\"url\":\"https:\\\/\\\/secure.gravatar.com\\\/avatar\\\/60d5661aee6e835fb13dc75d2204cd0c1d61bef2efd137c0083e59ef831e235e?s=96&d=mm&r=g\",\"contentUrl\":\"https:\\\/\\\/secure.gravatar.com\\\/avatar\\\/60d5661aee6e835fb13dc75d2204cd0c1d61bef2efd137c0083e59ef831e235e?s=96&d=mm&r=g\",\"caption\":\"Blogin al\"},\"sameAs\":[\"https:\\\/\\\/blogin.al\"],\"url\":\"https:\\\/\\\/blogin.al\\\/?author=2\"}]}<\/script>\n<!-- \/ Yoast SEO plugin. -->","yoast_head_json":{"title":"Klea Prenga reagon pas intervist\u00ebs s\u00eb Antonel\u00ebs: M\u00eb sulmojn\u00eb mua dhe familjen time - blogin.al","robots":{"index":"index","follow":"follow","max-snippet":"max-snippet:-1","max-image-preview":"max-image-preview:large","max-video-preview":"max-video-preview:-1"},"canonical":"https:\/\/blogin.al\/?p=53469","og_locale":"en_US","og_type":"article","og_title":"Klea Prenga reagon pas intervist\u00ebs s\u00eb Antonel\u00ebs: M\u00eb sulmojn\u00eb mua dhe familjen time - blogin.al","og_description":"Klea Prenga i \u00ebsht\u00eb rikthyer edhe nj\u00ebher\u00eb sumit ndaj saj nga Antonela dhe Mariela Berisha, pas intervist\u00ebs t\u00eb s\u00eb par\u00ebs n\u00eb \u201cGoca dhe Gra\u201d. N\u00eb intervist\u00eb, Antonela u shpreh se k\u00ebrkonte falje, mir\u00ebpo n\u00eb asnj\u00eb moment nuk i \u00ebsht\u00eb referuar Klea Preng\u00ebs, ndaj t\u00eb cils kryen aktin e tmerrsh\u00ebm. Mir\u00ebpo Klea Prenga ka ardhur me [&hellip;]","og_url":"https:\/\/blogin.al\/?p=53469","og_site_name":"blogin.al","article_published_time":"2024-12-16T13:33:16+00:00","article_modified_time":"2024-12-16T17:44:47+00:00","og_image":[{"width":740,"height":492,"url":"https:\/\/blogin.al\/wp-content\/uploads\/2024\/12\/antonela-berisha-marinela-berisha-klea-prenga2-1.jpg","type":"image\/jpeg"}],"author":"Blogin al","twitter_card":"summary_large_image","twitter_misc":{"Written by":"Blogin al","Est. reading time":"1 minute"},"schema":{"@context":"https:\/\/schema.org","@graph":[{"@type":"Article","@id":"https:\/\/blogin.al\/?p=53469#article","isPartOf":{"@id":"https:\/\/blogin.al\/?p=53469"},"author":{"name":"Blogin al","@id":"https:\/\/blogin.al\/#\/schema\/person\/abdd56bc912cd511db877b852b115399"},"headline":"Klea Prenga reagon pas intervist\u00ebs s\u00eb Antonel\u00ebs: M\u00eb sulmojn\u00eb mua dhe familjen time","datePublished":"2024-12-16T13:33:16+00:00","dateModified":"2024-12-16T17:44:47+00:00","mainEntityOfPage":{"@id":"https:\/\/blogin.al\/?p=53469"},"wordCount":301,"publisher":{"@id":"https:\/\/blogin.al\/#organization"},"image":{"@id":"https:\/\/blogin.al\/?p=53469#primaryimage"},"thumbnailUrl":"https:\/\/blogin.al\/wp-content\/uploads\/2024\/12\/antonela-berisha-marinela-berisha-klea-prenga2-1.jpg","articleSection":["SHOWBIZ"],"inLanguage":"en-US"},{"@type":"WebPage","@id":"https:\/\/blogin.al\/?p=53469","url":"https:\/\/blogin.al\/?p=53469","name":"Klea Prenga reagon pas intervist\u00ebs s\u00eb Antonel\u00ebs: M\u00eb sulmojn\u00eb mua dhe familjen time - blogin.al","isPartOf":{"@id":"https:\/\/blogin.al\/#website"},"primaryImageOfPage":{"@id":"https:\/\/blogin.al\/?p=53469#primaryimage"},"image":{"@id":"https:\/\/blogin.al\/?p=53469#primaryimage"},"thumbnailUrl":"https:\/\/blogin.al\/wp-content\/uploads\/2024\/12\/antonela-berisha-marinela-berisha-klea-prenga2-1.jpg","datePublished":"2024-12-16T13:33:16+00:00","dateModified":"2024-12-16T17:44:47+00:00","breadcrumb":{"@id":"https:\/\/blogin.al\/?p=53469#breadcrumb"},"inLanguage":"en-US","potentialAction":[{"@type":"ReadAction","target":["https:\/\/blogin.al\/?p=53469"]}]},{"@type":"ImageObject","inLanguage":"en-US","@id":"https:\/\/blogin.al\/?p=53469#primaryimage","url":"https:\/\/blogin.al\/wp-content\/uploads\/2024\/12\/antonela-berisha-marinela-berisha-klea-prenga2-1.jpg","contentUrl":"https:\/\/blogin.al\/wp-content\/uploads\/2024\/12\/antonela-berisha-marinela-berisha-klea-prenga2-1.jpg","width":740,"height":492},{"@type":"BreadcrumbList","@id":"https:\/\/blogin.al\/?p=53469#breadcrumb","itemListElement":[{"@type":"ListItem","position":1,"name":"Home","item":"https:\/\/blogin.al\/"},{"@type":"ListItem","position":2,"name":"Klea Prenga reagon pas intervist\u00ebs s\u00eb Antonel\u00ebs: M\u00eb sulmojn\u00eb mua dhe familjen time"}]},{"@type":"WebSite","@id":"https:\/\/blogin.al\/#website","url":"https:\/\/blogin.al\/","name":"blogin.al","description":"","publisher":{"@id":"https:\/\/blogin.al\/#organization"},"potentialAction":[{"@type":"SearchAction","target":{"@type":"EntryPoint","urlTemplate":"https:\/\/blogin.al\/?s={search_term_string}"},"query-input":{"@type":"PropertyValueSpecification","valueRequired":true,"valueName":"search_term_string"}}],"inLanguage":"en-US"},{"@type":"Organization","@id":"https:\/\/blogin.al\/#organization","name":"BLOGIN.al","url":"https:\/\/blogin.al\/","logo":{"@type":"ImageObject","inLanguage":"en-US","@id":"https:\/\/blogin.al\/#\/schema\/logo\/image\/","url":"https:\/\/blogin.al\/wp-content\/uploads\/2022\/05\/Untitled-2-01-e1652084456514.png","contentUrl":"https:\/\/blogin.al\/wp-content\/uploads\/2022\/05\/Untitled-2-01-e1652084456514.png","width":3723,"height":1698,"caption":"BLOGIN.al"},"image":{"@id":"https:\/\/blogin.al\/#\/schema\/logo\/image\/"},"sameAs":["https:\/\/instagram.com\/blogin.al\/"]},{"@type":"Person","@id":"https:\/\/blogin.al\/#\/schema\/person\/abdd56bc912cd511db877b852b115399","name":"Blogin al","image":{"@type":"ImageObject","inLanguage":"en-US","@id":"https:\/\/secure.gravatar.com\/avatar\/60d5661aee6e835fb13dc75d2204cd0c1d61bef2efd137c0083e59ef831e235e?s=96&d=mm&r=g","url":"https:\/\/secure.gravatar.com\/avatar\/60d5661aee6e835fb13dc75d2204cd0c1d61bef2efd137c0083e59ef831e235e?s=96&d=mm&r=g","contentUrl":"https:\/\/secure.gravatar.com\/avatar\/60d5661aee6e835fb13dc75d2204cd0c1d61bef2efd137c0083e59ef831e235e?s=96&d=mm&r=g","caption":"Blogin al"},"sameAs":["https:\/\/blogin.al"],"url":"https:\/\/blogin.al\/?author=2"}]}},"_links":{"self":[{"href":"https:\/\/blogin.al\/index.php?rest_route=\/wp\/v2\/posts\/53469","targetHints":{"allow":["GET"]}}],"collection":[{"href":"https:\/\/blogin.al\/index.php?rest_route=\/wp\/v2\/posts"}],"about":[{"href":"https:\/\/blogin.al\/index.php?rest_route=\/wp\/v2\/types\/post"}],"author":[{"embeddable":true,"href":"https:\/\/blogin.al\/index.php?rest_route=\/wp\/v2\/users\/2"}],"replies":[{"embeddable":true,"href":"https:\/\/blogin.al\/index.php?rest_route=%2Fwp%2Fv2%2Fcomments&post=53469"}],"version-history":[{"count":1,"href":"https:\/\/blogin.al\/index.php?rest_route=\/wp\/v2\/posts\/53469\/revisions"}],"predecessor-version":[{"id":53470,"href":"https:\/\/blogin.al\/index.php?rest_route=\/wp\/v2\/posts\/53469\/revisions\/53470"}],"wp:featuredmedia":[{"embeddable":true,"href":"https:\/\/blogin.al\/index.php?rest_route=\/wp\/v2\/media\/53481"}],"wp:attachment":[{"href":"https:\/\/blogin.al\/index.php?rest_route=%2Fwp%2Fv2%2Fmedia&parent=53469"}],"wp:term":[{"taxonomy":"category","embeddable":true,"href":"https:\/\/blogin.al\/index.php?rest_route=%2Fwp%2Fv2%2Fcategories&post=53469"},{"taxonomy":"post_tag","embeddable":true,"href":"https:\/\/blogin.al\/index.php?rest_route=%2Fwp%2Fv2%2Ftags&post=53469"}],"curies":[{"name":"wp","href":"https:\/\/api.w.org\/{rel}","templated":true}]}}