{"id":53475,"date":"2024-12-16T14:20:01","date_gmt":"2024-12-16T14:20:01","guid":{"rendered":"https:\/\/blogin.al\/?p=53475"},"modified":"2024-12-16T17:51:49","modified_gmt":"2024-12-16T17:51:49","slug":"aksident-tragjik-ne-spanje-nderron-jete-themeluesi-i-mango","status":"publish","type":"post","link":"https:\/\/blogin.al\/?p=53475","title":{"rendered":"Aksident tragjik n\u00eb Spanj\u00eb, nd\u00ebrron jet\u00eb themeluesi i \u201cMango\u201d"},"content":{"rendered":"\n<p>Isak Andic, themeluesi i zinxhirit t\u00eb mod\u00ebs s\u00eb lart\u00eb t\u00eb rrug\u00ebs Mango, ka nd\u00ebrruar jet\u00eb pas nj\u00eb aksidenti n\u00eb Spanj\u00eb t\u00eb shtun\u00ebn. Sipas raportimeve, miliarderi rr\u00ebshqiti dhe ra nga nj\u00eb shk\u00ebmb 150 metra gjat\u00eb sh\u00ebtitjes me t\u00eb af\u00ebrmit pran\u00eb Barcelon\u00ebs.<\/p>\n\n\n\n<p>Gazeta El Pa\u00eds tha se djali i Andic ishte n\u00eb vendin e aksidentit dhe policia u thirr rreth or\u00ebs 13:00, me nj\u00eb helikopter dhe nj\u00eb nj\u00ebsi t\u00eb specializuar malore t\u00eb d\u00ebrguar n\u00eb vendngjarje.<\/p>\n\n\n\n<p>Shefi ekzekutiv i Mango Toni Ruiz tha n\u00eb nj\u00eb deklarat\u00eb:<\/p>\n\n\n\n<p><em>\u2018Me keqardhje t\u00eb thell\u00eb njoftojm\u00eb vdekjen e papritur t\u00eb Isak Andic, kryetarit ton\u00eb joekzekutiv dhe themeluesit t\u00eb Mango, n\u00eb nj\u00eb aksident q\u00eb ndodhi k\u00ebt\u00eb t\u00eb shtun\u00eb. Isaku ka qen\u00eb shembull p\u00ebr t\u00eb gjith\u00eb ne. Ai ia kushtoi jet\u00ebn Mangos, duke l\u00ebn\u00eb gjurm\u00eb t\u00eb pashlyeshme fal\u00eb vizionit t\u00eb tij strategjik, lidershipit t\u00eb tij frym\u00ebzues dhe p\u00ebrkushtimit t\u00eb tij t\u00eb pal\u00ebkundur ndaj vlerave q\u00eb ai vet\u00eb mbarti n\u00eb kompanin\u00eb ton\u00eb\u2019<\/em><\/p>\n\n\n\n<p>I lindur n\u00eb nj\u00eb familje hebreje sefardike n\u00eb Stamboll n\u00eb vitin 1953, Andi\u00e7 emigroi n\u00eb Katalonj\u00eb me t\u00eb af\u00ebrmit e tij n\u00eb fund t\u00eb viteve 1960, ku filloi t\u2019u shiste bluza koleg\u00ebve t\u00eb tij n\u00eb shkoll\u00ebn e mesme amerikane t\u00eb Barcelon\u00ebs.<\/p>\n\n\n\n<p>Sip\u00ebrmarr\u00ebsi i ri m\u00eb pas p\u00ebrparoi drejt drejtimit t\u00eb nj\u00eb biznesi me shumic\u00eb, duke shitur rroba n\u00eb tregjet e rrug\u00ebve t\u00eb Barcelon\u00ebs, por kuptoi se kishte m\u00eb shum\u00eb para n\u00eb shitje me pakic\u00eb dhe hapi dyqanin e par\u00eb Mango n\u00eb kryeqytetin katalanas n\u00eb vitin 1984, nd\u00ebrsa Spanja po dilte ende nga hija e diktatur\u00ebs Franko. Andic hapi shpejt dhjet\u00ebra dyqane t\u00eb tjera n\u00eb Spanj\u00eb dhe m\u00eb pas jasht\u00eb vendit, duke filluar n\u00eb Portugalin\u00eb dhe Franc\u00ebn fqinje, t\u00eb gjitha me emrin Mango.<\/p>\n","protected":false},"excerpt":{"rendered":"<p>Isak Andic, themeluesi i zinxhirit t\u00eb mod\u00ebs s\u00eb lart\u00eb t\u00eb rrug\u00ebs Mango, ka nd\u00ebrruar jet\u00eb pas nj\u00eb aksidenti n\u00eb Spanj\u00eb t\u00eb shtun\u00ebn. Sipas raportimeve, miliarderi rr\u00ebshqiti dhe ra nga nj\u00eb shk\u00ebmb 150 metra gjat\u00eb sh\u00ebtitjes me t\u00eb af\u00ebrmit pran\u00eb Barcelon\u00ebs. Gazeta El Pa\u00eds tha se djali i Andic ishte n\u00eb vendin e aksidentit dhe policia [&hellip;]<\/p>\n","protected":false},"author":2,"featured_media":53483,"comment_status":"closed","ping_status":"closed","sticky":false,"template":"","format":"standard","meta":{"footnotes":""},"categories":[33],"tags":[],"class_list":{"0":"post-53475","1":"post","2":"type-post","3":"status-publish","4":"format-standard","5":"has-post-thumbnail","7":"category-showbiz"},"yoast_head":"<!-- This site is optimized with the Yoast SEO plugin v27.5 - https:\/\/yoast.com\/product\/yoast-seo-wordpress\/ -->\n<title>Aksident tragjik n\u00eb Spanj\u00eb, nd\u00ebrron jet\u00eb themeluesi i \u201cMango\u201d - blogin.al<\/title>\n<meta name=\"robots\" content=\"index, follow, max-snippet:-1, max-image-preview:large, max-video-preview:-1\" \/>\n<link rel=\"canonical\" href=\"https:\/\/blogin.al\/?p=53475\" \/>\n<meta property=\"og:locale\" content=\"en_US\" \/>\n<meta property=\"og:type\" content=\"article\" \/>\n<meta property=\"og:title\" content=\"Aksident tragjik n\u00eb Spanj\u00eb, nd\u00ebrron jet\u00eb themeluesi i \u201cMango\u201d - blogin.al\" \/>\n<meta property=\"og:description\" content=\"Isak Andic, themeluesi i zinxhirit t\u00eb mod\u00ebs s\u00eb lart\u00eb t\u00eb rrug\u00ebs Mango, ka nd\u00ebrruar jet\u00eb pas nj\u00eb aksidenti n\u00eb Spanj\u00eb t\u00eb shtun\u00ebn. Sipas raportimeve, miliarderi rr\u00ebshqiti dhe ra nga nj\u00eb shk\u00ebmb 150 metra gjat\u00eb sh\u00ebtitjes me t\u00eb af\u00ebrmit pran\u00eb Barcelon\u00ebs. Gazeta El Pa\u00eds tha se djali i Andic ishte n\u00eb vendin e aksidentit dhe policia [&hellip;]\" \/>\n<meta property=\"og:url\" content=\"https:\/\/blogin.al\/?p=53475\" \/>\n<meta property=\"og:site_name\" content=\"blogin.al\" \/>\n<meta property=\"article:published_time\" content=\"2024-12-16T14:20:01+00:00\" \/>\n<meta property=\"article:modified_time\" content=\"2024-12-16T17:51:49+00:00\" \/>\n<meta property=\"og:image\" content=\"https:\/\/blogin.al\/wp-content\/uploads\/2024\/12\/B1kCtEiVJx_0_0_2000_2000_0_x-large.jpg\" \/>\n\t<meta property=\"og:image:width\" content=\"1024\" \/>\n\t<meta property=\"og:image:height\" content=\"1024\" \/>\n\t<meta property=\"og:image:type\" content=\"image\/jpeg\" \/>\n<meta name=\"author\" content=\"Blogin al\" \/>\n<meta name=\"twitter:card\" content=\"summary_large_image\" \/>\n<meta name=\"twitter:label1\" content=\"Written by\" \/>\n\t<meta name=\"twitter:data1\" content=\"Blogin al\" \/>\n\t<meta name=\"twitter:label2\" content=\"Est. reading time\" \/>\n\t<meta name=\"twitter:data2\" content=\"2 minutes\" \/>\n<script type=\"application\/ld+json\" class=\"yoast-schema-graph\">{\"@context\":\"https:\\\/\\\/schema.org\",\"@graph\":[{\"@type\":\"Article\",\"@id\":\"https:\\\/\\\/blogin.al\\\/?p=53475#article\",\"isPartOf\":{\"@id\":\"https:\\\/\\\/blogin.al\\\/?p=53475\"},\"author\":{\"name\":\"Blogin al\",\"@id\":\"https:\\\/\\\/blogin.al\\\/#\\\/schema\\\/person\\\/abdd56bc912cd511db877b852b115399\"},\"headline\":\"Aksident tragjik n\u00eb Spanj\u00eb, nd\u00ebrron jet\u00eb themeluesi i \u201cMango\u201d\",\"datePublished\":\"2024-12-16T14:20:01+00:00\",\"dateModified\":\"2024-12-16T17:51:49+00:00\",\"mainEntityOfPage\":{\"@id\":\"https:\\\/\\\/blogin.al\\\/?p=53475\"},\"wordCount\":312,\"publisher\":{\"@id\":\"https:\\\/\\\/blogin.al\\\/#organization\"},\"image\":{\"@id\":\"https:\\\/\\\/blogin.al\\\/?p=53475#primaryimage\"},\"thumbnailUrl\":\"https:\\\/\\\/blogin.al\\\/wp-content\\\/uploads\\\/2024\\\/12\\\/B1kCtEiVJx_0_0_2000_2000_0_x-large.jpg\",\"articleSection\":[\"SHOWBIZ\"],\"inLanguage\":\"en-US\"},{\"@type\":\"WebPage\",\"@id\":\"https:\\\/\\\/blogin.al\\\/?p=53475\",\"url\":\"https:\\\/\\\/blogin.al\\\/?p=53475\",\"name\":\"Aksident tragjik n\u00eb Spanj\u00eb, nd\u00ebrron jet\u00eb themeluesi i \u201cMango\u201d - blogin.al\",\"isPartOf\":{\"@id\":\"https:\\\/\\\/blogin.al\\\/#website\"},\"primaryImageOfPage\":{\"@id\":\"https:\\\/\\\/blogin.al\\\/?p=53475#primaryimage\"},\"image\":{\"@id\":\"https:\\\/\\\/blogin.al\\\/?p=53475#primaryimage\"},\"thumbnailUrl\":\"https:\\\/\\\/blogin.al\\\/wp-content\\\/uploads\\\/2024\\\/12\\\/B1kCtEiVJx_0_0_2000_2000_0_x-large.jpg\",\"datePublished\":\"2024-12-16T14:20:01+00:00\",\"dateModified\":\"2024-12-16T17:51:49+00:00\",\"breadcrumb\":{\"@id\":\"https:\\\/\\\/blogin.al\\\/?p=53475#breadcrumb\"},\"inLanguage\":\"en-US\",\"potentialAction\":[{\"@type\":\"ReadAction\",\"target\":[\"https:\\\/\\\/blogin.al\\\/?p=53475\"]}]},{\"@type\":\"ImageObject\",\"inLanguage\":\"en-US\",\"@id\":\"https:\\\/\\\/blogin.al\\\/?p=53475#primaryimage\",\"url\":\"https:\\\/\\\/blogin.al\\\/wp-content\\\/uploads\\\/2024\\\/12\\\/B1kCtEiVJx_0_0_2000_2000_0_x-large.jpg\",\"contentUrl\":\"https:\\\/\\\/blogin.al\\\/wp-content\\\/uploads\\\/2024\\\/12\\\/B1kCtEiVJx_0_0_2000_2000_0_x-large.jpg\",\"width\":1024,\"height\":1024},{\"@type\":\"BreadcrumbList\",\"@id\":\"https:\\\/\\\/blogin.al\\\/?p=53475#breadcrumb\",\"itemListElement\":[{\"@type\":\"ListItem\",\"position\":1,\"name\":\"Home\",\"item\":\"https:\\\/\\\/blogin.al\\\/\"},{\"@type\":\"ListItem\",\"position\":2,\"name\":\"Aksident tragjik n\u00eb Spanj\u00eb, nd\u00ebrron jet\u00eb themeluesi i \u201cMango\u201d\"}]},{\"@type\":\"WebSite\",\"@id\":\"https:\\\/\\\/blogin.al\\\/#website\",\"url\":\"https:\\\/\\\/blogin.al\\\/\",\"name\":\"blogin.al\",\"description\":\"\",\"publisher\":{\"@id\":\"https:\\\/\\\/blogin.al\\\/#organization\"},\"potentialAction\":[{\"@type\":\"SearchAction\",\"target\":{\"@type\":\"EntryPoint\",\"urlTemplate\":\"https:\\\/\\\/blogin.al\\\/?s={search_term_string}\"},\"query-input\":{\"@type\":\"PropertyValueSpecification\",\"valueRequired\":true,\"valueName\":\"search_term_string\"}}],\"inLanguage\":\"en-US\"},{\"@type\":\"Organization\",\"@id\":\"https:\\\/\\\/blogin.al\\\/#organization\",\"name\":\"BLOGIN.al\",\"url\":\"https:\\\/\\\/blogin.al\\\/\",\"logo\":{\"@type\":\"ImageObject\",\"inLanguage\":\"en-US\",\"@id\":\"https:\\\/\\\/blogin.al\\\/#\\\/schema\\\/logo\\\/image\\\/\",\"url\":\"https:\\\/\\\/blogin.al\\\/wp-content\\\/uploads\\\/2022\\\/05\\\/Untitled-2-01-e1652084456514.png\",\"contentUrl\":\"https:\\\/\\\/blogin.al\\\/wp-content\\\/uploads\\\/2022\\\/05\\\/Untitled-2-01-e1652084456514.png\",\"width\":3723,\"height\":1698,\"caption\":\"BLOGIN.al\"},\"image\":{\"@id\":\"https:\\\/\\\/blogin.al\\\/#\\\/schema\\\/logo\\\/image\\\/\"},\"sameAs\":[\"https:\\\/\\\/instagram.com\\\/blogin.al\\\/\"]},{\"@type\":\"Person\",\"@id\":\"https:\\\/\\\/blogin.al\\\/#\\\/schema\\\/person\\\/abdd56bc912cd511db877b852b115399\",\"name\":\"Blogin al\",\"image\":{\"@type\":\"ImageObject\",\"inLanguage\":\"en-US\",\"@id\":\"https:\\\/\\\/secure.gravatar.com\\\/avatar\\\/60d5661aee6e835fb13dc75d2204cd0c1d61bef2efd137c0083e59ef831e235e?s=96&d=mm&r=g\",\"url\":\"https:\\\/\\\/secure.gravatar.com\\\/avatar\\\/60d5661aee6e835fb13dc75d2204cd0c1d61bef2efd137c0083e59ef831e235e?s=96&d=mm&r=g\",\"contentUrl\":\"https:\\\/\\\/secure.gravatar.com\\\/avatar\\\/60d5661aee6e835fb13dc75d2204cd0c1d61bef2efd137c0083e59ef831e235e?s=96&d=mm&r=g\",\"caption\":\"Blogin al\"},\"sameAs\":[\"https:\\\/\\\/blogin.al\"],\"url\":\"https:\\\/\\\/blogin.al\\\/?author=2\"}]}<\/script>\n<!-- \/ Yoast SEO plugin. -->","yoast_head_json":{"title":"Aksident tragjik n\u00eb Spanj\u00eb, nd\u00ebrron jet\u00eb themeluesi i \u201cMango\u201d - blogin.al","robots":{"index":"index","follow":"follow","max-snippet":"max-snippet:-1","max-image-preview":"max-image-preview:large","max-video-preview":"max-video-preview:-1"},"canonical":"https:\/\/blogin.al\/?p=53475","og_locale":"en_US","og_type":"article","og_title":"Aksident tragjik n\u00eb Spanj\u00eb, nd\u00ebrron jet\u00eb themeluesi i \u201cMango\u201d - blogin.al","og_description":"Isak Andic, themeluesi i zinxhirit t\u00eb mod\u00ebs s\u00eb lart\u00eb t\u00eb rrug\u00ebs Mango, ka nd\u00ebrruar jet\u00eb pas nj\u00eb aksidenti n\u00eb Spanj\u00eb t\u00eb shtun\u00ebn. Sipas raportimeve, miliarderi rr\u00ebshqiti dhe ra nga nj\u00eb shk\u00ebmb 150 metra gjat\u00eb sh\u00ebtitjes me t\u00eb af\u00ebrmit pran\u00eb Barcelon\u00ebs. Gazeta El Pa\u00eds tha se djali i Andic ishte n\u00eb vendin e aksidentit dhe policia [&hellip;]","og_url":"https:\/\/blogin.al\/?p=53475","og_site_name":"blogin.al","article_published_time":"2024-12-16T14:20:01+00:00","article_modified_time":"2024-12-16T17:51:49+00:00","og_image":[{"width":1024,"height":1024,"url":"https:\/\/blogin.al\/wp-content\/uploads\/2024\/12\/B1kCtEiVJx_0_0_2000_2000_0_x-large.jpg","type":"image\/jpeg"}],"author":"Blogin al","twitter_card":"summary_large_image","twitter_misc":{"Written by":"Blogin al","Est. reading time":"2 minutes"},"schema":{"@context":"https:\/\/schema.org","@graph":[{"@type":"Article","@id":"https:\/\/blogin.al\/?p=53475#article","isPartOf":{"@id":"https:\/\/blogin.al\/?p=53475"},"author":{"name":"Blogin al","@id":"https:\/\/blogin.al\/#\/schema\/person\/abdd56bc912cd511db877b852b115399"},"headline":"Aksident tragjik n\u00eb Spanj\u00eb, nd\u00ebrron jet\u00eb themeluesi i \u201cMango\u201d","datePublished":"2024-12-16T14:20:01+00:00","dateModified":"2024-12-16T17:51:49+00:00","mainEntityOfPage":{"@id":"https:\/\/blogin.al\/?p=53475"},"wordCount":312,"publisher":{"@id":"https:\/\/blogin.al\/#organization"},"image":{"@id":"https:\/\/blogin.al\/?p=53475#primaryimage"},"thumbnailUrl":"https:\/\/blogin.al\/wp-content\/uploads\/2024\/12\/B1kCtEiVJx_0_0_2000_2000_0_x-large.jpg","articleSection":["SHOWBIZ"],"inLanguage":"en-US"},{"@type":"WebPage","@id":"https:\/\/blogin.al\/?p=53475","url":"https:\/\/blogin.al\/?p=53475","name":"Aksident tragjik n\u00eb Spanj\u00eb, nd\u00ebrron jet\u00eb themeluesi i \u201cMango\u201d - blogin.al","isPartOf":{"@id":"https:\/\/blogin.al\/#website"},"primaryImageOfPage":{"@id":"https:\/\/blogin.al\/?p=53475#primaryimage"},"image":{"@id":"https:\/\/blogin.al\/?p=53475#primaryimage"},"thumbnailUrl":"https:\/\/blogin.al\/wp-content\/uploads\/2024\/12\/B1kCtEiVJx_0_0_2000_2000_0_x-large.jpg","datePublished":"2024-12-16T14:20:01+00:00","dateModified":"2024-12-16T17:51:49+00:00","breadcrumb":{"@id":"https:\/\/blogin.al\/?p=53475#breadcrumb"},"inLanguage":"en-US","potentialAction":[{"@type":"ReadAction","target":["https:\/\/blogin.al\/?p=53475"]}]},{"@type":"ImageObject","inLanguage":"en-US","@id":"https:\/\/blogin.al\/?p=53475#primaryimage","url":"https:\/\/blogin.al\/wp-content\/uploads\/2024\/12\/B1kCtEiVJx_0_0_2000_2000_0_x-large.jpg","contentUrl":"https:\/\/blogin.al\/wp-content\/uploads\/2024\/12\/B1kCtEiVJx_0_0_2000_2000_0_x-large.jpg","width":1024,"height":1024},{"@type":"BreadcrumbList","@id":"https:\/\/blogin.al\/?p=53475#breadcrumb","itemListElement":[{"@type":"ListItem","position":1,"name":"Home","item":"https:\/\/blogin.al\/"},{"@type":"ListItem","position":2,"name":"Aksident tragjik n\u00eb Spanj\u00eb, nd\u00ebrron jet\u00eb themeluesi i \u201cMango\u201d"}]},{"@type":"WebSite","@id":"https:\/\/blogin.al\/#website","url":"https:\/\/blogin.al\/","name":"blogin.al","description":"","publisher":{"@id":"https:\/\/blogin.al\/#organization"},"potentialAction":[{"@type":"SearchAction","target":{"@type":"EntryPoint","urlTemplate":"https:\/\/blogin.al\/?s={search_term_string}"},"query-input":{"@type":"PropertyValueSpecification","valueRequired":true,"valueName":"search_term_string"}}],"inLanguage":"en-US"},{"@type":"Organization","@id":"https:\/\/blogin.al\/#organization","name":"BLOGIN.al","url":"https:\/\/blogin.al\/","logo":{"@type":"ImageObject","inLanguage":"en-US","@id":"https:\/\/blogin.al\/#\/schema\/logo\/image\/","url":"https:\/\/blogin.al\/wp-content\/uploads\/2022\/05\/Untitled-2-01-e1652084456514.png","contentUrl":"https:\/\/blogin.al\/wp-content\/uploads\/2022\/05\/Untitled-2-01-e1652084456514.png","width":3723,"height":1698,"caption":"BLOGIN.al"},"image":{"@id":"https:\/\/blogin.al\/#\/schema\/logo\/image\/"},"sameAs":["https:\/\/instagram.com\/blogin.al\/"]},{"@type":"Person","@id":"https:\/\/blogin.al\/#\/schema\/person\/abdd56bc912cd511db877b852b115399","name":"Blogin al","image":{"@type":"ImageObject","inLanguage":"en-US","@id":"https:\/\/secure.gravatar.com\/avatar\/60d5661aee6e835fb13dc75d2204cd0c1d61bef2efd137c0083e59ef831e235e?s=96&d=mm&r=g","url":"https:\/\/secure.gravatar.com\/avatar\/60d5661aee6e835fb13dc75d2204cd0c1d61bef2efd137c0083e59ef831e235e?s=96&d=mm&r=g","contentUrl":"https:\/\/secure.gravatar.com\/avatar\/60d5661aee6e835fb13dc75d2204cd0c1d61bef2efd137c0083e59ef831e235e?s=96&d=mm&r=g","caption":"Blogin al"},"sameAs":["https:\/\/blogin.al"],"url":"https:\/\/blogin.al\/?author=2"}]}},"_links":{"self":[{"href":"https:\/\/blogin.al\/index.php?rest_route=\/wp\/v2\/posts\/53475","targetHints":{"allow":["GET"]}}],"collection":[{"href":"https:\/\/blogin.al\/index.php?rest_route=\/wp\/v2\/posts"}],"about":[{"href":"https:\/\/blogin.al\/index.php?rest_route=\/wp\/v2\/types\/post"}],"author":[{"embeddable":true,"href":"https:\/\/blogin.al\/index.php?rest_route=\/wp\/v2\/users\/2"}],"replies":[{"embeddable":true,"href":"https:\/\/blogin.al\/index.php?rest_route=%2Fwp%2Fv2%2Fcomments&post=53475"}],"version-history":[{"count":1,"href":"https:\/\/blogin.al\/index.php?rest_route=\/wp\/v2\/posts\/53475\/revisions"}],"predecessor-version":[{"id":53476,"href":"https:\/\/blogin.al\/index.php?rest_route=\/wp\/v2\/posts\/53475\/revisions\/53476"}],"wp:featuredmedia":[{"embeddable":true,"href":"https:\/\/blogin.al\/index.php?rest_route=\/wp\/v2\/media\/53483"}],"wp:attachment":[{"href":"https:\/\/blogin.al\/index.php?rest_route=%2Fwp%2Fv2%2Fmedia&parent=53475"}],"wp:term":[{"taxonomy":"category","embeddable":true,"href":"https:\/\/blogin.al\/index.php?rest_route=%2Fwp%2Fv2%2Fcategories&post=53475"},{"taxonomy":"post_tag","embeddable":true,"href":"https:\/\/blogin.al\/index.php?rest_route=%2Fwp%2Fv2%2Ftags&post=53475"}],"curies":[{"name":"wp","href":"https:\/\/api.w.org\/{rel}","templated":true}]}}