{"id":53539,"date":"2024-12-19T13:10:55","date_gmt":"2024-12-19T13:10:55","guid":{"rendered":"https:\/\/blogin.al\/?p=53539"},"modified":"2024-12-19T13:10:58","modified_gmt":"2024-12-19T13:10:58","slug":"nuk-kishte-kthim-mbrapa-dalina-buzi-flet-per-divorcin","status":"publish","type":"post","link":"https:\/\/blogin.al\/?p=53539","title":{"rendered":"\u201cNuk kishte kthim mbrapa\u201d\/ Dalina Buzi flet p\u00ebr divorcin"},"content":{"rendered":"\n<p>\u2018<em><strong>T\u00ebrmet 7 ball\u00eb\u2019-<\/strong><\/em>&nbsp;k\u00ebshtu e p\u00ebrshkroi Dalina Buzi divorcin e saj, q\u00eb ka ndodhur 2 vite m\u00eb par\u00eb.<\/p>\n\n\n\n<p>Teka ishte e ftuar n\u00eb podcastin e Alketa Vejsiut, ajo tregoi se u p\u00ebrpoq t\u00eb mblidhte veten, pasi e dinte se nuk kishte m\u00eb kthim pas. Dalina e pranon se nuk ishte p\u00ebrgatitur q\u00eb pas 15 vitesh martes\u00eb t\u00eb vinte divorci, por shton se nuk vazhdohej m\u00eb, pasi kishte krisje dhe \u00e7arje t\u00eb m\u00ebdha mes tyre.<\/p>\n\n\n\n<blockquote class=\"wp-block-quote is-layout-flow wp-block-quote-is-layout-flow\">\n<p><em>\u201cRa nj\u00eb t\u00ebrmet, isht\u00eb nj\u00eb t\u00ebrmet i madh. Ai moment \u00ebsht\u00eb t\u00ebrmet 6-7 ball\u00eb dhe secili duke mbledhur ato copat e veta, dikush pak m\u00eb gjat\u00eb, dikush pak m\u00eb shkurt, por u ndje q\u00eb isht\u00eb mbyllja, u ndje q\u00eb nuk kishte kthim mbrapa. Sado q\u00eb ti t\u00eb jesh i p\u00ebrgatitur, ta dish, ta ndjesh se marr\u00ebdh\u00ebnia nuk \u00ebsht\u00eb mir\u00eb, s\u00ebrish \u00ebsht\u00eb si \u00e7\u00ebshtja e vdekjes: T\u00eb thot\u00eb doktori ke tre muaj jet\u00eb, por ti nuk e di n\u00ebse do vdes\u00ebsh t\u00eb m\u00ebrkur\u00ebn n\u00eb or\u00ebn pes\u00eb apo t\u00eb mart\u00ebn n\u00eb or\u00ebn dy t\u00eb m\u00ebngjesi. Ti nuk je kurr\u00eb e p\u00ebrgatitur p\u00ebr vdekjen, si\u00e7 nuk je e p\u00ebrgatitur p\u00ebr dit\u00ebn q\u00eb realisht e sheh q\u00eb u trondit themeli, plasi t\u00ebrmeti dhe nuk ke \u00e7far\u00eb t\u00eb b\u00ebsh m\u00eb. Do kthehesh prap\u00eb t\u00eb nes\u00ebrmen, por nuk e vazhdon dot m\u00eb se nuk ka krisje, ka \u00e7arje t\u00eb m\u00ebdhaja, hendeqe\u201d<\/em><\/p>\n<\/blockquote>\n\n\n\n<p>Si e kaloi periudh\u00ebn pas divorcit? Ja \u00e7\u2019tha Dalina:<\/p>\n\n\n\n<figure class=\"wp-block-image is-style-default\"><img decoding=\"async\" src=\"https:\/\/ads.adsense.al\/www\/delivery\/lg.php?bannerid=0&amp;campaignid=0&amp;zoneid=11&amp;loc=https%3A%2F%2Ficonstyle.al%2Fnuk-kishte-kthim-mbrapa-dalina-buzi-flet-per-divorcin-ishte-termet-7-balle%2F&amp;referer=https%3A%2F%2Ficonstyle.al%2F&amp;cb=c1693695cd\" alt=\"\"\/><\/figure>\n\n\n\n<blockquote class=\"wp-block-quote is-layout-flow wp-block-quote-is-layout-flow\">\n<p><em>\u201cPas ndarjes u futa n\u00eb t\u00eb gjitha forumet e bot\u00ebs, n\u00eb lloj lloj forumesh, n\u00eb rusisht, n\u00eb italisht, n\u00eb gjermanisht, me google translate dhe doja t\u00eb shihja situata t\u00eb ngjashme dhe n\u00eb \u00e7do lloj situate un\u00eb isha e d\u00ebnuar. N\u00eb situat\u00eb t\u00eb ngjashme po t\u00eb isha burr\u00eb do t\u00eb ishte \u2018ok\u2019 dhe u tremba, u trondita. Fillova ta shihja veten me syrin e tyre, \u00ebsht\u00eb shum\u00eb e rrezikshme kjo ta shoh\u00ebsh veten me syrin e tjer\u00ebve. Kisha nj\u00eb kryq t\u00eb madh, kryqi i par\u00eb fillimisht si n\u00ebn\u00eb, \u00e7far\u00eb b\u00ebra, ishte drobit\u00ebse\u2019<\/em><\/p>\n<\/blockquote>\n\n\n\n<p>Mir\u00ebpo, duket se ndarja ka b\u00ebr\u00eb q\u00eb Dalina t\u00eb njoh\u00eb m\u00eb mir\u00eb veten e saj, dhe veten si n\u00ebn\u00eb.<\/p>\n\n\n\n<blockquote class=\"wp-block-quote is-layout-flow wp-block-quote-is-layout-flow\">\n<p><em>\u201cPeriudha pas ndarjes ka qen\u00eb nj\u00eb nga periudhat m\u00eb interesante n\u00eb jet\u00ebn time, e v\u00ebshtir\u00eb, por interesante dhe b\u00ebri mir\u00eb q\u00eb ndodhi. Jo, ndarja, jo prishja e familjes, por ajo periudh\u00eb. Ajo ka qen\u00eb nj\u00eb periudh\u00eb q\u00eb un\u00eb njoha nj\u00eb Dalin\u00eb q\u00eb nuk e njihja fare, nuk ia kisha iden\u00eb fare. Kam qen\u00eb gjithmon\u00eb shum\u00eb e p\u00ebrk\u00ebdhelur, kam b\u00ebr\u00eb \u00e7far\u00eb kam dashur, financiarisht kam qen\u00eb shum\u00eb mir\u00eb, por e para u p\u00ebrballa me Dalin\u00ebn n\u00ebn\u00eb q\u00eb ishte shum\u00eb e r\u00ebnd\u00ebsishme.<\/em><\/p>\n\n\n\n<p><em>Kalova ato dy jav\u00ebt e para q\u00eb jan\u00eb ato zhurmat q\u00eb kalojn\u00eb t\u00eb gjith\u00eb dhe pastaj e pash\u00eb gj\u00ebn\u00eb si produecente, realisht, si\u00e7 b\u00ebj n\u00eb pun\u00eb. E pash\u00eb nga larg dhe thash\u00eb q\u00eb jan\u00eb kat\u00ebr Dalina: \u00cbsht\u00eb Dalina publike, jo vet\u00ebm n\u00eb Instagram, por sapo hap der\u00ebn. \u00cbsht\u00eb Dalina n\u00eb profesion, Dalina n\u00ebn\u00eb dhe Dalina kush jam un\u00eb, pse ndodhi kjo, pse b\u00ebra k\u00ebt\u00eb zgjedhje, pse p\u00ebrfundoi kjo gj\u00ebja dhe pjesa ime e p\u00ebrgjegj\u00ebsis\u00eb.<\/em>\u201d, theksoi ajo.<\/p>\n<\/blockquote>\n\n\n\n<p><strong>Pjesa tjet\u00ebr e deklarat\u00ebs s\u00eb saj:<\/strong><\/p>\n\n\n\n<p><em>\u201cThash\u00eb tani me \u00e7far\u00eb do merresh, kush \u00ebsht\u00eb prioriteti im. E fundit n\u00eb k\u00ebt\u00eb list\u00eb ishte t\u00eb rrija n\u00eb rrethrrotullim, nuk kisha koh\u00eb sepse un\u00eb jam Dalina n\u00ebn\u00eb dhe f\u00ebmij\u00ebt nuk pyesin kurr\u00eb sidomos kur jan\u00eb para-adoleshent\u00eb;<\/em><\/p>\n\n\n\n<p><em>Dalina n\u00eb publik: Pse duhet t\u2019i shpjegohem njer\u00ebve? A kam pyetur un\u00eb k\u00eb kam zgjedhur, \u00e7far\u00eb karriere kam zgjedhur, \u00e7far\u00eb kam b\u00ebr\u00eb? Kurr\u00eb! Me gjith\u00eb respektin mua kjo pjes\u00eb nuk m\u00eb interesonte fare;<\/em><\/p>\n\n\n\n<p><em>Dalina n\u00eb karrier\u00eb: Gjith\u00eb jet\u00ebn time un\u00eb k\u00ebt\u00eb kam b\u00ebr\u00eb, kam zgjedhur pun\u00ebn. Un\u00eb i thash\u00eb vetes se do iki n\u00eb pun\u00eb e do b\u00ebj sikur, k\u00ebt\u00eb nuk e b\u00ebj, \u00ebsht\u00eb nj\u00eb gj\u00eb e madhe, e r\u00ebnd\u00eb, e v\u00ebshtir\u00eb, nj\u00eb kryq i madh q\u00eb un\u00eb mbaja. Mua puna nuk m\u00eb intereson fare sepse un\u00eb kisha dy Dalina t\u00eb tjera q\u00eb duhej t\u00eb merresha.<\/em><\/p>\n\n\n\n<p><em>S\u00eb pari, un\u00eb nuk mund t\u00eb p\u00ebrs\u00ebris t\u00eb nj\u00ebjtat gabime, u lodha duke b\u00ebr\u00eb t\u00eb nj\u00ebjtat gabime, u lodha duke pasur frik\u00eb t\u00eb ballafaqohem, u lodha duke pasur pasigurit\u00eb e mia. Ishte shum\u00eb e lodhshme e nuk ia vlente m\u00eb.<\/em><\/p>\n\n\n\n<p><em>Thash\u00eb un\u00eb do transformohem, k\u00ebtu kthehemi dhe te gjendja fizike e shpirt\u00ebrore, do b\u00ebhem Dalina q\u00eb dua. Kjo Dalin\u00eb paralelisht duhet t\u00eb jet\u00eb me Dalin\u00ebn n\u00ebn\u00eb. K\u00ebtu kuptova se sado mama e mir\u00eb t\u00eb isha, un\u00eb nuk isha mama, s\u2019kam qen\u00eb asnj\u00ebher\u00eb mama sepse i kam marr\u00eb t\u00eb mir\u00ebqen\u00eb f\u00ebmij\u00eb. Por, fati donte dhe kjo ishte gj\u00ebja m\u00eb interesante dhe m\u00eb e bukur q\u00eb ndodhi, them e bukur se ka edhe gj\u00ebra t\u00eb bukura q\u00eb ndodhin nga fatkeq\u00ebsia dhe mua m\u00eb solli k\u00ebt\u00eb gj\u00eb n\u00eb nj\u00eb mosh\u00eb q\u00eb isha mosha m\u00eb sfiduese, para-adoleshenc\u00eb q\u00eb \u00ebsht\u00eb mosha m\u00eb sfiduese shpirt\u00ebrisht dhe psikologjikisht p\u00ebr prindin;<\/em><\/p>\n\n\n\n<p><em>N\u00eb k\u00ebt\u00eb proces q\u00eb nuk \u00ebsht\u00eb proces shum\u00eb i leht\u00eb dhe un\u00eb n\u00eb fillim mendova se n\u00eb rregull, ua thash\u00eb, k\u00ebto jan\u00eb \u2018cool\u2019, vajza ime sheh \u201cDr.House\u201d tani, ka humor t\u00eb zi dhe kjo gj\u00ebja ishte e leht\u00eb. Por, nuk ishte fare, ata e mbanin me vete k\u00ebt\u00eb situat\u00eb.<\/em><\/p>\n\n\n\n<p><em>Un\u00eb i thash\u00eb vetes: Harroje pun\u00ebn dhe mos pyet fare p\u00ebr publikun. N\u00eb or\u00ebn kat\u00ebr isha \u00e7do dit\u00eb n\u00eb sht\u00ebpi, p\u00ebr nj\u00eb vit e gjysm\u00eb isha \u00e7do dit\u00eb n\u00eb sht\u00ebpi. Nuk kam qen\u00eb n\u00eb sht\u00ebpi me celular, si\u00e7 kam qen\u00eb her\u00eb t\u00eb tjera, kam qen\u00eb me to\u2019<\/em><\/p>\n","protected":false},"excerpt":{"rendered":"<p>\u2018T\u00ebrmet 7 ball\u00eb\u2019-&nbsp;k\u00ebshtu e p\u00ebrshkroi Dalina Buzi divorcin e saj, q\u00eb ka ndodhur 2 vite m\u00eb par\u00eb. Teka ishte e ftuar n\u00eb podcastin e Alketa Vejsiut, ajo tregoi se u p\u00ebrpoq t\u00eb mblidhte veten, pasi e dinte se nuk kishte m\u00eb kthim pas. Dalina e pranon se nuk ishte p\u00ebrgatitur q\u00eb pas 15 vitesh martes\u00eb [&hellip;]<\/p>\n","protected":false},"author":2,"featured_media":21183,"comment_status":"closed","ping_status":"closed","sticky":false,"template":"","format":"standard","meta":{"footnotes":""},"categories":[33],"tags":[],"class_list":{"0":"post-53539","1":"post","2":"type-post","3":"status-publish","4":"format-standard","5":"has-post-thumbnail","7":"category-showbiz"},"yoast_head":"<!-- This site is optimized with the Yoast SEO plugin v27.5 - https:\/\/yoast.com\/product\/yoast-seo-wordpress\/ -->\n<title>\u201cNuk kishte kthim mbrapa\u201d\/ Dalina Buzi flet p\u00ebr divorcin - blogin.al<\/title>\n<meta name=\"robots\" content=\"index, follow, max-snippet:-1, max-image-preview:large, max-video-preview:-1\" \/>\n<link rel=\"canonical\" href=\"https:\/\/blogin.al\/?p=53539\" \/>\n<meta property=\"og:locale\" content=\"en_US\" \/>\n<meta property=\"og:type\" content=\"article\" \/>\n<meta property=\"og:title\" content=\"\u201cNuk kishte kthim mbrapa\u201d\/ Dalina Buzi flet p\u00ebr divorcin - blogin.al\" \/>\n<meta property=\"og:description\" content=\"\u2018T\u00ebrmet 7 ball\u00eb\u2019-&nbsp;k\u00ebshtu e p\u00ebrshkroi Dalina Buzi divorcin e saj, q\u00eb ka ndodhur 2 vite m\u00eb par\u00eb. Teka ishte e ftuar n\u00eb podcastin e Alketa Vejsiut, ajo tregoi se u p\u00ebrpoq t\u00eb mblidhte veten, pasi e dinte se nuk kishte m\u00eb kthim pas. Dalina e pranon se nuk ishte p\u00ebrgatitur q\u00eb pas 15 vitesh martes\u00eb [&hellip;]\" \/>\n<meta property=\"og:url\" content=\"https:\/\/blogin.al\/?p=53539\" \/>\n<meta property=\"og:site_name\" content=\"blogin.al\" \/>\n<meta property=\"article:published_time\" content=\"2024-12-19T13:10:55+00:00\" \/>\n<meta property=\"article:modified_time\" content=\"2024-12-19T13:10:58+00:00\" \/>\n<meta property=\"og:image\" content=\"https:\/\/blogin.al\/wp-content\/uploads\/2023\/01\/20230103_150608.jpg\" \/>\n\t<meta property=\"og:image:width\" content=\"1423\" \/>\n\t<meta property=\"og:image:height\" content=\"1705\" \/>\n\t<meta property=\"og:image:type\" content=\"image\/jpeg\" \/>\n<meta name=\"author\" content=\"Blogin al\" \/>\n<meta name=\"twitter:card\" content=\"summary_large_image\" \/>\n<meta name=\"twitter:label1\" content=\"Written by\" \/>\n\t<meta name=\"twitter:data1\" content=\"Blogin al\" \/>\n\t<meta name=\"twitter:label2\" content=\"Est. reading time\" \/>\n\t<meta name=\"twitter:data2\" content=\"3 minutes\" \/>\n<script type=\"application\/ld+json\" class=\"yoast-schema-graph\">{\"@context\":\"https:\\\/\\\/schema.org\",\"@graph\":[{\"@type\":\"Article\",\"@id\":\"https:\\\/\\\/blogin.al\\\/?p=53539#article\",\"isPartOf\":{\"@id\":\"https:\\\/\\\/blogin.al\\\/?p=53539\"},\"author\":{\"name\":\"Blogin al\",\"@id\":\"https:\\\/\\\/blogin.al\\\/#\\\/schema\\\/person\\\/abdd56bc912cd511db877b852b115399\"},\"headline\":\"\u201cNuk kishte kthim mbrapa\u201d\\\/ Dalina Buzi flet p\u00ebr divorcin\",\"datePublished\":\"2024-12-19T13:10:55+00:00\",\"dateModified\":\"2024-12-19T13:10:58+00:00\",\"mainEntityOfPage\":{\"@id\":\"https:\\\/\\\/blogin.al\\\/?p=53539\"},\"wordCount\":998,\"publisher\":{\"@id\":\"https:\\\/\\\/blogin.al\\\/#organization\"},\"image\":{\"@id\":\"https:\\\/\\\/blogin.al\\\/?p=53539#primaryimage\"},\"thumbnailUrl\":\"https:\\\/\\\/blogin.al\\\/wp-content\\\/uploads\\\/2023\\\/01\\\/20230103_150608.jpg\",\"articleSection\":[\"SHOWBIZ\"],\"inLanguage\":\"en-US\"},{\"@type\":\"WebPage\",\"@id\":\"https:\\\/\\\/blogin.al\\\/?p=53539\",\"url\":\"https:\\\/\\\/blogin.al\\\/?p=53539\",\"name\":\"\u201cNuk kishte kthim mbrapa\u201d\\\/ Dalina Buzi flet p\u00ebr divorcin - blogin.al\",\"isPartOf\":{\"@id\":\"https:\\\/\\\/blogin.al\\\/#website\"},\"primaryImageOfPage\":{\"@id\":\"https:\\\/\\\/blogin.al\\\/?p=53539#primaryimage\"},\"image\":{\"@id\":\"https:\\\/\\\/blogin.al\\\/?p=53539#primaryimage\"},\"thumbnailUrl\":\"https:\\\/\\\/blogin.al\\\/wp-content\\\/uploads\\\/2023\\\/01\\\/20230103_150608.jpg\",\"datePublished\":\"2024-12-19T13:10:55+00:00\",\"dateModified\":\"2024-12-19T13:10:58+00:00\",\"breadcrumb\":{\"@id\":\"https:\\\/\\\/blogin.al\\\/?p=53539#breadcrumb\"},\"inLanguage\":\"en-US\",\"potentialAction\":[{\"@type\":\"ReadAction\",\"target\":[\"https:\\\/\\\/blogin.al\\\/?p=53539\"]}]},{\"@type\":\"ImageObject\",\"inLanguage\":\"en-US\",\"@id\":\"https:\\\/\\\/blogin.al\\\/?p=53539#primaryimage\",\"url\":\"https:\\\/\\\/blogin.al\\\/wp-content\\\/uploads\\\/2023\\\/01\\\/20230103_150608.jpg\",\"contentUrl\":\"https:\\\/\\\/blogin.al\\\/wp-content\\\/uploads\\\/2023\\\/01\\\/20230103_150608.jpg\",\"width\":1423,\"height\":1705},{\"@type\":\"BreadcrumbList\",\"@id\":\"https:\\\/\\\/blogin.al\\\/?p=53539#breadcrumb\",\"itemListElement\":[{\"@type\":\"ListItem\",\"position\":1,\"name\":\"Home\",\"item\":\"https:\\\/\\\/blogin.al\\\/\"},{\"@type\":\"ListItem\",\"position\":2,\"name\":\"\u201cNuk kishte kthim mbrapa\u201d\\\/ Dalina Buzi flet p\u00ebr divorcin\"}]},{\"@type\":\"WebSite\",\"@id\":\"https:\\\/\\\/blogin.al\\\/#website\",\"url\":\"https:\\\/\\\/blogin.al\\\/\",\"name\":\"blogin.al\",\"description\":\"\",\"publisher\":{\"@id\":\"https:\\\/\\\/blogin.al\\\/#organization\"},\"potentialAction\":[{\"@type\":\"SearchAction\",\"target\":{\"@type\":\"EntryPoint\",\"urlTemplate\":\"https:\\\/\\\/blogin.al\\\/?s={search_term_string}\"},\"query-input\":{\"@type\":\"PropertyValueSpecification\",\"valueRequired\":true,\"valueName\":\"search_term_string\"}}],\"inLanguage\":\"en-US\"},{\"@type\":\"Organization\",\"@id\":\"https:\\\/\\\/blogin.al\\\/#organization\",\"name\":\"BLOGIN.al\",\"url\":\"https:\\\/\\\/blogin.al\\\/\",\"logo\":{\"@type\":\"ImageObject\",\"inLanguage\":\"en-US\",\"@id\":\"https:\\\/\\\/blogin.al\\\/#\\\/schema\\\/logo\\\/image\\\/\",\"url\":\"https:\\\/\\\/blogin.al\\\/wp-content\\\/uploads\\\/2022\\\/05\\\/Untitled-2-01-e1652084456514.png\",\"contentUrl\":\"https:\\\/\\\/blogin.al\\\/wp-content\\\/uploads\\\/2022\\\/05\\\/Untitled-2-01-e1652084456514.png\",\"width\":3723,\"height\":1698,\"caption\":\"BLOGIN.al\"},\"image\":{\"@id\":\"https:\\\/\\\/blogin.al\\\/#\\\/schema\\\/logo\\\/image\\\/\"},\"sameAs\":[\"https:\\\/\\\/instagram.com\\\/blogin.al\\\/\"]},{\"@type\":\"Person\",\"@id\":\"https:\\\/\\\/blogin.al\\\/#\\\/schema\\\/person\\\/abdd56bc912cd511db877b852b115399\",\"name\":\"Blogin al\",\"image\":{\"@type\":\"ImageObject\",\"inLanguage\":\"en-US\",\"@id\":\"https:\\\/\\\/secure.gravatar.com\\\/avatar\\\/60d5661aee6e835fb13dc75d2204cd0c1d61bef2efd137c0083e59ef831e235e?s=96&d=mm&r=g\",\"url\":\"https:\\\/\\\/secure.gravatar.com\\\/avatar\\\/60d5661aee6e835fb13dc75d2204cd0c1d61bef2efd137c0083e59ef831e235e?s=96&d=mm&r=g\",\"contentUrl\":\"https:\\\/\\\/secure.gravatar.com\\\/avatar\\\/60d5661aee6e835fb13dc75d2204cd0c1d61bef2efd137c0083e59ef831e235e?s=96&d=mm&r=g\",\"caption\":\"Blogin al\"},\"sameAs\":[\"https:\\\/\\\/blogin.al\"],\"url\":\"https:\\\/\\\/blogin.al\\\/?author=2\"}]}<\/script>\n<!-- \/ Yoast SEO plugin. -->","yoast_head_json":{"title":"\u201cNuk kishte kthim mbrapa\u201d\/ Dalina Buzi flet p\u00ebr divorcin - blogin.al","robots":{"index":"index","follow":"follow","max-snippet":"max-snippet:-1","max-image-preview":"max-image-preview:large","max-video-preview":"max-video-preview:-1"},"canonical":"https:\/\/blogin.al\/?p=53539","og_locale":"en_US","og_type":"article","og_title":"\u201cNuk kishte kthim mbrapa\u201d\/ Dalina Buzi flet p\u00ebr divorcin - blogin.al","og_description":"\u2018T\u00ebrmet 7 ball\u00eb\u2019-&nbsp;k\u00ebshtu e p\u00ebrshkroi Dalina Buzi divorcin e saj, q\u00eb ka ndodhur 2 vite m\u00eb par\u00eb. Teka ishte e ftuar n\u00eb podcastin e Alketa Vejsiut, ajo tregoi se u p\u00ebrpoq t\u00eb mblidhte veten, pasi e dinte se nuk kishte m\u00eb kthim pas. Dalina e pranon se nuk ishte p\u00ebrgatitur q\u00eb pas 15 vitesh martes\u00eb [&hellip;]","og_url":"https:\/\/blogin.al\/?p=53539","og_site_name":"blogin.al","article_published_time":"2024-12-19T13:10:55+00:00","article_modified_time":"2024-12-19T13:10:58+00:00","og_image":[{"width":1423,"height":1705,"url":"https:\/\/blogin.al\/wp-content\/uploads\/2023\/01\/20230103_150608.jpg","type":"image\/jpeg"}],"author":"Blogin al","twitter_card":"summary_large_image","twitter_misc":{"Written by":"Blogin al","Est. reading time":"3 minutes"},"schema":{"@context":"https:\/\/schema.org","@graph":[{"@type":"Article","@id":"https:\/\/blogin.al\/?p=53539#article","isPartOf":{"@id":"https:\/\/blogin.al\/?p=53539"},"author":{"name":"Blogin al","@id":"https:\/\/blogin.al\/#\/schema\/person\/abdd56bc912cd511db877b852b115399"},"headline":"\u201cNuk kishte kthim mbrapa\u201d\/ Dalina Buzi flet p\u00ebr divorcin","datePublished":"2024-12-19T13:10:55+00:00","dateModified":"2024-12-19T13:10:58+00:00","mainEntityOfPage":{"@id":"https:\/\/blogin.al\/?p=53539"},"wordCount":998,"publisher":{"@id":"https:\/\/blogin.al\/#organization"},"image":{"@id":"https:\/\/blogin.al\/?p=53539#primaryimage"},"thumbnailUrl":"https:\/\/blogin.al\/wp-content\/uploads\/2023\/01\/20230103_150608.jpg","articleSection":["SHOWBIZ"],"inLanguage":"en-US"},{"@type":"WebPage","@id":"https:\/\/blogin.al\/?p=53539","url":"https:\/\/blogin.al\/?p=53539","name":"\u201cNuk kishte kthim mbrapa\u201d\/ Dalina Buzi flet p\u00ebr divorcin - blogin.al","isPartOf":{"@id":"https:\/\/blogin.al\/#website"},"primaryImageOfPage":{"@id":"https:\/\/blogin.al\/?p=53539#primaryimage"},"image":{"@id":"https:\/\/blogin.al\/?p=53539#primaryimage"},"thumbnailUrl":"https:\/\/blogin.al\/wp-content\/uploads\/2023\/01\/20230103_150608.jpg","datePublished":"2024-12-19T13:10:55+00:00","dateModified":"2024-12-19T13:10:58+00:00","breadcrumb":{"@id":"https:\/\/blogin.al\/?p=53539#breadcrumb"},"inLanguage":"en-US","potentialAction":[{"@type":"ReadAction","target":["https:\/\/blogin.al\/?p=53539"]}]},{"@type":"ImageObject","inLanguage":"en-US","@id":"https:\/\/blogin.al\/?p=53539#primaryimage","url":"https:\/\/blogin.al\/wp-content\/uploads\/2023\/01\/20230103_150608.jpg","contentUrl":"https:\/\/blogin.al\/wp-content\/uploads\/2023\/01\/20230103_150608.jpg","width":1423,"height":1705},{"@type":"BreadcrumbList","@id":"https:\/\/blogin.al\/?p=53539#breadcrumb","itemListElement":[{"@type":"ListItem","position":1,"name":"Home","item":"https:\/\/blogin.al\/"},{"@type":"ListItem","position":2,"name":"\u201cNuk kishte kthim mbrapa\u201d\/ Dalina Buzi flet p\u00ebr divorcin"}]},{"@type":"WebSite","@id":"https:\/\/blogin.al\/#website","url":"https:\/\/blogin.al\/","name":"blogin.al","description":"","publisher":{"@id":"https:\/\/blogin.al\/#organization"},"potentialAction":[{"@type":"SearchAction","target":{"@type":"EntryPoint","urlTemplate":"https:\/\/blogin.al\/?s={search_term_string}"},"query-input":{"@type":"PropertyValueSpecification","valueRequired":true,"valueName":"search_term_string"}}],"inLanguage":"en-US"},{"@type":"Organization","@id":"https:\/\/blogin.al\/#organization","name":"BLOGIN.al","url":"https:\/\/blogin.al\/","logo":{"@type":"ImageObject","inLanguage":"en-US","@id":"https:\/\/blogin.al\/#\/schema\/logo\/image\/","url":"https:\/\/blogin.al\/wp-content\/uploads\/2022\/05\/Untitled-2-01-e1652084456514.png","contentUrl":"https:\/\/blogin.al\/wp-content\/uploads\/2022\/05\/Untitled-2-01-e1652084456514.png","width":3723,"height":1698,"caption":"BLOGIN.al"},"image":{"@id":"https:\/\/blogin.al\/#\/schema\/logo\/image\/"},"sameAs":["https:\/\/instagram.com\/blogin.al\/"]},{"@type":"Person","@id":"https:\/\/blogin.al\/#\/schema\/person\/abdd56bc912cd511db877b852b115399","name":"Blogin al","image":{"@type":"ImageObject","inLanguage":"en-US","@id":"https:\/\/secure.gravatar.com\/avatar\/60d5661aee6e835fb13dc75d2204cd0c1d61bef2efd137c0083e59ef831e235e?s=96&d=mm&r=g","url":"https:\/\/secure.gravatar.com\/avatar\/60d5661aee6e835fb13dc75d2204cd0c1d61bef2efd137c0083e59ef831e235e?s=96&d=mm&r=g","contentUrl":"https:\/\/secure.gravatar.com\/avatar\/60d5661aee6e835fb13dc75d2204cd0c1d61bef2efd137c0083e59ef831e235e?s=96&d=mm&r=g","caption":"Blogin al"},"sameAs":["https:\/\/blogin.al"],"url":"https:\/\/blogin.al\/?author=2"}]}},"_links":{"self":[{"href":"https:\/\/blogin.al\/index.php?rest_route=\/wp\/v2\/posts\/53539","targetHints":{"allow":["GET"]}}],"collection":[{"href":"https:\/\/blogin.al\/index.php?rest_route=\/wp\/v2\/posts"}],"about":[{"href":"https:\/\/blogin.al\/index.php?rest_route=\/wp\/v2\/types\/post"}],"author":[{"embeddable":true,"href":"https:\/\/blogin.al\/index.php?rest_route=\/wp\/v2\/users\/2"}],"replies":[{"embeddable":true,"href":"https:\/\/blogin.al\/index.php?rest_route=%2Fwp%2Fv2%2Fcomments&post=53539"}],"version-history":[{"count":1,"href":"https:\/\/blogin.al\/index.php?rest_route=\/wp\/v2\/posts\/53539\/revisions"}],"predecessor-version":[{"id":53540,"href":"https:\/\/blogin.al\/index.php?rest_route=\/wp\/v2\/posts\/53539\/revisions\/53540"}],"wp:featuredmedia":[{"embeddable":true,"href":"https:\/\/blogin.al\/index.php?rest_route=\/wp\/v2\/media\/21183"}],"wp:attachment":[{"href":"https:\/\/blogin.al\/index.php?rest_route=%2Fwp%2Fv2%2Fmedia&parent=53539"}],"wp:term":[{"taxonomy":"category","embeddable":true,"href":"https:\/\/blogin.al\/index.php?rest_route=%2Fwp%2Fv2%2Fcategories&post=53539"},{"taxonomy":"post_tag","embeddable":true,"href":"https:\/\/blogin.al\/index.php?rest_route=%2Fwp%2Fv2%2Ftags&post=53539"}],"curies":[{"name":"wp","href":"https:\/\/api.w.org\/{rel}","templated":true}]}}