{"id":53556,"date":"2024-12-20T11:25:37","date_gmt":"2024-12-20T11:25:37","guid":{"rendered":"https:\/\/blogin.al\/?p=53556"},"modified":"2024-12-20T11:25:39","modified_gmt":"2024-12-20T11:25:39","slug":"te-jesh-e-forte-eshte-e-vetmja-mundesi-qe-ke-ne-jete-mesazhi-frymezues-i-edlira-cepanit-ne-fest-63-pas-vdekjes-se-bashkeshortit","status":"publish","type":"post","link":"https:\/\/blogin.al\/?p=53556","title":{"rendered":"\u201cT\u00eb jesh e fort\u00eb \u00ebsht\u00eb e vetmja mund\u00ebsi q\u00eb ke n\u00eb jet\u00eb\u201d-Mesazhi frym\u00ebzues i Edlira \u00c7epanit n\u00eb Fest 63, pas vdekjes s\u00eb bashk\u00ebshortit"},"content":{"rendered":"\n<p>Aktivistja Edlira \u00c7epani e cila pak muaj m\u00eb par\u00eb u p\u00ebrball me dhimbjen m\u00eb t\u00eb madhe, me humbjen e bashk\u00ebshortit t\u00eb saj, Gert Bogdanit, ish-deputeti i cili p\u00ebsoi infarkt, ka ndar\u00eb nj\u00eb mesazh mjaft frym\u00ebzues.<\/p>\n\n\n\n<p>E ftuar n\u00eb Fest 63, Edlira ndau me publikun dhe ndjek\u00ebsit histori grash t\u00eb cilat e kan\u00eb b\u00ebr\u00eb at\u00eb t\u00eb kuptoj\u00eb se dhimbjen duhet ta kthej n\u00eb forc\u00eb dhe se duhet t\u00eb eci p\u00ebrpara panvarsisht asaj \u00e7far\u00eb i sjell jeta.<\/p>\n\n\n\n<p>\u201c<em>Nj\u00ebra prej tyre mbante edhe dy f\u00ebmij\u00eb n\u00eb nj\u00eb fshat pa uj\u00eb, pa kushte, e dhunuar, n\u00eb nj\u00eb sht\u00ebpi t\u00eb nd\u00ebrtuar vet\u00eb. I rriste vet\u00eb f\u00ebmij\u00ebt e vet. At\u00eb ne e ndihmuam q\u00eb t\u00eb dilte nga ai realitet, ama gra t\u00eb tjera si ajo un\u00eb i kam \u00e7do dit\u00eb n\u00eb zem\u00ebr sepse e kan\u00eb k\u00ebt\u00eb sfid\u00eb dhe sa her\u00eb i takoj, i kam model force,\u201d<\/em>&nbsp;u shpreh \u00c7epani.<\/p>\n\n\n\n<p><strong>Rr\u00ebfimi i plot\u00eb:<\/strong><\/p>\n\n\n\n<p>\u201c<em>Nuk e kupton sa e fort\u00eb je, derisa t\u00eb jesh e fort\u00eb, \u00ebsht\u00eb e vetmja mund\u00ebsi q\u00eb ke n\u00eb jet\u00eb. K\u00ebt\u00eb shprehje ma tha para disa koh\u00ebsh nj\u00eb mik i mir\u00eb, dhe m\u00eb erdh\u00ebn menj\u00ebher\u00eb n\u00eb mend t\u00eb gjitha ato gra q\u00eb kam takuar n\u00eb momente t\u00eb ndryshme t\u00eb rrug\u00ebtimeve t\u00eb mia n\u00ebp\u00ebr Shqip\u00ebri. Nj\u00ebra prej tyre mbante edhe dy f\u00ebmij\u00eb n\u00eb nj\u00eb fshat pa uj\u00eb, pa kushte, e dhunuar, n\u00eb nj\u00eb sht\u00ebpi t\u00eb nd\u00ebrtuar vet\u00eb. I rriste vet\u00eb f\u00ebmij\u00ebt e vet. At\u00eb ne e ndihmuam q\u00eb t\u00eb dilte nga ai realitet, ama gra t\u00eb tjera si ajo un\u00eb i kam \u00e7do dit\u00eb n\u00eb zem\u00ebr sepse e kan\u00eb k\u00ebt\u00eb sfid\u00eb dhe sa her\u00eb i takoj, i kam model force.<\/em><\/p>\n\n\n\n<p><em>Nj\u00eb nga qindra m\u00ebsueset q\u00eb kam pasur fatin t\u00eb takoj dhe q\u00eb kan\u00eb zgjedhur t\u2019u japin m\u00ebsim f\u00ebmij\u00ebve n\u00eb zonat m\u00eb t\u00eb thella, ka vendosur t\u00eb jet\u00eb edhe nj\u00eb z\u00eb i fort\u00eb n\u00eb politikat lokale. Sa her\u00eb e shoh t\u00eb ringrihet pavar\u00ebsisht v\u00ebshtir\u00ebsive q\u00eb ka, aq m\u00eb shum\u00eb frym\u00ebzohem t\u00eb kontribuoj me aq sa mundem p\u00ebr \u00e7do grua q\u00eb ka vendosur t\u00eb ngrej\u00eb z\u00ebrin. Mij\u00ebra gra q\u00eb kam pasur fatin t\u00eb takoj n\u00ebp\u00ebr Shqip\u00ebri, jan\u00eb z\u00ebri i forc\u00ebs p\u00ebr k\u00ebdo. Ato jan\u00eb ngritur dhe ja kan\u00eb dal\u00eb gjithmon\u00eb. T\u00eb gjitha ato ishin forca ime edhe n\u00eb momentin tim m\u00eb t\u00eb v\u00ebshtir\u00eb t\u00eb jet\u00ebs, jan\u00eb forca ime edhe n\u00eb dit\u00ebt m\u00eb t\u00eb bukura kur kam mund\u00ebsi t\u00eb b\u00ebj di\u00e7ka p\u00ebr to. E v\u00ebrteta \u00ebsht\u00eb q\u00eb ne shpesh, ose asnj\u00ebher\u00eb nuk i zgjedhim dot ato q\u00eb ndodhin n\u00eb jet\u00eb, nuk e ndalojm\u00eb dot rrjedh\u00ebn e jet\u00ebs, por kemi n\u00eb dor\u00eb m\u00ebnyr\u00ebn si reagojm\u00eb p\u00ebr to, kemi n\u00eb dor\u00eb q\u00eb dhimbjen ta kthejm\u00eb n\u00eb forc\u00eb dhe t\u00eb m\u00ebsojm\u00eb t\u00eb ecim p\u00ebrpara.<\/em><\/p>\n\n\n\n<p><em>N\u00eb Shqip\u00ebrin\u00eb ton\u00eb t\u00eb vog\u00ebl \u00ebsht\u00eb shum\u00eb e v\u00ebshtir\u00eb t\u00eb jesh nj\u00eb grua, q\u00eb kur lind e deri sa mbyll syt\u00eb. Grat\u00eb shqiptare jan\u00eb v\u00ebrtet\u00eb heroina, por kjo nuk do t\u00eb thot\u00eb q\u00eb duhen l\u00ebn\u00eb vet\u00eb. Heronjt\u00eb duhen mb\u00ebshtetur. K\u00ebdo q\u00eb ne e njohim duhet ta mb\u00ebshtesim sepse n\u00eb k\u00ebt\u00eb vend t\u00eb v\u00ebshtir\u00eb, duhet t\u00eb zgjedhim t\u00eb jetojm\u00eb me vlera sepse nj\u00eb shoq\u00ebri q\u00eb nuk i mb\u00ebshtet m\u00eb t\u00eb mir\u00ebt \u00ebsht\u00eb e destinuar t\u00eb vuaj\u00eb. Ngado q\u00eb ta ktheni shikimin do t\u00eb gjeni nj\u00eb grua q\u00eb frym\u00ebzon, nj\u00eb n\u00ebn\u00eb, nj\u00eb vajz\u00eb e cila ka vendosur t\u00eb ringrihet dhe po mundohet q\u00eb t\u2019ia dal\u00eb me t\u00eb gjitha v\u00ebshtir\u00ebsit\u00eb e saj. Do t\u00eb gjeni edhe djem, burra, baballar\u00eb q\u00eb frym\u00ebzojn\u00eb, mb\u00ebshtetja dhe mir\u00ebnjohja p\u00ebr t\u00eb gjith\u00eb k\u00ebta njer\u00ebz q\u00eb na e b\u00ebjn\u00eb jet\u00ebn m\u00eb t\u00eb mir\u00eb, edhe kur ndoshta nuk jan\u00eb m\u00eb fizikisht pran\u00eb nesh, por na e mbushin shpirtin me vlera dhe me drit\u00eb\u201d,<\/em>&nbsp;rr\u00ebfeu aktivistja<\/p>\n","protected":false},"excerpt":{"rendered":"<p>Aktivistja Edlira \u00c7epani e cila pak muaj m\u00eb par\u00eb u p\u00ebrball me dhimbjen m\u00eb t\u00eb madhe, me humbjen e bashk\u00ebshortit t\u00eb saj, Gert Bogdanit, ish-deputeti i cili p\u00ebsoi infarkt, ka ndar\u00eb nj\u00eb mesazh mjaft frym\u00ebzues. E ftuar n\u00eb Fest 63, Edlira ndau me publikun dhe ndjek\u00ebsit histori grash t\u00eb cilat e kan\u00eb b\u00ebr\u00eb at\u00eb t\u00eb [&hellip;]<\/p>\n","protected":false},"author":2,"featured_media":52267,"comment_status":"closed","ping_status":"closed","sticky":false,"template":"","format":"standard","meta":{"footnotes":""},"categories":[33],"tags":[],"class_list":{"0":"post-53556","1":"post","2":"type-post","3":"status-publish","4":"format-standard","5":"has-post-thumbnail","7":"category-showbiz"},"yoast_head":"<!-- This site is optimized with the Yoast SEO plugin v27.5 - https:\/\/yoast.com\/product\/yoast-seo-wordpress\/ -->\n<title>\u201cT\u00eb jesh e fort\u00eb \u00ebsht\u00eb e vetmja mund\u00ebsi q\u00eb ke n\u00eb jet\u00eb\u201d-Mesazhi frym\u00ebzues i Edlira \u00c7epanit n\u00eb Fest 63, pas vdekjes s\u00eb bashk\u00ebshortit - blogin.al<\/title>\n<meta name=\"robots\" content=\"index, follow, max-snippet:-1, max-image-preview:large, max-video-preview:-1\" \/>\n<link rel=\"canonical\" href=\"https:\/\/blogin.al\/?p=53556\" \/>\n<meta property=\"og:locale\" content=\"en_US\" \/>\n<meta property=\"og:type\" content=\"article\" \/>\n<meta property=\"og:title\" content=\"\u201cT\u00eb jesh e fort\u00eb \u00ebsht\u00eb e vetmja mund\u00ebsi q\u00eb ke n\u00eb jet\u00eb\u201d-Mesazhi frym\u00ebzues i Edlira \u00c7epanit n\u00eb Fest 63, pas vdekjes s\u00eb bashk\u00ebshortit - blogin.al\" \/>\n<meta property=\"og:description\" content=\"Aktivistja Edlira \u00c7epani e cila pak muaj m\u00eb par\u00eb u p\u00ebrball me dhimbjen m\u00eb t\u00eb madhe, me humbjen e bashk\u00ebshortit t\u00eb saj, Gert Bogdanit, ish-deputeti i cili p\u00ebsoi infarkt, ka ndar\u00eb nj\u00eb mesazh mjaft frym\u00ebzues. E ftuar n\u00eb Fest 63, Edlira ndau me publikun dhe ndjek\u00ebsit histori grash t\u00eb cilat e kan\u00eb b\u00ebr\u00eb at\u00eb t\u00eb [&hellip;]\" \/>\n<meta property=\"og:url\" content=\"https:\/\/blogin.al\/?p=53556\" \/>\n<meta property=\"og:site_name\" content=\"blogin.al\" \/>\n<meta property=\"article:published_time\" content=\"2024-12-20T11:25:37+00:00\" \/>\n<meta property=\"article:modified_time\" content=\"2024-12-20T11:25:39+00:00\" \/>\n<meta property=\"og:image\" content=\"https:\/\/blogin.al\/wp-content\/uploads\/2024\/11\/gert-bogdani.jpg\" \/>\n\t<meta property=\"og:image:width\" content=\"640\" \/>\n\t<meta property=\"og:image:height\" content=\"491\" \/>\n\t<meta property=\"og:image:type\" content=\"image\/jpeg\" \/>\n<meta name=\"author\" content=\"Blogin al\" \/>\n<meta name=\"twitter:card\" content=\"summary_large_image\" \/>\n<meta name=\"twitter:label1\" content=\"Written by\" \/>\n\t<meta name=\"twitter:data1\" content=\"Blogin al\" \/>\n\t<meta name=\"twitter:label2\" content=\"Est. reading time\" \/>\n\t<meta name=\"twitter:data2\" content=\"3 minutes\" \/>\n<script type=\"application\/ld+json\" class=\"yoast-schema-graph\">{\"@context\":\"https:\\\/\\\/schema.org\",\"@graph\":[{\"@type\":\"Article\",\"@id\":\"https:\\\/\\\/blogin.al\\\/?p=53556#article\",\"isPartOf\":{\"@id\":\"https:\\\/\\\/blogin.al\\\/?p=53556\"},\"author\":{\"name\":\"Blogin al\",\"@id\":\"https:\\\/\\\/blogin.al\\\/#\\\/schema\\\/person\\\/abdd56bc912cd511db877b852b115399\"},\"headline\":\"\u201cT\u00eb jesh e fort\u00eb \u00ebsht\u00eb e vetmja mund\u00ebsi q\u00eb ke n\u00eb jet\u00eb\u201d-Mesazhi frym\u00ebzues i Edlira \u00c7epanit n\u00eb Fest 63, pas vdekjes s\u00eb bashk\u00ebshortit\",\"datePublished\":\"2024-12-20T11:25:37+00:00\",\"dateModified\":\"2024-12-20T11:25:39+00:00\",\"mainEntityOfPage\":{\"@id\":\"https:\\\/\\\/blogin.al\\\/?p=53556\"},\"wordCount\":710,\"publisher\":{\"@id\":\"https:\\\/\\\/blogin.al\\\/#organization\"},\"image\":{\"@id\":\"https:\\\/\\\/blogin.al\\\/?p=53556#primaryimage\"},\"thumbnailUrl\":\"https:\\\/\\\/blogin.al\\\/wp-content\\\/uploads\\\/2024\\\/11\\\/gert-bogdani.jpg\",\"articleSection\":[\"SHOWBIZ\"],\"inLanguage\":\"en-US\"},{\"@type\":\"WebPage\",\"@id\":\"https:\\\/\\\/blogin.al\\\/?p=53556\",\"url\":\"https:\\\/\\\/blogin.al\\\/?p=53556\",\"name\":\"\u201cT\u00eb jesh e fort\u00eb \u00ebsht\u00eb e vetmja mund\u00ebsi q\u00eb ke n\u00eb jet\u00eb\u201d-Mesazhi frym\u00ebzues i Edlira \u00c7epanit n\u00eb Fest 63, pas vdekjes s\u00eb bashk\u00ebshortit - blogin.al\",\"isPartOf\":{\"@id\":\"https:\\\/\\\/blogin.al\\\/#website\"},\"primaryImageOfPage\":{\"@id\":\"https:\\\/\\\/blogin.al\\\/?p=53556#primaryimage\"},\"image\":{\"@id\":\"https:\\\/\\\/blogin.al\\\/?p=53556#primaryimage\"},\"thumbnailUrl\":\"https:\\\/\\\/blogin.al\\\/wp-content\\\/uploads\\\/2024\\\/11\\\/gert-bogdani.jpg\",\"datePublished\":\"2024-12-20T11:25:37+00:00\",\"dateModified\":\"2024-12-20T11:25:39+00:00\",\"breadcrumb\":{\"@id\":\"https:\\\/\\\/blogin.al\\\/?p=53556#breadcrumb\"},\"inLanguage\":\"en-US\",\"potentialAction\":[{\"@type\":\"ReadAction\",\"target\":[\"https:\\\/\\\/blogin.al\\\/?p=53556\"]}]},{\"@type\":\"ImageObject\",\"inLanguage\":\"en-US\",\"@id\":\"https:\\\/\\\/blogin.al\\\/?p=53556#primaryimage\",\"url\":\"https:\\\/\\\/blogin.al\\\/wp-content\\\/uploads\\\/2024\\\/11\\\/gert-bogdani.jpg\",\"contentUrl\":\"https:\\\/\\\/blogin.al\\\/wp-content\\\/uploads\\\/2024\\\/11\\\/gert-bogdani.jpg\",\"width\":640,\"height\":491},{\"@type\":\"BreadcrumbList\",\"@id\":\"https:\\\/\\\/blogin.al\\\/?p=53556#breadcrumb\",\"itemListElement\":[{\"@type\":\"ListItem\",\"position\":1,\"name\":\"Home\",\"item\":\"https:\\\/\\\/blogin.al\\\/\"},{\"@type\":\"ListItem\",\"position\":2,\"name\":\"\u201cT\u00eb jesh e fort\u00eb \u00ebsht\u00eb e vetmja mund\u00ebsi q\u00eb ke n\u00eb jet\u00eb\u201d-Mesazhi frym\u00ebzues i Edlira \u00c7epanit n\u00eb Fest 63, pas vdekjes s\u00eb bashk\u00ebshortit\"}]},{\"@type\":\"WebSite\",\"@id\":\"https:\\\/\\\/blogin.al\\\/#website\",\"url\":\"https:\\\/\\\/blogin.al\\\/\",\"name\":\"blogin.al\",\"description\":\"\",\"publisher\":{\"@id\":\"https:\\\/\\\/blogin.al\\\/#organization\"},\"potentialAction\":[{\"@type\":\"SearchAction\",\"target\":{\"@type\":\"EntryPoint\",\"urlTemplate\":\"https:\\\/\\\/blogin.al\\\/?s={search_term_string}\"},\"query-input\":{\"@type\":\"PropertyValueSpecification\",\"valueRequired\":true,\"valueName\":\"search_term_string\"}}],\"inLanguage\":\"en-US\"},{\"@type\":\"Organization\",\"@id\":\"https:\\\/\\\/blogin.al\\\/#organization\",\"name\":\"BLOGIN.al\",\"url\":\"https:\\\/\\\/blogin.al\\\/\",\"logo\":{\"@type\":\"ImageObject\",\"inLanguage\":\"en-US\",\"@id\":\"https:\\\/\\\/blogin.al\\\/#\\\/schema\\\/logo\\\/image\\\/\",\"url\":\"https:\\\/\\\/blogin.al\\\/wp-content\\\/uploads\\\/2022\\\/05\\\/Untitled-2-01-e1652084456514.png\",\"contentUrl\":\"https:\\\/\\\/blogin.al\\\/wp-content\\\/uploads\\\/2022\\\/05\\\/Untitled-2-01-e1652084456514.png\",\"width\":3723,\"height\":1698,\"caption\":\"BLOGIN.al\"},\"image\":{\"@id\":\"https:\\\/\\\/blogin.al\\\/#\\\/schema\\\/logo\\\/image\\\/\"},\"sameAs\":[\"https:\\\/\\\/instagram.com\\\/blogin.al\\\/\"]},{\"@type\":\"Person\",\"@id\":\"https:\\\/\\\/blogin.al\\\/#\\\/schema\\\/person\\\/abdd56bc912cd511db877b852b115399\",\"name\":\"Blogin al\",\"image\":{\"@type\":\"ImageObject\",\"inLanguage\":\"en-US\",\"@id\":\"https:\\\/\\\/secure.gravatar.com\\\/avatar\\\/60d5661aee6e835fb13dc75d2204cd0c1d61bef2efd137c0083e59ef831e235e?s=96&d=mm&r=g\",\"url\":\"https:\\\/\\\/secure.gravatar.com\\\/avatar\\\/60d5661aee6e835fb13dc75d2204cd0c1d61bef2efd137c0083e59ef831e235e?s=96&d=mm&r=g\",\"contentUrl\":\"https:\\\/\\\/secure.gravatar.com\\\/avatar\\\/60d5661aee6e835fb13dc75d2204cd0c1d61bef2efd137c0083e59ef831e235e?s=96&d=mm&r=g\",\"caption\":\"Blogin al\"},\"sameAs\":[\"https:\\\/\\\/blogin.al\"],\"url\":\"https:\\\/\\\/blogin.al\\\/?author=2\"}]}<\/script>\n<!-- \/ Yoast SEO plugin. -->","yoast_head_json":{"title":"\u201cT\u00eb jesh e fort\u00eb \u00ebsht\u00eb e vetmja mund\u00ebsi q\u00eb ke n\u00eb jet\u00eb\u201d-Mesazhi frym\u00ebzues i Edlira \u00c7epanit n\u00eb Fest 63, pas vdekjes s\u00eb bashk\u00ebshortit - blogin.al","robots":{"index":"index","follow":"follow","max-snippet":"max-snippet:-1","max-image-preview":"max-image-preview:large","max-video-preview":"max-video-preview:-1"},"canonical":"https:\/\/blogin.al\/?p=53556","og_locale":"en_US","og_type":"article","og_title":"\u201cT\u00eb jesh e fort\u00eb \u00ebsht\u00eb e vetmja mund\u00ebsi q\u00eb ke n\u00eb jet\u00eb\u201d-Mesazhi frym\u00ebzues i Edlira \u00c7epanit n\u00eb Fest 63, pas vdekjes s\u00eb bashk\u00ebshortit - blogin.al","og_description":"Aktivistja Edlira \u00c7epani e cila pak muaj m\u00eb par\u00eb u p\u00ebrball me dhimbjen m\u00eb t\u00eb madhe, me humbjen e bashk\u00ebshortit t\u00eb saj, Gert Bogdanit, ish-deputeti i cili p\u00ebsoi infarkt, ka ndar\u00eb nj\u00eb mesazh mjaft frym\u00ebzues. E ftuar n\u00eb Fest 63, Edlira ndau me publikun dhe ndjek\u00ebsit histori grash t\u00eb cilat e kan\u00eb b\u00ebr\u00eb at\u00eb t\u00eb [&hellip;]","og_url":"https:\/\/blogin.al\/?p=53556","og_site_name":"blogin.al","article_published_time":"2024-12-20T11:25:37+00:00","article_modified_time":"2024-12-20T11:25:39+00:00","og_image":[{"width":640,"height":491,"url":"https:\/\/blogin.al\/wp-content\/uploads\/2024\/11\/gert-bogdani.jpg","type":"image\/jpeg"}],"author":"Blogin al","twitter_card":"summary_large_image","twitter_misc":{"Written by":"Blogin al","Est. reading time":"3 minutes"},"schema":{"@context":"https:\/\/schema.org","@graph":[{"@type":"Article","@id":"https:\/\/blogin.al\/?p=53556#article","isPartOf":{"@id":"https:\/\/blogin.al\/?p=53556"},"author":{"name":"Blogin al","@id":"https:\/\/blogin.al\/#\/schema\/person\/abdd56bc912cd511db877b852b115399"},"headline":"\u201cT\u00eb jesh e fort\u00eb \u00ebsht\u00eb e vetmja mund\u00ebsi q\u00eb ke n\u00eb jet\u00eb\u201d-Mesazhi frym\u00ebzues i Edlira \u00c7epanit n\u00eb Fest 63, pas vdekjes s\u00eb bashk\u00ebshortit","datePublished":"2024-12-20T11:25:37+00:00","dateModified":"2024-12-20T11:25:39+00:00","mainEntityOfPage":{"@id":"https:\/\/blogin.al\/?p=53556"},"wordCount":710,"publisher":{"@id":"https:\/\/blogin.al\/#organization"},"image":{"@id":"https:\/\/blogin.al\/?p=53556#primaryimage"},"thumbnailUrl":"https:\/\/blogin.al\/wp-content\/uploads\/2024\/11\/gert-bogdani.jpg","articleSection":["SHOWBIZ"],"inLanguage":"en-US"},{"@type":"WebPage","@id":"https:\/\/blogin.al\/?p=53556","url":"https:\/\/blogin.al\/?p=53556","name":"\u201cT\u00eb jesh e fort\u00eb \u00ebsht\u00eb e vetmja mund\u00ebsi q\u00eb ke n\u00eb jet\u00eb\u201d-Mesazhi frym\u00ebzues i Edlira \u00c7epanit n\u00eb Fest 63, pas vdekjes s\u00eb bashk\u00ebshortit - blogin.al","isPartOf":{"@id":"https:\/\/blogin.al\/#website"},"primaryImageOfPage":{"@id":"https:\/\/blogin.al\/?p=53556#primaryimage"},"image":{"@id":"https:\/\/blogin.al\/?p=53556#primaryimage"},"thumbnailUrl":"https:\/\/blogin.al\/wp-content\/uploads\/2024\/11\/gert-bogdani.jpg","datePublished":"2024-12-20T11:25:37+00:00","dateModified":"2024-12-20T11:25:39+00:00","breadcrumb":{"@id":"https:\/\/blogin.al\/?p=53556#breadcrumb"},"inLanguage":"en-US","potentialAction":[{"@type":"ReadAction","target":["https:\/\/blogin.al\/?p=53556"]}]},{"@type":"ImageObject","inLanguage":"en-US","@id":"https:\/\/blogin.al\/?p=53556#primaryimage","url":"https:\/\/blogin.al\/wp-content\/uploads\/2024\/11\/gert-bogdani.jpg","contentUrl":"https:\/\/blogin.al\/wp-content\/uploads\/2024\/11\/gert-bogdani.jpg","width":640,"height":491},{"@type":"BreadcrumbList","@id":"https:\/\/blogin.al\/?p=53556#breadcrumb","itemListElement":[{"@type":"ListItem","position":1,"name":"Home","item":"https:\/\/blogin.al\/"},{"@type":"ListItem","position":2,"name":"\u201cT\u00eb jesh e fort\u00eb \u00ebsht\u00eb e vetmja mund\u00ebsi q\u00eb ke n\u00eb jet\u00eb\u201d-Mesazhi frym\u00ebzues i Edlira \u00c7epanit n\u00eb Fest 63, pas vdekjes s\u00eb bashk\u00ebshortit"}]},{"@type":"WebSite","@id":"https:\/\/blogin.al\/#website","url":"https:\/\/blogin.al\/","name":"blogin.al","description":"","publisher":{"@id":"https:\/\/blogin.al\/#organization"},"potentialAction":[{"@type":"SearchAction","target":{"@type":"EntryPoint","urlTemplate":"https:\/\/blogin.al\/?s={search_term_string}"},"query-input":{"@type":"PropertyValueSpecification","valueRequired":true,"valueName":"search_term_string"}}],"inLanguage":"en-US"},{"@type":"Organization","@id":"https:\/\/blogin.al\/#organization","name":"BLOGIN.al","url":"https:\/\/blogin.al\/","logo":{"@type":"ImageObject","inLanguage":"en-US","@id":"https:\/\/blogin.al\/#\/schema\/logo\/image\/","url":"https:\/\/blogin.al\/wp-content\/uploads\/2022\/05\/Untitled-2-01-e1652084456514.png","contentUrl":"https:\/\/blogin.al\/wp-content\/uploads\/2022\/05\/Untitled-2-01-e1652084456514.png","width":3723,"height":1698,"caption":"BLOGIN.al"},"image":{"@id":"https:\/\/blogin.al\/#\/schema\/logo\/image\/"},"sameAs":["https:\/\/instagram.com\/blogin.al\/"]},{"@type":"Person","@id":"https:\/\/blogin.al\/#\/schema\/person\/abdd56bc912cd511db877b852b115399","name":"Blogin al","image":{"@type":"ImageObject","inLanguage":"en-US","@id":"https:\/\/secure.gravatar.com\/avatar\/60d5661aee6e835fb13dc75d2204cd0c1d61bef2efd137c0083e59ef831e235e?s=96&d=mm&r=g","url":"https:\/\/secure.gravatar.com\/avatar\/60d5661aee6e835fb13dc75d2204cd0c1d61bef2efd137c0083e59ef831e235e?s=96&d=mm&r=g","contentUrl":"https:\/\/secure.gravatar.com\/avatar\/60d5661aee6e835fb13dc75d2204cd0c1d61bef2efd137c0083e59ef831e235e?s=96&d=mm&r=g","caption":"Blogin al"},"sameAs":["https:\/\/blogin.al"],"url":"https:\/\/blogin.al\/?author=2"}]}},"_links":{"self":[{"href":"https:\/\/blogin.al\/index.php?rest_route=\/wp\/v2\/posts\/53556","targetHints":{"allow":["GET"]}}],"collection":[{"href":"https:\/\/blogin.al\/index.php?rest_route=\/wp\/v2\/posts"}],"about":[{"href":"https:\/\/blogin.al\/index.php?rest_route=\/wp\/v2\/types\/post"}],"author":[{"embeddable":true,"href":"https:\/\/blogin.al\/index.php?rest_route=\/wp\/v2\/users\/2"}],"replies":[{"embeddable":true,"href":"https:\/\/blogin.al\/index.php?rest_route=%2Fwp%2Fv2%2Fcomments&post=53556"}],"version-history":[{"count":1,"href":"https:\/\/blogin.al\/index.php?rest_route=\/wp\/v2\/posts\/53556\/revisions"}],"predecessor-version":[{"id":53557,"href":"https:\/\/blogin.al\/index.php?rest_route=\/wp\/v2\/posts\/53556\/revisions\/53557"}],"wp:featuredmedia":[{"embeddable":true,"href":"https:\/\/blogin.al\/index.php?rest_route=\/wp\/v2\/media\/52267"}],"wp:attachment":[{"href":"https:\/\/blogin.al\/index.php?rest_route=%2Fwp%2Fv2%2Fmedia&parent=53556"}],"wp:term":[{"taxonomy":"category","embeddable":true,"href":"https:\/\/blogin.al\/index.php?rest_route=%2Fwp%2Fv2%2Fcategories&post=53556"},{"taxonomy":"post_tag","embeddable":true,"href":"https:\/\/blogin.al\/index.php?rest_route=%2Fwp%2Fv2%2Ftags&post=53556"}],"curies":[{"name":"wp","href":"https:\/\/api.w.org\/{rel}","templated":true}]}}