{"id":53583,"date":"2024-12-21T14:14:28","date_gmt":"2024-12-21T14:14:28","guid":{"rendered":"https:\/\/blogin.al\/?p=53583"},"modified":"2024-12-21T14:14:31","modified_gmt":"2024-12-21T14:14:31","slug":"anita-haradinaj-perjetova-tri-aborte-mjeku-me-tha-se-duhej-te-me-hiqnin-mitren","status":"publish","type":"post","link":"https:\/\/blogin.al\/?p=53583","title":{"rendered":"Anita Haradinaj: P\u00ebrjetova tri aborte, mjeku m\u00eb tha se duhej t\u00eb m\u00eb hiqnin mitr\u00ebn"},"content":{"rendered":"\n<p>Anita Mu\u00e7aj-Haradinaj ishte e ftuar n\u00eb podkastin e Orinda Hut\u00ebs, \u201cMam\u201d, k\u00ebsaj radhe p\u00ebr t\u00eb mos folur vet\u00ebm p\u00ebr profesionin e saj si gazetare, por edhe p\u00ebr rolin e saj si n\u00ebn\u00eb. Anita dhe Ramush Haradinaj jan\u00eb prind\u00ebr t\u00eb tre f\u00ebmij\u00ebve, Gjinit, Han\u00ebs dhe Trimit.<\/p>\n\n\n\n<p>Gjat\u00eb intervist\u00ebs, Anita rr\u00ebfeu se ka kaluar tri aborte, t\u00eb cilat kan\u00eb qen\u00eb momente shum\u00eb t\u00eb v\u00ebshtira p\u00ebr t\u00eb, por nga ana tjet\u00ebr e forcuar emocionalisht.<\/p>\n\n\n\n<p>Ajo zbuloi edhe komplikacionet e shtatz\u00ebnin\u00eb e saj t\u00eb fundit, me djalin e saj Trimin. Anita tha se ka pasur placenta previa dhe doktori i tha se duhej t\u2019i hiqnin mitr\u00ebn, por ajo refuzoi kategorikisht, pavar\u00ebsisht komplikacioneve q\u00eb mund t\u00eb kishte.<\/p>\n\n\n\n<p>Anita Haradinaj:<em>&nbsp;Do i kisha dashur 6 f\u00ebmij\u00eb dhe jam mama \u00e7unash. Do kisha dash t\u00eb kisha 5 \u00e7una dhe nj\u00eb goc\u00eb, q\u00eb t\u00eb ma mbanin goc\u00ebn n\u00eb p\u00ebll\u00ebmb\u00eb t\u00eb dor\u00ebs\u2026Me Trimin kam pas placenta previa dhe doktori m\u00eb thot\u00eb do t\u00eb heq mitr\u00ebn. Jo thash\u00eb un\u00eb po ma hoqe mitr\u00ebn thash\u00eb gjeja Ramushit nj\u00eb nuse tjet\u00ebr. Ai m\u00eb tha se do kesh komplikime, e un\u00eb i thash\u00eb s\u2019ka problem i marr p\u00ebrsip\u00ebr t\u00eb gjitha.<\/em><\/p>\n","protected":false},"excerpt":{"rendered":"<p>Anita Mu\u00e7aj-Haradinaj ishte e ftuar n\u00eb podkastin e Orinda Hut\u00ebs, \u201cMam\u201d, k\u00ebsaj radhe p\u00ebr t\u00eb mos folur vet\u00ebm p\u00ebr profesionin e saj si gazetare, por edhe p\u00ebr rolin e saj si n\u00ebn\u00eb. Anita dhe Ramush Haradinaj jan\u00eb prind\u00ebr t\u00eb tre f\u00ebmij\u00ebve, Gjinit, Han\u00ebs dhe Trimit. Gjat\u00eb intervist\u00ebs, Anita rr\u00ebfeu se ka kaluar tri aborte, t\u00eb [&hellip;]<\/p>\n","protected":false},"author":2,"featured_media":39512,"comment_status":"closed","ping_status":"closed","sticky":false,"template":"","format":"standard","meta":{"footnotes":""},"categories":[33],"tags":[],"class_list":{"0":"post-53583","1":"post","2":"type-post","3":"status-publish","4":"format-standard","5":"has-post-thumbnail","7":"category-showbiz"},"yoast_head":"<!-- This site is optimized with the Yoast SEO plugin v27.5 - https:\/\/yoast.com\/product\/yoast-seo-wordpress\/ -->\n<title>Anita Haradinaj: P\u00ebrjetova tri aborte, mjeku m\u00eb tha se duhej t\u00eb m\u00eb hiqnin mitr\u00ebn - blogin.al<\/title>\n<meta name=\"robots\" content=\"index, follow, max-snippet:-1, max-image-preview:large, max-video-preview:-1\" \/>\n<link rel=\"canonical\" href=\"https:\/\/blogin.al\/?p=53583\" \/>\n<meta property=\"og:locale\" content=\"en_US\" \/>\n<meta property=\"og:type\" content=\"article\" \/>\n<meta property=\"og:title\" content=\"Anita Haradinaj: P\u00ebrjetova tri aborte, mjeku m\u00eb tha se duhej t\u00eb m\u00eb hiqnin mitr\u00ebn - blogin.al\" \/>\n<meta property=\"og:description\" content=\"Anita Mu\u00e7aj-Haradinaj ishte e ftuar n\u00eb podkastin e Orinda Hut\u00ebs, \u201cMam\u201d, k\u00ebsaj radhe p\u00ebr t\u00eb mos folur vet\u00ebm p\u00ebr profesionin e saj si gazetare, por edhe p\u00ebr rolin e saj si n\u00ebn\u00eb. Anita dhe Ramush Haradinaj jan\u00eb prind\u00ebr t\u00eb tre f\u00ebmij\u00ebve, Gjinit, Han\u00ebs dhe Trimit. Gjat\u00eb intervist\u00ebs, Anita rr\u00ebfeu se ka kaluar tri aborte, t\u00eb [&hellip;]\" \/>\n<meta property=\"og:url\" content=\"https:\/\/blogin.al\/?p=53583\" \/>\n<meta property=\"og:site_name\" content=\"blogin.al\" \/>\n<meta property=\"article:published_time\" content=\"2024-12-21T14:14:28+00:00\" \/>\n<meta property=\"article:modified_time\" content=\"2024-12-21T14:14:31+00:00\" \/>\n<meta property=\"og:image\" content=\"https:\/\/blogin.al\/wp-content\/uploads\/2023\/11\/image-17.png\" \/>\n\t<meta property=\"og:image:width\" content=\"1253\" \/>\n\t<meta property=\"og:image:height\" content=\"653\" \/>\n\t<meta property=\"og:image:type\" content=\"image\/png\" \/>\n<meta name=\"author\" content=\"Blogin al\" \/>\n<meta name=\"twitter:card\" content=\"summary_large_image\" \/>\n<meta name=\"twitter:label1\" content=\"Written by\" \/>\n\t<meta name=\"twitter:data1\" content=\"Blogin al\" \/>\n\t<meta name=\"twitter:label2\" content=\"Est. reading time\" \/>\n\t<meta name=\"twitter:data2\" content=\"2 minutes\" \/>\n<script type=\"application\/ld+json\" class=\"yoast-schema-graph\">{\"@context\":\"https:\\\/\\\/schema.org\",\"@graph\":[{\"@type\":\"Article\",\"@id\":\"https:\\\/\\\/blogin.al\\\/?p=53583#article\",\"isPartOf\":{\"@id\":\"https:\\\/\\\/blogin.al\\\/?p=53583\"},\"author\":{\"name\":\"Blogin al\",\"@id\":\"https:\\\/\\\/blogin.al\\\/#\\\/schema\\\/person\\\/abdd56bc912cd511db877b852b115399\"},\"headline\":\"Anita Haradinaj: P\u00ebrjetova tri aborte, mjeku m\u00eb tha se duhej t\u00eb m\u00eb hiqnin mitr\u00ebn\",\"datePublished\":\"2024-12-21T14:14:28+00:00\",\"dateModified\":\"2024-12-21T14:14:31+00:00\",\"mainEntityOfPage\":{\"@id\":\"https:\\\/\\\/blogin.al\\\/?p=53583\"},\"wordCount\":235,\"publisher\":{\"@id\":\"https:\\\/\\\/blogin.al\\\/#organization\"},\"image\":{\"@id\":\"https:\\\/\\\/blogin.al\\\/?p=53583#primaryimage\"},\"thumbnailUrl\":\"https:\\\/\\\/blogin.al\\\/wp-content\\\/uploads\\\/2023\\\/11\\\/image-17.png\",\"articleSection\":[\"SHOWBIZ\"],\"inLanguage\":\"en-US\"},{\"@type\":\"WebPage\",\"@id\":\"https:\\\/\\\/blogin.al\\\/?p=53583\",\"url\":\"https:\\\/\\\/blogin.al\\\/?p=53583\",\"name\":\"Anita Haradinaj: P\u00ebrjetova tri aborte, mjeku m\u00eb tha se duhej t\u00eb m\u00eb hiqnin mitr\u00ebn - blogin.al\",\"isPartOf\":{\"@id\":\"https:\\\/\\\/blogin.al\\\/#website\"},\"primaryImageOfPage\":{\"@id\":\"https:\\\/\\\/blogin.al\\\/?p=53583#primaryimage\"},\"image\":{\"@id\":\"https:\\\/\\\/blogin.al\\\/?p=53583#primaryimage\"},\"thumbnailUrl\":\"https:\\\/\\\/blogin.al\\\/wp-content\\\/uploads\\\/2023\\\/11\\\/image-17.png\",\"datePublished\":\"2024-12-21T14:14:28+00:00\",\"dateModified\":\"2024-12-21T14:14:31+00:00\",\"breadcrumb\":{\"@id\":\"https:\\\/\\\/blogin.al\\\/?p=53583#breadcrumb\"},\"inLanguage\":\"en-US\",\"potentialAction\":[{\"@type\":\"ReadAction\",\"target\":[\"https:\\\/\\\/blogin.al\\\/?p=53583\"]}]},{\"@type\":\"ImageObject\",\"inLanguage\":\"en-US\",\"@id\":\"https:\\\/\\\/blogin.al\\\/?p=53583#primaryimage\",\"url\":\"https:\\\/\\\/blogin.al\\\/wp-content\\\/uploads\\\/2023\\\/11\\\/image-17.png\",\"contentUrl\":\"https:\\\/\\\/blogin.al\\\/wp-content\\\/uploads\\\/2023\\\/11\\\/image-17.png\",\"width\":1253,\"height\":653},{\"@type\":\"BreadcrumbList\",\"@id\":\"https:\\\/\\\/blogin.al\\\/?p=53583#breadcrumb\",\"itemListElement\":[{\"@type\":\"ListItem\",\"position\":1,\"name\":\"Home\",\"item\":\"https:\\\/\\\/blogin.al\\\/\"},{\"@type\":\"ListItem\",\"position\":2,\"name\":\"Anita Haradinaj: P\u00ebrjetova tri aborte, mjeku m\u00eb tha se duhej t\u00eb m\u00eb hiqnin mitr\u00ebn\"}]},{\"@type\":\"WebSite\",\"@id\":\"https:\\\/\\\/blogin.al\\\/#website\",\"url\":\"https:\\\/\\\/blogin.al\\\/\",\"name\":\"blogin.al\",\"description\":\"\",\"publisher\":{\"@id\":\"https:\\\/\\\/blogin.al\\\/#organization\"},\"potentialAction\":[{\"@type\":\"SearchAction\",\"target\":{\"@type\":\"EntryPoint\",\"urlTemplate\":\"https:\\\/\\\/blogin.al\\\/?s={search_term_string}\"},\"query-input\":{\"@type\":\"PropertyValueSpecification\",\"valueRequired\":true,\"valueName\":\"search_term_string\"}}],\"inLanguage\":\"en-US\"},{\"@type\":\"Organization\",\"@id\":\"https:\\\/\\\/blogin.al\\\/#organization\",\"name\":\"BLOGIN.al\",\"url\":\"https:\\\/\\\/blogin.al\\\/\",\"logo\":{\"@type\":\"ImageObject\",\"inLanguage\":\"en-US\",\"@id\":\"https:\\\/\\\/blogin.al\\\/#\\\/schema\\\/logo\\\/image\\\/\",\"url\":\"https:\\\/\\\/blogin.al\\\/wp-content\\\/uploads\\\/2022\\\/05\\\/Untitled-2-01-e1652084456514.png\",\"contentUrl\":\"https:\\\/\\\/blogin.al\\\/wp-content\\\/uploads\\\/2022\\\/05\\\/Untitled-2-01-e1652084456514.png\",\"width\":3723,\"height\":1698,\"caption\":\"BLOGIN.al\"},\"image\":{\"@id\":\"https:\\\/\\\/blogin.al\\\/#\\\/schema\\\/logo\\\/image\\\/\"},\"sameAs\":[\"https:\\\/\\\/instagram.com\\\/blogin.al\\\/\"]},{\"@type\":\"Person\",\"@id\":\"https:\\\/\\\/blogin.al\\\/#\\\/schema\\\/person\\\/abdd56bc912cd511db877b852b115399\",\"name\":\"Blogin al\",\"image\":{\"@type\":\"ImageObject\",\"inLanguage\":\"en-US\",\"@id\":\"https:\\\/\\\/secure.gravatar.com\\\/avatar\\\/60d5661aee6e835fb13dc75d2204cd0c1d61bef2efd137c0083e59ef831e235e?s=96&d=mm&r=g\",\"url\":\"https:\\\/\\\/secure.gravatar.com\\\/avatar\\\/60d5661aee6e835fb13dc75d2204cd0c1d61bef2efd137c0083e59ef831e235e?s=96&d=mm&r=g\",\"contentUrl\":\"https:\\\/\\\/secure.gravatar.com\\\/avatar\\\/60d5661aee6e835fb13dc75d2204cd0c1d61bef2efd137c0083e59ef831e235e?s=96&d=mm&r=g\",\"caption\":\"Blogin al\"},\"sameAs\":[\"https:\\\/\\\/blogin.al\"],\"url\":\"https:\\\/\\\/blogin.al\\\/?author=2\"}]}<\/script>\n<!-- \/ Yoast SEO plugin. -->","yoast_head_json":{"title":"Anita Haradinaj: P\u00ebrjetova tri aborte, mjeku m\u00eb tha se duhej t\u00eb m\u00eb hiqnin mitr\u00ebn - blogin.al","robots":{"index":"index","follow":"follow","max-snippet":"max-snippet:-1","max-image-preview":"max-image-preview:large","max-video-preview":"max-video-preview:-1"},"canonical":"https:\/\/blogin.al\/?p=53583","og_locale":"en_US","og_type":"article","og_title":"Anita Haradinaj: P\u00ebrjetova tri aborte, mjeku m\u00eb tha se duhej t\u00eb m\u00eb hiqnin mitr\u00ebn - blogin.al","og_description":"Anita Mu\u00e7aj-Haradinaj ishte e ftuar n\u00eb podkastin e Orinda Hut\u00ebs, \u201cMam\u201d, k\u00ebsaj radhe p\u00ebr t\u00eb mos folur vet\u00ebm p\u00ebr profesionin e saj si gazetare, por edhe p\u00ebr rolin e saj si n\u00ebn\u00eb. Anita dhe Ramush Haradinaj jan\u00eb prind\u00ebr t\u00eb tre f\u00ebmij\u00ebve, Gjinit, Han\u00ebs dhe Trimit. Gjat\u00eb intervist\u00ebs, Anita rr\u00ebfeu se ka kaluar tri aborte, t\u00eb [&hellip;]","og_url":"https:\/\/blogin.al\/?p=53583","og_site_name":"blogin.al","article_published_time":"2024-12-21T14:14:28+00:00","article_modified_time":"2024-12-21T14:14:31+00:00","og_image":[{"width":1253,"height":653,"url":"https:\/\/blogin.al\/wp-content\/uploads\/2023\/11\/image-17.png","type":"image\/png"}],"author":"Blogin al","twitter_card":"summary_large_image","twitter_misc":{"Written by":"Blogin al","Est. reading time":"2 minutes"},"schema":{"@context":"https:\/\/schema.org","@graph":[{"@type":"Article","@id":"https:\/\/blogin.al\/?p=53583#article","isPartOf":{"@id":"https:\/\/blogin.al\/?p=53583"},"author":{"name":"Blogin al","@id":"https:\/\/blogin.al\/#\/schema\/person\/abdd56bc912cd511db877b852b115399"},"headline":"Anita Haradinaj: P\u00ebrjetova tri aborte, mjeku m\u00eb tha se duhej t\u00eb m\u00eb hiqnin mitr\u00ebn","datePublished":"2024-12-21T14:14:28+00:00","dateModified":"2024-12-21T14:14:31+00:00","mainEntityOfPage":{"@id":"https:\/\/blogin.al\/?p=53583"},"wordCount":235,"publisher":{"@id":"https:\/\/blogin.al\/#organization"},"image":{"@id":"https:\/\/blogin.al\/?p=53583#primaryimage"},"thumbnailUrl":"https:\/\/blogin.al\/wp-content\/uploads\/2023\/11\/image-17.png","articleSection":["SHOWBIZ"],"inLanguage":"en-US"},{"@type":"WebPage","@id":"https:\/\/blogin.al\/?p=53583","url":"https:\/\/blogin.al\/?p=53583","name":"Anita Haradinaj: P\u00ebrjetova tri aborte, mjeku m\u00eb tha se duhej t\u00eb m\u00eb hiqnin mitr\u00ebn - blogin.al","isPartOf":{"@id":"https:\/\/blogin.al\/#website"},"primaryImageOfPage":{"@id":"https:\/\/blogin.al\/?p=53583#primaryimage"},"image":{"@id":"https:\/\/blogin.al\/?p=53583#primaryimage"},"thumbnailUrl":"https:\/\/blogin.al\/wp-content\/uploads\/2023\/11\/image-17.png","datePublished":"2024-12-21T14:14:28+00:00","dateModified":"2024-12-21T14:14:31+00:00","breadcrumb":{"@id":"https:\/\/blogin.al\/?p=53583#breadcrumb"},"inLanguage":"en-US","potentialAction":[{"@type":"ReadAction","target":["https:\/\/blogin.al\/?p=53583"]}]},{"@type":"ImageObject","inLanguage":"en-US","@id":"https:\/\/blogin.al\/?p=53583#primaryimage","url":"https:\/\/blogin.al\/wp-content\/uploads\/2023\/11\/image-17.png","contentUrl":"https:\/\/blogin.al\/wp-content\/uploads\/2023\/11\/image-17.png","width":1253,"height":653},{"@type":"BreadcrumbList","@id":"https:\/\/blogin.al\/?p=53583#breadcrumb","itemListElement":[{"@type":"ListItem","position":1,"name":"Home","item":"https:\/\/blogin.al\/"},{"@type":"ListItem","position":2,"name":"Anita Haradinaj: P\u00ebrjetova tri aborte, mjeku m\u00eb tha se duhej t\u00eb m\u00eb hiqnin mitr\u00ebn"}]},{"@type":"WebSite","@id":"https:\/\/blogin.al\/#website","url":"https:\/\/blogin.al\/","name":"blogin.al","description":"","publisher":{"@id":"https:\/\/blogin.al\/#organization"},"potentialAction":[{"@type":"SearchAction","target":{"@type":"EntryPoint","urlTemplate":"https:\/\/blogin.al\/?s={search_term_string}"},"query-input":{"@type":"PropertyValueSpecification","valueRequired":true,"valueName":"search_term_string"}}],"inLanguage":"en-US"},{"@type":"Organization","@id":"https:\/\/blogin.al\/#organization","name":"BLOGIN.al","url":"https:\/\/blogin.al\/","logo":{"@type":"ImageObject","inLanguage":"en-US","@id":"https:\/\/blogin.al\/#\/schema\/logo\/image\/","url":"https:\/\/blogin.al\/wp-content\/uploads\/2022\/05\/Untitled-2-01-e1652084456514.png","contentUrl":"https:\/\/blogin.al\/wp-content\/uploads\/2022\/05\/Untitled-2-01-e1652084456514.png","width":3723,"height":1698,"caption":"BLOGIN.al"},"image":{"@id":"https:\/\/blogin.al\/#\/schema\/logo\/image\/"},"sameAs":["https:\/\/instagram.com\/blogin.al\/"]},{"@type":"Person","@id":"https:\/\/blogin.al\/#\/schema\/person\/abdd56bc912cd511db877b852b115399","name":"Blogin al","image":{"@type":"ImageObject","inLanguage":"en-US","@id":"https:\/\/secure.gravatar.com\/avatar\/60d5661aee6e835fb13dc75d2204cd0c1d61bef2efd137c0083e59ef831e235e?s=96&d=mm&r=g","url":"https:\/\/secure.gravatar.com\/avatar\/60d5661aee6e835fb13dc75d2204cd0c1d61bef2efd137c0083e59ef831e235e?s=96&d=mm&r=g","contentUrl":"https:\/\/secure.gravatar.com\/avatar\/60d5661aee6e835fb13dc75d2204cd0c1d61bef2efd137c0083e59ef831e235e?s=96&d=mm&r=g","caption":"Blogin al"},"sameAs":["https:\/\/blogin.al"],"url":"https:\/\/blogin.al\/?author=2"}]}},"_links":{"self":[{"href":"https:\/\/blogin.al\/index.php?rest_route=\/wp\/v2\/posts\/53583","targetHints":{"allow":["GET"]}}],"collection":[{"href":"https:\/\/blogin.al\/index.php?rest_route=\/wp\/v2\/posts"}],"about":[{"href":"https:\/\/blogin.al\/index.php?rest_route=\/wp\/v2\/types\/post"}],"author":[{"embeddable":true,"href":"https:\/\/blogin.al\/index.php?rest_route=\/wp\/v2\/users\/2"}],"replies":[{"embeddable":true,"href":"https:\/\/blogin.al\/index.php?rest_route=%2Fwp%2Fv2%2Fcomments&post=53583"}],"version-history":[{"count":1,"href":"https:\/\/blogin.al\/index.php?rest_route=\/wp\/v2\/posts\/53583\/revisions"}],"predecessor-version":[{"id":53584,"href":"https:\/\/blogin.al\/index.php?rest_route=\/wp\/v2\/posts\/53583\/revisions\/53584"}],"wp:featuredmedia":[{"embeddable":true,"href":"https:\/\/blogin.al\/index.php?rest_route=\/wp\/v2\/media\/39512"}],"wp:attachment":[{"href":"https:\/\/blogin.al\/index.php?rest_route=%2Fwp%2Fv2%2Fmedia&parent=53583"}],"wp:term":[{"taxonomy":"category","embeddable":true,"href":"https:\/\/blogin.al\/index.php?rest_route=%2Fwp%2Fv2%2Fcategories&post=53583"},{"taxonomy":"post_tag","embeddable":true,"href":"https:\/\/blogin.al\/index.php?rest_route=%2Fwp%2Fv2%2Ftags&post=53583"}],"curies":[{"name":"wp","href":"https:\/\/api.w.org\/{rel}","templated":true}]}}