{"id":53634,"date":"2024-12-24T10:08:03","date_gmt":"2024-12-24T10:08:03","guid":{"rendered":"https:\/\/blogin.al\/?p=53634"},"modified":"2024-12-24T10:10:03","modified_gmt":"2024-12-24T10:10:03","slug":"situata-e-pazakonte-me-g-banin-valbona-ndihem-e-kercenuar-kam-frike","status":"publish","type":"post","link":"https:\/\/blogin.al\/?p=53634","title":{"rendered":"Situata e pazakont\u00eb me G Banin, Valbona: Ndihem e k\u00ebrc\u00ebnuar, kam frik\u00eb"},"content":{"rendered":"\n<p>Nj\u00eb debat i ashp\u00ebr ka ndodhur dit\u00ebn e sotme mes Valbona Mhillit dhe G-Banit. E gjitha nisi kur gazetarja po b\u00ebnte dush dhe k\u00ebng\u00ebtari shkoi pran\u00eb duke e v\u00ebshtruar.<\/p>\n\n\n\n<p>Pavar\u00ebsisht se Valbona i k\u00ebrkoi disa her\u00eb t\u00eb largohej, G-Bani ishte i vendosur q\u00eb do rrinte dhe t\u00eb v\u00ebshtronte at\u00eb dhe Livian teksa b\u00ebnte dush.<\/p>\n\n\n\n<p>Pasi gazetarja doli nga dushi dhe u vesh, k\u00ebt\u00eb sherr e diskutoi edhe me banor\u00ebt e tjer\u00eb t\u00eb \u201cBig Brother VIP 4\u201d. Teksa ndodhej n\u00eb dhom\u00eb t\u00eb gjumit s\u00eb bashku me Jozin, ajo tregoi se edhe mbr\u00ebm\u00eb G-Bani ka b\u00ebr\u00eb nj\u00eb gjest q\u00eb nuk i ka p\u00eblqyer, pasi kishte shkuar dhe i ishte ulur n\u00eb preh\u00ebr.<\/p>\n\n\n\n<p><strong>\u201cM\u00eb tha \u2018d\u00ebgjo se un\u00eb nuk i jam ulur kujt n\u00eb preh\u00ebr dhe m\u00eb \u00e7ove\u2019. Edhe p\u00ebr ti ardhur atij n\u00eb ndihm\u00eb, p\u00ebr ta leht\u00ebsuar dhe p\u00ebr t\u00eb mos e faj\u00ebsuar, u largova. Ai po m\u00eb b\u00ebnte t\u00eb ndihesha keq. N\u00eb jet\u00eb normale do t\u2019i kthehesha shum\u00eb keq. Sepse un\u00eb kam kofidenca me ty me ardh\u00eb me nejt, edhe me t\u00eb p\u00ebrqafuar, edhe rri, por nuk e kam at\u00eb marr\u00ebdh\u00ebnie me t\u00eb. Un\u00eb i thosha largohu, ai nuk largohej dhe m\u00eb kapi ankthi n\u00eb ato momente. Pastaj nga ajo filloi duke b\u00ebrtitur dhe vet\u00ebm po e shikoja. U ndjeva shum\u00eb keq nga sjellja e tij. M\u00eb dha nj\u00eb ndjesi ankthi shum\u00eb t\u00eb madhe. Ka edhe disa shenja, por jam munduar q\u00eb me stil me ju larguar. P\u00ebrgjigja ime mos ta b\u00ebj\u00eb t\u00eb ndihet ai keq. Nuk dua ti l\u00ebndoj njer\u00ebzit, nuk dua t\u00eb b\u00ebhen keq prej meje. Nuk mundet nj\u00eb njeri t\u00eb m\u00eb vij\u00eb t\u00eb m\u00eb ulet n\u00eb preh\u00ebr. \u00cbsht\u00eb 40 vje\u00e7\u201d, tha Valbona.<\/strong><\/p>\n","protected":false},"excerpt":{"rendered":"<p>Nj\u00eb debat i ashp\u00ebr ka ndodhur dit\u00ebn e sotme mes Valbona Mhillit dhe G-Banit. E gjitha nisi kur gazetarja po b\u00ebnte dush dhe k\u00ebng\u00ebtari shkoi pran\u00eb duke e v\u00ebshtruar. Pavar\u00ebsisht se Valbona i k\u00ebrkoi disa her\u00eb t\u00eb largohej, G-Bani ishte i vendosur q\u00eb do rrinte dhe t\u00eb v\u00ebshtronte at\u00eb dhe Livian teksa b\u00ebnte dush. Pasi [&hellip;]<\/p>\n","protected":false},"author":2,"featured_media":53636,"comment_status":"closed","ping_status":"closed","sticky":false,"template":"","format":"standard","meta":{"footnotes":""},"categories":[33],"tags":[],"class_list":{"0":"post-53634","1":"post","2":"type-post","3":"status-publish","4":"format-standard","5":"has-post-thumbnail","7":"category-showbiz"},"yoast_head":"<!-- This site is optimized with the Yoast SEO plugin v27.5 - https:\/\/yoast.com\/product\/yoast-seo-wordpress\/ -->\n<title>Situata e pazakont\u00eb me G Banin, Valbona: Ndihem e k\u00ebrc\u00ebnuar, kam frik\u00eb - blogin.al<\/title>\n<meta name=\"robots\" content=\"index, follow, max-snippet:-1, max-image-preview:large, max-video-preview:-1\" \/>\n<link rel=\"canonical\" href=\"https:\/\/blogin.al\/?p=53634\" \/>\n<meta property=\"og:locale\" content=\"en_US\" \/>\n<meta property=\"og:type\" content=\"article\" \/>\n<meta property=\"og:title\" content=\"Situata e pazakont\u00eb me G Banin, Valbona: Ndihem e k\u00ebrc\u00ebnuar, kam frik\u00eb - blogin.al\" \/>\n<meta property=\"og:description\" content=\"Nj\u00eb debat i ashp\u00ebr ka ndodhur dit\u00ebn e sotme mes Valbona Mhillit dhe G-Banit. E gjitha nisi kur gazetarja po b\u00ebnte dush dhe k\u00ebng\u00ebtari shkoi pran\u00eb duke e v\u00ebshtruar. Pavar\u00ebsisht se Valbona i k\u00ebrkoi disa her\u00eb t\u00eb largohej, G-Bani ishte i vendosur q\u00eb do rrinte dhe t\u00eb v\u00ebshtronte at\u00eb dhe Livian teksa b\u00ebnte dush. Pasi [&hellip;]\" \/>\n<meta property=\"og:url\" content=\"https:\/\/blogin.al\/?p=53634\" \/>\n<meta property=\"og:site_name\" content=\"blogin.al\" \/>\n<meta property=\"article:published_time\" content=\"2024-12-24T10:08:03+00:00\" \/>\n<meta property=\"article:modified_time\" content=\"2024-12-24T10:10:03+00:00\" \/>\n<meta property=\"og:image\" content=\"https:\/\/blogin.al\/wp-content\/uploads\/2024\/12\/valbona-g-bani-b-8573489346.jpg\" \/>\n\t<meta property=\"og:image:width\" content=\"1024\" \/>\n\t<meta property=\"og:image:height\" content=\"576\" \/>\n\t<meta property=\"og:image:type\" content=\"image\/jpeg\" \/>\n<meta name=\"author\" content=\"Blogin al\" \/>\n<meta name=\"twitter:card\" content=\"summary_large_image\" \/>\n<meta name=\"twitter:label1\" content=\"Written by\" \/>\n\t<meta name=\"twitter:data1\" content=\"Blogin al\" \/>\n\t<meta name=\"twitter:label2\" content=\"Est. reading time\" \/>\n\t<meta name=\"twitter:data2\" content=\"2 minutes\" \/>\n<script type=\"application\/ld+json\" class=\"yoast-schema-graph\">{\"@context\":\"https:\\\/\\\/schema.org\",\"@graph\":[{\"@type\":\"Article\",\"@id\":\"https:\\\/\\\/blogin.al\\\/?p=53634#article\",\"isPartOf\":{\"@id\":\"https:\\\/\\\/blogin.al\\\/?p=53634\"},\"author\":{\"name\":\"Blogin al\",\"@id\":\"https:\\\/\\\/blogin.al\\\/#\\\/schema\\\/person\\\/abdd56bc912cd511db877b852b115399\"},\"headline\":\"Situata e pazakont\u00eb me G Banin, Valbona: Ndihem e k\u00ebrc\u00ebnuar, kam frik\u00eb\",\"datePublished\":\"2024-12-24T10:08:03+00:00\",\"dateModified\":\"2024-12-24T10:10:03+00:00\",\"mainEntityOfPage\":{\"@id\":\"https:\\\/\\\/blogin.al\\\/?p=53634\"},\"wordCount\":322,\"publisher\":{\"@id\":\"https:\\\/\\\/blogin.al\\\/#organization\"},\"image\":{\"@id\":\"https:\\\/\\\/blogin.al\\\/?p=53634#primaryimage\"},\"thumbnailUrl\":\"https:\\\/\\\/blogin.al\\\/wp-content\\\/uploads\\\/2024\\\/12\\\/valbona-g-bani-b-8573489346.jpg\",\"articleSection\":[\"SHOWBIZ\"],\"inLanguage\":\"en-US\"},{\"@type\":\"WebPage\",\"@id\":\"https:\\\/\\\/blogin.al\\\/?p=53634\",\"url\":\"https:\\\/\\\/blogin.al\\\/?p=53634\",\"name\":\"Situata e pazakont\u00eb me G Banin, Valbona: Ndihem e k\u00ebrc\u00ebnuar, kam frik\u00eb - blogin.al\",\"isPartOf\":{\"@id\":\"https:\\\/\\\/blogin.al\\\/#website\"},\"primaryImageOfPage\":{\"@id\":\"https:\\\/\\\/blogin.al\\\/?p=53634#primaryimage\"},\"image\":{\"@id\":\"https:\\\/\\\/blogin.al\\\/?p=53634#primaryimage\"},\"thumbnailUrl\":\"https:\\\/\\\/blogin.al\\\/wp-content\\\/uploads\\\/2024\\\/12\\\/valbona-g-bani-b-8573489346.jpg\",\"datePublished\":\"2024-12-24T10:08:03+00:00\",\"dateModified\":\"2024-12-24T10:10:03+00:00\",\"breadcrumb\":{\"@id\":\"https:\\\/\\\/blogin.al\\\/?p=53634#breadcrumb\"},\"inLanguage\":\"en-US\",\"potentialAction\":[{\"@type\":\"ReadAction\",\"target\":[\"https:\\\/\\\/blogin.al\\\/?p=53634\"]}]},{\"@type\":\"ImageObject\",\"inLanguage\":\"en-US\",\"@id\":\"https:\\\/\\\/blogin.al\\\/?p=53634#primaryimage\",\"url\":\"https:\\\/\\\/blogin.al\\\/wp-content\\\/uploads\\\/2024\\\/12\\\/valbona-g-bani-b-8573489346.jpg\",\"contentUrl\":\"https:\\\/\\\/blogin.al\\\/wp-content\\\/uploads\\\/2024\\\/12\\\/valbona-g-bani-b-8573489346.jpg\",\"width\":1024,\"height\":576},{\"@type\":\"BreadcrumbList\",\"@id\":\"https:\\\/\\\/blogin.al\\\/?p=53634#breadcrumb\",\"itemListElement\":[{\"@type\":\"ListItem\",\"position\":1,\"name\":\"Home\",\"item\":\"https:\\\/\\\/blogin.al\\\/\"},{\"@type\":\"ListItem\",\"position\":2,\"name\":\"Situata e pazakont\u00eb me G Banin, Valbona: Ndihem e k\u00ebrc\u00ebnuar, kam frik\u00eb\"}]},{\"@type\":\"WebSite\",\"@id\":\"https:\\\/\\\/blogin.al\\\/#website\",\"url\":\"https:\\\/\\\/blogin.al\\\/\",\"name\":\"blogin.al\",\"description\":\"\",\"publisher\":{\"@id\":\"https:\\\/\\\/blogin.al\\\/#organization\"},\"potentialAction\":[{\"@type\":\"SearchAction\",\"target\":{\"@type\":\"EntryPoint\",\"urlTemplate\":\"https:\\\/\\\/blogin.al\\\/?s={search_term_string}\"},\"query-input\":{\"@type\":\"PropertyValueSpecification\",\"valueRequired\":true,\"valueName\":\"search_term_string\"}}],\"inLanguage\":\"en-US\"},{\"@type\":\"Organization\",\"@id\":\"https:\\\/\\\/blogin.al\\\/#organization\",\"name\":\"BLOGIN.al\",\"url\":\"https:\\\/\\\/blogin.al\\\/\",\"logo\":{\"@type\":\"ImageObject\",\"inLanguage\":\"en-US\",\"@id\":\"https:\\\/\\\/blogin.al\\\/#\\\/schema\\\/logo\\\/image\\\/\",\"url\":\"https:\\\/\\\/blogin.al\\\/wp-content\\\/uploads\\\/2022\\\/05\\\/Untitled-2-01-e1652084456514.png\",\"contentUrl\":\"https:\\\/\\\/blogin.al\\\/wp-content\\\/uploads\\\/2022\\\/05\\\/Untitled-2-01-e1652084456514.png\",\"width\":3723,\"height\":1698,\"caption\":\"BLOGIN.al\"},\"image\":{\"@id\":\"https:\\\/\\\/blogin.al\\\/#\\\/schema\\\/logo\\\/image\\\/\"},\"sameAs\":[\"https:\\\/\\\/instagram.com\\\/blogin.al\\\/\"]},{\"@type\":\"Person\",\"@id\":\"https:\\\/\\\/blogin.al\\\/#\\\/schema\\\/person\\\/abdd56bc912cd511db877b852b115399\",\"name\":\"Blogin al\",\"image\":{\"@type\":\"ImageObject\",\"inLanguage\":\"en-US\",\"@id\":\"https:\\\/\\\/secure.gravatar.com\\\/avatar\\\/60d5661aee6e835fb13dc75d2204cd0c1d61bef2efd137c0083e59ef831e235e?s=96&d=mm&r=g\",\"url\":\"https:\\\/\\\/secure.gravatar.com\\\/avatar\\\/60d5661aee6e835fb13dc75d2204cd0c1d61bef2efd137c0083e59ef831e235e?s=96&d=mm&r=g\",\"contentUrl\":\"https:\\\/\\\/secure.gravatar.com\\\/avatar\\\/60d5661aee6e835fb13dc75d2204cd0c1d61bef2efd137c0083e59ef831e235e?s=96&d=mm&r=g\",\"caption\":\"Blogin al\"},\"sameAs\":[\"https:\\\/\\\/blogin.al\"],\"url\":\"https:\\\/\\\/blogin.al\\\/?author=2\"}]}<\/script>\n<!-- \/ Yoast SEO plugin. -->","yoast_head_json":{"title":"Situata e pazakont\u00eb me G Banin, Valbona: Ndihem e k\u00ebrc\u00ebnuar, kam frik\u00eb - blogin.al","robots":{"index":"index","follow":"follow","max-snippet":"max-snippet:-1","max-image-preview":"max-image-preview:large","max-video-preview":"max-video-preview:-1"},"canonical":"https:\/\/blogin.al\/?p=53634","og_locale":"en_US","og_type":"article","og_title":"Situata e pazakont\u00eb me G Banin, Valbona: Ndihem e k\u00ebrc\u00ebnuar, kam frik\u00eb - blogin.al","og_description":"Nj\u00eb debat i ashp\u00ebr ka ndodhur dit\u00ebn e sotme mes Valbona Mhillit dhe G-Banit. E gjitha nisi kur gazetarja po b\u00ebnte dush dhe k\u00ebng\u00ebtari shkoi pran\u00eb duke e v\u00ebshtruar. Pavar\u00ebsisht se Valbona i k\u00ebrkoi disa her\u00eb t\u00eb largohej, G-Bani ishte i vendosur q\u00eb do rrinte dhe t\u00eb v\u00ebshtronte at\u00eb dhe Livian teksa b\u00ebnte dush. Pasi [&hellip;]","og_url":"https:\/\/blogin.al\/?p=53634","og_site_name":"blogin.al","article_published_time":"2024-12-24T10:08:03+00:00","article_modified_time":"2024-12-24T10:10:03+00:00","og_image":[{"width":1024,"height":576,"url":"https:\/\/blogin.al\/wp-content\/uploads\/2024\/12\/valbona-g-bani-b-8573489346.jpg","type":"image\/jpeg"}],"author":"Blogin al","twitter_card":"summary_large_image","twitter_misc":{"Written by":"Blogin al","Est. reading time":"2 minutes"},"schema":{"@context":"https:\/\/schema.org","@graph":[{"@type":"Article","@id":"https:\/\/blogin.al\/?p=53634#article","isPartOf":{"@id":"https:\/\/blogin.al\/?p=53634"},"author":{"name":"Blogin al","@id":"https:\/\/blogin.al\/#\/schema\/person\/abdd56bc912cd511db877b852b115399"},"headline":"Situata e pazakont\u00eb me G Banin, Valbona: Ndihem e k\u00ebrc\u00ebnuar, kam frik\u00eb","datePublished":"2024-12-24T10:08:03+00:00","dateModified":"2024-12-24T10:10:03+00:00","mainEntityOfPage":{"@id":"https:\/\/blogin.al\/?p=53634"},"wordCount":322,"publisher":{"@id":"https:\/\/blogin.al\/#organization"},"image":{"@id":"https:\/\/blogin.al\/?p=53634#primaryimage"},"thumbnailUrl":"https:\/\/blogin.al\/wp-content\/uploads\/2024\/12\/valbona-g-bani-b-8573489346.jpg","articleSection":["SHOWBIZ"],"inLanguage":"en-US"},{"@type":"WebPage","@id":"https:\/\/blogin.al\/?p=53634","url":"https:\/\/blogin.al\/?p=53634","name":"Situata e pazakont\u00eb me G Banin, Valbona: Ndihem e k\u00ebrc\u00ebnuar, kam frik\u00eb - blogin.al","isPartOf":{"@id":"https:\/\/blogin.al\/#website"},"primaryImageOfPage":{"@id":"https:\/\/blogin.al\/?p=53634#primaryimage"},"image":{"@id":"https:\/\/blogin.al\/?p=53634#primaryimage"},"thumbnailUrl":"https:\/\/blogin.al\/wp-content\/uploads\/2024\/12\/valbona-g-bani-b-8573489346.jpg","datePublished":"2024-12-24T10:08:03+00:00","dateModified":"2024-12-24T10:10:03+00:00","breadcrumb":{"@id":"https:\/\/blogin.al\/?p=53634#breadcrumb"},"inLanguage":"en-US","potentialAction":[{"@type":"ReadAction","target":["https:\/\/blogin.al\/?p=53634"]}]},{"@type":"ImageObject","inLanguage":"en-US","@id":"https:\/\/blogin.al\/?p=53634#primaryimage","url":"https:\/\/blogin.al\/wp-content\/uploads\/2024\/12\/valbona-g-bani-b-8573489346.jpg","contentUrl":"https:\/\/blogin.al\/wp-content\/uploads\/2024\/12\/valbona-g-bani-b-8573489346.jpg","width":1024,"height":576},{"@type":"BreadcrumbList","@id":"https:\/\/blogin.al\/?p=53634#breadcrumb","itemListElement":[{"@type":"ListItem","position":1,"name":"Home","item":"https:\/\/blogin.al\/"},{"@type":"ListItem","position":2,"name":"Situata e pazakont\u00eb me G Banin, Valbona: Ndihem e k\u00ebrc\u00ebnuar, kam frik\u00eb"}]},{"@type":"WebSite","@id":"https:\/\/blogin.al\/#website","url":"https:\/\/blogin.al\/","name":"blogin.al","description":"","publisher":{"@id":"https:\/\/blogin.al\/#organization"},"potentialAction":[{"@type":"SearchAction","target":{"@type":"EntryPoint","urlTemplate":"https:\/\/blogin.al\/?s={search_term_string}"},"query-input":{"@type":"PropertyValueSpecification","valueRequired":true,"valueName":"search_term_string"}}],"inLanguage":"en-US"},{"@type":"Organization","@id":"https:\/\/blogin.al\/#organization","name":"BLOGIN.al","url":"https:\/\/blogin.al\/","logo":{"@type":"ImageObject","inLanguage":"en-US","@id":"https:\/\/blogin.al\/#\/schema\/logo\/image\/","url":"https:\/\/blogin.al\/wp-content\/uploads\/2022\/05\/Untitled-2-01-e1652084456514.png","contentUrl":"https:\/\/blogin.al\/wp-content\/uploads\/2022\/05\/Untitled-2-01-e1652084456514.png","width":3723,"height":1698,"caption":"BLOGIN.al"},"image":{"@id":"https:\/\/blogin.al\/#\/schema\/logo\/image\/"},"sameAs":["https:\/\/instagram.com\/blogin.al\/"]},{"@type":"Person","@id":"https:\/\/blogin.al\/#\/schema\/person\/abdd56bc912cd511db877b852b115399","name":"Blogin al","image":{"@type":"ImageObject","inLanguage":"en-US","@id":"https:\/\/secure.gravatar.com\/avatar\/60d5661aee6e835fb13dc75d2204cd0c1d61bef2efd137c0083e59ef831e235e?s=96&d=mm&r=g","url":"https:\/\/secure.gravatar.com\/avatar\/60d5661aee6e835fb13dc75d2204cd0c1d61bef2efd137c0083e59ef831e235e?s=96&d=mm&r=g","contentUrl":"https:\/\/secure.gravatar.com\/avatar\/60d5661aee6e835fb13dc75d2204cd0c1d61bef2efd137c0083e59ef831e235e?s=96&d=mm&r=g","caption":"Blogin al"},"sameAs":["https:\/\/blogin.al"],"url":"https:\/\/blogin.al\/?author=2"}]}},"_links":{"self":[{"href":"https:\/\/blogin.al\/index.php?rest_route=\/wp\/v2\/posts\/53634","targetHints":{"allow":["GET"]}}],"collection":[{"href":"https:\/\/blogin.al\/index.php?rest_route=\/wp\/v2\/posts"}],"about":[{"href":"https:\/\/blogin.al\/index.php?rest_route=\/wp\/v2\/types\/post"}],"author":[{"embeddable":true,"href":"https:\/\/blogin.al\/index.php?rest_route=\/wp\/v2\/users\/2"}],"replies":[{"embeddable":true,"href":"https:\/\/blogin.al\/index.php?rest_route=%2Fwp%2Fv2%2Fcomments&post=53634"}],"version-history":[{"count":1,"href":"https:\/\/blogin.al\/index.php?rest_route=\/wp\/v2\/posts\/53634\/revisions"}],"predecessor-version":[{"id":53635,"href":"https:\/\/blogin.al\/index.php?rest_route=\/wp\/v2\/posts\/53634\/revisions\/53635"}],"wp:featuredmedia":[{"embeddable":true,"href":"https:\/\/blogin.al\/index.php?rest_route=\/wp\/v2\/media\/53636"}],"wp:attachment":[{"href":"https:\/\/blogin.al\/index.php?rest_route=%2Fwp%2Fv2%2Fmedia&parent=53634"}],"wp:term":[{"taxonomy":"category","embeddable":true,"href":"https:\/\/blogin.al\/index.php?rest_route=%2Fwp%2Fv2%2Fcategories&post=53634"},{"taxonomy":"post_tag","embeddable":true,"href":"https:\/\/blogin.al\/index.php?rest_route=%2Fwp%2Fv2%2Ftags&post=53634"}],"curies":[{"name":"wp","href":"https:\/\/api.w.org\/{rel}","templated":true}]}}