{"id":53651,"date":"2024-12-24T14:15:45","date_gmt":"2024-12-24T14:15:45","guid":{"rendered":"https:\/\/blogin.al\/?p=53651"},"modified":"2024-12-24T14:15:47","modified_gmt":"2024-12-24T14:15:47","slug":"historia-e-kremtimit-te-krishtlindjeve-tradita-e-festes-shume-me-e-hershme-se-sa-krishterimi-vete","status":"publish","type":"post","link":"https:\/\/blogin.al\/?p=53651","title":{"rendered":"Historia e kremtimit t\u00eb Krishtlindjeve, tradita e fest\u00ebs shum\u00eb m\u00eb e hershme se sa krisht\u00ebrimi vet\u00eb"},"content":{"rendered":"\n<p>Krishtlindjet jan\u00eb sot festa kryesore e fes\u00eb s\u00eb krishter\u00eb, por tradita e festave p\u00ebrreth koh\u00ebs s\u00eb Krishtlindjeve \u00ebsht\u00eb shum\u00eb m\u00eb e hershme se sa krisht\u00ebrimi vet\u00eb.<\/p>\n\n\n<div class=\"wp-block-image is-style-default\">\n<figure class=\"aligncenter\"><img decoding=\"async\" src=\"https:\/\/www.panorama.com.al\/wp-content\/uploads\/2024\/12\/krishtlindje.jpg\" alt=\"krishtlindje\" class=\"wp-image-1494683\"\/><\/figure>\n<\/div>\n\n\n<figure class=\"wp-block-image is-style-default\"><img decoding=\"async\" src=\"https:\/\/ads2.panorama.com.al\/www\/delivery\/lg.php?bannerid=0&amp;campaignid=0&amp;zoneid=882&amp;loc=https%3A%2F%2Fwww.panorama.com.al%2Fpanoramaplus%2Fhistoria-e-kremtimit-te-krishtlindjeve-tradita-e-festes-shume-me-e-hershme-se-sa-krishterimi-vete%2F&amp;referer=https%3A%2F%2Fwww.panorama.com.al%2Fpanoramaplus%2Fcategory%2Flajmi-vip%2F&amp;cb=ef393aaac1\" alt=\"\"\/><\/figure>\n\n\n\n<p>Kur njer\u00ebzit varin n\u00ebp\u00ebr sht\u00ebpi yje t\u00eb ndri\u0481uar dhe figura \u00ebngj\u00ebjsh n\u00ebp\u00ebr dritare dhe Santa Claus-\u00ebt (si\u0481 i thon\u00eb n\u00eb bot\u00ebn anglofone) apo Nikolaus-\u00ebt (si\u0481 i thon\u00eb n\u00eb bot\u00ebn gjermanofone) ngjiten n\u00ebp\u00ebr ballkone, kur n\u00eb korridore me dyqane vezullojn\u00eb bredha t\u00eb zbukuruar dhe aroma e shijshme e kurabijeve t\u00eb Krishtlindjeve ndihet kudo n\u00eb atmosfer\u00eb, at\u00ebher\u00eb p\u00ebr \u0481do njeri \u00ebsht\u00eb e qart\u00eb: po afrohet s\u00ebrish festa e Krishtlindjeve.<\/p>\n\n\n\n<p><strong>Festa e drit\u00ebs<\/strong><\/p>\n\n\n\n<p>Dita, n\u00eb t\u00eb cil\u00ebn, sipas besimit kristian lindi f\u00ebmija Jezu. Q\u00eb lindja e Krishtit bie n\u00eb dat\u00ebn 24 dhjetor, kjo ka nj\u00eb simbolik\u00eb t\u00eb thell\u00eb, tregon famulltari evangjelist Hans M\u00f6rtter: \u201cData 24 \u00ebsht\u00eb data e par\u00eb, kur fillon t\u00eb hapet qielli. Tek popujt pagan\u00eb ka pasur edhe festa t\u00eb drit\u00ebs, pra kjo dat\u00eb \u00ebsht\u00eb prej mij\u00ebra vjet\u00ebsh p\u00ebr t\u00eb gjith\u00eb popujt nj\u00eb dit\u00eb shum\u00eb e r\u00ebnd\u00ebsishme. Kemi t\u00eb b\u00ebjm\u00eb edhe me nj\u00eb histori shum\u00eb simbolike, q\u00eb mbi njer\u00ebz pllakos her\u00eb pas here err\u00ebsira, pra dhimbja, vuajtja, vdekja dhe se ekziston nj\u00eb kap\u00ebrcim i k\u00ebtyre dhe nj\u00eb m\u00ebngjes i ri. B\u00ebhet s\u00ebrish drit\u00eb. Esht\u00eb shum\u00eb e qart\u00eb, ne festojm\u00eb Krishtlindjet, sepse ne si njer\u00ebz t\u00eb Oksidentit besojm\u00eb, se ekziston nj\u00eb figur\u00eb e p\u00ebrndritshme e Krishtit, e cila ka lindur dhe ka jetuar, p\u00ebr t\u00eb na treguar se paqja dhe drejt\u00ebsia n\u00eb k\u00ebt\u00eb tok\u00eb jan\u00eb t\u00eb mundura, pra se \u00ebsht\u00eb e mundur drita n\u00eb err\u00ebsir\u00eb, e cila na rrethon kaq shpesh, po t\u00eb shoh\u00ebsh lajmet e p\u00ebrditshme.\u201d<\/p>\n\n\n\n<p><strong>Kuptimi fillestar i yllit t\u00eb krishtlindjeve<\/strong><\/p>\n\n\n\n<p>Historia vazhdon me grazhdin e Betlehemit, mbi t\u00eb cilin ndriti nj\u00eb yll i Krishtlindjes, i cili u tregoi tre prift\u00ebrinjve t\u00eb shenjt\u00eb rrug\u00ebn p\u00ebr n\u00eb \u0481erdhen e Jezuit. Megjith\u00ebse shum\u00eb njer\u00ebz i zbukurojn\u00eb sht\u00ebpit\u00eb e tyre n\u00eb periudh\u00ebn e Krishtlindjeve me yje, shpesh harrohet kuptimi fillestar i simbolit, pra k\u00ebrkimi i drit\u00ebs hyjnore, shpreh keqardhjen famulltari M\u00f6rtter.<\/p>\n\n\n\n<p>N\u00eb shekujt e m\u00ebparsh\u00ebm njer\u00ebzit i dekoronin dhomat e tyre vet\u00ebm me pak deg\u00eb t\u00eb gjelbra; q\u00eb n\u00eb dhom\u00ebn e ndenjes t\u00eb vendoset bredhi i zbukuruar n\u00eb m\u00ebnyr\u00eb festive, ishte nj\u00eb ide q\u00eb u lindi n\u00eb shekullin e 16-t\u00eb shoqatave t\u00eb zanat\u0481injve. Ata ishin t\u00eb par\u00ebt, q\u00eb rreth vitit 1503 var\u00ebn n\u00eb pem\u00eb edhe gj\u00ebra t\u00eb \u00ebmbla p\u00ebr t\u00eb ngr\u00ebn\u00eb. Kurora e Ardhjes s\u00eb Krishtit me kat\u00ebr qirinjt\u00eb pasoi vet\u00ebm n\u00eb vitin 1850: \u201cDhe kurora e Ardhjes s\u00eb Krishtit \u00ebsht\u00eb simbol i pritjes, Advent- mb\u00ebrrij, \u201cadventus\u201d, do t\u00eb thot\u00eb pra se di\u0481ka vjen tek un\u00eb, dhe ajo q\u00eb vjen \u00ebsht\u00eb v\u00ebrtet\u00ebsia hyjnore.\u201d<\/p>\n\n\n<div class=\"wp-block-image is-style-default\">\n<figure class=\"aligncenter\"><img decoding=\"async\" src=\"https:\/\/www.panorama.com.al\/wp-content\/uploads\/2024\/12\/71147221_906.jpg\" alt=\"71147221_906\" class=\"wp-image-1494679\"\/><\/figure>\n<\/div>\n\n\n<p>N\u00eb koh\u00ebn e sotme, k\u00ebt\u00eb famulltari M\u00f6rtter e di nga p\u00ebrvoja e tij personale, f\u00ebmij\u00ebt nganj\u00ebher\u00eb i ngat\u00ebrrojn\u00eb se kush \u00ebsht\u00eb ai q\u00eb Nat\u00ebn e Shenjt\u00eb i v\u00eb dhuratat e tyre n\u00ebn pem\u00eb: Santa Clausi, Nikolausi, plaku i Krishtlindjeve ose f\u00ebmija Krisht: \u201cEsht\u00eb f\u00ebmija Krisht, \u00ebsht\u00eb nj\u00eb f\u00ebmij\u00eb dhe jo plaku i trash\u00eb i Krishtlindjes, kush e thot\u00eb k\u00ebt\u00eb, thot\u00eb gj\u00ebra jo t\u00eb men\u0481ura, ai shet kultur\u00ebn dhe historin\u00eb ton\u00eb. Kjo nganj\u00ebher\u00eb m\u00eb tmerron, kjo \u00ebsht\u00eb shoq\u00ebria jon\u00eb e konsumit, e th\u00ebn\u00eb tro\u0481: jasht\u00ebzakonisht e varf\u00ebr dhe qesharake.\u201d<\/p>\n\n\n\n<p>Famulltari M\u00f6rtter merr frym\u00eb thell\u00eb dhe vazhdon m\u00eb tej: \u201cQ\u00eb f\u00ebmij\u00ebve t\u2019u ruhet aspekti i fsheht\u00ebsis\u00eb, p\u00ebr mua \u00ebsht\u00eb me r\u00ebnd\u00ebsi: dhe puna fillon me mosp\u00ebrdorjen n\u00eb m\u00ebnyr\u00eb inflacioniste t\u00eb plakut t\u00eb Krishtlindjes ose Santa Clausit. N\u00eb rastin e Santa Clausit apo t\u00eb Nikolausit nuk kemi t\u00eb b\u00ebjm\u00eb me Santa Clausin e Coca Col\u00ebs, por me Santa Claus-in e shekullit t\u00eb kat\u00ebrt, me nj\u00eb peshkop. Ai \u00ebsht\u00eb nj\u00eb figur\u00eb shum\u00eb e vjet\u00ebr, nj\u00eb figur\u00eb mistike, nj\u00eb figur\u00eb shembull; ai u angazhua p\u00ebr njer\u00ebzit e uritur dhe kishte ide gjeniale.\u201d<\/p>\n\n\n<div class=\"wp-block-image is-style-default\">\n<figure class=\"aligncenter\"><img decoding=\"async\" src=\"https:\/\/www.panorama.com.al\/wp-content\/uploads\/2024\/12\/51747033_906.jpg\" alt=\"51747033_906\" class=\"wp-image-1494680\"\/><\/figure>\n<\/div>\n\n\n<p>Krishtlindja \u00ebsht\u00eb nj\u00eb fest\u00eb kristiane, por p\u00ebr shum\u00eb njer\u00ebz degjeneron n\u00eb terror t\u00eb v\u00ebrtet\u00eb konsumi. Veprimi i b\u00ebrjes s\u00eb dhuratave pa fund u p\u00ebrhap pas Luft\u00ebs s\u00eb Dyt\u00eb Bot\u00ebrore dhe pas mrekullis\u00eb ekonomike n\u00eb Gjermani, na sqaron famullitari Hans M\u00f6rtter. M\u00eb par\u00eb, ideja e b\u00ebrjes dhurata kishte nj\u00eb kuptim t\u00eb thell\u00eb: \u201cEsht\u00eb Jezui ai q\u00eb na b\u00ebn dhurat\u00eb, ai q\u00eb na b\u00ebn dhurat\u00eb jet\u00ebn e tij. F\u00ebmij\u00ebve u b\u00ebheshin dhurata, n\u00eb m\u00ebnyr\u00eb q\u00eb t\u00eb kuptojn\u00eb se jeta \u00ebsht\u00eb dhurat\u00eb dhe dhurat\u00ebn e jet\u00ebs ne e festojm\u00eb. Prandaj ka edhe dhurata, por jo n\u00eb m\u00ebnyr\u00eb t\u00eb shfrenuar dhe q\u00eb prind\u00ebrit t\u00eb vihen n\u00eb stres.<\/p>\n\n\n\n<p>\u00c7far\u00eb kontradikte me kuptimin e k\u00ebsaj feste, kjo q\u00eb praktikojm\u00eb ne. Besoj se shumica e njer\u00ebzve nuk e din\u00eb m\u00eb fare kuptimin e dhuratave. Krishtlindja, p\u00ebr mua si famullitar \u00ebsht\u00eb thjesht nj\u00eb shans, p\u00ebr t\u2019ua kujtuar njer\u00ebzve k\u00ebto gj\u00ebra.\u201d<\/p>\n","protected":false},"excerpt":{"rendered":"<p>Krishtlindjet jan\u00eb sot festa kryesore e fes\u00eb s\u00eb krishter\u00eb, por tradita e festave p\u00ebrreth koh\u00ebs s\u00eb Krishtlindjeve \u00ebsht\u00eb shum\u00eb m\u00eb e hershme se sa krisht\u00ebrimi vet\u00eb. Kur njer\u00ebzit varin n\u00ebp\u00ebr sht\u00ebpi yje t\u00eb ndri\u0481uar dhe figura \u00ebngj\u00ebjsh n\u00ebp\u00ebr dritare dhe Santa Claus-\u00ebt (si\u0481 i thon\u00eb n\u00eb bot\u00ebn anglofone) apo Nikolaus-\u00ebt (si\u0481 i thon\u00eb n\u00eb bot\u00ebn [&hellip;]<\/p>\n","protected":false},"author":2,"featured_media":19248,"comment_status":"closed","ping_status":"closed","sticky":false,"template":"","format":"standard","meta":{"footnotes":""},"categories":[28,33],"tags":[],"class_list":{"0":"post-53651","1":"post","2":"type-post","3":"status-publish","4":"format-standard","5":"has-post-thumbnail","7":"category-lifestyle","8":"category-showbiz"},"yoast_head":"<!-- This site is optimized with the Yoast SEO plugin v27.4 - https:\/\/yoast.com\/product\/yoast-seo-wordpress\/ -->\n<title>Historia e kremtimit t\u00eb Krishtlindjeve, tradita e fest\u00ebs shum\u00eb m\u00eb e hershme se sa krisht\u00ebrimi vet\u00eb - blogin.al<\/title>\n<meta name=\"robots\" content=\"index, follow, max-snippet:-1, max-image-preview:large, max-video-preview:-1\" \/>\n<link rel=\"canonical\" href=\"https:\/\/blogin.al\/?p=53651\" \/>\n<meta property=\"og:locale\" content=\"en_US\" \/>\n<meta property=\"og:type\" content=\"article\" \/>\n<meta property=\"og:title\" content=\"Historia e kremtimit t\u00eb Krishtlindjeve, tradita e fest\u00ebs shum\u00eb m\u00eb e hershme se sa krisht\u00ebrimi vet\u00eb - blogin.al\" \/>\n<meta property=\"og:description\" content=\"Krishtlindjet jan\u00eb sot festa kryesore e fes\u00eb s\u00eb krishter\u00eb, por tradita e festave p\u00ebrreth koh\u00ebs s\u00eb Krishtlindjeve \u00ebsht\u00eb shum\u00eb m\u00eb e hershme se sa krisht\u00ebrimi vet\u00eb. Kur njer\u00ebzit varin n\u00ebp\u00ebr sht\u00ebpi yje t\u00eb ndri\u0481uar dhe figura \u00ebngj\u00ebjsh n\u00ebp\u00ebr dritare dhe Santa Claus-\u00ebt (si\u0481 i thon\u00eb n\u00eb bot\u00ebn anglofone) apo Nikolaus-\u00ebt (si\u0481 i thon\u00eb n\u00eb bot\u00ebn [&hellip;]\" \/>\n<meta property=\"og:url\" content=\"https:\/\/blogin.al\/?p=53651\" \/>\n<meta property=\"og:site_name\" content=\"blogin.al\" \/>\n<meta property=\"article:published_time\" content=\"2024-12-24T14:15:45+00:00\" \/>\n<meta property=\"article:modified_time\" content=\"2024-12-24T14:15:47+00:00\" \/>\n<meta property=\"og:image\" content=\"https:\/\/blogin.al\/wp-content\/uploads\/2022\/12\/chrismas-1024x768.jpg\" \/>\n\t<meta property=\"og:image:width\" content=\"1024\" \/>\n\t<meta property=\"og:image:height\" content=\"768\" \/>\n\t<meta property=\"og:image:type\" content=\"image\/jpeg\" \/>\n<meta name=\"author\" content=\"Blogin al\" \/>\n<meta name=\"twitter:card\" content=\"summary_large_image\" \/>\n<meta name=\"twitter:label1\" content=\"Written by\" \/>\n\t<meta name=\"twitter:data1\" content=\"Blogin al\" \/>\n\t<meta name=\"twitter:label2\" content=\"Est. reading time\" \/>\n\t<meta name=\"twitter:data2\" content=\"5 minutes\" \/>\n<script type=\"application\/ld+json\" class=\"yoast-schema-graph\">{\"@context\":\"https:\\\/\\\/schema.org\",\"@graph\":[{\"@type\":\"Article\",\"@id\":\"https:\\\/\\\/blogin.al\\\/?p=53651#article\",\"isPartOf\":{\"@id\":\"https:\\\/\\\/blogin.al\\\/?p=53651\"},\"author\":{\"name\":\"Blogin al\",\"@id\":\"https:\\\/\\\/blogin.al\\\/#\\\/schema\\\/person\\\/abdd56bc912cd511db877b852b115399\"},\"headline\":\"Historia e kremtimit t\u00eb Krishtlindjeve, tradita e fest\u00ebs shum\u00eb m\u00eb e hershme se sa krisht\u00ebrimi vet\u00eb\",\"datePublished\":\"2024-12-24T14:15:45+00:00\",\"dateModified\":\"2024-12-24T14:15:47+00:00\",\"mainEntityOfPage\":{\"@id\":\"https:\\\/\\\/blogin.al\\\/?p=53651\"},\"wordCount\":900,\"publisher\":{\"@id\":\"https:\\\/\\\/blogin.al\\\/#organization\"},\"image\":{\"@id\":\"https:\\\/\\\/blogin.al\\\/?p=53651#primaryimage\"},\"thumbnailUrl\":\"https:\\\/\\\/blogin.al\\\/wp-content\\\/uploads\\\/2022\\\/12\\\/chrismas.jpg\",\"articleSection\":[\"LIFESTYLE\",\"SHOWBIZ\"],\"inLanguage\":\"en-US\"},{\"@type\":\"WebPage\",\"@id\":\"https:\\\/\\\/blogin.al\\\/?p=53651\",\"url\":\"https:\\\/\\\/blogin.al\\\/?p=53651\",\"name\":\"Historia e kremtimit t\u00eb Krishtlindjeve, tradita e fest\u00ebs shum\u00eb m\u00eb e hershme se sa krisht\u00ebrimi vet\u00eb - blogin.al\",\"isPartOf\":{\"@id\":\"https:\\\/\\\/blogin.al\\\/#website\"},\"primaryImageOfPage\":{\"@id\":\"https:\\\/\\\/blogin.al\\\/?p=53651#primaryimage\"},\"image\":{\"@id\":\"https:\\\/\\\/blogin.al\\\/?p=53651#primaryimage\"},\"thumbnailUrl\":\"https:\\\/\\\/blogin.al\\\/wp-content\\\/uploads\\\/2022\\\/12\\\/chrismas.jpg\",\"datePublished\":\"2024-12-24T14:15:45+00:00\",\"dateModified\":\"2024-12-24T14:15:47+00:00\",\"breadcrumb\":{\"@id\":\"https:\\\/\\\/blogin.al\\\/?p=53651#breadcrumb\"},\"inLanguage\":\"en-US\",\"potentialAction\":[{\"@type\":\"ReadAction\",\"target\":[\"https:\\\/\\\/blogin.al\\\/?p=53651\"]}]},{\"@type\":\"ImageObject\",\"inLanguage\":\"en-US\",\"@id\":\"https:\\\/\\\/blogin.al\\\/?p=53651#primaryimage\",\"url\":\"https:\\\/\\\/blogin.al\\\/wp-content\\\/uploads\\\/2022\\\/12\\\/chrismas.jpg\",\"contentUrl\":\"https:\\\/\\\/blogin.al\\\/wp-content\\\/uploads\\\/2022\\\/12\\\/chrismas.jpg\",\"width\":2480,\"height\":1860},{\"@type\":\"BreadcrumbList\",\"@id\":\"https:\\\/\\\/blogin.al\\\/?p=53651#breadcrumb\",\"itemListElement\":[{\"@type\":\"ListItem\",\"position\":1,\"name\":\"Home\",\"item\":\"https:\\\/\\\/blogin.al\\\/\"},{\"@type\":\"ListItem\",\"position\":2,\"name\":\"Historia e kremtimit t\u00eb Krishtlindjeve, tradita e fest\u00ebs shum\u00eb m\u00eb e hershme se sa krisht\u00ebrimi vet\u00eb\"}]},{\"@type\":\"WebSite\",\"@id\":\"https:\\\/\\\/blogin.al\\\/#website\",\"url\":\"https:\\\/\\\/blogin.al\\\/\",\"name\":\"blogin.al\",\"description\":\"\",\"publisher\":{\"@id\":\"https:\\\/\\\/blogin.al\\\/#organization\"},\"potentialAction\":[{\"@type\":\"SearchAction\",\"target\":{\"@type\":\"EntryPoint\",\"urlTemplate\":\"https:\\\/\\\/blogin.al\\\/?s={search_term_string}\"},\"query-input\":{\"@type\":\"PropertyValueSpecification\",\"valueRequired\":true,\"valueName\":\"search_term_string\"}}],\"inLanguage\":\"en-US\"},{\"@type\":\"Organization\",\"@id\":\"https:\\\/\\\/blogin.al\\\/#organization\",\"name\":\"BLOGIN.al\",\"url\":\"https:\\\/\\\/blogin.al\\\/\",\"logo\":{\"@type\":\"ImageObject\",\"inLanguage\":\"en-US\",\"@id\":\"https:\\\/\\\/blogin.al\\\/#\\\/schema\\\/logo\\\/image\\\/\",\"url\":\"https:\\\/\\\/blogin.al\\\/wp-content\\\/uploads\\\/2022\\\/05\\\/Untitled-2-01-e1652084456514.png\",\"contentUrl\":\"https:\\\/\\\/blogin.al\\\/wp-content\\\/uploads\\\/2022\\\/05\\\/Untitled-2-01-e1652084456514.png\",\"width\":3723,\"height\":1698,\"caption\":\"BLOGIN.al\"},\"image\":{\"@id\":\"https:\\\/\\\/blogin.al\\\/#\\\/schema\\\/logo\\\/image\\\/\"},\"sameAs\":[\"https:\\\/\\\/instagram.com\\\/blogin.al\\\/\"]},{\"@type\":\"Person\",\"@id\":\"https:\\\/\\\/blogin.al\\\/#\\\/schema\\\/person\\\/abdd56bc912cd511db877b852b115399\",\"name\":\"Blogin al\",\"image\":{\"@type\":\"ImageObject\",\"inLanguage\":\"en-US\",\"@id\":\"https:\\\/\\\/secure.gravatar.com\\\/avatar\\\/60d5661aee6e835fb13dc75d2204cd0c1d61bef2efd137c0083e59ef831e235e?s=96&d=mm&r=g\",\"url\":\"https:\\\/\\\/secure.gravatar.com\\\/avatar\\\/60d5661aee6e835fb13dc75d2204cd0c1d61bef2efd137c0083e59ef831e235e?s=96&d=mm&r=g\",\"contentUrl\":\"https:\\\/\\\/secure.gravatar.com\\\/avatar\\\/60d5661aee6e835fb13dc75d2204cd0c1d61bef2efd137c0083e59ef831e235e?s=96&d=mm&r=g\",\"caption\":\"Blogin al\"},\"sameAs\":[\"https:\\\/\\\/blogin.al\"],\"url\":\"https:\\\/\\\/blogin.al\\\/?author=2\"}]}<\/script>\n<!-- \/ Yoast SEO plugin. -->","yoast_head_json":{"title":"Historia e kremtimit t\u00eb Krishtlindjeve, tradita e fest\u00ebs shum\u00eb m\u00eb e hershme se sa krisht\u00ebrimi vet\u00eb - blogin.al","robots":{"index":"index","follow":"follow","max-snippet":"max-snippet:-1","max-image-preview":"max-image-preview:large","max-video-preview":"max-video-preview:-1"},"canonical":"https:\/\/blogin.al\/?p=53651","og_locale":"en_US","og_type":"article","og_title":"Historia e kremtimit t\u00eb Krishtlindjeve, tradita e fest\u00ebs shum\u00eb m\u00eb e hershme se sa krisht\u00ebrimi vet\u00eb - blogin.al","og_description":"Krishtlindjet jan\u00eb sot festa kryesore e fes\u00eb s\u00eb krishter\u00eb, por tradita e festave p\u00ebrreth koh\u00ebs s\u00eb Krishtlindjeve \u00ebsht\u00eb shum\u00eb m\u00eb e hershme se sa krisht\u00ebrimi vet\u00eb. Kur njer\u00ebzit varin n\u00ebp\u00ebr sht\u00ebpi yje t\u00eb ndri\u0481uar dhe figura \u00ebngj\u00ebjsh n\u00ebp\u00ebr dritare dhe Santa Claus-\u00ebt (si\u0481 i thon\u00eb n\u00eb bot\u00ebn anglofone) apo Nikolaus-\u00ebt (si\u0481 i thon\u00eb n\u00eb bot\u00ebn [&hellip;]","og_url":"https:\/\/blogin.al\/?p=53651","og_site_name":"blogin.al","article_published_time":"2024-12-24T14:15:45+00:00","article_modified_time":"2024-12-24T14:15:47+00:00","og_image":[{"width":1024,"height":768,"url":"https:\/\/blogin.al\/wp-content\/uploads\/2022\/12\/chrismas-1024x768.jpg","type":"image\/jpeg"}],"author":"Blogin al","twitter_card":"summary_large_image","twitter_misc":{"Written by":"Blogin al","Est. reading time":"5 minutes"},"schema":{"@context":"https:\/\/schema.org","@graph":[{"@type":"Article","@id":"https:\/\/blogin.al\/?p=53651#article","isPartOf":{"@id":"https:\/\/blogin.al\/?p=53651"},"author":{"name":"Blogin al","@id":"https:\/\/blogin.al\/#\/schema\/person\/abdd56bc912cd511db877b852b115399"},"headline":"Historia e kremtimit t\u00eb Krishtlindjeve, tradita e fest\u00ebs shum\u00eb m\u00eb e hershme se sa krisht\u00ebrimi vet\u00eb","datePublished":"2024-12-24T14:15:45+00:00","dateModified":"2024-12-24T14:15:47+00:00","mainEntityOfPage":{"@id":"https:\/\/blogin.al\/?p=53651"},"wordCount":900,"publisher":{"@id":"https:\/\/blogin.al\/#organization"},"image":{"@id":"https:\/\/blogin.al\/?p=53651#primaryimage"},"thumbnailUrl":"https:\/\/blogin.al\/wp-content\/uploads\/2022\/12\/chrismas.jpg","articleSection":["LIFESTYLE","SHOWBIZ"],"inLanguage":"en-US"},{"@type":"WebPage","@id":"https:\/\/blogin.al\/?p=53651","url":"https:\/\/blogin.al\/?p=53651","name":"Historia e kremtimit t\u00eb Krishtlindjeve, tradita e fest\u00ebs shum\u00eb m\u00eb e hershme se sa krisht\u00ebrimi vet\u00eb - blogin.al","isPartOf":{"@id":"https:\/\/blogin.al\/#website"},"primaryImageOfPage":{"@id":"https:\/\/blogin.al\/?p=53651#primaryimage"},"image":{"@id":"https:\/\/blogin.al\/?p=53651#primaryimage"},"thumbnailUrl":"https:\/\/blogin.al\/wp-content\/uploads\/2022\/12\/chrismas.jpg","datePublished":"2024-12-24T14:15:45+00:00","dateModified":"2024-12-24T14:15:47+00:00","breadcrumb":{"@id":"https:\/\/blogin.al\/?p=53651#breadcrumb"},"inLanguage":"en-US","potentialAction":[{"@type":"ReadAction","target":["https:\/\/blogin.al\/?p=53651"]}]},{"@type":"ImageObject","inLanguage":"en-US","@id":"https:\/\/blogin.al\/?p=53651#primaryimage","url":"https:\/\/blogin.al\/wp-content\/uploads\/2022\/12\/chrismas.jpg","contentUrl":"https:\/\/blogin.al\/wp-content\/uploads\/2022\/12\/chrismas.jpg","width":2480,"height":1860},{"@type":"BreadcrumbList","@id":"https:\/\/blogin.al\/?p=53651#breadcrumb","itemListElement":[{"@type":"ListItem","position":1,"name":"Home","item":"https:\/\/blogin.al\/"},{"@type":"ListItem","position":2,"name":"Historia e kremtimit t\u00eb Krishtlindjeve, tradita e fest\u00ebs shum\u00eb m\u00eb e hershme se sa krisht\u00ebrimi vet\u00eb"}]},{"@type":"WebSite","@id":"https:\/\/blogin.al\/#website","url":"https:\/\/blogin.al\/","name":"blogin.al","description":"","publisher":{"@id":"https:\/\/blogin.al\/#organization"},"potentialAction":[{"@type":"SearchAction","target":{"@type":"EntryPoint","urlTemplate":"https:\/\/blogin.al\/?s={search_term_string}"},"query-input":{"@type":"PropertyValueSpecification","valueRequired":true,"valueName":"search_term_string"}}],"inLanguage":"en-US"},{"@type":"Organization","@id":"https:\/\/blogin.al\/#organization","name":"BLOGIN.al","url":"https:\/\/blogin.al\/","logo":{"@type":"ImageObject","inLanguage":"en-US","@id":"https:\/\/blogin.al\/#\/schema\/logo\/image\/","url":"https:\/\/blogin.al\/wp-content\/uploads\/2022\/05\/Untitled-2-01-e1652084456514.png","contentUrl":"https:\/\/blogin.al\/wp-content\/uploads\/2022\/05\/Untitled-2-01-e1652084456514.png","width":3723,"height":1698,"caption":"BLOGIN.al"},"image":{"@id":"https:\/\/blogin.al\/#\/schema\/logo\/image\/"},"sameAs":["https:\/\/instagram.com\/blogin.al\/"]},{"@type":"Person","@id":"https:\/\/blogin.al\/#\/schema\/person\/abdd56bc912cd511db877b852b115399","name":"Blogin al","image":{"@type":"ImageObject","inLanguage":"en-US","@id":"https:\/\/secure.gravatar.com\/avatar\/60d5661aee6e835fb13dc75d2204cd0c1d61bef2efd137c0083e59ef831e235e?s=96&d=mm&r=g","url":"https:\/\/secure.gravatar.com\/avatar\/60d5661aee6e835fb13dc75d2204cd0c1d61bef2efd137c0083e59ef831e235e?s=96&d=mm&r=g","contentUrl":"https:\/\/secure.gravatar.com\/avatar\/60d5661aee6e835fb13dc75d2204cd0c1d61bef2efd137c0083e59ef831e235e?s=96&d=mm&r=g","caption":"Blogin al"},"sameAs":["https:\/\/blogin.al"],"url":"https:\/\/blogin.al\/?author=2"}]}},"_links":{"self":[{"href":"https:\/\/blogin.al\/index.php?rest_route=\/wp\/v2\/posts\/53651","targetHints":{"allow":["GET"]}}],"collection":[{"href":"https:\/\/blogin.al\/index.php?rest_route=\/wp\/v2\/posts"}],"about":[{"href":"https:\/\/blogin.al\/index.php?rest_route=\/wp\/v2\/types\/post"}],"author":[{"embeddable":true,"href":"https:\/\/blogin.al\/index.php?rest_route=\/wp\/v2\/users\/2"}],"replies":[{"embeddable":true,"href":"https:\/\/blogin.al\/index.php?rest_route=%2Fwp%2Fv2%2Fcomments&post=53651"}],"version-history":[{"count":1,"href":"https:\/\/blogin.al\/index.php?rest_route=\/wp\/v2\/posts\/53651\/revisions"}],"predecessor-version":[{"id":53652,"href":"https:\/\/blogin.al\/index.php?rest_route=\/wp\/v2\/posts\/53651\/revisions\/53652"}],"wp:featuredmedia":[{"embeddable":true,"href":"https:\/\/blogin.al\/index.php?rest_route=\/wp\/v2\/media\/19248"}],"wp:attachment":[{"href":"https:\/\/blogin.al\/index.php?rest_route=%2Fwp%2Fv2%2Fmedia&parent=53651"}],"wp:term":[{"taxonomy":"category","embeddable":true,"href":"https:\/\/blogin.al\/index.php?rest_route=%2Fwp%2Fv2%2Fcategories&post=53651"},{"taxonomy":"post_tag","embeddable":true,"href":"https:\/\/blogin.al\/index.php?rest_route=%2Fwp%2Fv2%2Ftags&post=53651"}],"curies":[{"name":"wp","href":"https:\/\/api.w.org\/{rel}","templated":true}]}}