{"id":53725,"date":"2024-12-27T09:38:13","date_gmt":"2024-12-27T09:38:13","guid":{"rendered":"https:\/\/blogin.al\/?p=53725"},"modified":"2024-12-27T09:38:17","modified_gmt":"2024-12-27T09:38:17","slug":"per-hir-te-dashurise-zgjodha-u-ndane-pas-5-vitesh-bashke-elgi-tako-rrefehet-per-fundin-e-marredhenies-me-olsi-bylykun","status":"publish","type":"post","link":"https:\/\/blogin.al\/?p=53725","title":{"rendered":"\u201cP\u00ebr hir t\u00eb dashuris\u00eb zgjodha\u2026\u201d- U ndan\u00eb pas 5 vitesh bashk\u00eb, Elgi Tako rr\u00ebfehet p\u00ebr fundin e marr\u00ebdh\u00ebnies me Olsi Bylykun"},"content":{"rendered":"\n<p>K\u00ebng\u00ebtarja e njohur Egli Tako e cila s\u00eb fundmi \u00ebsht\u00eb b\u00ebr\u00eb pjes\u00eb e Big Brother Vip, ka folur p\u00ebr her\u00eb t\u00eb par\u00eb p\u00ebr ndarjen e saj me aktorin e humorit, Olsi Bylyku.<\/p>\n\n\n\n<p>Teksa ka qen\u00eb duke biseduar me dy nga banoret e sht\u00ebpis\u00eb, Egli ka rr\u00ebfyer se pavar\u00ebsisht pak\u00ebnaq\u00ebsive q\u00eb soll\u00ebn ndarjes mes tyre, ajo e respekton aktorin dhe \u00ebsht\u00eb p\u00ebrpjekur t\u00eb mbaj\u00eb mend vet\u00ebm momentet e bukura t\u00eb pes\u00eb viteve lidhje.<\/p>\n\n\n\n<p>\u201c<em>Kam zgjedhur t\u00eb mos ndaj\u00eb detaje, nuk e kam b\u00ebr\u00eb dhe at\u00ebher\u00eb kur ziente dhe vlonte gj\u00ebja. Kam respekt. Kam zgjedhur mir\u00ebnjohjen. Dometh\u00ebn\u00eb njer\u00ebzve, kur ju b\u00ebn 1000 mij\u00eb t\u00eb mira dhe ju b\u00ebn 1 t\u00eb keqe dhe mbajn\u00eb mend t\u00eb keqen, un\u00eb kam zgjedhur t\u00eb jem ky njeriu q\u00eb do mbaj mend k\u00ebto t\u00eb mirat dhe at\u00eb t\u00eb keqen do ta mbaj k\u00ebtu n\u00eb veten time gjithmon\u00eb\u201d<\/em>&nbsp;tha k\u00ebng\u00ebtarja.<\/p>\n\n\n\n<p>Nd\u00ebr t\u00eb tjera ajo shtoi se edhe pse lidhja e tyre ishte b\u00ebr\u00eb publike ajo mbetet nj\u00eb ndjenj\u00eb private t\u00eb cil\u00ebn k\u00ebng\u00ebtarja e konsideron \u201ct\u00eb shenjt\u00eb\u201d.<\/p>\n\n\n\n<figure class=\"wp-block-image is-style-default\"><img decoding=\"async\" src=\"https:\/\/www.panorama.com.al\/panoramaplus\/wp-content\/uploads\/2024\/01\/olsi-bylyku-egli-tako-3.jpg\" alt=\"\" class=\"wp-image-275633\"\/><\/figure>\n\n\n\n<p><em>\u201c\u00cbsht\u00eb gj\u00ebja ime private, \u00ebsht\u00eb marr\u00ebdh\u00ebnia ime private, nuk \u00ebsht\u00eb jeta publike. K\u00ebt\u00eb e kam t\u00eb shenjt\u00eb dhe do ta mbaj me veten time gjithmon\u00eb p\u00ebr respekt t\u00eb pes\u00eb viteve q\u00eb kam ngr\u00ebn\u00eb dhe kam pir\u00eb dhe kam kaluar aq shum\u00eb kujtime t\u00eb bukura dhe p\u00ebr hir t\u00eb gjith\u00eb dashuris\u00eb. Un\u00eb kam k\u00ebt\u00eb lloj konsiderate,\u201d<\/em>&nbsp;u shpreh Egli.<\/p>\n","protected":false},"excerpt":{"rendered":"<p>K\u00ebng\u00ebtarja e njohur Egli Tako e cila s\u00eb fundmi \u00ebsht\u00eb b\u00ebr\u00eb pjes\u00eb e Big Brother Vip, ka folur p\u00ebr her\u00eb t\u00eb par\u00eb p\u00ebr ndarjen e saj me aktorin e humorit, Olsi Bylyku. Teksa ka qen\u00eb duke biseduar me dy nga banoret e sht\u00ebpis\u00eb, Egli ka rr\u00ebfyer se pavar\u00ebsisht pak\u00ebnaq\u00ebsive q\u00eb soll\u00ebn ndarjes mes tyre, ajo [&hellip;]<\/p>\n","protected":false},"author":2,"featured_media":32240,"comment_status":"closed","ping_status":"closed","sticky":false,"template":"","format":"standard","meta":{"footnotes":""},"categories":[33],"tags":[],"class_list":{"0":"post-53725","1":"post","2":"type-post","3":"status-publish","4":"format-standard","5":"has-post-thumbnail","7":"category-showbiz"},"yoast_head":"<!-- This site is optimized with the Yoast SEO plugin v27.5 - https:\/\/yoast.com\/product\/yoast-seo-wordpress\/ -->\n<title>\u201cP\u00ebr hir t\u00eb dashuris\u00eb zgjodha\u2026\u201d- U ndan\u00eb pas 5 vitesh bashk\u00eb, Elgi Tako rr\u00ebfehet p\u00ebr fundin e marr\u00ebdh\u00ebnies me Olsi Bylykun - blogin.al<\/title>\n<meta name=\"robots\" content=\"index, follow, max-snippet:-1, max-image-preview:large, max-video-preview:-1\" \/>\n<link rel=\"canonical\" href=\"https:\/\/blogin.al\/?p=53725\" \/>\n<meta property=\"og:locale\" content=\"en_US\" \/>\n<meta property=\"og:type\" content=\"article\" \/>\n<meta property=\"og:title\" content=\"\u201cP\u00ebr hir t\u00eb dashuris\u00eb zgjodha\u2026\u201d- U ndan\u00eb pas 5 vitesh bashk\u00eb, Elgi Tako rr\u00ebfehet p\u00ebr fundin e marr\u00ebdh\u00ebnies me Olsi Bylykun - blogin.al\" \/>\n<meta property=\"og:description\" content=\"K\u00ebng\u00ebtarja e njohur Egli Tako e cila s\u00eb fundmi \u00ebsht\u00eb b\u00ebr\u00eb pjes\u00eb e Big Brother Vip, ka folur p\u00ebr her\u00eb t\u00eb par\u00eb p\u00ebr ndarjen e saj me aktorin e humorit, Olsi Bylyku. Teksa ka qen\u00eb duke biseduar me dy nga banoret e sht\u00ebpis\u00eb, Egli ka rr\u00ebfyer se pavar\u00ebsisht pak\u00ebnaq\u00ebsive q\u00eb soll\u00ebn ndarjes mes tyre, ajo [&hellip;]\" \/>\n<meta property=\"og:url\" content=\"https:\/\/blogin.al\/?p=53725\" \/>\n<meta property=\"og:site_name\" content=\"blogin.al\" \/>\n<meta property=\"article:published_time\" content=\"2024-12-27T09:38:13+00:00\" \/>\n<meta property=\"article:modified_time\" content=\"2024-12-27T09:38:17+00:00\" \/>\n<meta property=\"og:image\" content=\"https:\/\/blogin.al\/wp-content\/uploads\/2023\/06\/640-0-a184ae579b74e8b6f1609e6e859ff9c6.jpeg\" \/>\n\t<meta property=\"og:image:width\" content=\"640\" \/>\n\t<meta property=\"og:image:height\" content=\"484\" \/>\n\t<meta property=\"og:image:type\" content=\"image\/jpeg\" \/>\n<meta name=\"author\" content=\"Blogin al\" \/>\n<meta name=\"twitter:card\" content=\"summary_large_image\" \/>\n<meta name=\"twitter:label1\" content=\"Written by\" \/>\n\t<meta name=\"twitter:data1\" content=\"Blogin al\" \/>\n\t<meta name=\"twitter:label2\" content=\"Est. reading time\" \/>\n\t<meta name=\"twitter:data2\" content=\"2 minutes\" \/>\n<script type=\"application\/ld+json\" class=\"yoast-schema-graph\">{\"@context\":\"https:\\\/\\\/schema.org\",\"@graph\":[{\"@type\":\"Article\",\"@id\":\"https:\\\/\\\/blogin.al\\\/?p=53725#article\",\"isPartOf\":{\"@id\":\"https:\\\/\\\/blogin.al\\\/?p=53725\"},\"author\":{\"name\":\"Blogin al\",\"@id\":\"https:\\\/\\\/blogin.al\\\/#\\\/schema\\\/person\\\/abdd56bc912cd511db877b852b115399\"},\"headline\":\"\u201cP\u00ebr hir t\u00eb dashuris\u00eb zgjodha\u2026\u201d- U ndan\u00eb pas 5 vitesh bashk\u00eb, Elgi Tako rr\u00ebfehet p\u00ebr fundin e marr\u00ebdh\u00ebnies me Olsi Bylykun\",\"datePublished\":\"2024-12-27T09:38:13+00:00\",\"dateModified\":\"2024-12-27T09:38:17+00:00\",\"mainEntityOfPage\":{\"@id\":\"https:\\\/\\\/blogin.al\\\/?p=53725\"},\"wordCount\":290,\"publisher\":{\"@id\":\"https:\\\/\\\/blogin.al\\\/#organization\"},\"image\":{\"@id\":\"https:\\\/\\\/blogin.al\\\/?p=53725#primaryimage\"},\"thumbnailUrl\":\"https:\\\/\\\/blogin.al\\\/wp-content\\\/uploads\\\/2023\\\/06\\\/640-0-a184ae579b74e8b6f1609e6e859ff9c6.jpeg\",\"articleSection\":[\"SHOWBIZ\"],\"inLanguage\":\"en-US\"},{\"@type\":\"WebPage\",\"@id\":\"https:\\\/\\\/blogin.al\\\/?p=53725\",\"url\":\"https:\\\/\\\/blogin.al\\\/?p=53725\",\"name\":\"\u201cP\u00ebr hir t\u00eb dashuris\u00eb zgjodha\u2026\u201d- U ndan\u00eb pas 5 vitesh bashk\u00eb, Elgi Tako rr\u00ebfehet p\u00ebr fundin e marr\u00ebdh\u00ebnies me Olsi Bylykun - blogin.al\",\"isPartOf\":{\"@id\":\"https:\\\/\\\/blogin.al\\\/#website\"},\"primaryImageOfPage\":{\"@id\":\"https:\\\/\\\/blogin.al\\\/?p=53725#primaryimage\"},\"image\":{\"@id\":\"https:\\\/\\\/blogin.al\\\/?p=53725#primaryimage\"},\"thumbnailUrl\":\"https:\\\/\\\/blogin.al\\\/wp-content\\\/uploads\\\/2023\\\/06\\\/640-0-a184ae579b74e8b6f1609e6e859ff9c6.jpeg\",\"datePublished\":\"2024-12-27T09:38:13+00:00\",\"dateModified\":\"2024-12-27T09:38:17+00:00\",\"breadcrumb\":{\"@id\":\"https:\\\/\\\/blogin.al\\\/?p=53725#breadcrumb\"},\"inLanguage\":\"en-US\",\"potentialAction\":[{\"@type\":\"ReadAction\",\"target\":[\"https:\\\/\\\/blogin.al\\\/?p=53725\"]}]},{\"@type\":\"ImageObject\",\"inLanguage\":\"en-US\",\"@id\":\"https:\\\/\\\/blogin.al\\\/?p=53725#primaryimage\",\"url\":\"https:\\\/\\\/blogin.al\\\/wp-content\\\/uploads\\\/2023\\\/06\\\/640-0-a184ae579b74e8b6f1609e6e859ff9c6.jpeg\",\"contentUrl\":\"https:\\\/\\\/blogin.al\\\/wp-content\\\/uploads\\\/2023\\\/06\\\/640-0-a184ae579b74e8b6f1609e6e859ff9c6.jpeg\",\"width\":640,\"height\":484},{\"@type\":\"BreadcrumbList\",\"@id\":\"https:\\\/\\\/blogin.al\\\/?p=53725#breadcrumb\",\"itemListElement\":[{\"@type\":\"ListItem\",\"position\":1,\"name\":\"Home\",\"item\":\"https:\\\/\\\/blogin.al\\\/\"},{\"@type\":\"ListItem\",\"position\":2,\"name\":\"\u201cP\u00ebr hir t\u00eb dashuris\u00eb zgjodha\u2026\u201d- U ndan\u00eb pas 5 vitesh bashk\u00eb, Elgi Tako rr\u00ebfehet p\u00ebr fundin e marr\u00ebdh\u00ebnies me Olsi Bylykun\"}]},{\"@type\":\"WebSite\",\"@id\":\"https:\\\/\\\/blogin.al\\\/#website\",\"url\":\"https:\\\/\\\/blogin.al\\\/\",\"name\":\"blogin.al\",\"description\":\"\",\"publisher\":{\"@id\":\"https:\\\/\\\/blogin.al\\\/#organization\"},\"potentialAction\":[{\"@type\":\"SearchAction\",\"target\":{\"@type\":\"EntryPoint\",\"urlTemplate\":\"https:\\\/\\\/blogin.al\\\/?s={search_term_string}\"},\"query-input\":{\"@type\":\"PropertyValueSpecification\",\"valueRequired\":true,\"valueName\":\"search_term_string\"}}],\"inLanguage\":\"en-US\"},{\"@type\":\"Organization\",\"@id\":\"https:\\\/\\\/blogin.al\\\/#organization\",\"name\":\"BLOGIN.al\",\"url\":\"https:\\\/\\\/blogin.al\\\/\",\"logo\":{\"@type\":\"ImageObject\",\"inLanguage\":\"en-US\",\"@id\":\"https:\\\/\\\/blogin.al\\\/#\\\/schema\\\/logo\\\/image\\\/\",\"url\":\"https:\\\/\\\/blogin.al\\\/wp-content\\\/uploads\\\/2022\\\/05\\\/Untitled-2-01-e1652084456514.png\",\"contentUrl\":\"https:\\\/\\\/blogin.al\\\/wp-content\\\/uploads\\\/2022\\\/05\\\/Untitled-2-01-e1652084456514.png\",\"width\":3723,\"height\":1698,\"caption\":\"BLOGIN.al\"},\"image\":{\"@id\":\"https:\\\/\\\/blogin.al\\\/#\\\/schema\\\/logo\\\/image\\\/\"},\"sameAs\":[\"https:\\\/\\\/instagram.com\\\/blogin.al\\\/\"]},{\"@type\":\"Person\",\"@id\":\"https:\\\/\\\/blogin.al\\\/#\\\/schema\\\/person\\\/abdd56bc912cd511db877b852b115399\",\"name\":\"Blogin al\",\"image\":{\"@type\":\"ImageObject\",\"inLanguage\":\"en-US\",\"@id\":\"https:\\\/\\\/secure.gravatar.com\\\/avatar\\\/60d5661aee6e835fb13dc75d2204cd0c1d61bef2efd137c0083e59ef831e235e?s=96&d=mm&r=g\",\"url\":\"https:\\\/\\\/secure.gravatar.com\\\/avatar\\\/60d5661aee6e835fb13dc75d2204cd0c1d61bef2efd137c0083e59ef831e235e?s=96&d=mm&r=g\",\"contentUrl\":\"https:\\\/\\\/secure.gravatar.com\\\/avatar\\\/60d5661aee6e835fb13dc75d2204cd0c1d61bef2efd137c0083e59ef831e235e?s=96&d=mm&r=g\",\"caption\":\"Blogin al\"},\"sameAs\":[\"https:\\\/\\\/blogin.al\"],\"url\":\"https:\\\/\\\/blogin.al\\\/?author=2\"}]}<\/script>\n<!-- \/ Yoast SEO plugin. -->","yoast_head_json":{"title":"\u201cP\u00ebr hir t\u00eb dashuris\u00eb zgjodha\u2026\u201d- U ndan\u00eb pas 5 vitesh bashk\u00eb, Elgi Tako rr\u00ebfehet p\u00ebr fundin e marr\u00ebdh\u00ebnies me Olsi Bylykun - blogin.al","robots":{"index":"index","follow":"follow","max-snippet":"max-snippet:-1","max-image-preview":"max-image-preview:large","max-video-preview":"max-video-preview:-1"},"canonical":"https:\/\/blogin.al\/?p=53725","og_locale":"en_US","og_type":"article","og_title":"\u201cP\u00ebr hir t\u00eb dashuris\u00eb zgjodha\u2026\u201d- U ndan\u00eb pas 5 vitesh bashk\u00eb, Elgi Tako rr\u00ebfehet p\u00ebr fundin e marr\u00ebdh\u00ebnies me Olsi Bylykun - blogin.al","og_description":"K\u00ebng\u00ebtarja e njohur Egli Tako e cila s\u00eb fundmi \u00ebsht\u00eb b\u00ebr\u00eb pjes\u00eb e Big Brother Vip, ka folur p\u00ebr her\u00eb t\u00eb par\u00eb p\u00ebr ndarjen e saj me aktorin e humorit, Olsi Bylyku. Teksa ka qen\u00eb duke biseduar me dy nga banoret e sht\u00ebpis\u00eb, Egli ka rr\u00ebfyer se pavar\u00ebsisht pak\u00ebnaq\u00ebsive q\u00eb soll\u00ebn ndarjes mes tyre, ajo [&hellip;]","og_url":"https:\/\/blogin.al\/?p=53725","og_site_name":"blogin.al","article_published_time":"2024-12-27T09:38:13+00:00","article_modified_time":"2024-12-27T09:38:17+00:00","og_image":[{"width":640,"height":484,"url":"https:\/\/blogin.al\/wp-content\/uploads\/2023\/06\/640-0-a184ae579b74e8b6f1609e6e859ff9c6.jpeg","type":"image\/jpeg"}],"author":"Blogin al","twitter_card":"summary_large_image","twitter_misc":{"Written by":"Blogin al","Est. reading time":"2 minutes"},"schema":{"@context":"https:\/\/schema.org","@graph":[{"@type":"Article","@id":"https:\/\/blogin.al\/?p=53725#article","isPartOf":{"@id":"https:\/\/blogin.al\/?p=53725"},"author":{"name":"Blogin al","@id":"https:\/\/blogin.al\/#\/schema\/person\/abdd56bc912cd511db877b852b115399"},"headline":"\u201cP\u00ebr hir t\u00eb dashuris\u00eb zgjodha\u2026\u201d- U ndan\u00eb pas 5 vitesh bashk\u00eb, Elgi Tako rr\u00ebfehet p\u00ebr fundin e marr\u00ebdh\u00ebnies me Olsi Bylykun","datePublished":"2024-12-27T09:38:13+00:00","dateModified":"2024-12-27T09:38:17+00:00","mainEntityOfPage":{"@id":"https:\/\/blogin.al\/?p=53725"},"wordCount":290,"publisher":{"@id":"https:\/\/blogin.al\/#organization"},"image":{"@id":"https:\/\/blogin.al\/?p=53725#primaryimage"},"thumbnailUrl":"https:\/\/blogin.al\/wp-content\/uploads\/2023\/06\/640-0-a184ae579b74e8b6f1609e6e859ff9c6.jpeg","articleSection":["SHOWBIZ"],"inLanguage":"en-US"},{"@type":"WebPage","@id":"https:\/\/blogin.al\/?p=53725","url":"https:\/\/blogin.al\/?p=53725","name":"\u201cP\u00ebr hir t\u00eb dashuris\u00eb zgjodha\u2026\u201d- U ndan\u00eb pas 5 vitesh bashk\u00eb, Elgi Tako rr\u00ebfehet p\u00ebr fundin e marr\u00ebdh\u00ebnies me Olsi Bylykun - blogin.al","isPartOf":{"@id":"https:\/\/blogin.al\/#website"},"primaryImageOfPage":{"@id":"https:\/\/blogin.al\/?p=53725#primaryimage"},"image":{"@id":"https:\/\/blogin.al\/?p=53725#primaryimage"},"thumbnailUrl":"https:\/\/blogin.al\/wp-content\/uploads\/2023\/06\/640-0-a184ae579b74e8b6f1609e6e859ff9c6.jpeg","datePublished":"2024-12-27T09:38:13+00:00","dateModified":"2024-12-27T09:38:17+00:00","breadcrumb":{"@id":"https:\/\/blogin.al\/?p=53725#breadcrumb"},"inLanguage":"en-US","potentialAction":[{"@type":"ReadAction","target":["https:\/\/blogin.al\/?p=53725"]}]},{"@type":"ImageObject","inLanguage":"en-US","@id":"https:\/\/blogin.al\/?p=53725#primaryimage","url":"https:\/\/blogin.al\/wp-content\/uploads\/2023\/06\/640-0-a184ae579b74e8b6f1609e6e859ff9c6.jpeg","contentUrl":"https:\/\/blogin.al\/wp-content\/uploads\/2023\/06\/640-0-a184ae579b74e8b6f1609e6e859ff9c6.jpeg","width":640,"height":484},{"@type":"BreadcrumbList","@id":"https:\/\/blogin.al\/?p=53725#breadcrumb","itemListElement":[{"@type":"ListItem","position":1,"name":"Home","item":"https:\/\/blogin.al\/"},{"@type":"ListItem","position":2,"name":"\u201cP\u00ebr hir t\u00eb dashuris\u00eb zgjodha\u2026\u201d- U ndan\u00eb pas 5 vitesh bashk\u00eb, Elgi Tako rr\u00ebfehet p\u00ebr fundin e marr\u00ebdh\u00ebnies me Olsi Bylykun"}]},{"@type":"WebSite","@id":"https:\/\/blogin.al\/#website","url":"https:\/\/blogin.al\/","name":"blogin.al","description":"","publisher":{"@id":"https:\/\/blogin.al\/#organization"},"potentialAction":[{"@type":"SearchAction","target":{"@type":"EntryPoint","urlTemplate":"https:\/\/blogin.al\/?s={search_term_string}"},"query-input":{"@type":"PropertyValueSpecification","valueRequired":true,"valueName":"search_term_string"}}],"inLanguage":"en-US"},{"@type":"Organization","@id":"https:\/\/blogin.al\/#organization","name":"BLOGIN.al","url":"https:\/\/blogin.al\/","logo":{"@type":"ImageObject","inLanguage":"en-US","@id":"https:\/\/blogin.al\/#\/schema\/logo\/image\/","url":"https:\/\/blogin.al\/wp-content\/uploads\/2022\/05\/Untitled-2-01-e1652084456514.png","contentUrl":"https:\/\/blogin.al\/wp-content\/uploads\/2022\/05\/Untitled-2-01-e1652084456514.png","width":3723,"height":1698,"caption":"BLOGIN.al"},"image":{"@id":"https:\/\/blogin.al\/#\/schema\/logo\/image\/"},"sameAs":["https:\/\/instagram.com\/blogin.al\/"]},{"@type":"Person","@id":"https:\/\/blogin.al\/#\/schema\/person\/abdd56bc912cd511db877b852b115399","name":"Blogin al","image":{"@type":"ImageObject","inLanguage":"en-US","@id":"https:\/\/secure.gravatar.com\/avatar\/60d5661aee6e835fb13dc75d2204cd0c1d61bef2efd137c0083e59ef831e235e?s=96&d=mm&r=g","url":"https:\/\/secure.gravatar.com\/avatar\/60d5661aee6e835fb13dc75d2204cd0c1d61bef2efd137c0083e59ef831e235e?s=96&d=mm&r=g","contentUrl":"https:\/\/secure.gravatar.com\/avatar\/60d5661aee6e835fb13dc75d2204cd0c1d61bef2efd137c0083e59ef831e235e?s=96&d=mm&r=g","caption":"Blogin al"},"sameAs":["https:\/\/blogin.al"],"url":"https:\/\/blogin.al\/?author=2"}]}},"_links":{"self":[{"href":"https:\/\/blogin.al\/index.php?rest_route=\/wp\/v2\/posts\/53725","targetHints":{"allow":["GET"]}}],"collection":[{"href":"https:\/\/blogin.al\/index.php?rest_route=\/wp\/v2\/posts"}],"about":[{"href":"https:\/\/blogin.al\/index.php?rest_route=\/wp\/v2\/types\/post"}],"author":[{"embeddable":true,"href":"https:\/\/blogin.al\/index.php?rest_route=\/wp\/v2\/users\/2"}],"replies":[{"embeddable":true,"href":"https:\/\/blogin.al\/index.php?rest_route=%2Fwp%2Fv2%2Fcomments&post=53725"}],"version-history":[{"count":1,"href":"https:\/\/blogin.al\/index.php?rest_route=\/wp\/v2\/posts\/53725\/revisions"}],"predecessor-version":[{"id":53726,"href":"https:\/\/blogin.al\/index.php?rest_route=\/wp\/v2\/posts\/53725\/revisions\/53726"}],"wp:featuredmedia":[{"embeddable":true,"href":"https:\/\/blogin.al\/index.php?rest_route=\/wp\/v2\/media\/32240"}],"wp:attachment":[{"href":"https:\/\/blogin.al\/index.php?rest_route=%2Fwp%2Fv2%2Fmedia&parent=53725"}],"wp:term":[{"taxonomy":"category","embeddable":true,"href":"https:\/\/blogin.al\/index.php?rest_route=%2Fwp%2Fv2%2Fcategories&post=53725"},{"taxonomy":"post_tag","embeddable":true,"href":"https:\/\/blogin.al\/index.php?rest_route=%2Fwp%2Fv2%2Ftags&post=53725"}],"curies":[{"name":"wp","href":"https:\/\/api.w.org\/{rel}","templated":true}]}}