{"id":53727,"date":"2024-12-27T10:10:57","date_gmt":"2024-12-27T10:10:57","guid":{"rendered":"https:\/\/blogin.al\/?p=53727"},"modified":"2024-12-27T10:11:00","modified_gmt":"2024-12-27T10:11:00","slug":"franceska-murati-tregon-momentin-e-largimit-te-gilit-nga-big-brother-doli-duke-qare","status":"publish","type":"post","link":"https:\/\/blogin.al\/?p=53727","title":{"rendered":"Fran\u00e7eska Murati tregon momentin e largimit t\u00eb Gilit nga \u201cBig Brother\u201d: Doli duke qar\u00eb\u2026"},"content":{"rendered":"\n<p>Ish-banorja e \u201cBig Brother Vip 3\u201d, Fran\u00e7eska Murati, ishte e ftuar n\u00eb emisionin e \u201cBig Brother Radio\u201d n\u00eb TAR, ku ka komentuar videot m\u00eb t\u00eb klikuara t\u00eb dit\u00ebs s\u00eb djeshme dhe temat m\u00eb t\u00eb diskutuara n\u00eb rrjet.<\/p>\n\n\n\n<p>Kryefjala ishin debati i G-Banit dhe Laertit, por bomba m\u00eb e madhe ishte fakti q\u00eb Gili dhe Redoni, zgjodh\u00ebn me d\u00ebshir\u00ebn e tyre t\u00eb largohen nga sht\u00ebpia m\u00eb e famshme n\u00eb Shqip\u00ebri.<\/p>\n\n\n\n<p>Gili dhe Redoni, n\u00ebn\u00eb e bir, u fut\u00ebn n\u00eb edicionin e kat\u00ebrt t\u00eb \u201cBig Brother Vip Albania 4\u201d si nj\u00eb banor i vet\u00ebm. I pari q\u00eb e la sht\u00ebpin\u00eb ishte Redoni, nd\u00ebrsa Gili komunikoi k\u00ebt\u00eb vendim me banor\u00ebt e tjer\u00eb.<\/p>\n\n\n\n<p>Ajo shpjegoi se djali i saj nuk po e p\u00ebrballonte dot trysnin\u00eb e ambientit t\u00eb loj\u00ebs dhe kishte vendosur t\u00eb largohej. Pasi Redoni u largua, Gili sigurisht q\u00eb e ndoqi nga pas, edhe ajo vendosi gjithashtu t\u00eb largohet nga sht\u00ebpia m\u00eb e famshme n\u00eb vend.<\/p>\n\n\n\n<p>Ekskluzivisht p\u00ebr Top Albania Radio Fran\u00e7eska Murati, e cila ndodhej pran\u00eb ambienteve t\u00eb sht\u00ebpis\u00eb n\u00eb Top Channel, tha se kishte par\u00eb Gilin duke dal\u00eb nga sht\u00ebpia, nd\u00ebrkoh\u00eb q\u00eb ishte duke qar\u00eb.<\/p>\n\n\n\n<p><em>\u201cUn\u00eb sapo erdha nga ambientet e Top Channel. Un\u00eb sapo futesha n\u00eb parkim, ku \u00ebsht\u00eb praktikisht sht\u00ebpia e \u201cBig Brother\u201d, pash\u00eb Gilin duke qar\u00eb. Edhe un\u00eb q\u00eb f\u00ebrkova syt\u00eb dhe thash\u00eb \u2018Gili \u00ebsht\u00eb kjo? U futa tek grimi dhe thash\u00eb \u2018njer\u00ebz pash\u00eb Gilin, a jam \u00e7mendur`? Pastaj kur doli lajmi, kuptova q\u00eb Gili ishte larguar dhe un\u00eb nuk isha \u00e7mendur. Duke qar\u00eb. Shum\u00eb e emocionuar. Dhe un\u00eb isha \u2018\u00e7far\u00eb po ndodh\u201d?<\/em><\/p>\n\n\n\n<p><strong>Si e komenton Fran\u00e7eska pjes\u00ebmarrjen e tyre n\u00eb \u201cBBV\u201d?<\/strong><\/p>\n\n\n\n<p><em>\u201cUn\u00eb mendoj q\u00eb ato ishin surpriza e k\u00ebtij viti. Nj\u00eb n\u00ebn\u00eb e bir q\u00eb kan\u00eb treguar qytetarin\u00eb dhe realitetin se si mund t\u00eb jet\u00eb nj\u00eb n\u00ebn\u00eb me f\u00ebmij\u00ebn e vet para kamerave me at\u00eb dashurin\u00eb, kujdesin q\u00eb kishin p\u00ebr nj\u00ebri-tjetrin dhe nj\u00eb marr\u00ebdh\u00ebnie t\u00eb v\u00ebrtet\u00eb e t\u00eb sinqert\u00eb e nj\u00eb mamaje dhe djalit t\u00eb saj\u201d.<\/em><\/p>\n","protected":false},"excerpt":{"rendered":"<p>Ish-banorja e \u201cBig Brother Vip 3\u201d, Fran\u00e7eska Murati, ishte e ftuar n\u00eb emisionin e \u201cBig Brother Radio\u201d n\u00eb TAR, ku ka komentuar videot m\u00eb t\u00eb klikuara t\u00eb dit\u00ebs s\u00eb djeshme dhe temat m\u00eb t\u00eb diskutuara n\u00eb rrjet. Kryefjala ishin debati i G-Banit dhe Laertit, por bomba m\u00eb e madhe ishte fakti q\u00eb Gili dhe Redoni, [&hellip;]<\/p>\n","protected":false},"author":2,"featured_media":53003,"comment_status":"closed","ping_status":"closed","sticky":false,"template":"","format":"standard","meta":{"footnotes":""},"categories":[33],"tags":[],"class_list":{"0":"post-53727","1":"post","2":"type-post","3":"status-publish","4":"format-standard","5":"has-post-thumbnail","7":"category-showbiz"},"yoast_head":"<!-- This site is optimized with the Yoast SEO plugin v27.5 - https:\/\/yoast.com\/product\/yoast-seo-wordpress\/ -->\n<title>Fran\u00e7eska Murati tregon momentin e largimit t\u00eb Gilit nga \u201cBig Brother\u201d: Doli duke qar\u00eb\u2026 - blogin.al<\/title>\n<meta name=\"robots\" content=\"index, follow, max-snippet:-1, max-image-preview:large, max-video-preview:-1\" \/>\n<link rel=\"canonical\" href=\"https:\/\/blogin.al\/?p=53727\" \/>\n<meta property=\"og:locale\" content=\"en_US\" \/>\n<meta property=\"og:type\" content=\"article\" \/>\n<meta property=\"og:title\" content=\"Fran\u00e7eska Murati tregon momentin e largimit t\u00eb Gilit nga \u201cBig Brother\u201d: Doli duke qar\u00eb\u2026 - blogin.al\" \/>\n<meta property=\"og:description\" content=\"Ish-banorja e \u201cBig Brother Vip 3\u201d, Fran\u00e7eska Murati, ishte e ftuar n\u00eb emisionin e \u201cBig Brother Radio\u201d n\u00eb TAR, ku ka komentuar videot m\u00eb t\u00eb klikuara t\u00eb dit\u00ebs s\u00eb djeshme dhe temat m\u00eb t\u00eb diskutuara n\u00eb rrjet. Kryefjala ishin debati i G-Banit dhe Laertit, por bomba m\u00eb e madhe ishte fakti q\u00eb Gili dhe Redoni, [&hellip;]\" \/>\n<meta property=\"og:url\" content=\"https:\/\/blogin.al\/?p=53727\" \/>\n<meta property=\"og:site_name\" content=\"blogin.al\" \/>\n<meta property=\"article:published_time\" content=\"2024-12-27T10:10:57+00:00\" \/>\n<meta property=\"article:modified_time\" content=\"2024-12-27T10:11:00+00:00\" \/>\n<meta property=\"og:image\" content=\"https:\/\/blogin.al\/wp-content\/uploads\/2024\/11\/900-0-1719673937xfranceska-751.png\" \/>\n\t<meta property=\"og:image:width\" content=\"900\" \/>\n\t<meta property=\"og:image:height\" content=\"1169\" \/>\n\t<meta property=\"og:image:type\" content=\"image\/png\" \/>\n<meta name=\"author\" content=\"Blogin al\" \/>\n<meta name=\"twitter:card\" content=\"summary_large_image\" \/>\n<meta name=\"twitter:label1\" content=\"Written by\" \/>\n\t<meta name=\"twitter:data1\" content=\"Blogin al\" \/>\n\t<meta name=\"twitter:label2\" content=\"Est. reading time\" \/>\n\t<meta name=\"twitter:data2\" content=\"2 minutes\" \/>\n<script type=\"application\/ld+json\" class=\"yoast-schema-graph\">{\"@context\":\"https:\\\/\\\/schema.org\",\"@graph\":[{\"@type\":\"Article\",\"@id\":\"https:\\\/\\\/blogin.al\\\/?p=53727#article\",\"isPartOf\":{\"@id\":\"https:\\\/\\\/blogin.al\\\/?p=53727\"},\"author\":{\"name\":\"Blogin al\",\"@id\":\"https:\\\/\\\/blogin.al\\\/#\\\/schema\\\/person\\\/abdd56bc912cd511db877b852b115399\"},\"headline\":\"Fran\u00e7eska Murati tregon momentin e largimit t\u00eb Gilit nga \u201cBig Brother\u201d: Doli duke qar\u00eb\u2026\",\"datePublished\":\"2024-12-27T10:10:57+00:00\",\"dateModified\":\"2024-12-27T10:11:00+00:00\",\"mainEntityOfPage\":{\"@id\":\"https:\\\/\\\/blogin.al\\\/?p=53727\"},\"wordCount\":371,\"publisher\":{\"@id\":\"https:\\\/\\\/blogin.al\\\/#organization\"},\"image\":{\"@id\":\"https:\\\/\\\/blogin.al\\\/?p=53727#primaryimage\"},\"thumbnailUrl\":\"https:\\\/\\\/blogin.al\\\/wp-content\\\/uploads\\\/2024\\\/11\\\/900-0-1719673937xfranceska-751.png\",\"articleSection\":[\"SHOWBIZ\"],\"inLanguage\":\"en-US\"},{\"@type\":\"WebPage\",\"@id\":\"https:\\\/\\\/blogin.al\\\/?p=53727\",\"url\":\"https:\\\/\\\/blogin.al\\\/?p=53727\",\"name\":\"Fran\u00e7eska Murati tregon momentin e largimit t\u00eb Gilit nga \u201cBig Brother\u201d: Doli duke qar\u00eb\u2026 - blogin.al\",\"isPartOf\":{\"@id\":\"https:\\\/\\\/blogin.al\\\/#website\"},\"primaryImageOfPage\":{\"@id\":\"https:\\\/\\\/blogin.al\\\/?p=53727#primaryimage\"},\"image\":{\"@id\":\"https:\\\/\\\/blogin.al\\\/?p=53727#primaryimage\"},\"thumbnailUrl\":\"https:\\\/\\\/blogin.al\\\/wp-content\\\/uploads\\\/2024\\\/11\\\/900-0-1719673937xfranceska-751.png\",\"datePublished\":\"2024-12-27T10:10:57+00:00\",\"dateModified\":\"2024-12-27T10:11:00+00:00\",\"breadcrumb\":{\"@id\":\"https:\\\/\\\/blogin.al\\\/?p=53727#breadcrumb\"},\"inLanguage\":\"en-US\",\"potentialAction\":[{\"@type\":\"ReadAction\",\"target\":[\"https:\\\/\\\/blogin.al\\\/?p=53727\"]}]},{\"@type\":\"ImageObject\",\"inLanguage\":\"en-US\",\"@id\":\"https:\\\/\\\/blogin.al\\\/?p=53727#primaryimage\",\"url\":\"https:\\\/\\\/blogin.al\\\/wp-content\\\/uploads\\\/2024\\\/11\\\/900-0-1719673937xfranceska-751.png\",\"contentUrl\":\"https:\\\/\\\/blogin.al\\\/wp-content\\\/uploads\\\/2024\\\/11\\\/900-0-1719673937xfranceska-751.png\",\"width\":900,\"height\":1169},{\"@type\":\"BreadcrumbList\",\"@id\":\"https:\\\/\\\/blogin.al\\\/?p=53727#breadcrumb\",\"itemListElement\":[{\"@type\":\"ListItem\",\"position\":1,\"name\":\"Home\",\"item\":\"https:\\\/\\\/blogin.al\\\/\"},{\"@type\":\"ListItem\",\"position\":2,\"name\":\"Fran\u00e7eska Murati tregon momentin e largimit t\u00eb Gilit nga \u201cBig Brother\u201d: Doli duke qar\u00eb\u2026\"}]},{\"@type\":\"WebSite\",\"@id\":\"https:\\\/\\\/blogin.al\\\/#website\",\"url\":\"https:\\\/\\\/blogin.al\\\/\",\"name\":\"blogin.al\",\"description\":\"\",\"publisher\":{\"@id\":\"https:\\\/\\\/blogin.al\\\/#organization\"},\"potentialAction\":[{\"@type\":\"SearchAction\",\"target\":{\"@type\":\"EntryPoint\",\"urlTemplate\":\"https:\\\/\\\/blogin.al\\\/?s={search_term_string}\"},\"query-input\":{\"@type\":\"PropertyValueSpecification\",\"valueRequired\":true,\"valueName\":\"search_term_string\"}}],\"inLanguage\":\"en-US\"},{\"@type\":\"Organization\",\"@id\":\"https:\\\/\\\/blogin.al\\\/#organization\",\"name\":\"BLOGIN.al\",\"url\":\"https:\\\/\\\/blogin.al\\\/\",\"logo\":{\"@type\":\"ImageObject\",\"inLanguage\":\"en-US\",\"@id\":\"https:\\\/\\\/blogin.al\\\/#\\\/schema\\\/logo\\\/image\\\/\",\"url\":\"https:\\\/\\\/blogin.al\\\/wp-content\\\/uploads\\\/2022\\\/05\\\/Untitled-2-01-e1652084456514.png\",\"contentUrl\":\"https:\\\/\\\/blogin.al\\\/wp-content\\\/uploads\\\/2022\\\/05\\\/Untitled-2-01-e1652084456514.png\",\"width\":3723,\"height\":1698,\"caption\":\"BLOGIN.al\"},\"image\":{\"@id\":\"https:\\\/\\\/blogin.al\\\/#\\\/schema\\\/logo\\\/image\\\/\"},\"sameAs\":[\"https:\\\/\\\/instagram.com\\\/blogin.al\\\/\"]},{\"@type\":\"Person\",\"@id\":\"https:\\\/\\\/blogin.al\\\/#\\\/schema\\\/person\\\/abdd56bc912cd511db877b852b115399\",\"name\":\"Blogin al\",\"image\":{\"@type\":\"ImageObject\",\"inLanguage\":\"en-US\",\"@id\":\"https:\\\/\\\/secure.gravatar.com\\\/avatar\\\/60d5661aee6e835fb13dc75d2204cd0c1d61bef2efd137c0083e59ef831e235e?s=96&d=mm&r=g\",\"url\":\"https:\\\/\\\/secure.gravatar.com\\\/avatar\\\/60d5661aee6e835fb13dc75d2204cd0c1d61bef2efd137c0083e59ef831e235e?s=96&d=mm&r=g\",\"contentUrl\":\"https:\\\/\\\/secure.gravatar.com\\\/avatar\\\/60d5661aee6e835fb13dc75d2204cd0c1d61bef2efd137c0083e59ef831e235e?s=96&d=mm&r=g\",\"caption\":\"Blogin al\"},\"sameAs\":[\"https:\\\/\\\/blogin.al\"],\"url\":\"https:\\\/\\\/blogin.al\\\/?author=2\"}]}<\/script>\n<!-- \/ Yoast SEO plugin. -->","yoast_head_json":{"title":"Fran\u00e7eska Murati tregon momentin e largimit t\u00eb Gilit nga \u201cBig Brother\u201d: Doli duke qar\u00eb\u2026 - blogin.al","robots":{"index":"index","follow":"follow","max-snippet":"max-snippet:-1","max-image-preview":"max-image-preview:large","max-video-preview":"max-video-preview:-1"},"canonical":"https:\/\/blogin.al\/?p=53727","og_locale":"en_US","og_type":"article","og_title":"Fran\u00e7eska Murati tregon momentin e largimit t\u00eb Gilit nga \u201cBig Brother\u201d: Doli duke qar\u00eb\u2026 - blogin.al","og_description":"Ish-banorja e \u201cBig Brother Vip 3\u201d, Fran\u00e7eska Murati, ishte e ftuar n\u00eb emisionin e \u201cBig Brother Radio\u201d n\u00eb TAR, ku ka komentuar videot m\u00eb t\u00eb klikuara t\u00eb dit\u00ebs s\u00eb djeshme dhe temat m\u00eb t\u00eb diskutuara n\u00eb rrjet. Kryefjala ishin debati i G-Banit dhe Laertit, por bomba m\u00eb e madhe ishte fakti q\u00eb Gili dhe Redoni, [&hellip;]","og_url":"https:\/\/blogin.al\/?p=53727","og_site_name":"blogin.al","article_published_time":"2024-12-27T10:10:57+00:00","article_modified_time":"2024-12-27T10:11:00+00:00","og_image":[{"width":900,"height":1169,"url":"https:\/\/blogin.al\/wp-content\/uploads\/2024\/11\/900-0-1719673937xfranceska-751.png","type":"image\/png"}],"author":"Blogin al","twitter_card":"summary_large_image","twitter_misc":{"Written by":"Blogin al","Est. reading time":"2 minutes"},"schema":{"@context":"https:\/\/schema.org","@graph":[{"@type":"Article","@id":"https:\/\/blogin.al\/?p=53727#article","isPartOf":{"@id":"https:\/\/blogin.al\/?p=53727"},"author":{"name":"Blogin al","@id":"https:\/\/blogin.al\/#\/schema\/person\/abdd56bc912cd511db877b852b115399"},"headline":"Fran\u00e7eska Murati tregon momentin e largimit t\u00eb Gilit nga \u201cBig Brother\u201d: Doli duke qar\u00eb\u2026","datePublished":"2024-12-27T10:10:57+00:00","dateModified":"2024-12-27T10:11:00+00:00","mainEntityOfPage":{"@id":"https:\/\/blogin.al\/?p=53727"},"wordCount":371,"publisher":{"@id":"https:\/\/blogin.al\/#organization"},"image":{"@id":"https:\/\/blogin.al\/?p=53727#primaryimage"},"thumbnailUrl":"https:\/\/blogin.al\/wp-content\/uploads\/2024\/11\/900-0-1719673937xfranceska-751.png","articleSection":["SHOWBIZ"],"inLanguage":"en-US"},{"@type":"WebPage","@id":"https:\/\/blogin.al\/?p=53727","url":"https:\/\/blogin.al\/?p=53727","name":"Fran\u00e7eska Murati tregon momentin e largimit t\u00eb Gilit nga \u201cBig Brother\u201d: Doli duke qar\u00eb\u2026 - blogin.al","isPartOf":{"@id":"https:\/\/blogin.al\/#website"},"primaryImageOfPage":{"@id":"https:\/\/blogin.al\/?p=53727#primaryimage"},"image":{"@id":"https:\/\/blogin.al\/?p=53727#primaryimage"},"thumbnailUrl":"https:\/\/blogin.al\/wp-content\/uploads\/2024\/11\/900-0-1719673937xfranceska-751.png","datePublished":"2024-12-27T10:10:57+00:00","dateModified":"2024-12-27T10:11:00+00:00","breadcrumb":{"@id":"https:\/\/blogin.al\/?p=53727#breadcrumb"},"inLanguage":"en-US","potentialAction":[{"@type":"ReadAction","target":["https:\/\/blogin.al\/?p=53727"]}]},{"@type":"ImageObject","inLanguage":"en-US","@id":"https:\/\/blogin.al\/?p=53727#primaryimage","url":"https:\/\/blogin.al\/wp-content\/uploads\/2024\/11\/900-0-1719673937xfranceska-751.png","contentUrl":"https:\/\/blogin.al\/wp-content\/uploads\/2024\/11\/900-0-1719673937xfranceska-751.png","width":900,"height":1169},{"@type":"BreadcrumbList","@id":"https:\/\/blogin.al\/?p=53727#breadcrumb","itemListElement":[{"@type":"ListItem","position":1,"name":"Home","item":"https:\/\/blogin.al\/"},{"@type":"ListItem","position":2,"name":"Fran\u00e7eska Murati tregon momentin e largimit t\u00eb Gilit nga \u201cBig Brother\u201d: Doli duke qar\u00eb\u2026"}]},{"@type":"WebSite","@id":"https:\/\/blogin.al\/#website","url":"https:\/\/blogin.al\/","name":"blogin.al","description":"","publisher":{"@id":"https:\/\/blogin.al\/#organization"},"potentialAction":[{"@type":"SearchAction","target":{"@type":"EntryPoint","urlTemplate":"https:\/\/blogin.al\/?s={search_term_string}"},"query-input":{"@type":"PropertyValueSpecification","valueRequired":true,"valueName":"search_term_string"}}],"inLanguage":"en-US"},{"@type":"Organization","@id":"https:\/\/blogin.al\/#organization","name":"BLOGIN.al","url":"https:\/\/blogin.al\/","logo":{"@type":"ImageObject","inLanguage":"en-US","@id":"https:\/\/blogin.al\/#\/schema\/logo\/image\/","url":"https:\/\/blogin.al\/wp-content\/uploads\/2022\/05\/Untitled-2-01-e1652084456514.png","contentUrl":"https:\/\/blogin.al\/wp-content\/uploads\/2022\/05\/Untitled-2-01-e1652084456514.png","width":3723,"height":1698,"caption":"BLOGIN.al"},"image":{"@id":"https:\/\/blogin.al\/#\/schema\/logo\/image\/"},"sameAs":["https:\/\/instagram.com\/blogin.al\/"]},{"@type":"Person","@id":"https:\/\/blogin.al\/#\/schema\/person\/abdd56bc912cd511db877b852b115399","name":"Blogin al","image":{"@type":"ImageObject","inLanguage":"en-US","@id":"https:\/\/secure.gravatar.com\/avatar\/60d5661aee6e835fb13dc75d2204cd0c1d61bef2efd137c0083e59ef831e235e?s=96&d=mm&r=g","url":"https:\/\/secure.gravatar.com\/avatar\/60d5661aee6e835fb13dc75d2204cd0c1d61bef2efd137c0083e59ef831e235e?s=96&d=mm&r=g","contentUrl":"https:\/\/secure.gravatar.com\/avatar\/60d5661aee6e835fb13dc75d2204cd0c1d61bef2efd137c0083e59ef831e235e?s=96&d=mm&r=g","caption":"Blogin al"},"sameAs":["https:\/\/blogin.al"],"url":"https:\/\/blogin.al\/?author=2"}]}},"_links":{"self":[{"href":"https:\/\/blogin.al\/index.php?rest_route=\/wp\/v2\/posts\/53727","targetHints":{"allow":["GET"]}}],"collection":[{"href":"https:\/\/blogin.al\/index.php?rest_route=\/wp\/v2\/posts"}],"about":[{"href":"https:\/\/blogin.al\/index.php?rest_route=\/wp\/v2\/types\/post"}],"author":[{"embeddable":true,"href":"https:\/\/blogin.al\/index.php?rest_route=\/wp\/v2\/users\/2"}],"replies":[{"embeddable":true,"href":"https:\/\/blogin.al\/index.php?rest_route=%2Fwp%2Fv2%2Fcomments&post=53727"}],"version-history":[{"count":1,"href":"https:\/\/blogin.al\/index.php?rest_route=\/wp\/v2\/posts\/53727\/revisions"}],"predecessor-version":[{"id":53728,"href":"https:\/\/blogin.al\/index.php?rest_route=\/wp\/v2\/posts\/53727\/revisions\/53728"}],"wp:featuredmedia":[{"embeddable":true,"href":"https:\/\/blogin.al\/index.php?rest_route=\/wp\/v2\/media\/53003"}],"wp:attachment":[{"href":"https:\/\/blogin.al\/index.php?rest_route=%2Fwp%2Fv2%2Fmedia&parent=53727"}],"wp:term":[{"taxonomy":"category","embeddable":true,"href":"https:\/\/blogin.al\/index.php?rest_route=%2Fwp%2Fv2%2Fcategories&post=53727"},{"taxonomy":"post_tag","embeddable":true,"href":"https:\/\/blogin.al\/index.php?rest_route=%2Fwp%2Fv2%2Ftags&post=53727"}],"curies":[{"name":"wp","href":"https:\/\/api.w.org\/{rel}","templated":true}]}}