{"id":53761,"date":"2024-12-28T10:26:53","date_gmt":"2024-12-28T10:26:53","guid":{"rendered":"https:\/\/blogin.al\/?p=53761"},"modified":"2024-12-28T10:31:30","modified_gmt":"2024-12-28T10:31:30","slug":"kur-ke-prezantuar-spektakel-ti-valbona-mhilli-debaton-ashper-me-gerta-gixharin","status":"publish","type":"post","link":"https:\/\/blogin.al\/?p=53761","title":{"rendered":"\u201cKur ke prezantuar spektak\u00ebl ti?\u201d \/ Valbona Mhilli debaton ashp\u00ebr me Gerta Gixharin"},"content":{"rendered":"\n<p>Nj\u00eb zarf ka mb\u00ebrritur n\u00eb sht\u00ebpin\u00eb e Big Brother Vip ku \u00ebsht\u00eb b\u00ebr\u00eb e ditur p\u00ebr t\u00eb gjith\u00eb banor\u00ebt se ata do t\u00eb duhet q\u00eb t\u00eb krijojn\u00eb nj\u00eb talent show p\u00ebr dat\u00ebn 31 Dhjetor, mbr\u00ebmjen e nd\u00ebrrimit t\u00eb viteve.<\/p>\n\n\n\n<p>Pas leximit t\u00eb k\u00ebtij zarfi n\u00eb sht\u00ebpi kan\u00eb nisur debatet, ku n\u00eb nj\u00ebrin prej tyre \u00ebsht\u00eb p\u00ebrfshir\u00eb Valbona dhe Gerta.<\/p>\n\n\n\n<p><strong>Pjes\u00eb nga biseda:<\/strong><\/p>\n\n\n\n<p>Valbona: Ose b\u00ebj autorsin\u00eb ose b\u00ebj autoren aty ose b\u00ebje t\u00eb gjith\u00ebn. Dil dhe aktro tani. Merrja dhe k\u00ebtyre pjes\u00ebn e aktrimeve edhe regjizur\u00ebn dhe \u00e7do gj\u00eb. Po rri pra tani. Dil e b\u00ebje moj, do t\u00eb ta jap k\u00ebnaq\u00ebsin\u00eb q\u00eb t\u00eb t\u00eb njohi publiku ndryshe. Nga mbasditja t\u00eb dal\u00ebsh dhe t\u00eb prezantosh nj\u00eb spektak\u00ebl nuk t\u00eb kan\u00eb par\u00eb kurr\u00eb. Dilm dh\u00eb b\u00ebje. Kur ke prezantuar spektak\u00ebl ti?<\/p>\n\n\n\n<p>Gerta: Po nuk e di ti sepse ke qen\u00eb shum\u00eb e vog\u00ebl.<\/p>\n\n\n\n<p>Valbona: Po ma thuaj pra\u2026<\/p>\n\n\n\n<p>Gerta: Ke qen\u00eb e vog\u00ebl kur un\u00eb kam prezantuar nj\u00eb spektak\u00ebl.<\/p>\n\n\n\n<p>Valbona: Po nuk e di.<\/p>\n\n\n\n<p>Gerta: Nuk e di sepse nuk ke mosh\u00ebn.<\/p>\n\n\n\n<p>Valbona: Dua t\u00eb t\u00eb shoh, dil dhe b\u00ebje. Un\u00eb kam dy role, nj\u00eb me Rozan\u00ebn<\/p>\n\n\n\n<p>Gerta: Valbona, un\u00eb nuk jam k\u00ebtu p\u00ebr ty q\u00eb t\u00eb m\u00eb shoh\u00ebsh ti e para, jam p\u00ebr publikun.<\/p>\n\n\n\n<p>Valbona: Je p\u00ebr publikun pra po. Dil q\u00eb t\u00eb t\u00eb shoh\u00eb publiku jo un\u00eb. Po rri pra tani. Autore m\u00eb l\u00ebr t\u00eb ha buk\u00eb t\u00eb lutem.<\/p>\n\n\n\n<p>Gerta: Mir\u00eb vazhdo fol me veten.<\/p>\n\n\n\n<p>Valbona: Un\u00eb nuk jam nga personat q\u00eb flas me veten dhe n\u00ebse nuk e ke m\u00ebsuar merre vesh.<\/p>\n\n\n\n<p>Gerta: T\u00eb thash\u00eb q\u00eb ti do ta moderosh, \u00e7far\u00eb t\u00eb thash\u00eb dje?<\/p>\n\n\n\n<p>Valbona: L\u00ebri moj numrat, o autore ka mund\u00ebsi q\u00eb t\u2019ia vendos\u00ebsh vetes aktore, regjisore, moderatore dhe t\u00eb t\u00eb njohi bota dhe ta din\u00eb se \u00e7far\u00eb \u00ebsht\u00eb e aft\u00eb t\u00eb b\u00ebj\u00eb Gerta Gixhari.<\/p>\n\n\n\n<p>Gerta: N\u00ebse e b\u00ebj \u00e7far\u00eb problemi ke ti?<\/p>\n\n\n\n<p>Valbona: Regjisor, un\u00eb nuk dua t\u00eb moderoj jam shum\u00eb e lumtur me pjes\u00ebn ku do t\u00eb futem tek Rozi dhe at\u00eb tjetr\u00ebm. Le ta prezantoj\u00eb autorja e k\u00ebtij spektakli Gerta Gixhari.<\/p>\n","protected":false},"excerpt":{"rendered":"<p>Nj\u00eb zarf ka mb\u00ebrritur n\u00eb sht\u00ebpin\u00eb e Big Brother Vip ku \u00ebsht\u00eb b\u00ebr\u00eb e ditur p\u00ebr t\u00eb gjith\u00eb banor\u00ebt se ata do t\u00eb duhet q\u00eb t\u00eb krijojn\u00eb nj\u00eb talent show p\u00ebr dat\u00ebn 31 Dhjetor, mbr\u00ebmjen e nd\u00ebrrimit t\u00eb viteve. Pas leximit t\u00eb k\u00ebtij zarfi n\u00eb sht\u00ebpi kan\u00eb nisur debatet, ku n\u00eb nj\u00ebrin prej tyre \u00ebsht\u00eb [&hellip;]<\/p>\n","protected":false},"author":2,"featured_media":53764,"comment_status":"closed","ping_status":"closed","sticky":false,"template":"","format":"standard","meta":{"footnotes":""},"categories":[33],"tags":[],"class_list":{"0":"post-53761","1":"post","2":"type-post","3":"status-publish","4":"format-standard","5":"has-post-thumbnail","7":"category-showbiz"},"yoast_head":"<!-- This site is optimized with the Yoast SEO plugin v27.4 - https:\/\/yoast.com\/product\/yoast-seo-wordpress\/ -->\n<title>\u201cKur ke prezantuar spektak\u00ebl ti?\u201d \/ Valbona Mhilli debaton ashp\u00ebr me Gerta Gixharin - blogin.al<\/title>\n<meta name=\"robots\" content=\"index, follow, max-snippet:-1, max-image-preview:large, max-video-preview:-1\" \/>\n<link rel=\"canonical\" href=\"https:\/\/blogin.al\/?p=53761\" \/>\n<meta property=\"og:locale\" content=\"en_US\" \/>\n<meta property=\"og:type\" content=\"article\" \/>\n<meta property=\"og:title\" content=\"\u201cKur ke prezantuar spektak\u00ebl ti?\u201d \/ Valbona Mhilli debaton ashp\u00ebr me Gerta Gixharin - blogin.al\" \/>\n<meta property=\"og:description\" content=\"Nj\u00eb zarf ka mb\u00ebrritur n\u00eb sht\u00ebpin\u00eb e Big Brother Vip ku \u00ebsht\u00eb b\u00ebr\u00eb e ditur p\u00ebr t\u00eb gjith\u00eb banor\u00ebt se ata do t\u00eb duhet q\u00eb t\u00eb krijojn\u00eb nj\u00eb talent show p\u00ebr dat\u00ebn 31 Dhjetor, mbr\u00ebmjen e nd\u00ebrrimit t\u00eb viteve. Pas leximit t\u00eb k\u00ebtij zarfi n\u00eb sht\u00ebpi kan\u00eb nisur debatet, ku n\u00eb nj\u00ebrin prej tyre \u00ebsht\u00eb [&hellip;]\" \/>\n<meta property=\"og:url\" content=\"https:\/\/blogin.al\/?p=53761\" \/>\n<meta property=\"og:site_name\" content=\"blogin.al\" \/>\n<meta property=\"article:published_time\" content=\"2024-12-28T10:26:53+00:00\" \/>\n<meta property=\"article:modified_time\" content=\"2024-12-28T10:31:30+00:00\" \/>\n<meta property=\"og:image\" content=\"https:\/\/blogin.al\/wp-content\/uploads\/2024\/12\/IMG_8500-640x375-1.webp\" \/>\n\t<meta property=\"og:image:width\" content=\"640\" \/>\n\t<meta property=\"og:image:height\" content=\"375\" \/>\n\t<meta property=\"og:image:type\" content=\"image\/webp\" \/>\n<meta name=\"author\" content=\"Blogin al\" \/>\n<meta name=\"twitter:card\" content=\"summary_large_image\" \/>\n<meta name=\"twitter:label1\" content=\"Written by\" \/>\n\t<meta name=\"twitter:data1\" content=\"Blogin al\" \/>\n\t<meta name=\"twitter:label2\" content=\"Est. reading time\" \/>\n\t<meta name=\"twitter:data2\" content=\"2 minutes\" \/>\n<script type=\"application\/ld+json\" class=\"yoast-schema-graph\">{\"@context\":\"https:\\\/\\\/schema.org\",\"@graph\":[{\"@type\":\"Article\",\"@id\":\"https:\\\/\\\/blogin.al\\\/?p=53761#article\",\"isPartOf\":{\"@id\":\"https:\\\/\\\/blogin.al\\\/?p=53761\"},\"author\":{\"name\":\"Blogin al\",\"@id\":\"https:\\\/\\\/blogin.al\\\/#\\\/schema\\\/person\\\/abdd56bc912cd511db877b852b115399\"},\"headline\":\"\u201cKur ke prezantuar spektak\u00ebl ti?\u201d \\\/ Valbona Mhilli debaton ashp\u00ebr me Gerta Gixharin\",\"datePublished\":\"2024-12-28T10:26:53+00:00\",\"dateModified\":\"2024-12-28T10:31:30+00:00\",\"mainEntityOfPage\":{\"@id\":\"https:\\\/\\\/blogin.al\\\/?p=53761\"},\"wordCount\":401,\"publisher\":{\"@id\":\"https:\\\/\\\/blogin.al\\\/#organization\"},\"image\":{\"@id\":\"https:\\\/\\\/blogin.al\\\/?p=53761#primaryimage\"},\"thumbnailUrl\":\"https:\\\/\\\/blogin.al\\\/wp-content\\\/uploads\\\/2024\\\/12\\\/IMG_8500-640x375-1.webp\",\"articleSection\":[\"SHOWBIZ\"],\"inLanguage\":\"en-US\"},{\"@type\":\"WebPage\",\"@id\":\"https:\\\/\\\/blogin.al\\\/?p=53761\",\"url\":\"https:\\\/\\\/blogin.al\\\/?p=53761\",\"name\":\"\u201cKur ke prezantuar spektak\u00ebl ti?\u201d \\\/ Valbona Mhilli debaton ashp\u00ebr me Gerta Gixharin - blogin.al\",\"isPartOf\":{\"@id\":\"https:\\\/\\\/blogin.al\\\/#website\"},\"primaryImageOfPage\":{\"@id\":\"https:\\\/\\\/blogin.al\\\/?p=53761#primaryimage\"},\"image\":{\"@id\":\"https:\\\/\\\/blogin.al\\\/?p=53761#primaryimage\"},\"thumbnailUrl\":\"https:\\\/\\\/blogin.al\\\/wp-content\\\/uploads\\\/2024\\\/12\\\/IMG_8500-640x375-1.webp\",\"datePublished\":\"2024-12-28T10:26:53+00:00\",\"dateModified\":\"2024-12-28T10:31:30+00:00\",\"breadcrumb\":{\"@id\":\"https:\\\/\\\/blogin.al\\\/?p=53761#breadcrumb\"},\"inLanguage\":\"en-US\",\"potentialAction\":[{\"@type\":\"ReadAction\",\"target\":[\"https:\\\/\\\/blogin.al\\\/?p=53761\"]}]},{\"@type\":\"ImageObject\",\"inLanguage\":\"en-US\",\"@id\":\"https:\\\/\\\/blogin.al\\\/?p=53761#primaryimage\",\"url\":\"https:\\\/\\\/blogin.al\\\/wp-content\\\/uploads\\\/2024\\\/12\\\/IMG_8500-640x375-1.webp\",\"contentUrl\":\"https:\\\/\\\/blogin.al\\\/wp-content\\\/uploads\\\/2024\\\/12\\\/IMG_8500-640x375-1.webp\",\"width\":640,\"height\":375},{\"@type\":\"BreadcrumbList\",\"@id\":\"https:\\\/\\\/blogin.al\\\/?p=53761#breadcrumb\",\"itemListElement\":[{\"@type\":\"ListItem\",\"position\":1,\"name\":\"Home\",\"item\":\"https:\\\/\\\/blogin.al\\\/\"},{\"@type\":\"ListItem\",\"position\":2,\"name\":\"\u201cKur ke prezantuar spektak\u00ebl ti?\u201d \\\/ Valbona Mhilli debaton ashp\u00ebr me Gerta Gixharin\"}]},{\"@type\":\"WebSite\",\"@id\":\"https:\\\/\\\/blogin.al\\\/#website\",\"url\":\"https:\\\/\\\/blogin.al\\\/\",\"name\":\"blogin.al\",\"description\":\"\",\"publisher\":{\"@id\":\"https:\\\/\\\/blogin.al\\\/#organization\"},\"potentialAction\":[{\"@type\":\"SearchAction\",\"target\":{\"@type\":\"EntryPoint\",\"urlTemplate\":\"https:\\\/\\\/blogin.al\\\/?s={search_term_string}\"},\"query-input\":{\"@type\":\"PropertyValueSpecification\",\"valueRequired\":true,\"valueName\":\"search_term_string\"}}],\"inLanguage\":\"en-US\"},{\"@type\":\"Organization\",\"@id\":\"https:\\\/\\\/blogin.al\\\/#organization\",\"name\":\"BLOGIN.al\",\"url\":\"https:\\\/\\\/blogin.al\\\/\",\"logo\":{\"@type\":\"ImageObject\",\"inLanguage\":\"en-US\",\"@id\":\"https:\\\/\\\/blogin.al\\\/#\\\/schema\\\/logo\\\/image\\\/\",\"url\":\"https:\\\/\\\/blogin.al\\\/wp-content\\\/uploads\\\/2022\\\/05\\\/Untitled-2-01-e1652084456514.png\",\"contentUrl\":\"https:\\\/\\\/blogin.al\\\/wp-content\\\/uploads\\\/2022\\\/05\\\/Untitled-2-01-e1652084456514.png\",\"width\":3723,\"height\":1698,\"caption\":\"BLOGIN.al\"},\"image\":{\"@id\":\"https:\\\/\\\/blogin.al\\\/#\\\/schema\\\/logo\\\/image\\\/\"},\"sameAs\":[\"https:\\\/\\\/instagram.com\\\/blogin.al\\\/\"]},{\"@type\":\"Person\",\"@id\":\"https:\\\/\\\/blogin.al\\\/#\\\/schema\\\/person\\\/abdd56bc912cd511db877b852b115399\",\"name\":\"Blogin al\",\"image\":{\"@type\":\"ImageObject\",\"inLanguage\":\"en-US\",\"@id\":\"https:\\\/\\\/secure.gravatar.com\\\/avatar\\\/60d5661aee6e835fb13dc75d2204cd0c1d61bef2efd137c0083e59ef831e235e?s=96&d=mm&r=g\",\"url\":\"https:\\\/\\\/secure.gravatar.com\\\/avatar\\\/60d5661aee6e835fb13dc75d2204cd0c1d61bef2efd137c0083e59ef831e235e?s=96&d=mm&r=g\",\"contentUrl\":\"https:\\\/\\\/secure.gravatar.com\\\/avatar\\\/60d5661aee6e835fb13dc75d2204cd0c1d61bef2efd137c0083e59ef831e235e?s=96&d=mm&r=g\",\"caption\":\"Blogin al\"},\"sameAs\":[\"https:\\\/\\\/blogin.al\"],\"url\":\"https:\\\/\\\/blogin.al\\\/?author=2\"}]}<\/script>\n<!-- \/ Yoast SEO plugin. -->","yoast_head_json":{"title":"\u201cKur ke prezantuar spektak\u00ebl ti?\u201d \/ Valbona Mhilli debaton ashp\u00ebr me Gerta Gixharin - blogin.al","robots":{"index":"index","follow":"follow","max-snippet":"max-snippet:-1","max-image-preview":"max-image-preview:large","max-video-preview":"max-video-preview:-1"},"canonical":"https:\/\/blogin.al\/?p=53761","og_locale":"en_US","og_type":"article","og_title":"\u201cKur ke prezantuar spektak\u00ebl ti?\u201d \/ Valbona Mhilli debaton ashp\u00ebr me Gerta Gixharin - blogin.al","og_description":"Nj\u00eb zarf ka mb\u00ebrritur n\u00eb sht\u00ebpin\u00eb e Big Brother Vip ku \u00ebsht\u00eb b\u00ebr\u00eb e ditur p\u00ebr t\u00eb gjith\u00eb banor\u00ebt se ata do t\u00eb duhet q\u00eb t\u00eb krijojn\u00eb nj\u00eb talent show p\u00ebr dat\u00ebn 31 Dhjetor, mbr\u00ebmjen e nd\u00ebrrimit t\u00eb viteve. Pas leximit t\u00eb k\u00ebtij zarfi n\u00eb sht\u00ebpi kan\u00eb nisur debatet, ku n\u00eb nj\u00ebrin prej tyre \u00ebsht\u00eb [&hellip;]","og_url":"https:\/\/blogin.al\/?p=53761","og_site_name":"blogin.al","article_published_time":"2024-12-28T10:26:53+00:00","article_modified_time":"2024-12-28T10:31:30+00:00","og_image":[{"width":640,"height":375,"url":"https:\/\/blogin.al\/wp-content\/uploads\/2024\/12\/IMG_8500-640x375-1.webp","type":"image\/webp"}],"author":"Blogin al","twitter_card":"summary_large_image","twitter_misc":{"Written by":"Blogin al","Est. reading time":"2 minutes"},"schema":{"@context":"https:\/\/schema.org","@graph":[{"@type":"Article","@id":"https:\/\/blogin.al\/?p=53761#article","isPartOf":{"@id":"https:\/\/blogin.al\/?p=53761"},"author":{"name":"Blogin al","@id":"https:\/\/blogin.al\/#\/schema\/person\/abdd56bc912cd511db877b852b115399"},"headline":"\u201cKur ke prezantuar spektak\u00ebl ti?\u201d \/ Valbona Mhilli debaton ashp\u00ebr me Gerta Gixharin","datePublished":"2024-12-28T10:26:53+00:00","dateModified":"2024-12-28T10:31:30+00:00","mainEntityOfPage":{"@id":"https:\/\/blogin.al\/?p=53761"},"wordCount":401,"publisher":{"@id":"https:\/\/blogin.al\/#organization"},"image":{"@id":"https:\/\/blogin.al\/?p=53761#primaryimage"},"thumbnailUrl":"https:\/\/blogin.al\/wp-content\/uploads\/2024\/12\/IMG_8500-640x375-1.webp","articleSection":["SHOWBIZ"],"inLanguage":"en-US"},{"@type":"WebPage","@id":"https:\/\/blogin.al\/?p=53761","url":"https:\/\/blogin.al\/?p=53761","name":"\u201cKur ke prezantuar spektak\u00ebl ti?\u201d \/ Valbona Mhilli debaton ashp\u00ebr me Gerta Gixharin - blogin.al","isPartOf":{"@id":"https:\/\/blogin.al\/#website"},"primaryImageOfPage":{"@id":"https:\/\/blogin.al\/?p=53761#primaryimage"},"image":{"@id":"https:\/\/blogin.al\/?p=53761#primaryimage"},"thumbnailUrl":"https:\/\/blogin.al\/wp-content\/uploads\/2024\/12\/IMG_8500-640x375-1.webp","datePublished":"2024-12-28T10:26:53+00:00","dateModified":"2024-12-28T10:31:30+00:00","breadcrumb":{"@id":"https:\/\/blogin.al\/?p=53761#breadcrumb"},"inLanguage":"en-US","potentialAction":[{"@type":"ReadAction","target":["https:\/\/blogin.al\/?p=53761"]}]},{"@type":"ImageObject","inLanguage":"en-US","@id":"https:\/\/blogin.al\/?p=53761#primaryimage","url":"https:\/\/blogin.al\/wp-content\/uploads\/2024\/12\/IMG_8500-640x375-1.webp","contentUrl":"https:\/\/blogin.al\/wp-content\/uploads\/2024\/12\/IMG_8500-640x375-1.webp","width":640,"height":375},{"@type":"BreadcrumbList","@id":"https:\/\/blogin.al\/?p=53761#breadcrumb","itemListElement":[{"@type":"ListItem","position":1,"name":"Home","item":"https:\/\/blogin.al\/"},{"@type":"ListItem","position":2,"name":"\u201cKur ke prezantuar spektak\u00ebl ti?\u201d \/ Valbona Mhilli debaton ashp\u00ebr me Gerta Gixharin"}]},{"@type":"WebSite","@id":"https:\/\/blogin.al\/#website","url":"https:\/\/blogin.al\/","name":"blogin.al","description":"","publisher":{"@id":"https:\/\/blogin.al\/#organization"},"potentialAction":[{"@type":"SearchAction","target":{"@type":"EntryPoint","urlTemplate":"https:\/\/blogin.al\/?s={search_term_string}"},"query-input":{"@type":"PropertyValueSpecification","valueRequired":true,"valueName":"search_term_string"}}],"inLanguage":"en-US"},{"@type":"Organization","@id":"https:\/\/blogin.al\/#organization","name":"BLOGIN.al","url":"https:\/\/blogin.al\/","logo":{"@type":"ImageObject","inLanguage":"en-US","@id":"https:\/\/blogin.al\/#\/schema\/logo\/image\/","url":"https:\/\/blogin.al\/wp-content\/uploads\/2022\/05\/Untitled-2-01-e1652084456514.png","contentUrl":"https:\/\/blogin.al\/wp-content\/uploads\/2022\/05\/Untitled-2-01-e1652084456514.png","width":3723,"height":1698,"caption":"BLOGIN.al"},"image":{"@id":"https:\/\/blogin.al\/#\/schema\/logo\/image\/"},"sameAs":["https:\/\/instagram.com\/blogin.al\/"]},{"@type":"Person","@id":"https:\/\/blogin.al\/#\/schema\/person\/abdd56bc912cd511db877b852b115399","name":"Blogin al","image":{"@type":"ImageObject","inLanguage":"en-US","@id":"https:\/\/secure.gravatar.com\/avatar\/60d5661aee6e835fb13dc75d2204cd0c1d61bef2efd137c0083e59ef831e235e?s=96&d=mm&r=g","url":"https:\/\/secure.gravatar.com\/avatar\/60d5661aee6e835fb13dc75d2204cd0c1d61bef2efd137c0083e59ef831e235e?s=96&d=mm&r=g","contentUrl":"https:\/\/secure.gravatar.com\/avatar\/60d5661aee6e835fb13dc75d2204cd0c1d61bef2efd137c0083e59ef831e235e?s=96&d=mm&r=g","caption":"Blogin al"},"sameAs":["https:\/\/blogin.al"],"url":"https:\/\/blogin.al\/?author=2"}]}},"_links":{"self":[{"href":"https:\/\/blogin.al\/index.php?rest_route=\/wp\/v2\/posts\/53761","targetHints":{"allow":["GET"]}}],"collection":[{"href":"https:\/\/blogin.al\/index.php?rest_route=\/wp\/v2\/posts"}],"about":[{"href":"https:\/\/blogin.al\/index.php?rest_route=\/wp\/v2\/types\/post"}],"author":[{"embeddable":true,"href":"https:\/\/blogin.al\/index.php?rest_route=\/wp\/v2\/users\/2"}],"replies":[{"embeddable":true,"href":"https:\/\/blogin.al\/index.php?rest_route=%2Fwp%2Fv2%2Fcomments&post=53761"}],"version-history":[{"count":1,"href":"https:\/\/blogin.al\/index.php?rest_route=\/wp\/v2\/posts\/53761\/revisions"}],"predecessor-version":[{"id":53762,"href":"https:\/\/blogin.al\/index.php?rest_route=\/wp\/v2\/posts\/53761\/revisions\/53762"}],"wp:featuredmedia":[{"embeddable":true,"href":"https:\/\/blogin.al\/index.php?rest_route=\/wp\/v2\/media\/53764"}],"wp:attachment":[{"href":"https:\/\/blogin.al\/index.php?rest_route=%2Fwp%2Fv2%2Fmedia&parent=53761"}],"wp:term":[{"taxonomy":"category","embeddable":true,"href":"https:\/\/blogin.al\/index.php?rest_route=%2Fwp%2Fv2%2Fcategories&post=53761"},{"taxonomy":"post_tag","embeddable":true,"href":"https:\/\/blogin.al\/index.php?rest_route=%2Fwp%2Fv2%2Ftags&post=53761"}],"curies":[{"name":"wp","href":"https:\/\/api.w.org\/{rel}","templated":true}]}}