{"id":53784,"date":"2024-12-29T09:53:24","date_gmt":"2024-12-29T09:53:24","guid":{"rendered":"https:\/\/blogin.al\/?p=53784"},"modified":"2024-12-29T10:06:21","modified_gmt":"2024-12-29T10:06:21","slug":"nuk-e-njoh-me-loja-kris-miqesine-mes-rozanes-dhe-laertit-cfare-po-ndodh-mes-tyre","status":"publish","type":"post","link":"https:\/\/blogin.al\/?p=53784","title":{"rendered":"\u201cNuk e njoh m\u00eb\u201d\/ Loja \u201ckris\u201d miq\u00ebsin\u00eb mes Rozan\u00ebs dhe Laertit? \u00c7far\u00eb po ndodh mes tyre"},"content":{"rendered":"\n<p>Rozana dhe Laerti jan\u00eb dy banor\u00ebt q\u00eb kan\u00eb deklaruar se kan\u00eb patur nj\u00eb raport miq\u00ebsor t\u00eb ngusht\u00eb para hyrjes n\u00eb sht\u00ebpi.<\/p>\n\n\n\n<p>Megjithat\u00eb, duekt se dhe miq\u00ebsia e tyre po preket nga ambicia p\u00ebr t\u00eb luajtur, duke th\u00ebn\u00eb shum\u00eb gj\u00ebra pas krah\u00ebve t\u00eb nj\u00ebri-tjetrit. Rozana u shpreh sot se nuk po e njeh Laertin q\u00eb po sheh n\u00eb k\u00ebt\u00eb sht\u00ebpi, duke shtuar se ai ka krijuar nj\u00eb personazh t\u00eb ri.<\/p>\n\n\n\n<p>Nga ana e tij, Laerti sqaroi deklarat\u00ebn, ku shprehej se ajo \u00ebsht\u00eb e gatshme t\u00eb b\u00ebj\u00eb cirk p\u00ebr ta fituar k\u00ebt\u00eb loj\u00eb.<\/p>\n\n\n\n<p><em>\u201cKam th\u00ebn\u00eb t\u00eb v\u00ebrtet\u00ebn dhe vet\u00ebm t\u00eb v\u00ebrtet\u00ebn. K\u00ebto q\u00eb nuk m\u00eb ka th\u00ebn\u00eb n\u00eb sy, i ka th\u00ebn\u00eb me njer\u00ebz t\u00eb tjer\u00eb. K\u00ebtu ka krijuar nj\u00eb personazh t\u00eb ri q\u00eb nuk e kam njohur m\u00eb par\u00eb. Po luan dhe mir\u00eb b\u00ebn. E vler\u00ebsoj p\u00ebr at\u00eb q\u00eb njoh, p\u00ebr dhuntit\u00eb q\u00eb i ka dh\u00ebn\u00eb Zoti dhe p\u00ebr ato q\u00eb ka punuar. Por p\u00ebr k\u00ebto gj\u00ebrat, e mendoj se \u00ebsht\u00eb strategji dhe q\u00eb nuk i mendoj se i mendon v\u00ebrtet p\u00ebr mua. Po rezervohem sepse nuk po b\u00ebj disa gj\u00ebra q\u00eb ky po b\u00ebn p\u00ebr mua. Nuk e prisja t\u00eb ishte k\u00ebshtu. \u00cbsht\u00eb njeriu i par\u00eb q\u00eb m\u00eb ka uruar kur kam fituar dhe nuk e prisja. Nuk do i kthehem me t\u00eb nj\u00ebjt\u00ebn monedh\u00eb. Po pres t\u00eb shoh deri ku do shkoj\u00eb loja e tij. Un\u00eb luaj me letra t\u00eb hapura. Sa p\u00ebr talentin kam nj\u00eb publik q\u00eb m\u00eb ndjek dhe nuk kam b\u00ebr\u00eb kompromis asnj\u00ebher\u00eb.<\/em>\u201d- tha Rozana<\/p>\n\n\n\n<p>\u201c<em>M\u00eb plagosi kur m\u00eb tha se b\u00ebj dallavere, sepse un\u00eb edhe kur zihem, e b\u00ebj haptazi. Un\u00eb nuk fsheh gj\u00ebra dhe i kam th\u00ebn\u00eb q\u00eb njeriu mbart me vete gjendje emocionale q\u00eb nuk shprehen. &nbsp;Sa p\u00ebr respektin dhe dashurin\u00eb, p\u00ebr sa vite njihemi, e tha vet\u00eb nuk kam \u00e7far\u00eb shtoj. K\u00ebtu kemi ardhur t\u00eb luajm\u00eb. P\u00ebrplasja q\u00eb pati me Valbon\u00eb dhe Rozan\u00ebn, nuk m\u00eb p\u00eblqeu kur i tha pse nuk m\u00eb ke raportuar. Dhe q\u00eb i tha se e kam emrin Rozana duek b\u00ebr\u00eb rep, nd\u00ebrsa tjetra qante. I kam th\u00ebn\u00eb kupto nj\u00eb njeri q\u00eb mban emocione t\u00eb forta hde n\u00eb nj\u00eb moment shp\u00ebrthen\u201d<\/em>\u2013 tha Laerti.<\/p>\n\n\n\n<p>Rozana: \u201c<em>Un\u00eb v\u00ebrtet kam kalaur nj\u00eb jet\u00eb t\u00eb v\u00ebshtir\u00eb, por i kam kaluar sifdat me buz\u00ebqeshje, nuk i kam marr\u00eb k\u00ebtu me vete. N\u00ebse t\u2019i kam th\u00ebn\u00eb \u00ebsht\u00eb sepse t\u00eb vler\u00ebsoj. Un\u00eb k\u00ebtu kam hyr\u00eb si Rozana Radi, jo e bija e dikujt. Nuk e prisja t\u00eb shihja nj\u00eb njeri q\u00eb p\u00ebrdor v\u00ebshtir\u00ebsit\u00eb e jet\u00ebs.<\/em>\u201c<\/p>\n\n\n\n<p>Laerti: \u201c<em>Rozana n\u00eb \u00e7do kompeticin ku ka hyr\u00eb, ka kapur vendin e par\u00eb. Un\u00eb cirk e kam q\u00eb je gati t\u00eb jesh nj\u00eb akrobat i p\u00ebrkryer dhe t\u00eb b\u00ebsh di\u00e7ka q\u00eb dikush tjet\u00ebr nuk e b\u00ebn, t\u00eb kesh aft\u00ebsi t\u00eb tilla, q\u00eb t\u00eb fitosh\u201d<\/em><\/p>\n\n\n\n<p>Rozana:&nbsp;<em>\u201cE falenderoj. Un\u00eb k\u00ebtu kam ardhur e v\u00ebrtet\u00eb, si\u00e7 jam para teje, miku im.<\/em>\u201d<\/p>\n","protected":false},"excerpt":{"rendered":"<p>Rozana dhe Laerti jan\u00eb dy banor\u00ebt q\u00eb kan\u00eb deklaruar se kan\u00eb patur nj\u00eb raport miq\u00ebsor t\u00eb ngusht\u00eb para hyrjes n\u00eb sht\u00ebpi. Megjithat\u00eb, duekt se dhe miq\u00ebsia e tyre po preket nga ambicia p\u00ebr t\u00eb luajtur, duke th\u00ebn\u00eb shum\u00eb gj\u00ebra pas krah\u00ebve t\u00eb nj\u00ebri-tjetrit. Rozana u shpreh sot se nuk po e njeh Laertin q\u00eb po [&hellip;]<\/p>\n","protected":false},"author":2,"featured_media":53789,"comment_status":"closed","ping_status":"closed","sticky":false,"template":"","format":"standard","meta":{"footnotes":""},"categories":[33],"tags":[],"class_list":{"0":"post-53784","1":"post","2":"type-post","3":"status-publish","4":"format-standard","5":"has-post-thumbnail","7":"category-showbiz"},"yoast_head":"<!-- This site is optimized with the Yoast SEO plugin v27.4 - https:\/\/yoast.com\/product\/yoast-seo-wordpress\/ -->\n<title>\u201cNuk e njoh m\u00eb\u201d\/ Loja \u201ckris\u201d miq\u00ebsin\u00eb mes Rozan\u00ebs dhe Laertit? \u00c7far\u00eb po ndodh mes tyre - blogin.al<\/title>\n<meta name=\"robots\" content=\"index, follow, max-snippet:-1, max-image-preview:large, max-video-preview:-1\" \/>\n<link rel=\"canonical\" href=\"https:\/\/blogin.al\/?p=53784\" \/>\n<meta property=\"og:locale\" content=\"en_US\" \/>\n<meta property=\"og:type\" content=\"article\" \/>\n<meta property=\"og:title\" content=\"\u201cNuk e njoh m\u00eb\u201d\/ Loja \u201ckris\u201d miq\u00ebsin\u00eb mes Rozan\u00ebs dhe Laertit? \u00c7far\u00eb po ndodh mes tyre - blogin.al\" \/>\n<meta property=\"og:description\" content=\"Rozana dhe Laerti jan\u00eb dy banor\u00ebt q\u00eb kan\u00eb deklaruar se kan\u00eb patur nj\u00eb raport miq\u00ebsor t\u00eb ngusht\u00eb para hyrjes n\u00eb sht\u00ebpi. Megjithat\u00eb, duekt se dhe miq\u00ebsia e tyre po preket nga ambicia p\u00ebr t\u00eb luajtur, duke th\u00ebn\u00eb shum\u00eb gj\u00ebra pas krah\u00ebve t\u00eb nj\u00ebri-tjetrit. Rozana u shpreh sot se nuk po e njeh Laertin q\u00eb po [&hellip;]\" \/>\n<meta property=\"og:url\" content=\"https:\/\/blogin.al\/?p=53784\" \/>\n<meta property=\"og:site_name\" content=\"blogin.al\" \/>\n<meta property=\"article:published_time\" content=\"2024-12-29T09:53:24+00:00\" \/>\n<meta property=\"article:modified_time\" content=\"2024-12-29T10:06:21+00:00\" \/>\n<meta property=\"og:image\" content=\"https:\/\/blogin.al\/wp-content\/uploads\/2024\/12\/rl_sd.jpg\" \/>\n\t<meta property=\"og:image:width\" content=\"1280\" \/>\n\t<meta property=\"og:image:height\" content=\"720\" \/>\n\t<meta property=\"og:image:type\" content=\"image\/jpeg\" \/>\n<meta name=\"author\" content=\"Blogin al\" \/>\n<meta name=\"twitter:card\" content=\"summary_large_image\" \/>\n<meta name=\"twitter:label1\" content=\"Written by\" \/>\n\t<meta name=\"twitter:data1\" content=\"Blogin al\" \/>\n\t<meta name=\"twitter:label2\" content=\"Est. reading time\" \/>\n\t<meta name=\"twitter:data2\" content=\"3 minutes\" \/>\n<script type=\"application\/ld+json\" class=\"yoast-schema-graph\">{\"@context\":\"https:\\\/\\\/schema.org\",\"@graph\":[{\"@type\":\"Article\",\"@id\":\"https:\\\/\\\/blogin.al\\\/?p=53784#article\",\"isPartOf\":{\"@id\":\"https:\\\/\\\/blogin.al\\\/?p=53784\"},\"author\":{\"name\":\"Blogin al\",\"@id\":\"https:\\\/\\\/blogin.al\\\/#\\\/schema\\\/person\\\/abdd56bc912cd511db877b852b115399\"},\"headline\":\"\u201cNuk e njoh m\u00eb\u201d\\\/ Loja \u201ckris\u201d miq\u00ebsin\u00eb mes Rozan\u00ebs dhe Laertit? \u00c7far\u00eb po ndodh mes tyre\",\"datePublished\":\"2024-12-29T09:53:24+00:00\",\"dateModified\":\"2024-12-29T10:06:21+00:00\",\"mainEntityOfPage\":{\"@id\":\"https:\\\/\\\/blogin.al\\\/?p=53784\"},\"wordCount\":572,\"publisher\":{\"@id\":\"https:\\\/\\\/blogin.al\\\/#organization\"},\"image\":{\"@id\":\"https:\\\/\\\/blogin.al\\\/?p=53784#primaryimage\"},\"thumbnailUrl\":\"https:\\\/\\\/blogin.al\\\/wp-content\\\/uploads\\\/2024\\\/12\\\/rl_sd.jpg\",\"articleSection\":[\"SHOWBIZ\"],\"inLanguage\":\"en-US\"},{\"@type\":\"WebPage\",\"@id\":\"https:\\\/\\\/blogin.al\\\/?p=53784\",\"url\":\"https:\\\/\\\/blogin.al\\\/?p=53784\",\"name\":\"\u201cNuk e njoh m\u00eb\u201d\\\/ Loja \u201ckris\u201d miq\u00ebsin\u00eb mes Rozan\u00ebs dhe Laertit? \u00c7far\u00eb po ndodh mes tyre - blogin.al\",\"isPartOf\":{\"@id\":\"https:\\\/\\\/blogin.al\\\/#website\"},\"primaryImageOfPage\":{\"@id\":\"https:\\\/\\\/blogin.al\\\/?p=53784#primaryimage\"},\"image\":{\"@id\":\"https:\\\/\\\/blogin.al\\\/?p=53784#primaryimage\"},\"thumbnailUrl\":\"https:\\\/\\\/blogin.al\\\/wp-content\\\/uploads\\\/2024\\\/12\\\/rl_sd.jpg\",\"datePublished\":\"2024-12-29T09:53:24+00:00\",\"dateModified\":\"2024-12-29T10:06:21+00:00\",\"breadcrumb\":{\"@id\":\"https:\\\/\\\/blogin.al\\\/?p=53784#breadcrumb\"},\"inLanguage\":\"en-US\",\"potentialAction\":[{\"@type\":\"ReadAction\",\"target\":[\"https:\\\/\\\/blogin.al\\\/?p=53784\"]}]},{\"@type\":\"ImageObject\",\"inLanguage\":\"en-US\",\"@id\":\"https:\\\/\\\/blogin.al\\\/?p=53784#primaryimage\",\"url\":\"https:\\\/\\\/blogin.al\\\/wp-content\\\/uploads\\\/2024\\\/12\\\/rl_sd.jpg\",\"contentUrl\":\"https:\\\/\\\/blogin.al\\\/wp-content\\\/uploads\\\/2024\\\/12\\\/rl_sd.jpg\",\"width\":1280,\"height\":720},{\"@type\":\"BreadcrumbList\",\"@id\":\"https:\\\/\\\/blogin.al\\\/?p=53784#breadcrumb\",\"itemListElement\":[{\"@type\":\"ListItem\",\"position\":1,\"name\":\"Home\",\"item\":\"https:\\\/\\\/blogin.al\\\/\"},{\"@type\":\"ListItem\",\"position\":2,\"name\":\"\u201cNuk e njoh m\u00eb\u201d\\\/ Loja \u201ckris\u201d miq\u00ebsin\u00eb mes Rozan\u00ebs dhe Laertit? \u00c7far\u00eb po ndodh mes tyre\"}]},{\"@type\":\"WebSite\",\"@id\":\"https:\\\/\\\/blogin.al\\\/#website\",\"url\":\"https:\\\/\\\/blogin.al\\\/\",\"name\":\"blogin.al\",\"description\":\"\",\"publisher\":{\"@id\":\"https:\\\/\\\/blogin.al\\\/#organization\"},\"potentialAction\":[{\"@type\":\"SearchAction\",\"target\":{\"@type\":\"EntryPoint\",\"urlTemplate\":\"https:\\\/\\\/blogin.al\\\/?s={search_term_string}\"},\"query-input\":{\"@type\":\"PropertyValueSpecification\",\"valueRequired\":true,\"valueName\":\"search_term_string\"}}],\"inLanguage\":\"en-US\"},{\"@type\":\"Organization\",\"@id\":\"https:\\\/\\\/blogin.al\\\/#organization\",\"name\":\"BLOGIN.al\",\"url\":\"https:\\\/\\\/blogin.al\\\/\",\"logo\":{\"@type\":\"ImageObject\",\"inLanguage\":\"en-US\",\"@id\":\"https:\\\/\\\/blogin.al\\\/#\\\/schema\\\/logo\\\/image\\\/\",\"url\":\"https:\\\/\\\/blogin.al\\\/wp-content\\\/uploads\\\/2022\\\/05\\\/Untitled-2-01-e1652084456514.png\",\"contentUrl\":\"https:\\\/\\\/blogin.al\\\/wp-content\\\/uploads\\\/2022\\\/05\\\/Untitled-2-01-e1652084456514.png\",\"width\":3723,\"height\":1698,\"caption\":\"BLOGIN.al\"},\"image\":{\"@id\":\"https:\\\/\\\/blogin.al\\\/#\\\/schema\\\/logo\\\/image\\\/\"},\"sameAs\":[\"https:\\\/\\\/instagram.com\\\/blogin.al\\\/\"]},{\"@type\":\"Person\",\"@id\":\"https:\\\/\\\/blogin.al\\\/#\\\/schema\\\/person\\\/abdd56bc912cd511db877b852b115399\",\"name\":\"Blogin al\",\"image\":{\"@type\":\"ImageObject\",\"inLanguage\":\"en-US\",\"@id\":\"https:\\\/\\\/secure.gravatar.com\\\/avatar\\\/60d5661aee6e835fb13dc75d2204cd0c1d61bef2efd137c0083e59ef831e235e?s=96&d=mm&r=g\",\"url\":\"https:\\\/\\\/secure.gravatar.com\\\/avatar\\\/60d5661aee6e835fb13dc75d2204cd0c1d61bef2efd137c0083e59ef831e235e?s=96&d=mm&r=g\",\"contentUrl\":\"https:\\\/\\\/secure.gravatar.com\\\/avatar\\\/60d5661aee6e835fb13dc75d2204cd0c1d61bef2efd137c0083e59ef831e235e?s=96&d=mm&r=g\",\"caption\":\"Blogin al\"},\"sameAs\":[\"https:\\\/\\\/blogin.al\"],\"url\":\"https:\\\/\\\/blogin.al\\\/?author=2\"}]}<\/script>\n<!-- \/ Yoast SEO plugin. -->","yoast_head_json":{"title":"\u201cNuk e njoh m\u00eb\u201d\/ Loja \u201ckris\u201d miq\u00ebsin\u00eb mes Rozan\u00ebs dhe Laertit? \u00c7far\u00eb po ndodh mes tyre - blogin.al","robots":{"index":"index","follow":"follow","max-snippet":"max-snippet:-1","max-image-preview":"max-image-preview:large","max-video-preview":"max-video-preview:-1"},"canonical":"https:\/\/blogin.al\/?p=53784","og_locale":"en_US","og_type":"article","og_title":"\u201cNuk e njoh m\u00eb\u201d\/ Loja \u201ckris\u201d miq\u00ebsin\u00eb mes Rozan\u00ebs dhe Laertit? \u00c7far\u00eb po ndodh mes tyre - blogin.al","og_description":"Rozana dhe Laerti jan\u00eb dy banor\u00ebt q\u00eb kan\u00eb deklaruar se kan\u00eb patur nj\u00eb raport miq\u00ebsor t\u00eb ngusht\u00eb para hyrjes n\u00eb sht\u00ebpi. Megjithat\u00eb, duekt se dhe miq\u00ebsia e tyre po preket nga ambicia p\u00ebr t\u00eb luajtur, duke th\u00ebn\u00eb shum\u00eb gj\u00ebra pas krah\u00ebve t\u00eb nj\u00ebri-tjetrit. Rozana u shpreh sot se nuk po e njeh Laertin q\u00eb po [&hellip;]","og_url":"https:\/\/blogin.al\/?p=53784","og_site_name":"blogin.al","article_published_time":"2024-12-29T09:53:24+00:00","article_modified_time":"2024-12-29T10:06:21+00:00","og_image":[{"width":1280,"height":720,"url":"https:\/\/blogin.al\/wp-content\/uploads\/2024\/12\/rl_sd.jpg","type":"image\/jpeg"}],"author":"Blogin al","twitter_card":"summary_large_image","twitter_misc":{"Written by":"Blogin al","Est. reading time":"3 minutes"},"schema":{"@context":"https:\/\/schema.org","@graph":[{"@type":"Article","@id":"https:\/\/blogin.al\/?p=53784#article","isPartOf":{"@id":"https:\/\/blogin.al\/?p=53784"},"author":{"name":"Blogin al","@id":"https:\/\/blogin.al\/#\/schema\/person\/abdd56bc912cd511db877b852b115399"},"headline":"\u201cNuk e njoh m\u00eb\u201d\/ Loja \u201ckris\u201d miq\u00ebsin\u00eb mes Rozan\u00ebs dhe Laertit? \u00c7far\u00eb po ndodh mes tyre","datePublished":"2024-12-29T09:53:24+00:00","dateModified":"2024-12-29T10:06:21+00:00","mainEntityOfPage":{"@id":"https:\/\/blogin.al\/?p=53784"},"wordCount":572,"publisher":{"@id":"https:\/\/blogin.al\/#organization"},"image":{"@id":"https:\/\/blogin.al\/?p=53784#primaryimage"},"thumbnailUrl":"https:\/\/blogin.al\/wp-content\/uploads\/2024\/12\/rl_sd.jpg","articleSection":["SHOWBIZ"],"inLanguage":"en-US"},{"@type":"WebPage","@id":"https:\/\/blogin.al\/?p=53784","url":"https:\/\/blogin.al\/?p=53784","name":"\u201cNuk e njoh m\u00eb\u201d\/ Loja \u201ckris\u201d miq\u00ebsin\u00eb mes Rozan\u00ebs dhe Laertit? \u00c7far\u00eb po ndodh mes tyre - blogin.al","isPartOf":{"@id":"https:\/\/blogin.al\/#website"},"primaryImageOfPage":{"@id":"https:\/\/blogin.al\/?p=53784#primaryimage"},"image":{"@id":"https:\/\/blogin.al\/?p=53784#primaryimage"},"thumbnailUrl":"https:\/\/blogin.al\/wp-content\/uploads\/2024\/12\/rl_sd.jpg","datePublished":"2024-12-29T09:53:24+00:00","dateModified":"2024-12-29T10:06:21+00:00","breadcrumb":{"@id":"https:\/\/blogin.al\/?p=53784#breadcrumb"},"inLanguage":"en-US","potentialAction":[{"@type":"ReadAction","target":["https:\/\/blogin.al\/?p=53784"]}]},{"@type":"ImageObject","inLanguage":"en-US","@id":"https:\/\/blogin.al\/?p=53784#primaryimage","url":"https:\/\/blogin.al\/wp-content\/uploads\/2024\/12\/rl_sd.jpg","contentUrl":"https:\/\/blogin.al\/wp-content\/uploads\/2024\/12\/rl_sd.jpg","width":1280,"height":720},{"@type":"BreadcrumbList","@id":"https:\/\/blogin.al\/?p=53784#breadcrumb","itemListElement":[{"@type":"ListItem","position":1,"name":"Home","item":"https:\/\/blogin.al\/"},{"@type":"ListItem","position":2,"name":"\u201cNuk e njoh m\u00eb\u201d\/ Loja \u201ckris\u201d miq\u00ebsin\u00eb mes Rozan\u00ebs dhe Laertit? \u00c7far\u00eb po ndodh mes tyre"}]},{"@type":"WebSite","@id":"https:\/\/blogin.al\/#website","url":"https:\/\/blogin.al\/","name":"blogin.al","description":"","publisher":{"@id":"https:\/\/blogin.al\/#organization"},"potentialAction":[{"@type":"SearchAction","target":{"@type":"EntryPoint","urlTemplate":"https:\/\/blogin.al\/?s={search_term_string}"},"query-input":{"@type":"PropertyValueSpecification","valueRequired":true,"valueName":"search_term_string"}}],"inLanguage":"en-US"},{"@type":"Organization","@id":"https:\/\/blogin.al\/#organization","name":"BLOGIN.al","url":"https:\/\/blogin.al\/","logo":{"@type":"ImageObject","inLanguage":"en-US","@id":"https:\/\/blogin.al\/#\/schema\/logo\/image\/","url":"https:\/\/blogin.al\/wp-content\/uploads\/2022\/05\/Untitled-2-01-e1652084456514.png","contentUrl":"https:\/\/blogin.al\/wp-content\/uploads\/2022\/05\/Untitled-2-01-e1652084456514.png","width":3723,"height":1698,"caption":"BLOGIN.al"},"image":{"@id":"https:\/\/blogin.al\/#\/schema\/logo\/image\/"},"sameAs":["https:\/\/instagram.com\/blogin.al\/"]},{"@type":"Person","@id":"https:\/\/blogin.al\/#\/schema\/person\/abdd56bc912cd511db877b852b115399","name":"Blogin al","image":{"@type":"ImageObject","inLanguage":"en-US","@id":"https:\/\/secure.gravatar.com\/avatar\/60d5661aee6e835fb13dc75d2204cd0c1d61bef2efd137c0083e59ef831e235e?s=96&d=mm&r=g","url":"https:\/\/secure.gravatar.com\/avatar\/60d5661aee6e835fb13dc75d2204cd0c1d61bef2efd137c0083e59ef831e235e?s=96&d=mm&r=g","contentUrl":"https:\/\/secure.gravatar.com\/avatar\/60d5661aee6e835fb13dc75d2204cd0c1d61bef2efd137c0083e59ef831e235e?s=96&d=mm&r=g","caption":"Blogin al"},"sameAs":["https:\/\/blogin.al"],"url":"https:\/\/blogin.al\/?author=2"}]}},"_links":{"self":[{"href":"https:\/\/blogin.al\/index.php?rest_route=\/wp\/v2\/posts\/53784","targetHints":{"allow":["GET"]}}],"collection":[{"href":"https:\/\/blogin.al\/index.php?rest_route=\/wp\/v2\/posts"}],"about":[{"href":"https:\/\/blogin.al\/index.php?rest_route=\/wp\/v2\/types\/post"}],"author":[{"embeddable":true,"href":"https:\/\/blogin.al\/index.php?rest_route=\/wp\/v2\/users\/2"}],"replies":[{"embeddable":true,"href":"https:\/\/blogin.al\/index.php?rest_route=%2Fwp%2Fv2%2Fcomments&post=53784"}],"version-history":[{"count":1,"href":"https:\/\/blogin.al\/index.php?rest_route=\/wp\/v2\/posts\/53784\/revisions"}],"predecessor-version":[{"id":53785,"href":"https:\/\/blogin.al\/index.php?rest_route=\/wp\/v2\/posts\/53784\/revisions\/53785"}],"wp:featuredmedia":[{"embeddable":true,"href":"https:\/\/blogin.al\/index.php?rest_route=\/wp\/v2\/media\/53789"}],"wp:attachment":[{"href":"https:\/\/blogin.al\/index.php?rest_route=%2Fwp%2Fv2%2Fmedia&parent=53784"}],"wp:term":[{"taxonomy":"category","embeddable":true,"href":"https:\/\/blogin.al\/index.php?rest_route=%2Fwp%2Fv2%2Fcategories&post=53784"},{"taxonomy":"post_tag","embeddable":true,"href":"https:\/\/blogin.al\/index.php?rest_route=%2Fwp%2Fv2%2Ftags&post=53784"}],"curies":[{"name":"wp","href":"https:\/\/api.w.org\/{rel}","templated":true}]}}