{"id":53808,"date":"2024-12-30T09:51:09","date_gmt":"2024-12-30T09:51:09","guid":{"rendered":"https:\/\/blogin.al\/?p=53808"},"modified":"2024-12-30T10:19:19","modified_gmt":"2024-12-30T10:19:19","slug":"e-vertete-lidhja-me-rina-zaitin-flet-ledri-vula","status":"publish","type":"post","link":"https:\/\/blogin.al\/?p=53808","title":{"rendered":"N\u00eb nj\u00eb lidhje me Rina Zaitin? Flet Ledri Vula"},"content":{"rendered":"\n<p>K\u00ebng\u00ebtari i njohur Ledri Vula ishte i ftuar n\u00eb rubrik\u00ebn \u201cGaleri\u201d n\u00eb emisionin E Diell, ku iu p\u00ebrgjigj disa pyetjeve lidhur me fotot q\u00eb qarkullojn\u00eb n\u00eb rrjetet sociale, t\u00eb cilat sugjeronin nj\u00eb lidhje mes tij dhe TikTok-er\u00ebs Rina Zaitin.<\/p>\n\n\n\n<p>N\u00eb p\u00ebrgjigjen e tij, Ledri tha se k\u00ebto spekulime nuk jan\u00eb t\u00eb v\u00ebrteta, duke theksuar se nuk ka asgj\u00eb t\u00eb v\u00ebrtet\u00eb p\u00ebr lidhjen me Rina Zaitin, as p\u00ebr veten dhe as p\u00ebr pal\u00ebn tjet\u00ebr.<\/p>\n\n\n\n<p>Ai shtoi se \u00ebsht\u00eb i fokusuar n\u00eb muzik\u00ebn e tij dhe se njer\u00ebzit shpesh krijojn\u00eb histori n\u00eb lidhje me ata q\u00eb shohin s\u00eb bashku, por se nuk ka lidhje t\u00eb tilla.<\/p>\n\n\n\n<p>P\u00ebr m\u00eb tep\u00ebr, Ledri \u00ebsht\u00eb i njohur p\u00ebr lidhjen e tij t\u00eb m\u00ebparshme me blogeren Sara Hoxha, me t\u00eb cil\u00ebn ka nj\u00eb vajz\u00eb, Poem Blu.<\/p>\n","protected":false},"excerpt":{"rendered":"<p>K\u00ebng\u00ebtari i njohur Ledri Vula ishte i ftuar n\u00eb rubrik\u00ebn \u201cGaleri\u201d n\u00eb emisionin E Diell, ku iu p\u00ebrgjigj disa pyetjeve lidhur me fotot q\u00eb qarkullojn\u00eb n\u00eb rrjetet sociale, t\u00eb cilat sugjeronin nj\u00eb lidhje mes tij dhe TikTok-er\u00ebs Rina Zaitin. N\u00eb p\u00ebrgjigjen e tij, Ledri tha se k\u00ebto spekulime nuk jan\u00eb t\u00eb v\u00ebrteta, duke theksuar se [&hellip;]<\/p>\n","protected":false},"author":2,"featured_media":50716,"comment_status":"closed","ping_status":"closed","sticky":false,"template":"","format":"standard","meta":{"footnotes":""},"categories":[33],"tags":[],"class_list":{"0":"post-53808","1":"post","2":"type-post","3":"status-publish","4":"format-standard","5":"has-post-thumbnail","7":"category-showbiz"},"yoast_head":"<!-- This site is optimized with the Yoast SEO plugin v27.4 - https:\/\/yoast.com\/product\/yoast-seo-wordpress\/ -->\n<title>N\u00eb nj\u00eb lidhje me Rina Zaitin? Flet Ledri Vula - blogin.al<\/title>\n<meta name=\"robots\" content=\"index, follow, max-snippet:-1, max-image-preview:large, max-video-preview:-1\" \/>\n<link rel=\"canonical\" href=\"https:\/\/blogin.al\/?p=53808\" \/>\n<meta property=\"og:locale\" content=\"en_US\" \/>\n<meta property=\"og:type\" content=\"article\" \/>\n<meta property=\"og:title\" content=\"N\u00eb nj\u00eb lidhje me Rina Zaitin? Flet Ledri Vula - blogin.al\" \/>\n<meta property=\"og:description\" content=\"K\u00ebng\u00ebtari i njohur Ledri Vula ishte i ftuar n\u00eb rubrik\u00ebn \u201cGaleri\u201d n\u00eb emisionin E Diell, ku iu p\u00ebrgjigj disa pyetjeve lidhur me fotot q\u00eb qarkullojn\u00eb n\u00eb rrjetet sociale, t\u00eb cilat sugjeronin nj\u00eb lidhje mes tij dhe TikTok-er\u00ebs Rina Zaitin. N\u00eb p\u00ebrgjigjen e tij, Ledri tha se k\u00ebto spekulime nuk jan\u00eb t\u00eb v\u00ebrteta, duke theksuar se [&hellip;]\" \/>\n<meta property=\"og:url\" content=\"https:\/\/blogin.al\/?p=53808\" \/>\n<meta property=\"og:site_name\" content=\"blogin.al\" \/>\n<meta property=\"article:published_time\" content=\"2024-12-30T09:51:09+00:00\" \/>\n<meta property=\"article:modified_time\" content=\"2024-12-30T10:19:19+00:00\" \/>\n<meta property=\"og:image\" content=\"https:\/\/blogin.al\/wp-content\/uploads\/2024\/09\/image-26.png\" \/>\n\t<meta property=\"og:image:width\" content=\"1280\" \/>\n\t<meta property=\"og:image:height\" content=\"717\" \/>\n\t<meta property=\"og:image:type\" content=\"image\/png\" \/>\n<meta name=\"author\" content=\"Blogin al\" \/>\n<meta name=\"twitter:card\" content=\"summary_large_image\" \/>\n<meta name=\"twitter:label1\" content=\"Written by\" \/>\n\t<meta name=\"twitter:data1\" content=\"Blogin al\" \/>\n\t<meta name=\"twitter:label2\" content=\"Est. reading time\" \/>\n\t<meta name=\"twitter:data2\" content=\"1 minute\" \/>\n<script type=\"application\/ld+json\" class=\"yoast-schema-graph\">{\"@context\":\"https:\\\/\\\/schema.org\",\"@graph\":[{\"@type\":\"Article\",\"@id\":\"https:\\\/\\\/blogin.al\\\/?p=53808#article\",\"isPartOf\":{\"@id\":\"https:\\\/\\\/blogin.al\\\/?p=53808\"},\"author\":{\"name\":\"Blogin al\",\"@id\":\"https:\\\/\\\/blogin.al\\\/#\\\/schema\\\/person\\\/abdd56bc912cd511db877b852b115399\"},\"headline\":\"N\u00eb nj\u00eb lidhje me Rina Zaitin? Flet Ledri Vula\",\"datePublished\":\"2024-12-30T09:51:09+00:00\",\"dateModified\":\"2024-12-30T10:19:19+00:00\",\"mainEntityOfPage\":{\"@id\":\"https:\\\/\\\/blogin.al\\\/?p=53808\"},\"wordCount\":159,\"publisher\":{\"@id\":\"https:\\\/\\\/blogin.al\\\/#organization\"},\"image\":{\"@id\":\"https:\\\/\\\/blogin.al\\\/?p=53808#primaryimage\"},\"thumbnailUrl\":\"https:\\\/\\\/blogin.al\\\/wp-content\\\/uploads\\\/2024\\\/09\\\/image-26.png\",\"articleSection\":[\"SHOWBIZ\"],\"inLanguage\":\"en-US\"},{\"@type\":\"WebPage\",\"@id\":\"https:\\\/\\\/blogin.al\\\/?p=53808\",\"url\":\"https:\\\/\\\/blogin.al\\\/?p=53808\",\"name\":\"N\u00eb nj\u00eb lidhje me Rina Zaitin? Flet Ledri Vula - blogin.al\",\"isPartOf\":{\"@id\":\"https:\\\/\\\/blogin.al\\\/#website\"},\"primaryImageOfPage\":{\"@id\":\"https:\\\/\\\/blogin.al\\\/?p=53808#primaryimage\"},\"image\":{\"@id\":\"https:\\\/\\\/blogin.al\\\/?p=53808#primaryimage\"},\"thumbnailUrl\":\"https:\\\/\\\/blogin.al\\\/wp-content\\\/uploads\\\/2024\\\/09\\\/image-26.png\",\"datePublished\":\"2024-12-30T09:51:09+00:00\",\"dateModified\":\"2024-12-30T10:19:19+00:00\",\"breadcrumb\":{\"@id\":\"https:\\\/\\\/blogin.al\\\/?p=53808#breadcrumb\"},\"inLanguage\":\"en-US\",\"potentialAction\":[{\"@type\":\"ReadAction\",\"target\":[\"https:\\\/\\\/blogin.al\\\/?p=53808\"]}]},{\"@type\":\"ImageObject\",\"inLanguage\":\"en-US\",\"@id\":\"https:\\\/\\\/blogin.al\\\/?p=53808#primaryimage\",\"url\":\"https:\\\/\\\/blogin.al\\\/wp-content\\\/uploads\\\/2024\\\/09\\\/image-26.png\",\"contentUrl\":\"https:\\\/\\\/blogin.al\\\/wp-content\\\/uploads\\\/2024\\\/09\\\/image-26.png\",\"width\":1280,\"height\":717},{\"@type\":\"BreadcrumbList\",\"@id\":\"https:\\\/\\\/blogin.al\\\/?p=53808#breadcrumb\",\"itemListElement\":[{\"@type\":\"ListItem\",\"position\":1,\"name\":\"Home\",\"item\":\"https:\\\/\\\/blogin.al\\\/\"},{\"@type\":\"ListItem\",\"position\":2,\"name\":\"N\u00eb nj\u00eb lidhje me Rina Zaitin? Flet Ledri Vula\"}]},{\"@type\":\"WebSite\",\"@id\":\"https:\\\/\\\/blogin.al\\\/#website\",\"url\":\"https:\\\/\\\/blogin.al\\\/\",\"name\":\"blogin.al\",\"description\":\"\",\"publisher\":{\"@id\":\"https:\\\/\\\/blogin.al\\\/#organization\"},\"potentialAction\":[{\"@type\":\"SearchAction\",\"target\":{\"@type\":\"EntryPoint\",\"urlTemplate\":\"https:\\\/\\\/blogin.al\\\/?s={search_term_string}\"},\"query-input\":{\"@type\":\"PropertyValueSpecification\",\"valueRequired\":true,\"valueName\":\"search_term_string\"}}],\"inLanguage\":\"en-US\"},{\"@type\":\"Organization\",\"@id\":\"https:\\\/\\\/blogin.al\\\/#organization\",\"name\":\"BLOGIN.al\",\"url\":\"https:\\\/\\\/blogin.al\\\/\",\"logo\":{\"@type\":\"ImageObject\",\"inLanguage\":\"en-US\",\"@id\":\"https:\\\/\\\/blogin.al\\\/#\\\/schema\\\/logo\\\/image\\\/\",\"url\":\"https:\\\/\\\/blogin.al\\\/wp-content\\\/uploads\\\/2022\\\/05\\\/Untitled-2-01-e1652084456514.png\",\"contentUrl\":\"https:\\\/\\\/blogin.al\\\/wp-content\\\/uploads\\\/2022\\\/05\\\/Untitled-2-01-e1652084456514.png\",\"width\":3723,\"height\":1698,\"caption\":\"BLOGIN.al\"},\"image\":{\"@id\":\"https:\\\/\\\/blogin.al\\\/#\\\/schema\\\/logo\\\/image\\\/\"},\"sameAs\":[\"https:\\\/\\\/instagram.com\\\/blogin.al\\\/\"]},{\"@type\":\"Person\",\"@id\":\"https:\\\/\\\/blogin.al\\\/#\\\/schema\\\/person\\\/abdd56bc912cd511db877b852b115399\",\"name\":\"Blogin al\",\"image\":{\"@type\":\"ImageObject\",\"inLanguage\":\"en-US\",\"@id\":\"https:\\\/\\\/secure.gravatar.com\\\/avatar\\\/60d5661aee6e835fb13dc75d2204cd0c1d61bef2efd137c0083e59ef831e235e?s=96&d=mm&r=g\",\"url\":\"https:\\\/\\\/secure.gravatar.com\\\/avatar\\\/60d5661aee6e835fb13dc75d2204cd0c1d61bef2efd137c0083e59ef831e235e?s=96&d=mm&r=g\",\"contentUrl\":\"https:\\\/\\\/secure.gravatar.com\\\/avatar\\\/60d5661aee6e835fb13dc75d2204cd0c1d61bef2efd137c0083e59ef831e235e?s=96&d=mm&r=g\",\"caption\":\"Blogin al\"},\"sameAs\":[\"https:\\\/\\\/blogin.al\"],\"url\":\"https:\\\/\\\/blogin.al\\\/?author=2\"}]}<\/script>\n<!-- \/ Yoast SEO plugin. -->","yoast_head_json":{"title":"N\u00eb nj\u00eb lidhje me Rina Zaitin? Flet Ledri Vula - blogin.al","robots":{"index":"index","follow":"follow","max-snippet":"max-snippet:-1","max-image-preview":"max-image-preview:large","max-video-preview":"max-video-preview:-1"},"canonical":"https:\/\/blogin.al\/?p=53808","og_locale":"en_US","og_type":"article","og_title":"N\u00eb nj\u00eb lidhje me Rina Zaitin? Flet Ledri Vula - blogin.al","og_description":"K\u00ebng\u00ebtari i njohur Ledri Vula ishte i ftuar n\u00eb rubrik\u00ebn \u201cGaleri\u201d n\u00eb emisionin E Diell, ku iu p\u00ebrgjigj disa pyetjeve lidhur me fotot q\u00eb qarkullojn\u00eb n\u00eb rrjetet sociale, t\u00eb cilat sugjeronin nj\u00eb lidhje mes tij dhe TikTok-er\u00ebs Rina Zaitin. N\u00eb p\u00ebrgjigjen e tij, Ledri tha se k\u00ebto spekulime nuk jan\u00eb t\u00eb v\u00ebrteta, duke theksuar se [&hellip;]","og_url":"https:\/\/blogin.al\/?p=53808","og_site_name":"blogin.al","article_published_time":"2024-12-30T09:51:09+00:00","article_modified_time":"2024-12-30T10:19:19+00:00","og_image":[{"width":1280,"height":717,"url":"https:\/\/blogin.al\/wp-content\/uploads\/2024\/09\/image-26.png","type":"image\/png"}],"author":"Blogin al","twitter_card":"summary_large_image","twitter_misc":{"Written by":"Blogin al","Est. reading time":"1 minute"},"schema":{"@context":"https:\/\/schema.org","@graph":[{"@type":"Article","@id":"https:\/\/blogin.al\/?p=53808#article","isPartOf":{"@id":"https:\/\/blogin.al\/?p=53808"},"author":{"name":"Blogin al","@id":"https:\/\/blogin.al\/#\/schema\/person\/abdd56bc912cd511db877b852b115399"},"headline":"N\u00eb nj\u00eb lidhje me Rina Zaitin? Flet Ledri Vula","datePublished":"2024-12-30T09:51:09+00:00","dateModified":"2024-12-30T10:19:19+00:00","mainEntityOfPage":{"@id":"https:\/\/blogin.al\/?p=53808"},"wordCount":159,"publisher":{"@id":"https:\/\/blogin.al\/#organization"},"image":{"@id":"https:\/\/blogin.al\/?p=53808#primaryimage"},"thumbnailUrl":"https:\/\/blogin.al\/wp-content\/uploads\/2024\/09\/image-26.png","articleSection":["SHOWBIZ"],"inLanguage":"en-US"},{"@type":"WebPage","@id":"https:\/\/blogin.al\/?p=53808","url":"https:\/\/blogin.al\/?p=53808","name":"N\u00eb nj\u00eb lidhje me Rina Zaitin? Flet Ledri Vula - blogin.al","isPartOf":{"@id":"https:\/\/blogin.al\/#website"},"primaryImageOfPage":{"@id":"https:\/\/blogin.al\/?p=53808#primaryimage"},"image":{"@id":"https:\/\/blogin.al\/?p=53808#primaryimage"},"thumbnailUrl":"https:\/\/blogin.al\/wp-content\/uploads\/2024\/09\/image-26.png","datePublished":"2024-12-30T09:51:09+00:00","dateModified":"2024-12-30T10:19:19+00:00","breadcrumb":{"@id":"https:\/\/blogin.al\/?p=53808#breadcrumb"},"inLanguage":"en-US","potentialAction":[{"@type":"ReadAction","target":["https:\/\/blogin.al\/?p=53808"]}]},{"@type":"ImageObject","inLanguage":"en-US","@id":"https:\/\/blogin.al\/?p=53808#primaryimage","url":"https:\/\/blogin.al\/wp-content\/uploads\/2024\/09\/image-26.png","contentUrl":"https:\/\/blogin.al\/wp-content\/uploads\/2024\/09\/image-26.png","width":1280,"height":717},{"@type":"BreadcrumbList","@id":"https:\/\/blogin.al\/?p=53808#breadcrumb","itemListElement":[{"@type":"ListItem","position":1,"name":"Home","item":"https:\/\/blogin.al\/"},{"@type":"ListItem","position":2,"name":"N\u00eb nj\u00eb lidhje me Rina Zaitin? Flet Ledri Vula"}]},{"@type":"WebSite","@id":"https:\/\/blogin.al\/#website","url":"https:\/\/blogin.al\/","name":"blogin.al","description":"","publisher":{"@id":"https:\/\/blogin.al\/#organization"},"potentialAction":[{"@type":"SearchAction","target":{"@type":"EntryPoint","urlTemplate":"https:\/\/blogin.al\/?s={search_term_string}"},"query-input":{"@type":"PropertyValueSpecification","valueRequired":true,"valueName":"search_term_string"}}],"inLanguage":"en-US"},{"@type":"Organization","@id":"https:\/\/blogin.al\/#organization","name":"BLOGIN.al","url":"https:\/\/blogin.al\/","logo":{"@type":"ImageObject","inLanguage":"en-US","@id":"https:\/\/blogin.al\/#\/schema\/logo\/image\/","url":"https:\/\/blogin.al\/wp-content\/uploads\/2022\/05\/Untitled-2-01-e1652084456514.png","contentUrl":"https:\/\/blogin.al\/wp-content\/uploads\/2022\/05\/Untitled-2-01-e1652084456514.png","width":3723,"height":1698,"caption":"BLOGIN.al"},"image":{"@id":"https:\/\/blogin.al\/#\/schema\/logo\/image\/"},"sameAs":["https:\/\/instagram.com\/blogin.al\/"]},{"@type":"Person","@id":"https:\/\/blogin.al\/#\/schema\/person\/abdd56bc912cd511db877b852b115399","name":"Blogin al","image":{"@type":"ImageObject","inLanguage":"en-US","@id":"https:\/\/secure.gravatar.com\/avatar\/60d5661aee6e835fb13dc75d2204cd0c1d61bef2efd137c0083e59ef831e235e?s=96&d=mm&r=g","url":"https:\/\/secure.gravatar.com\/avatar\/60d5661aee6e835fb13dc75d2204cd0c1d61bef2efd137c0083e59ef831e235e?s=96&d=mm&r=g","contentUrl":"https:\/\/secure.gravatar.com\/avatar\/60d5661aee6e835fb13dc75d2204cd0c1d61bef2efd137c0083e59ef831e235e?s=96&d=mm&r=g","caption":"Blogin al"},"sameAs":["https:\/\/blogin.al"],"url":"https:\/\/blogin.al\/?author=2"}]}},"_links":{"self":[{"href":"https:\/\/blogin.al\/index.php?rest_route=\/wp\/v2\/posts\/53808","targetHints":{"allow":["GET"]}}],"collection":[{"href":"https:\/\/blogin.al\/index.php?rest_route=\/wp\/v2\/posts"}],"about":[{"href":"https:\/\/blogin.al\/index.php?rest_route=\/wp\/v2\/types\/post"}],"author":[{"embeddable":true,"href":"https:\/\/blogin.al\/index.php?rest_route=\/wp\/v2\/users\/2"}],"replies":[{"embeddable":true,"href":"https:\/\/blogin.al\/index.php?rest_route=%2Fwp%2Fv2%2Fcomments&post=53808"}],"version-history":[{"count":2,"href":"https:\/\/blogin.al\/index.php?rest_route=\/wp\/v2\/posts\/53808\/revisions"}],"predecessor-version":[{"id":53810,"href":"https:\/\/blogin.al\/index.php?rest_route=\/wp\/v2\/posts\/53808\/revisions\/53810"}],"wp:featuredmedia":[{"embeddable":true,"href":"https:\/\/blogin.al\/index.php?rest_route=\/wp\/v2\/media\/50716"}],"wp:attachment":[{"href":"https:\/\/blogin.al\/index.php?rest_route=%2Fwp%2Fv2%2Fmedia&parent=53808"}],"wp:term":[{"taxonomy":"category","embeddable":true,"href":"https:\/\/blogin.al\/index.php?rest_route=%2Fwp%2Fv2%2Fcategories&post=53808"},{"taxonomy":"post_tag","embeddable":true,"href":"https:\/\/blogin.al\/index.php?rest_route=%2Fwp%2Fv2%2Ftags&post=53808"}],"curies":[{"name":"wp","href":"https:\/\/api.w.org\/{rel}","templated":true}]}}