{"id":53825,"date":"2024-12-30T13:53:33","date_gmt":"2024-12-30T13:53:33","guid":{"rendered":"https:\/\/blogin.al\/?p=53825"},"modified":"2024-12-30T13:53:36","modified_gmt":"2024-12-30T13:53:36","slug":"vdekja-tragjike-e-liam-payne-miku-i-ngushte-i-yllit-te-pop-it-akuzohet-per-vrasjen-e-tij","status":"publish","type":"post","link":"https:\/\/blogin.al\/?p=53825","title":{"rendered":"Vdekja tragjike e Liam Payne\/ Miku i ngusht\u00eb i yllit t\u00eb pop-it akuzohet p\u00ebr vrasjen e tij?"},"content":{"rendered":"\n<p>Pes\u00eb persona thuhet se jan\u00eb akuzuar p\u00ebr vdekjen e ish-yllit t\u00eb \u201cOne Direction\u201d, Liam Payne, n\u00eb Argjentin\u00eb.<\/p>\n\n\n\n<p>Shoku biznesmen i yllit t\u00eb popit, Rogelio \u201cRoger\u201d Nores, dyshohet se \u00ebsht\u00eb n\u00eb mesin e t\u00eb akuzuarve p\u00ebr vrasje nga pakujdesia, s\u00eb bashku me stafin e hotelit, kan\u00eb pohuar mediat lokale.<\/p>\n\n\n\n<p>Dy prej tyre jan\u00eb caktuar n\u00eb paraburgim, sipas faqes argjentinase t\u00eb lajmeve Infobae.<\/p>\n\n\n\n<p>Miku i Liam, Rogelio tha se ai u largua nga hoteli rreth nj\u00eb or\u00eb para vdekjes s\u00eb yllit t\u00eb popit, teksa dyshohet se atij i \u00ebsht\u00eb ndaluar t\u00eb largohet nga vendi.<\/p>\n\n\n\n<p>N\u00eb fillim t\u00eb k\u00ebtij muaji ai thuhet se refuzoi t\u2019u p\u00ebrgjigjej pyetjeve n\u00eb lidhje me vdekjen tragjike t\u00eb Liam. Ai mohoi pretendimet se kishte braktisur Liam para se t\u00eb binte nga ballkoni i tij n\u00eb&nbsp; hotelin CasaSur Palermo n\u00eb Buenos Aires, Argjentin\u00eb.<\/p>\n\n\n\n<p>Biznesmeni Nores tha n\u00eb nj\u00eb dokumentar se Liam ishte \u201cn\u00eb gjendje shpirt\u00ebrore t\u00eb mir\u00eb dhe i ekuilibruar n\u00eb m\u00ebnyr\u00eb perfekte\u201d dit\u00ebn kur vdiq.<\/p>\n\n\n\n<p>Braian Paiz, nj\u00eb kamerier q\u00eb dyshohet se pranoi se i kishte \u00e7uar drog\u00eb k\u00ebng\u00ebtarit, u akuzua p\u00ebr furnizim me narkotik\u00eb p\u00ebr pages\u00eb.<\/p>\n\n\n\n<p>Ezequiel Pereyra, nj\u00eb punonj\u00ebs hoteli, thuhet gjithashtu se u akuzua p\u00ebr furnizim me drog\u00eb.<\/p>\n\n\n\n<p>Drejtuesit e hotelit CasaSur Palermo, Gilda Mart\u00edn dhe Esteban Grassi, dyshohet se jan\u00eb akuzuar p\u00ebr vrasje.<\/p>\n\n\n\n<p>K\u00ebta pes\u00eb persona thuhet se jan\u00eb thirrur p\u00ebr t\u2019u paraqitur n\u00eb nj\u00eb gjykat\u00eb argjentinase.<\/p>\n\n\n\n<p>Burimet thuhet se i than\u00eb Infobae se t\u00eb pakt\u00ebn dy nga t\u00eb pandehurit \u2013 t\u00eb cil\u00ebt u ndaluan \u2013 jan\u00eb thirrur t\u00eb paraqiten brenda 24 or\u00ebve.<\/p>\n\n\n\n<p>Liam vdiq m\u00eb 16 tetor pasi ra nga ballkoni i nj\u00eb hoteli n\u00eb Buenos Aires.<\/p>\n\n\n\n<p>Ai kishte qen\u00eb n\u00eb Argjentin\u00eb p\u00ebr t\u00eb rinovuar viz\u00ebn e tij amerikane pasi ishte zhvendosur n\u00eb Florida me t\u00eb dashur\u00ebn e tij, influencuesja amerikane Kate Cassidy .<\/p>\n\n\n\n<p>Kate ishte kthyer her\u00ebt n\u00eb Florida pasi ndjeu mall p\u00ebr sht\u00ebpin\u00eb, disa dit\u00eb para se t\u00eb vdiste n\u00eb Buenos Aires.<\/p>\n\n\n\n<p>Ekzaminimet toksikologjike zbuluan n\u00eb trupin e tij n\u00eb momentin e vdekjes gjurm\u00eb alkooli, kokaine dhe ila\u00e7e kund\u00ebr depresionit.<\/p>\n\n\n\n<p>Pak para vdekjes s\u00eb tij, Liam u pa \u201cduke u sjell\u00eb n\u00eb m\u00ebnyr\u00eb t\u00eb \u00e7rregullt\u201d dhe d\u00ebshmitar\u00ebt pohuan se ai ishte shoq\u00ebruar drejt dhom\u00ebs s\u00eb tij.<\/p>\n","protected":false},"excerpt":{"rendered":"<p>Pes\u00eb persona thuhet se jan\u00eb akuzuar p\u00ebr vdekjen e ish-yllit t\u00eb \u201cOne Direction\u201d, Liam Payne, n\u00eb Argjentin\u00eb. Shoku biznesmen i yllit t\u00eb popit, Rogelio \u201cRoger\u201d Nores, dyshohet se \u00ebsht\u00eb n\u00eb mesin e t\u00eb akuzuarve p\u00ebr vrasje nga pakujdesia, s\u00eb bashku me stafin e hotelit, kan\u00eb pohuar mediat lokale. Dy prej tyre jan\u00eb caktuar n\u00eb paraburgim, [&hellip;]<\/p>\n","protected":false},"author":2,"featured_media":51877,"comment_status":"closed","ping_status":"closed","sticky":false,"template":"","format":"standard","meta":{"footnotes":""},"categories":[33],"tags":[],"class_list":{"0":"post-53825","1":"post","2":"type-post","3":"status-publish","4":"format-standard","5":"has-post-thumbnail","7":"category-showbiz"},"yoast_head":"<!-- This site is optimized with the Yoast SEO plugin v27.4 - https:\/\/yoast.com\/product\/yoast-seo-wordpress\/ -->\n<title>Vdekja tragjike e Liam Payne\/ Miku i ngusht\u00eb i yllit t\u00eb pop-it akuzohet p\u00ebr vrasjen e tij? - blogin.al<\/title>\n<meta name=\"robots\" content=\"index, follow, max-snippet:-1, max-image-preview:large, max-video-preview:-1\" \/>\n<link rel=\"canonical\" href=\"https:\/\/blogin.al\/?p=53825\" \/>\n<meta property=\"og:locale\" content=\"en_US\" \/>\n<meta property=\"og:type\" content=\"article\" \/>\n<meta property=\"og:title\" content=\"Vdekja tragjike e Liam Payne\/ Miku i ngusht\u00eb i yllit t\u00eb pop-it akuzohet p\u00ebr vrasjen e tij? - blogin.al\" \/>\n<meta property=\"og:description\" content=\"Pes\u00eb persona thuhet se jan\u00eb akuzuar p\u00ebr vdekjen e ish-yllit t\u00eb \u201cOne Direction\u201d, Liam Payne, n\u00eb Argjentin\u00eb. Shoku biznesmen i yllit t\u00eb popit, Rogelio \u201cRoger\u201d Nores, dyshohet se \u00ebsht\u00eb n\u00eb mesin e t\u00eb akuzuarve p\u00ebr vrasje nga pakujdesia, s\u00eb bashku me stafin e hotelit, kan\u00eb pohuar mediat lokale. Dy prej tyre jan\u00eb caktuar n\u00eb paraburgim, [&hellip;]\" \/>\n<meta property=\"og:url\" content=\"https:\/\/blogin.al\/?p=53825\" \/>\n<meta property=\"og:site_name\" content=\"blogin.al\" \/>\n<meta property=\"article:published_time\" content=\"2024-12-30T13:53:33+00:00\" \/>\n<meta property=\"article:modified_time\" content=\"2024-12-30T13:53:36+00:00\" \/>\n<meta property=\"og:image\" content=\"https:\/\/blogin.al\/wp-content\/uploads\/2024\/10\/image-65-1024x576.png\" \/>\n\t<meta property=\"og:image:width\" content=\"1024\" \/>\n\t<meta property=\"og:image:height\" content=\"576\" \/>\n\t<meta property=\"og:image:type\" content=\"image\/png\" \/>\n<meta name=\"author\" content=\"Blogin al\" \/>\n<meta name=\"twitter:card\" content=\"summary_large_image\" \/>\n<meta name=\"twitter:label1\" content=\"Written by\" \/>\n\t<meta name=\"twitter:data1\" content=\"Blogin al\" \/>\n\t<meta name=\"twitter:label2\" content=\"Est. reading time\" \/>\n\t<meta name=\"twitter:data2\" content=\"2 minutes\" \/>\n<script type=\"application\/ld+json\" class=\"yoast-schema-graph\">{\"@context\":\"https:\\\/\\\/schema.org\",\"@graph\":[{\"@type\":\"Article\",\"@id\":\"https:\\\/\\\/blogin.al\\\/?p=53825#article\",\"isPartOf\":{\"@id\":\"https:\\\/\\\/blogin.al\\\/?p=53825\"},\"author\":{\"name\":\"Blogin al\",\"@id\":\"https:\\\/\\\/blogin.al\\\/#\\\/schema\\\/person\\\/abdd56bc912cd511db877b852b115399\"},\"headline\":\"Vdekja tragjike e Liam Payne\\\/ Miku i ngusht\u00eb i yllit t\u00eb pop-it akuzohet p\u00ebr vrasjen e tij?\",\"datePublished\":\"2024-12-30T13:53:33+00:00\",\"dateModified\":\"2024-12-30T13:53:36+00:00\",\"mainEntityOfPage\":{\"@id\":\"https:\\\/\\\/blogin.al\\\/?p=53825\"},\"wordCount\":404,\"publisher\":{\"@id\":\"https:\\\/\\\/blogin.al\\\/#organization\"},\"image\":{\"@id\":\"https:\\\/\\\/blogin.al\\\/?p=53825#primaryimage\"},\"thumbnailUrl\":\"https:\\\/\\\/blogin.al\\\/wp-content\\\/uploads\\\/2024\\\/10\\\/image-65.png\",\"articleSection\":[\"SHOWBIZ\"],\"inLanguage\":\"en-US\"},{\"@type\":\"WebPage\",\"@id\":\"https:\\\/\\\/blogin.al\\\/?p=53825\",\"url\":\"https:\\\/\\\/blogin.al\\\/?p=53825\",\"name\":\"Vdekja tragjike e Liam Payne\\\/ Miku i ngusht\u00eb i yllit t\u00eb pop-it akuzohet p\u00ebr vrasjen e tij? - blogin.al\",\"isPartOf\":{\"@id\":\"https:\\\/\\\/blogin.al\\\/#website\"},\"primaryImageOfPage\":{\"@id\":\"https:\\\/\\\/blogin.al\\\/?p=53825#primaryimage\"},\"image\":{\"@id\":\"https:\\\/\\\/blogin.al\\\/?p=53825#primaryimage\"},\"thumbnailUrl\":\"https:\\\/\\\/blogin.al\\\/wp-content\\\/uploads\\\/2024\\\/10\\\/image-65.png\",\"datePublished\":\"2024-12-30T13:53:33+00:00\",\"dateModified\":\"2024-12-30T13:53:36+00:00\",\"breadcrumb\":{\"@id\":\"https:\\\/\\\/blogin.al\\\/?p=53825#breadcrumb\"},\"inLanguage\":\"en-US\",\"potentialAction\":[{\"@type\":\"ReadAction\",\"target\":[\"https:\\\/\\\/blogin.al\\\/?p=53825\"]}]},{\"@type\":\"ImageObject\",\"inLanguage\":\"en-US\",\"@id\":\"https:\\\/\\\/blogin.al\\\/?p=53825#primaryimage\",\"url\":\"https:\\\/\\\/blogin.al\\\/wp-content\\\/uploads\\\/2024\\\/10\\\/image-65.png\",\"contentUrl\":\"https:\\\/\\\/blogin.al\\\/wp-content\\\/uploads\\\/2024\\\/10\\\/image-65.png\",\"width\":2978,\"height\":1676},{\"@type\":\"BreadcrumbList\",\"@id\":\"https:\\\/\\\/blogin.al\\\/?p=53825#breadcrumb\",\"itemListElement\":[{\"@type\":\"ListItem\",\"position\":1,\"name\":\"Home\",\"item\":\"https:\\\/\\\/blogin.al\\\/\"},{\"@type\":\"ListItem\",\"position\":2,\"name\":\"Vdekja tragjike e Liam Payne\\\/ Miku i ngusht\u00eb i yllit t\u00eb pop-it akuzohet p\u00ebr vrasjen e tij?\"}]},{\"@type\":\"WebSite\",\"@id\":\"https:\\\/\\\/blogin.al\\\/#website\",\"url\":\"https:\\\/\\\/blogin.al\\\/\",\"name\":\"blogin.al\",\"description\":\"\",\"publisher\":{\"@id\":\"https:\\\/\\\/blogin.al\\\/#organization\"},\"potentialAction\":[{\"@type\":\"SearchAction\",\"target\":{\"@type\":\"EntryPoint\",\"urlTemplate\":\"https:\\\/\\\/blogin.al\\\/?s={search_term_string}\"},\"query-input\":{\"@type\":\"PropertyValueSpecification\",\"valueRequired\":true,\"valueName\":\"search_term_string\"}}],\"inLanguage\":\"en-US\"},{\"@type\":\"Organization\",\"@id\":\"https:\\\/\\\/blogin.al\\\/#organization\",\"name\":\"BLOGIN.al\",\"url\":\"https:\\\/\\\/blogin.al\\\/\",\"logo\":{\"@type\":\"ImageObject\",\"inLanguage\":\"en-US\",\"@id\":\"https:\\\/\\\/blogin.al\\\/#\\\/schema\\\/logo\\\/image\\\/\",\"url\":\"https:\\\/\\\/blogin.al\\\/wp-content\\\/uploads\\\/2022\\\/05\\\/Untitled-2-01-e1652084456514.png\",\"contentUrl\":\"https:\\\/\\\/blogin.al\\\/wp-content\\\/uploads\\\/2022\\\/05\\\/Untitled-2-01-e1652084456514.png\",\"width\":3723,\"height\":1698,\"caption\":\"BLOGIN.al\"},\"image\":{\"@id\":\"https:\\\/\\\/blogin.al\\\/#\\\/schema\\\/logo\\\/image\\\/\"},\"sameAs\":[\"https:\\\/\\\/instagram.com\\\/blogin.al\\\/\"]},{\"@type\":\"Person\",\"@id\":\"https:\\\/\\\/blogin.al\\\/#\\\/schema\\\/person\\\/abdd56bc912cd511db877b852b115399\",\"name\":\"Blogin al\",\"image\":{\"@type\":\"ImageObject\",\"inLanguage\":\"en-US\",\"@id\":\"https:\\\/\\\/secure.gravatar.com\\\/avatar\\\/60d5661aee6e835fb13dc75d2204cd0c1d61bef2efd137c0083e59ef831e235e?s=96&d=mm&r=g\",\"url\":\"https:\\\/\\\/secure.gravatar.com\\\/avatar\\\/60d5661aee6e835fb13dc75d2204cd0c1d61bef2efd137c0083e59ef831e235e?s=96&d=mm&r=g\",\"contentUrl\":\"https:\\\/\\\/secure.gravatar.com\\\/avatar\\\/60d5661aee6e835fb13dc75d2204cd0c1d61bef2efd137c0083e59ef831e235e?s=96&d=mm&r=g\",\"caption\":\"Blogin al\"},\"sameAs\":[\"https:\\\/\\\/blogin.al\"],\"url\":\"https:\\\/\\\/blogin.al\\\/?author=2\"}]}<\/script>\n<!-- \/ Yoast SEO plugin. -->","yoast_head_json":{"title":"Vdekja tragjike e Liam Payne\/ Miku i ngusht\u00eb i yllit t\u00eb pop-it akuzohet p\u00ebr vrasjen e tij? - blogin.al","robots":{"index":"index","follow":"follow","max-snippet":"max-snippet:-1","max-image-preview":"max-image-preview:large","max-video-preview":"max-video-preview:-1"},"canonical":"https:\/\/blogin.al\/?p=53825","og_locale":"en_US","og_type":"article","og_title":"Vdekja tragjike e Liam Payne\/ Miku i ngusht\u00eb i yllit t\u00eb pop-it akuzohet p\u00ebr vrasjen e tij? - blogin.al","og_description":"Pes\u00eb persona thuhet se jan\u00eb akuzuar p\u00ebr vdekjen e ish-yllit t\u00eb \u201cOne Direction\u201d, Liam Payne, n\u00eb Argjentin\u00eb. Shoku biznesmen i yllit t\u00eb popit, Rogelio \u201cRoger\u201d Nores, dyshohet se \u00ebsht\u00eb n\u00eb mesin e t\u00eb akuzuarve p\u00ebr vrasje nga pakujdesia, s\u00eb bashku me stafin e hotelit, kan\u00eb pohuar mediat lokale. Dy prej tyre jan\u00eb caktuar n\u00eb paraburgim, [&hellip;]","og_url":"https:\/\/blogin.al\/?p=53825","og_site_name":"blogin.al","article_published_time":"2024-12-30T13:53:33+00:00","article_modified_time":"2024-12-30T13:53:36+00:00","og_image":[{"width":1024,"height":576,"url":"https:\/\/blogin.al\/wp-content\/uploads\/2024\/10\/image-65-1024x576.png","type":"image\/png"}],"author":"Blogin al","twitter_card":"summary_large_image","twitter_misc":{"Written by":"Blogin al","Est. reading time":"2 minutes"},"schema":{"@context":"https:\/\/schema.org","@graph":[{"@type":"Article","@id":"https:\/\/blogin.al\/?p=53825#article","isPartOf":{"@id":"https:\/\/blogin.al\/?p=53825"},"author":{"name":"Blogin al","@id":"https:\/\/blogin.al\/#\/schema\/person\/abdd56bc912cd511db877b852b115399"},"headline":"Vdekja tragjike e Liam Payne\/ Miku i ngusht\u00eb i yllit t\u00eb pop-it akuzohet p\u00ebr vrasjen e tij?","datePublished":"2024-12-30T13:53:33+00:00","dateModified":"2024-12-30T13:53:36+00:00","mainEntityOfPage":{"@id":"https:\/\/blogin.al\/?p=53825"},"wordCount":404,"publisher":{"@id":"https:\/\/blogin.al\/#organization"},"image":{"@id":"https:\/\/blogin.al\/?p=53825#primaryimage"},"thumbnailUrl":"https:\/\/blogin.al\/wp-content\/uploads\/2024\/10\/image-65.png","articleSection":["SHOWBIZ"],"inLanguage":"en-US"},{"@type":"WebPage","@id":"https:\/\/blogin.al\/?p=53825","url":"https:\/\/blogin.al\/?p=53825","name":"Vdekja tragjike e Liam Payne\/ Miku i ngusht\u00eb i yllit t\u00eb pop-it akuzohet p\u00ebr vrasjen e tij? - blogin.al","isPartOf":{"@id":"https:\/\/blogin.al\/#website"},"primaryImageOfPage":{"@id":"https:\/\/blogin.al\/?p=53825#primaryimage"},"image":{"@id":"https:\/\/blogin.al\/?p=53825#primaryimage"},"thumbnailUrl":"https:\/\/blogin.al\/wp-content\/uploads\/2024\/10\/image-65.png","datePublished":"2024-12-30T13:53:33+00:00","dateModified":"2024-12-30T13:53:36+00:00","breadcrumb":{"@id":"https:\/\/blogin.al\/?p=53825#breadcrumb"},"inLanguage":"en-US","potentialAction":[{"@type":"ReadAction","target":["https:\/\/blogin.al\/?p=53825"]}]},{"@type":"ImageObject","inLanguage":"en-US","@id":"https:\/\/blogin.al\/?p=53825#primaryimage","url":"https:\/\/blogin.al\/wp-content\/uploads\/2024\/10\/image-65.png","contentUrl":"https:\/\/blogin.al\/wp-content\/uploads\/2024\/10\/image-65.png","width":2978,"height":1676},{"@type":"BreadcrumbList","@id":"https:\/\/blogin.al\/?p=53825#breadcrumb","itemListElement":[{"@type":"ListItem","position":1,"name":"Home","item":"https:\/\/blogin.al\/"},{"@type":"ListItem","position":2,"name":"Vdekja tragjike e Liam Payne\/ Miku i ngusht\u00eb i yllit t\u00eb pop-it akuzohet p\u00ebr vrasjen e tij?"}]},{"@type":"WebSite","@id":"https:\/\/blogin.al\/#website","url":"https:\/\/blogin.al\/","name":"blogin.al","description":"","publisher":{"@id":"https:\/\/blogin.al\/#organization"},"potentialAction":[{"@type":"SearchAction","target":{"@type":"EntryPoint","urlTemplate":"https:\/\/blogin.al\/?s={search_term_string}"},"query-input":{"@type":"PropertyValueSpecification","valueRequired":true,"valueName":"search_term_string"}}],"inLanguage":"en-US"},{"@type":"Organization","@id":"https:\/\/blogin.al\/#organization","name":"BLOGIN.al","url":"https:\/\/blogin.al\/","logo":{"@type":"ImageObject","inLanguage":"en-US","@id":"https:\/\/blogin.al\/#\/schema\/logo\/image\/","url":"https:\/\/blogin.al\/wp-content\/uploads\/2022\/05\/Untitled-2-01-e1652084456514.png","contentUrl":"https:\/\/blogin.al\/wp-content\/uploads\/2022\/05\/Untitled-2-01-e1652084456514.png","width":3723,"height":1698,"caption":"BLOGIN.al"},"image":{"@id":"https:\/\/blogin.al\/#\/schema\/logo\/image\/"},"sameAs":["https:\/\/instagram.com\/blogin.al\/"]},{"@type":"Person","@id":"https:\/\/blogin.al\/#\/schema\/person\/abdd56bc912cd511db877b852b115399","name":"Blogin al","image":{"@type":"ImageObject","inLanguage":"en-US","@id":"https:\/\/secure.gravatar.com\/avatar\/60d5661aee6e835fb13dc75d2204cd0c1d61bef2efd137c0083e59ef831e235e?s=96&d=mm&r=g","url":"https:\/\/secure.gravatar.com\/avatar\/60d5661aee6e835fb13dc75d2204cd0c1d61bef2efd137c0083e59ef831e235e?s=96&d=mm&r=g","contentUrl":"https:\/\/secure.gravatar.com\/avatar\/60d5661aee6e835fb13dc75d2204cd0c1d61bef2efd137c0083e59ef831e235e?s=96&d=mm&r=g","caption":"Blogin al"},"sameAs":["https:\/\/blogin.al"],"url":"https:\/\/blogin.al\/?author=2"}]}},"_links":{"self":[{"href":"https:\/\/blogin.al\/index.php?rest_route=\/wp\/v2\/posts\/53825","targetHints":{"allow":["GET"]}}],"collection":[{"href":"https:\/\/blogin.al\/index.php?rest_route=\/wp\/v2\/posts"}],"about":[{"href":"https:\/\/blogin.al\/index.php?rest_route=\/wp\/v2\/types\/post"}],"author":[{"embeddable":true,"href":"https:\/\/blogin.al\/index.php?rest_route=\/wp\/v2\/users\/2"}],"replies":[{"embeddable":true,"href":"https:\/\/blogin.al\/index.php?rest_route=%2Fwp%2Fv2%2Fcomments&post=53825"}],"version-history":[{"count":1,"href":"https:\/\/blogin.al\/index.php?rest_route=\/wp\/v2\/posts\/53825\/revisions"}],"predecessor-version":[{"id":53826,"href":"https:\/\/blogin.al\/index.php?rest_route=\/wp\/v2\/posts\/53825\/revisions\/53826"}],"wp:featuredmedia":[{"embeddable":true,"href":"https:\/\/blogin.al\/index.php?rest_route=\/wp\/v2\/media\/51877"}],"wp:attachment":[{"href":"https:\/\/blogin.al\/index.php?rest_route=%2Fwp%2Fv2%2Fmedia&parent=53825"}],"wp:term":[{"taxonomy":"category","embeddable":true,"href":"https:\/\/blogin.al\/index.php?rest_route=%2Fwp%2Fv2%2Fcategories&post=53825"},{"taxonomy":"post_tag","embeddable":true,"href":"https:\/\/blogin.al\/index.php?rest_route=%2Fwp%2Fv2%2Ftags&post=53825"}],"curies":[{"name":"wp","href":"https:\/\/api.w.org\/{rel}","templated":true}]}}