{"id":53861,"date":"2025-01-06T07:58:06","date_gmt":"2025-01-06T07:58:06","guid":{"rendered":"https:\/\/blogin.al\/atilla-sqaron-arsyen-pse-nuk-ka-lejuar-femijet-te-takojne-drenushen-ne-big-brother\/"},"modified":"2025-01-06T07:58:06","modified_gmt":"2025-01-06T07:58:06","slug":"atilla-sqaron-arsyen-pse-nuk-ka-lejuar-femijet-te-takojne-drenushen-ne-big-brother","status":"publish","type":"post","link":"https:\/\/blogin.al\/?p=53861","title":{"rendered":"Atilla sqaron arsyen pse nuk ka lejuar f\u00ebmij\u00ebt t\u00eb takojn\u00eb Drenush\u00ebn n\u00eb Big Brother"},"content":{"rendered":"\n<p>Gjat\u00eb spektaklit t\u00eb s\u00eb premtes n\u00eb Big Brother VIP Kosova, Drenusha Latifi u emocionua kur pa n\u00ebn\u00ebn e saj n\u00eb nj\u00eb takim surpriz\u00eb. Gjat\u00eb bised\u00ebs, n\u00ebna e Drenush\u00ebs shprehu shqet\u00ebsimin se f\u00ebmij\u00ebt nuk kishin mundur ta takonin pasi i ati, Atilla, nuk i kishte lejuar t\u00eb shkonin.<\/p>\n\n\n\n<p>Atilla ka qen\u00eb i ftuar n\u00eb Big Talk, ku ka sqaruar arsyen e vendimit t\u00eb tij p\u00ebr t\u00eb mos i sjell\u00eb f\u00ebmij\u00ebt n\u00eb sht\u00ebpin\u00eb e Big Brother. Ai theksoi se nuk ka asnj\u00eb kund\u00ebrshtim ndaj marr\u00ebdh\u00ebnies mes f\u00ebmij\u00ebve dhe n\u00ebn\u00ebs s\u00eb tyre, por shtoi se ka pasur shqet\u00ebsime mbi koh\u00ebn dhe m\u00ebnyr\u00ebn e organizimit t\u00eb spektaklit.<\/p>\n\n\n\n<p>\u201cUn\u00eb nuk ua mohoj n\u00ebn\u00ebn, as nuk i ndal f\u00ebmij\u00ebt prej n\u00ebn\u00ebs. Asnj\u00eb fjal\u00eb t\u00eb keqe nuk kam th\u00ebn\u00eb p\u00ebr t\u00eb! E kund\u00ebrta \u00ebsht\u00eb, un\u00eb e kam t\u00eb detyrueshme si prind t\u2019i mbroj f\u00ebmij\u00ebt. Nuk sillet f\u00ebmija n\u00eb 11 e 30 t\u00eb nat\u00ebs. Problemi \u00ebsht\u00eb te produksioni. \u00cbsht\u00eb zgjedhja e saj q\u00eb ka q\u00ebndruar brenda,\u201d tha Atilla, duke theksuar se vendimi p\u00ebr t\u00eb mos lejuar f\u00ebmij\u00ebt t\u00eb shfaqen n\u00eb Prime ka qen\u00eb nj\u00eb vendim i marr\u00eb q\u00eb n\u00eb fillim dhe i diskutuar me t\u00eb gjith\u00eb.<\/p>\n\n\n\n<p>Atilla gjithashtu shtoi se ai nuk kishte qen\u00eb i informuar q\u00eb Drenusha do t\u00eb hynte n\u00eb Big Brother dhe se ai kishte preferuar q\u00eb f\u00ebmij\u00ebt t\u00eb mos ekspozoheshin n\u00eb nj\u00eb format kaq t\u00eb ngarkuar, p\u00ebr shkak t\u00eb ndikimeve t\u00eb mundshme. \u201cNuk \u00ebsht\u00eb se nuk i ekspozoj un\u00eb f\u00ebmij\u00ebt, i kemi rrjetet sociale, e kemi jet\u00ebn ton\u00eb, por tani aty nuk kam pasur d\u00ebshir\u00eb,\u201d p\u00ebrfundoi ai.<\/p>\n","protected":false},"excerpt":{"rendered":"<p>Gjat\u00eb spektaklit t\u00eb s\u00eb premtes n\u00eb Big Brother VIP Kosova, Drenusha Latifi u emocionua kur pa n\u00ebn\u00ebn e saj n\u00eb nj\u00eb takim surpriz\u00eb. Gjat\u00eb bised\u00ebs, n\u00ebna e Drenush\u00ebs shprehu shqet\u00ebsimin se f\u00ebmij\u00ebt nuk kishin mundur ta takonin pasi i ati, Atilla, nuk i kishte lejuar t\u00eb shkonin. Atilla ka qen\u00eb i ftuar n\u00eb Big Talk, [&hellip;]<\/p>\n","protected":false},"author":2,"featured_media":53860,"comment_status":"open","ping_status":"open","sticky":false,"template":"","format":"standard","meta":{"footnotes":""},"categories":[33],"tags":[],"class_list":{"0":"post-53861","1":"post","2":"type-post","3":"status-publish","4":"format-standard","5":"has-post-thumbnail","7":"category-showbiz"},"yoast_head":"<!-- This site is optimized with the Yoast SEO plugin v27.4 - https:\/\/yoast.com\/product\/yoast-seo-wordpress\/ -->\n<title>Atilla sqaron arsyen pse nuk ka lejuar f\u00ebmij\u00ebt t\u00eb takojn\u00eb Drenush\u00ebn n\u00eb Big Brother - blogin.al<\/title>\n<meta name=\"robots\" content=\"index, follow, max-snippet:-1, max-image-preview:large, max-video-preview:-1\" \/>\n<link rel=\"canonical\" href=\"https:\/\/blogin.al\/?p=53861\" \/>\n<meta property=\"og:locale\" content=\"en_US\" \/>\n<meta property=\"og:type\" content=\"article\" \/>\n<meta property=\"og:title\" content=\"Atilla sqaron arsyen pse nuk ka lejuar f\u00ebmij\u00ebt t\u00eb takojn\u00eb Drenush\u00ebn n\u00eb Big Brother - blogin.al\" \/>\n<meta property=\"og:description\" content=\"Gjat\u00eb spektaklit t\u00eb s\u00eb premtes n\u00eb Big Brother VIP Kosova, Drenusha Latifi u emocionua kur pa n\u00ebn\u00ebn e saj n\u00eb nj\u00eb takim surpriz\u00eb. Gjat\u00eb bised\u00ebs, n\u00ebna e Drenush\u00ebs shprehu shqet\u00ebsimin se f\u00ebmij\u00ebt nuk kishin mundur ta takonin pasi i ati, Atilla, nuk i kishte lejuar t\u00eb shkonin. Atilla ka qen\u00eb i ftuar n\u00eb Big Talk, [&hellip;]\" \/>\n<meta property=\"og:url\" content=\"https:\/\/blogin.al\/?p=53861\" \/>\n<meta property=\"og:site_name\" content=\"blogin.al\" \/>\n<meta property=\"article:published_time\" content=\"2025-01-06T07:58:06+00:00\" \/>\n<meta property=\"og:image\" content=\"https:\/\/blogin.al\/wp-content\/uploads\/2025\/01\/dren.jpg\" \/>\n\t<meta property=\"og:image:width\" content=\"780\" \/>\n\t<meta property=\"og:image:height\" content=\"439\" \/>\n\t<meta property=\"og:image:type\" content=\"image\/jpeg\" \/>\n<meta name=\"author\" content=\"Blogin al\" \/>\n<meta name=\"twitter:card\" content=\"summary_large_image\" \/>\n<meta name=\"twitter:label1\" content=\"Written by\" \/>\n\t<meta name=\"twitter:data1\" content=\"Blogin al\" \/>\n\t<meta name=\"twitter:label2\" content=\"Est. reading time\" \/>\n\t<meta name=\"twitter:data2\" content=\"2 minutes\" \/>\n<script type=\"application\/ld+json\" class=\"yoast-schema-graph\">{\"@context\":\"https:\\\/\\\/schema.org\",\"@graph\":[{\"@type\":\"Article\",\"@id\":\"https:\\\/\\\/blogin.al\\\/?p=53861#article\",\"isPartOf\":{\"@id\":\"https:\\\/\\\/blogin.al\\\/?p=53861\"},\"author\":{\"name\":\"Blogin al\",\"@id\":\"https:\\\/\\\/blogin.al\\\/#\\\/schema\\\/person\\\/abdd56bc912cd511db877b852b115399\"},\"headline\":\"Atilla sqaron arsyen pse nuk ka lejuar f\u00ebmij\u00ebt t\u00eb takojn\u00eb Drenush\u00ebn n\u00eb Big Brother\",\"datePublished\":\"2025-01-06T07:58:06+00:00\",\"mainEntityOfPage\":{\"@id\":\"https:\\\/\\\/blogin.al\\\/?p=53861\"},\"wordCount\":317,\"commentCount\":0,\"publisher\":{\"@id\":\"https:\\\/\\\/blogin.al\\\/#organization\"},\"image\":{\"@id\":\"https:\\\/\\\/blogin.al\\\/?p=53861#primaryimage\"},\"thumbnailUrl\":\"https:\\\/\\\/blogin.al\\\/wp-content\\\/uploads\\\/2025\\\/01\\\/dren.jpg\",\"articleSection\":[\"SHOWBIZ\"],\"inLanguage\":\"en-US\",\"potentialAction\":[{\"@type\":\"CommentAction\",\"name\":\"Comment\",\"target\":[\"https:\\\/\\\/blogin.al\\\/?p=53861#respond\"]}]},{\"@type\":\"WebPage\",\"@id\":\"https:\\\/\\\/blogin.al\\\/?p=53861\",\"url\":\"https:\\\/\\\/blogin.al\\\/?p=53861\",\"name\":\"Atilla sqaron arsyen pse nuk ka lejuar f\u00ebmij\u00ebt t\u00eb takojn\u00eb Drenush\u00ebn n\u00eb Big Brother - blogin.al\",\"isPartOf\":{\"@id\":\"https:\\\/\\\/blogin.al\\\/#website\"},\"primaryImageOfPage\":{\"@id\":\"https:\\\/\\\/blogin.al\\\/?p=53861#primaryimage\"},\"image\":{\"@id\":\"https:\\\/\\\/blogin.al\\\/?p=53861#primaryimage\"},\"thumbnailUrl\":\"https:\\\/\\\/blogin.al\\\/wp-content\\\/uploads\\\/2025\\\/01\\\/dren.jpg\",\"datePublished\":\"2025-01-06T07:58:06+00:00\",\"breadcrumb\":{\"@id\":\"https:\\\/\\\/blogin.al\\\/?p=53861#breadcrumb\"},\"inLanguage\":\"en-US\",\"potentialAction\":[{\"@type\":\"ReadAction\",\"target\":[\"https:\\\/\\\/blogin.al\\\/?p=53861\"]}]},{\"@type\":\"ImageObject\",\"inLanguage\":\"en-US\",\"@id\":\"https:\\\/\\\/blogin.al\\\/?p=53861#primaryimage\",\"url\":\"https:\\\/\\\/blogin.al\\\/wp-content\\\/uploads\\\/2025\\\/01\\\/dren.jpg\",\"contentUrl\":\"https:\\\/\\\/blogin.al\\\/wp-content\\\/uploads\\\/2025\\\/01\\\/dren.jpg\",\"width\":780,\"height\":439},{\"@type\":\"BreadcrumbList\",\"@id\":\"https:\\\/\\\/blogin.al\\\/?p=53861#breadcrumb\",\"itemListElement\":[{\"@type\":\"ListItem\",\"position\":1,\"name\":\"Home\",\"item\":\"https:\\\/\\\/blogin.al\\\/\"},{\"@type\":\"ListItem\",\"position\":2,\"name\":\"Atilla sqaron arsyen pse nuk ka lejuar f\u00ebmij\u00ebt t\u00eb takojn\u00eb Drenush\u00ebn n\u00eb Big Brother\"}]},{\"@type\":\"WebSite\",\"@id\":\"https:\\\/\\\/blogin.al\\\/#website\",\"url\":\"https:\\\/\\\/blogin.al\\\/\",\"name\":\"blogin.al\",\"description\":\"\",\"publisher\":{\"@id\":\"https:\\\/\\\/blogin.al\\\/#organization\"},\"potentialAction\":[{\"@type\":\"SearchAction\",\"target\":{\"@type\":\"EntryPoint\",\"urlTemplate\":\"https:\\\/\\\/blogin.al\\\/?s={search_term_string}\"},\"query-input\":{\"@type\":\"PropertyValueSpecification\",\"valueRequired\":true,\"valueName\":\"search_term_string\"}}],\"inLanguage\":\"en-US\"},{\"@type\":\"Organization\",\"@id\":\"https:\\\/\\\/blogin.al\\\/#organization\",\"name\":\"BLOGIN.al\",\"url\":\"https:\\\/\\\/blogin.al\\\/\",\"logo\":{\"@type\":\"ImageObject\",\"inLanguage\":\"en-US\",\"@id\":\"https:\\\/\\\/blogin.al\\\/#\\\/schema\\\/logo\\\/image\\\/\",\"url\":\"https:\\\/\\\/blogin.al\\\/wp-content\\\/uploads\\\/2022\\\/05\\\/Untitled-2-01-e1652084456514.png\",\"contentUrl\":\"https:\\\/\\\/blogin.al\\\/wp-content\\\/uploads\\\/2022\\\/05\\\/Untitled-2-01-e1652084456514.png\",\"width\":3723,\"height\":1698,\"caption\":\"BLOGIN.al\"},\"image\":{\"@id\":\"https:\\\/\\\/blogin.al\\\/#\\\/schema\\\/logo\\\/image\\\/\"},\"sameAs\":[\"https:\\\/\\\/instagram.com\\\/blogin.al\\\/\"]},{\"@type\":\"Person\",\"@id\":\"https:\\\/\\\/blogin.al\\\/#\\\/schema\\\/person\\\/abdd56bc912cd511db877b852b115399\",\"name\":\"Blogin al\",\"image\":{\"@type\":\"ImageObject\",\"inLanguage\":\"en-US\",\"@id\":\"https:\\\/\\\/secure.gravatar.com\\\/avatar\\\/60d5661aee6e835fb13dc75d2204cd0c1d61bef2efd137c0083e59ef831e235e?s=96&d=mm&r=g\",\"url\":\"https:\\\/\\\/secure.gravatar.com\\\/avatar\\\/60d5661aee6e835fb13dc75d2204cd0c1d61bef2efd137c0083e59ef831e235e?s=96&d=mm&r=g\",\"contentUrl\":\"https:\\\/\\\/secure.gravatar.com\\\/avatar\\\/60d5661aee6e835fb13dc75d2204cd0c1d61bef2efd137c0083e59ef831e235e?s=96&d=mm&r=g\",\"caption\":\"Blogin al\"},\"sameAs\":[\"https:\\\/\\\/blogin.al\"],\"url\":\"https:\\\/\\\/blogin.al\\\/?author=2\"}]}<\/script>\n<!-- \/ Yoast SEO plugin. -->","yoast_head_json":{"title":"Atilla sqaron arsyen pse nuk ka lejuar f\u00ebmij\u00ebt t\u00eb takojn\u00eb Drenush\u00ebn n\u00eb Big Brother - blogin.al","robots":{"index":"index","follow":"follow","max-snippet":"max-snippet:-1","max-image-preview":"max-image-preview:large","max-video-preview":"max-video-preview:-1"},"canonical":"https:\/\/blogin.al\/?p=53861","og_locale":"en_US","og_type":"article","og_title":"Atilla sqaron arsyen pse nuk ka lejuar f\u00ebmij\u00ebt t\u00eb takojn\u00eb Drenush\u00ebn n\u00eb Big Brother - blogin.al","og_description":"Gjat\u00eb spektaklit t\u00eb s\u00eb premtes n\u00eb Big Brother VIP Kosova, Drenusha Latifi u emocionua kur pa n\u00ebn\u00ebn e saj n\u00eb nj\u00eb takim surpriz\u00eb. Gjat\u00eb bised\u00ebs, n\u00ebna e Drenush\u00ebs shprehu shqet\u00ebsimin se f\u00ebmij\u00ebt nuk kishin mundur ta takonin pasi i ati, Atilla, nuk i kishte lejuar t\u00eb shkonin. Atilla ka qen\u00eb i ftuar n\u00eb Big Talk, [&hellip;]","og_url":"https:\/\/blogin.al\/?p=53861","og_site_name":"blogin.al","article_published_time":"2025-01-06T07:58:06+00:00","og_image":[{"width":780,"height":439,"url":"https:\/\/blogin.al\/wp-content\/uploads\/2025\/01\/dren.jpg","type":"image\/jpeg"}],"author":"Blogin al","twitter_card":"summary_large_image","twitter_misc":{"Written by":"Blogin al","Est. reading time":"2 minutes"},"schema":{"@context":"https:\/\/schema.org","@graph":[{"@type":"Article","@id":"https:\/\/blogin.al\/?p=53861#article","isPartOf":{"@id":"https:\/\/blogin.al\/?p=53861"},"author":{"name":"Blogin al","@id":"https:\/\/blogin.al\/#\/schema\/person\/abdd56bc912cd511db877b852b115399"},"headline":"Atilla sqaron arsyen pse nuk ka lejuar f\u00ebmij\u00ebt t\u00eb takojn\u00eb Drenush\u00ebn n\u00eb Big Brother","datePublished":"2025-01-06T07:58:06+00:00","mainEntityOfPage":{"@id":"https:\/\/blogin.al\/?p=53861"},"wordCount":317,"commentCount":0,"publisher":{"@id":"https:\/\/blogin.al\/#organization"},"image":{"@id":"https:\/\/blogin.al\/?p=53861#primaryimage"},"thumbnailUrl":"https:\/\/blogin.al\/wp-content\/uploads\/2025\/01\/dren.jpg","articleSection":["SHOWBIZ"],"inLanguage":"en-US","potentialAction":[{"@type":"CommentAction","name":"Comment","target":["https:\/\/blogin.al\/?p=53861#respond"]}]},{"@type":"WebPage","@id":"https:\/\/blogin.al\/?p=53861","url":"https:\/\/blogin.al\/?p=53861","name":"Atilla sqaron arsyen pse nuk ka lejuar f\u00ebmij\u00ebt t\u00eb takojn\u00eb Drenush\u00ebn n\u00eb Big Brother - blogin.al","isPartOf":{"@id":"https:\/\/blogin.al\/#website"},"primaryImageOfPage":{"@id":"https:\/\/blogin.al\/?p=53861#primaryimage"},"image":{"@id":"https:\/\/blogin.al\/?p=53861#primaryimage"},"thumbnailUrl":"https:\/\/blogin.al\/wp-content\/uploads\/2025\/01\/dren.jpg","datePublished":"2025-01-06T07:58:06+00:00","breadcrumb":{"@id":"https:\/\/blogin.al\/?p=53861#breadcrumb"},"inLanguage":"en-US","potentialAction":[{"@type":"ReadAction","target":["https:\/\/blogin.al\/?p=53861"]}]},{"@type":"ImageObject","inLanguage":"en-US","@id":"https:\/\/blogin.al\/?p=53861#primaryimage","url":"https:\/\/blogin.al\/wp-content\/uploads\/2025\/01\/dren.jpg","contentUrl":"https:\/\/blogin.al\/wp-content\/uploads\/2025\/01\/dren.jpg","width":780,"height":439},{"@type":"BreadcrumbList","@id":"https:\/\/blogin.al\/?p=53861#breadcrumb","itemListElement":[{"@type":"ListItem","position":1,"name":"Home","item":"https:\/\/blogin.al\/"},{"@type":"ListItem","position":2,"name":"Atilla sqaron arsyen pse nuk ka lejuar f\u00ebmij\u00ebt t\u00eb takojn\u00eb Drenush\u00ebn n\u00eb Big Brother"}]},{"@type":"WebSite","@id":"https:\/\/blogin.al\/#website","url":"https:\/\/blogin.al\/","name":"blogin.al","description":"","publisher":{"@id":"https:\/\/blogin.al\/#organization"},"potentialAction":[{"@type":"SearchAction","target":{"@type":"EntryPoint","urlTemplate":"https:\/\/blogin.al\/?s={search_term_string}"},"query-input":{"@type":"PropertyValueSpecification","valueRequired":true,"valueName":"search_term_string"}}],"inLanguage":"en-US"},{"@type":"Organization","@id":"https:\/\/blogin.al\/#organization","name":"BLOGIN.al","url":"https:\/\/blogin.al\/","logo":{"@type":"ImageObject","inLanguage":"en-US","@id":"https:\/\/blogin.al\/#\/schema\/logo\/image\/","url":"https:\/\/blogin.al\/wp-content\/uploads\/2022\/05\/Untitled-2-01-e1652084456514.png","contentUrl":"https:\/\/blogin.al\/wp-content\/uploads\/2022\/05\/Untitled-2-01-e1652084456514.png","width":3723,"height":1698,"caption":"BLOGIN.al"},"image":{"@id":"https:\/\/blogin.al\/#\/schema\/logo\/image\/"},"sameAs":["https:\/\/instagram.com\/blogin.al\/"]},{"@type":"Person","@id":"https:\/\/blogin.al\/#\/schema\/person\/abdd56bc912cd511db877b852b115399","name":"Blogin al","image":{"@type":"ImageObject","inLanguage":"en-US","@id":"https:\/\/secure.gravatar.com\/avatar\/60d5661aee6e835fb13dc75d2204cd0c1d61bef2efd137c0083e59ef831e235e?s=96&d=mm&r=g","url":"https:\/\/secure.gravatar.com\/avatar\/60d5661aee6e835fb13dc75d2204cd0c1d61bef2efd137c0083e59ef831e235e?s=96&d=mm&r=g","contentUrl":"https:\/\/secure.gravatar.com\/avatar\/60d5661aee6e835fb13dc75d2204cd0c1d61bef2efd137c0083e59ef831e235e?s=96&d=mm&r=g","caption":"Blogin al"},"sameAs":["https:\/\/blogin.al"],"url":"https:\/\/blogin.al\/?author=2"}]}},"_links":{"self":[{"href":"https:\/\/blogin.al\/index.php?rest_route=\/wp\/v2\/posts\/53861","targetHints":{"allow":["GET"]}}],"collection":[{"href":"https:\/\/blogin.al\/index.php?rest_route=\/wp\/v2\/posts"}],"about":[{"href":"https:\/\/blogin.al\/index.php?rest_route=\/wp\/v2\/types\/post"}],"author":[{"embeddable":true,"href":"https:\/\/blogin.al\/index.php?rest_route=\/wp\/v2\/users\/2"}],"replies":[{"embeddable":true,"href":"https:\/\/blogin.al\/index.php?rest_route=%2Fwp%2Fv2%2Fcomments&post=53861"}],"version-history":[{"count":0,"href":"https:\/\/blogin.al\/index.php?rest_route=\/wp\/v2\/posts\/53861\/revisions"}],"wp:featuredmedia":[{"embeddable":true,"href":"https:\/\/blogin.al\/index.php?rest_route=\/wp\/v2\/media\/53860"}],"wp:attachment":[{"href":"https:\/\/blogin.al\/index.php?rest_route=%2Fwp%2Fv2%2Fmedia&parent=53861"}],"wp:term":[{"taxonomy":"category","embeddable":true,"href":"https:\/\/blogin.al\/index.php?rest_route=%2Fwp%2Fv2%2Fcategories&post=53861"},{"taxonomy":"post_tag","embeddable":true,"href":"https:\/\/blogin.al\/index.php?rest_route=%2Fwp%2Fv2%2Ftags&post=53861"}],"curies":[{"name":"wp","href":"https:\/\/api.w.org\/{rel}","templated":true}]}}