{"id":53864,"date":"2025-01-06T08:01:35","date_gmt":"2025-01-06T08:01:35","guid":{"rendered":"https:\/\/blogin.al\/u-akuzua-se-genjeu-per-semundjenanisa-publikon-fotografine\/"},"modified":"2025-01-06T08:01:35","modified_gmt":"2025-01-06T08:01:35","slug":"u-akuzua-se-genjeu-per-semundjenanisa-publikon-fotografine","status":"publish","type":"post","link":"https:\/\/blogin.al\/?p=53864","title":{"rendered":"U akuzua se g\u00ebnjeu p\u00ebr s\u00ebmundjen:Anisa publikon fotografin\u00eb"},"content":{"rendered":"\n<p>Ish-banorja e Big Brother VIP Kosova, Anisa Veseli, ka ndar\u00eb nj\u00eb rr\u00ebfim t\u00eb ndjesh\u00ebm dhe personal q\u00eb preku shum\u00eb shikues gjat\u00eb q\u00ebndrimit t\u00eb saj n\u00eb k\u00ebt\u00eb reality show.<\/p>\n\n\n\n<p>Ajo tregoi p\u00ebr nj\u00eb s\u00ebmundje t\u00eb r\u00ebnd\u00eb t\u00eb shpin\u00ebs, me t\u00eb cil\u00ebn \u00ebsht\u00eb p\u00ebrballur q\u00eb nga f\u00ebmij\u00ebria, duke theksuar se kostoja e lart\u00eb e trajtimit ka qen\u00eb arsyeja kryesore e mosrealizimit t\u00eb nd\u00ebrhyrjes kirurgjikale.<\/p>\n\n\n\n<p>Pas k\u00ebtij rr\u00ebfimi emocional, Anisa u p\u00ebrball me akuza nga disa persona q\u00eb e cil\u00ebsuan at\u00eb si mashtruese. P\u00ebr t\u2019iu p\u00ebrgjigjur k\u00ebtyre akuzave dhe p\u00ebr t\u00eb mbrojtur t\u00eb v\u00ebrtet\u00ebn e saj, ajo ka vendosur t\u00eb publikoj\u00eb nj\u00eb d\u00ebshmi vizuale p\u00ebr gjendjen e saj sh\u00ebndet\u00ebsore.<\/p>\n\n\n\n<p>N\u00eb nj\u00eb postim t\u00eb fundit, ajo ndau nj\u00eb foto t\u00eb shpin\u00ebs s\u00eb saj dhe shkroi: \u201cJa nj\u00eb fakt ku kam treguar n\u00eb rr\u00ebfim q\u00eb ver\u00ebs nuk e kam pasur gjendjen mir\u00eb dhe po duhet t\u2019i tregoj gj\u00ebrat me fakte tani e tutje. Kjo \u00ebsht\u00eb gjendja e shpin\u00ebs\u201d.<\/p>\n\n\n\n<figure class=\"wp-block-image size-large\"><img fetchpriority=\"high\" decoding=\"async\" width=\"680\" height=\"1024\" src=\"https:\/\/blogin.al\/wp-content\/uploads\/2025\/01\/img_24281008234346762051440-680x1024.jpeg\" alt=\"\" class=\"wp-image-53862\" srcset=\"https:\/\/blogin.al\/wp-content\/uploads\/2025\/01\/img_24281008234346762051440-680x1024.jpeg 680w, https:\/\/blogin.al\/wp-content\/uploads\/2025\/01\/img_24281008234346762051440-199x300.jpeg 199w, https:\/\/blogin.al\/wp-content\/uploads\/2025\/01\/img_24281008234346762051440-768x1157.jpeg 768w, https:\/\/blogin.al\/wp-content\/uploads\/2025\/01\/img_24281008234346762051440-1020x1536.jpeg 1020w, https:\/\/blogin.al\/wp-content\/uploads\/2025\/01\/img_24281008234346762051440-150x226.jpeg 150w, https:\/\/blogin.al\/wp-content\/uploads\/2025\/01\/img_24281008234346762051440-300x452.jpeg 300w, https:\/\/blogin.al\/wp-content\/uploads\/2025\/01\/img_24281008234346762051440-696x1048.jpeg 696w, https:\/\/blogin.al\/wp-content\/uploads\/2025\/01\/img_24281008234346762051440-1068x1609.jpeg 1068w, https:\/\/blogin.al\/wp-content\/uploads\/2025\/01\/img_24281008234346762051440.jpeg 1136w\" sizes=\"(max-width: 680px) 100vw, 680px\" \/><\/figure>\n","protected":false},"excerpt":{"rendered":"<p>Ish-banorja e Big Brother VIP Kosova, Anisa Veseli, ka ndar\u00eb nj\u00eb rr\u00ebfim t\u00eb ndjesh\u00ebm dhe personal q\u00eb preku shum\u00eb shikues gjat\u00eb q\u00ebndrimit t\u00eb saj n\u00eb k\u00ebt\u00eb reality show. Ajo tregoi p\u00ebr nj\u00eb s\u00ebmundje t\u00eb r\u00ebnd\u00eb t\u00eb shpin\u00ebs, me t\u00eb cil\u00ebn \u00ebsht\u00eb p\u00ebrballur q\u00eb nga f\u00ebmij\u00ebria, duke theksuar se kostoja e lart\u00eb e trajtimit ka qen\u00eb [&hellip;]<\/p>\n","protected":false},"author":2,"featured_media":53863,"comment_status":"open","ping_status":"open","sticky":false,"template":"","format":"standard","meta":{"footnotes":""},"categories":[33],"tags":[],"class_list":{"0":"post-53864","1":"post","2":"type-post","3":"status-publish","4":"format-standard","5":"has-post-thumbnail","7":"category-showbiz"},"yoast_head":"<!-- This site is optimized with the Yoast SEO plugin v27.4 - https:\/\/yoast.com\/product\/yoast-seo-wordpress\/ -->\n<title>U akuzua se g\u00ebnjeu p\u00ebr s\u00ebmundjen:Anisa publikon fotografin\u00eb - blogin.al<\/title>\n<meta name=\"robots\" content=\"index, follow, max-snippet:-1, max-image-preview:large, max-video-preview:-1\" \/>\n<link rel=\"canonical\" href=\"https:\/\/blogin.al\/?p=53864\" \/>\n<meta property=\"og:locale\" content=\"en_US\" \/>\n<meta property=\"og:type\" content=\"article\" \/>\n<meta property=\"og:title\" content=\"U akuzua se g\u00ebnjeu p\u00ebr s\u00ebmundjen:Anisa publikon fotografin\u00eb - blogin.al\" \/>\n<meta property=\"og:description\" content=\"Ish-banorja e Big Brother VIP Kosova, Anisa Veseli, ka ndar\u00eb nj\u00eb rr\u00ebfim t\u00eb ndjesh\u00ebm dhe personal q\u00eb preku shum\u00eb shikues gjat\u00eb q\u00ebndrimit t\u00eb saj n\u00eb k\u00ebt\u00eb reality show. Ajo tregoi p\u00ebr nj\u00eb s\u00ebmundje t\u00eb r\u00ebnd\u00eb t\u00eb shpin\u00ebs, me t\u00eb cil\u00ebn \u00ebsht\u00eb p\u00ebrballur q\u00eb nga f\u00ebmij\u00ebria, duke theksuar se kostoja e lart\u00eb e trajtimit ka qen\u00eb [&hellip;]\" \/>\n<meta property=\"og:url\" content=\"https:\/\/blogin.al\/?p=53864\" \/>\n<meta property=\"og:site_name\" content=\"blogin.al\" \/>\n<meta property=\"article:published_time\" content=\"2025-01-06T08:01:35+00:00\" \/>\n<meta property=\"og:image\" content=\"https:\/\/blogin.al\/wp-content\/uploads\/2025\/01\/Screenshot_2-17-780x439-1.png\" \/>\n\t<meta property=\"og:image:width\" content=\"780\" \/>\n\t<meta property=\"og:image:height\" content=\"439\" \/>\n\t<meta property=\"og:image:type\" content=\"image\/png\" \/>\n<meta name=\"author\" content=\"Blogin al\" \/>\n<meta name=\"twitter:card\" content=\"summary_large_image\" \/>\n<meta name=\"twitter:label1\" content=\"Written by\" \/>\n\t<meta name=\"twitter:data1\" content=\"Blogin al\" \/>\n\t<meta name=\"twitter:label2\" content=\"Est. reading time\" \/>\n\t<meta name=\"twitter:data2\" content=\"1 minute\" \/>\n<script type=\"application\/ld+json\" class=\"yoast-schema-graph\">{\"@context\":\"https:\\\/\\\/schema.org\",\"@graph\":[{\"@type\":\"Article\",\"@id\":\"https:\\\/\\\/blogin.al\\\/?p=53864#article\",\"isPartOf\":{\"@id\":\"https:\\\/\\\/blogin.al\\\/?p=53864\"},\"author\":{\"name\":\"Blogin al\",\"@id\":\"https:\\\/\\\/blogin.al\\\/#\\\/schema\\\/person\\\/abdd56bc912cd511db877b852b115399\"},\"headline\":\"U akuzua se g\u00ebnjeu p\u00ebr s\u00ebmundjen:Anisa publikon fotografin\u00eb\",\"datePublished\":\"2025-01-06T08:01:35+00:00\",\"mainEntityOfPage\":{\"@id\":\"https:\\\/\\\/blogin.al\\\/?p=53864\"},\"wordCount\":199,\"commentCount\":0,\"publisher\":{\"@id\":\"https:\\\/\\\/blogin.al\\\/#organization\"},\"image\":{\"@id\":\"https:\\\/\\\/blogin.al\\\/?p=53864#primaryimage\"},\"thumbnailUrl\":\"https:\\\/\\\/blogin.al\\\/wp-content\\\/uploads\\\/2025\\\/01\\\/Screenshot_2-17-780x439-1.png\",\"articleSection\":[\"SHOWBIZ\"],\"inLanguage\":\"en-US\",\"potentialAction\":[{\"@type\":\"CommentAction\",\"name\":\"Comment\",\"target\":[\"https:\\\/\\\/blogin.al\\\/?p=53864#respond\"]}]},{\"@type\":\"WebPage\",\"@id\":\"https:\\\/\\\/blogin.al\\\/?p=53864\",\"url\":\"https:\\\/\\\/blogin.al\\\/?p=53864\",\"name\":\"U akuzua se g\u00ebnjeu p\u00ebr s\u00ebmundjen:Anisa publikon fotografin\u00eb - blogin.al\",\"isPartOf\":{\"@id\":\"https:\\\/\\\/blogin.al\\\/#website\"},\"primaryImageOfPage\":{\"@id\":\"https:\\\/\\\/blogin.al\\\/?p=53864#primaryimage\"},\"image\":{\"@id\":\"https:\\\/\\\/blogin.al\\\/?p=53864#primaryimage\"},\"thumbnailUrl\":\"https:\\\/\\\/blogin.al\\\/wp-content\\\/uploads\\\/2025\\\/01\\\/Screenshot_2-17-780x439-1.png\",\"datePublished\":\"2025-01-06T08:01:35+00:00\",\"breadcrumb\":{\"@id\":\"https:\\\/\\\/blogin.al\\\/?p=53864#breadcrumb\"},\"inLanguage\":\"en-US\",\"potentialAction\":[{\"@type\":\"ReadAction\",\"target\":[\"https:\\\/\\\/blogin.al\\\/?p=53864\"]}]},{\"@type\":\"ImageObject\",\"inLanguage\":\"en-US\",\"@id\":\"https:\\\/\\\/blogin.al\\\/?p=53864#primaryimage\",\"url\":\"https:\\\/\\\/blogin.al\\\/wp-content\\\/uploads\\\/2025\\\/01\\\/Screenshot_2-17-780x439-1.png\",\"contentUrl\":\"https:\\\/\\\/blogin.al\\\/wp-content\\\/uploads\\\/2025\\\/01\\\/Screenshot_2-17-780x439-1.png\",\"width\":780,\"height\":439},{\"@type\":\"BreadcrumbList\",\"@id\":\"https:\\\/\\\/blogin.al\\\/?p=53864#breadcrumb\",\"itemListElement\":[{\"@type\":\"ListItem\",\"position\":1,\"name\":\"Home\",\"item\":\"https:\\\/\\\/blogin.al\\\/\"},{\"@type\":\"ListItem\",\"position\":2,\"name\":\"U akuzua se g\u00ebnjeu p\u00ebr s\u00ebmundjen:Anisa publikon fotografin\u00eb\"}]},{\"@type\":\"WebSite\",\"@id\":\"https:\\\/\\\/blogin.al\\\/#website\",\"url\":\"https:\\\/\\\/blogin.al\\\/\",\"name\":\"blogin.al\",\"description\":\"\",\"publisher\":{\"@id\":\"https:\\\/\\\/blogin.al\\\/#organization\"},\"potentialAction\":[{\"@type\":\"SearchAction\",\"target\":{\"@type\":\"EntryPoint\",\"urlTemplate\":\"https:\\\/\\\/blogin.al\\\/?s={search_term_string}\"},\"query-input\":{\"@type\":\"PropertyValueSpecification\",\"valueRequired\":true,\"valueName\":\"search_term_string\"}}],\"inLanguage\":\"en-US\"},{\"@type\":\"Organization\",\"@id\":\"https:\\\/\\\/blogin.al\\\/#organization\",\"name\":\"BLOGIN.al\",\"url\":\"https:\\\/\\\/blogin.al\\\/\",\"logo\":{\"@type\":\"ImageObject\",\"inLanguage\":\"en-US\",\"@id\":\"https:\\\/\\\/blogin.al\\\/#\\\/schema\\\/logo\\\/image\\\/\",\"url\":\"https:\\\/\\\/blogin.al\\\/wp-content\\\/uploads\\\/2022\\\/05\\\/Untitled-2-01-e1652084456514.png\",\"contentUrl\":\"https:\\\/\\\/blogin.al\\\/wp-content\\\/uploads\\\/2022\\\/05\\\/Untitled-2-01-e1652084456514.png\",\"width\":3723,\"height\":1698,\"caption\":\"BLOGIN.al\"},\"image\":{\"@id\":\"https:\\\/\\\/blogin.al\\\/#\\\/schema\\\/logo\\\/image\\\/\"},\"sameAs\":[\"https:\\\/\\\/instagram.com\\\/blogin.al\\\/\"]},{\"@type\":\"Person\",\"@id\":\"https:\\\/\\\/blogin.al\\\/#\\\/schema\\\/person\\\/abdd56bc912cd511db877b852b115399\",\"name\":\"Blogin al\",\"image\":{\"@type\":\"ImageObject\",\"inLanguage\":\"en-US\",\"@id\":\"https:\\\/\\\/secure.gravatar.com\\\/avatar\\\/60d5661aee6e835fb13dc75d2204cd0c1d61bef2efd137c0083e59ef831e235e?s=96&d=mm&r=g\",\"url\":\"https:\\\/\\\/secure.gravatar.com\\\/avatar\\\/60d5661aee6e835fb13dc75d2204cd0c1d61bef2efd137c0083e59ef831e235e?s=96&d=mm&r=g\",\"contentUrl\":\"https:\\\/\\\/secure.gravatar.com\\\/avatar\\\/60d5661aee6e835fb13dc75d2204cd0c1d61bef2efd137c0083e59ef831e235e?s=96&d=mm&r=g\",\"caption\":\"Blogin al\"},\"sameAs\":[\"https:\\\/\\\/blogin.al\"],\"url\":\"https:\\\/\\\/blogin.al\\\/?author=2\"}]}<\/script>\n<!-- \/ Yoast SEO plugin. -->","yoast_head_json":{"title":"U akuzua se g\u00ebnjeu p\u00ebr s\u00ebmundjen:Anisa publikon fotografin\u00eb - blogin.al","robots":{"index":"index","follow":"follow","max-snippet":"max-snippet:-1","max-image-preview":"max-image-preview:large","max-video-preview":"max-video-preview:-1"},"canonical":"https:\/\/blogin.al\/?p=53864","og_locale":"en_US","og_type":"article","og_title":"U akuzua se g\u00ebnjeu p\u00ebr s\u00ebmundjen:Anisa publikon fotografin\u00eb - blogin.al","og_description":"Ish-banorja e Big Brother VIP Kosova, Anisa Veseli, ka ndar\u00eb nj\u00eb rr\u00ebfim t\u00eb ndjesh\u00ebm dhe personal q\u00eb preku shum\u00eb shikues gjat\u00eb q\u00ebndrimit t\u00eb saj n\u00eb k\u00ebt\u00eb reality show. Ajo tregoi p\u00ebr nj\u00eb s\u00ebmundje t\u00eb r\u00ebnd\u00eb t\u00eb shpin\u00ebs, me t\u00eb cil\u00ebn \u00ebsht\u00eb p\u00ebrballur q\u00eb nga f\u00ebmij\u00ebria, duke theksuar se kostoja e lart\u00eb e trajtimit ka qen\u00eb [&hellip;]","og_url":"https:\/\/blogin.al\/?p=53864","og_site_name":"blogin.al","article_published_time":"2025-01-06T08:01:35+00:00","og_image":[{"width":780,"height":439,"url":"https:\/\/blogin.al\/wp-content\/uploads\/2025\/01\/Screenshot_2-17-780x439-1.png","type":"image\/png"}],"author":"Blogin al","twitter_card":"summary_large_image","twitter_misc":{"Written by":"Blogin al","Est. reading time":"1 minute"},"schema":{"@context":"https:\/\/schema.org","@graph":[{"@type":"Article","@id":"https:\/\/blogin.al\/?p=53864#article","isPartOf":{"@id":"https:\/\/blogin.al\/?p=53864"},"author":{"name":"Blogin al","@id":"https:\/\/blogin.al\/#\/schema\/person\/abdd56bc912cd511db877b852b115399"},"headline":"U akuzua se g\u00ebnjeu p\u00ebr s\u00ebmundjen:Anisa publikon fotografin\u00eb","datePublished":"2025-01-06T08:01:35+00:00","mainEntityOfPage":{"@id":"https:\/\/blogin.al\/?p=53864"},"wordCount":199,"commentCount":0,"publisher":{"@id":"https:\/\/blogin.al\/#organization"},"image":{"@id":"https:\/\/blogin.al\/?p=53864#primaryimage"},"thumbnailUrl":"https:\/\/blogin.al\/wp-content\/uploads\/2025\/01\/Screenshot_2-17-780x439-1.png","articleSection":["SHOWBIZ"],"inLanguage":"en-US","potentialAction":[{"@type":"CommentAction","name":"Comment","target":["https:\/\/blogin.al\/?p=53864#respond"]}]},{"@type":"WebPage","@id":"https:\/\/blogin.al\/?p=53864","url":"https:\/\/blogin.al\/?p=53864","name":"U akuzua se g\u00ebnjeu p\u00ebr s\u00ebmundjen:Anisa publikon fotografin\u00eb - blogin.al","isPartOf":{"@id":"https:\/\/blogin.al\/#website"},"primaryImageOfPage":{"@id":"https:\/\/blogin.al\/?p=53864#primaryimage"},"image":{"@id":"https:\/\/blogin.al\/?p=53864#primaryimage"},"thumbnailUrl":"https:\/\/blogin.al\/wp-content\/uploads\/2025\/01\/Screenshot_2-17-780x439-1.png","datePublished":"2025-01-06T08:01:35+00:00","breadcrumb":{"@id":"https:\/\/blogin.al\/?p=53864#breadcrumb"},"inLanguage":"en-US","potentialAction":[{"@type":"ReadAction","target":["https:\/\/blogin.al\/?p=53864"]}]},{"@type":"ImageObject","inLanguage":"en-US","@id":"https:\/\/blogin.al\/?p=53864#primaryimage","url":"https:\/\/blogin.al\/wp-content\/uploads\/2025\/01\/Screenshot_2-17-780x439-1.png","contentUrl":"https:\/\/blogin.al\/wp-content\/uploads\/2025\/01\/Screenshot_2-17-780x439-1.png","width":780,"height":439},{"@type":"BreadcrumbList","@id":"https:\/\/blogin.al\/?p=53864#breadcrumb","itemListElement":[{"@type":"ListItem","position":1,"name":"Home","item":"https:\/\/blogin.al\/"},{"@type":"ListItem","position":2,"name":"U akuzua se g\u00ebnjeu p\u00ebr s\u00ebmundjen:Anisa publikon fotografin\u00eb"}]},{"@type":"WebSite","@id":"https:\/\/blogin.al\/#website","url":"https:\/\/blogin.al\/","name":"blogin.al","description":"","publisher":{"@id":"https:\/\/blogin.al\/#organization"},"potentialAction":[{"@type":"SearchAction","target":{"@type":"EntryPoint","urlTemplate":"https:\/\/blogin.al\/?s={search_term_string}"},"query-input":{"@type":"PropertyValueSpecification","valueRequired":true,"valueName":"search_term_string"}}],"inLanguage":"en-US"},{"@type":"Organization","@id":"https:\/\/blogin.al\/#organization","name":"BLOGIN.al","url":"https:\/\/blogin.al\/","logo":{"@type":"ImageObject","inLanguage":"en-US","@id":"https:\/\/blogin.al\/#\/schema\/logo\/image\/","url":"https:\/\/blogin.al\/wp-content\/uploads\/2022\/05\/Untitled-2-01-e1652084456514.png","contentUrl":"https:\/\/blogin.al\/wp-content\/uploads\/2022\/05\/Untitled-2-01-e1652084456514.png","width":3723,"height":1698,"caption":"BLOGIN.al"},"image":{"@id":"https:\/\/blogin.al\/#\/schema\/logo\/image\/"},"sameAs":["https:\/\/instagram.com\/blogin.al\/"]},{"@type":"Person","@id":"https:\/\/blogin.al\/#\/schema\/person\/abdd56bc912cd511db877b852b115399","name":"Blogin al","image":{"@type":"ImageObject","inLanguage":"en-US","@id":"https:\/\/secure.gravatar.com\/avatar\/60d5661aee6e835fb13dc75d2204cd0c1d61bef2efd137c0083e59ef831e235e?s=96&d=mm&r=g","url":"https:\/\/secure.gravatar.com\/avatar\/60d5661aee6e835fb13dc75d2204cd0c1d61bef2efd137c0083e59ef831e235e?s=96&d=mm&r=g","contentUrl":"https:\/\/secure.gravatar.com\/avatar\/60d5661aee6e835fb13dc75d2204cd0c1d61bef2efd137c0083e59ef831e235e?s=96&d=mm&r=g","caption":"Blogin al"},"sameAs":["https:\/\/blogin.al"],"url":"https:\/\/blogin.al\/?author=2"}]}},"_links":{"self":[{"href":"https:\/\/blogin.al\/index.php?rest_route=\/wp\/v2\/posts\/53864","targetHints":{"allow":["GET"]}}],"collection":[{"href":"https:\/\/blogin.al\/index.php?rest_route=\/wp\/v2\/posts"}],"about":[{"href":"https:\/\/blogin.al\/index.php?rest_route=\/wp\/v2\/types\/post"}],"author":[{"embeddable":true,"href":"https:\/\/blogin.al\/index.php?rest_route=\/wp\/v2\/users\/2"}],"replies":[{"embeddable":true,"href":"https:\/\/blogin.al\/index.php?rest_route=%2Fwp%2Fv2%2Fcomments&post=53864"}],"version-history":[{"count":0,"href":"https:\/\/blogin.al\/index.php?rest_route=\/wp\/v2\/posts\/53864\/revisions"}],"wp:featuredmedia":[{"embeddable":true,"href":"https:\/\/blogin.al\/index.php?rest_route=\/wp\/v2\/media\/53863"}],"wp:attachment":[{"href":"https:\/\/blogin.al\/index.php?rest_route=%2Fwp%2Fv2%2Fmedia&parent=53864"}],"wp:term":[{"taxonomy":"category","embeddable":true,"href":"https:\/\/blogin.al\/index.php?rest_route=%2Fwp%2Fv2%2Fcategories&post=53864"},{"taxonomy":"post_tag","embeddable":true,"href":"https:\/\/blogin.al\/index.php?rest_route=%2Fwp%2Fv2%2Ftags&post=53864"}],"curies":[{"name":"wp","href":"https:\/\/api.w.org\/{rel}","templated":true}]}}