{"id":53869,"date":"2025-01-06T10:24:10","date_gmt":"2025-01-06T10:24:10","guid":{"rendered":"https:\/\/blogin.al\/klea-prenga-vjen-me-deklarate-zyrtare-per-motrat-berisha-tv-ste-ben-vipplehre-qe-njihesh-per\/"},"modified":"2025-01-06T10:24:10","modified_gmt":"2025-01-06T10:24:10","slug":"klea-prenga-vjen-me-deklarate-zyrtare-per-motrat-berisha-tv-ste-ben-vipplehre-qe-njihesh-per","status":"publish","type":"post","link":"https:\/\/blogin.al\/?p=53869","title":{"rendered":"Klea Prenga vjen me deklarat\u00eb zyrtare p\u00ebr motrat Berisha:&#8221; TV s\u2019t\u00eb b\u00ebn VIP,plehr\u00eb q\u00eb njihesh p\u00ebr\u2026\u201d"},"content":{"rendered":"\n<p>Klea Prenga u \u00ebsht\u00eb p\u00ebrgjigjur me nj\u00eb deklarat\u00eb zyrtare\u00a0akuzave t\u00eb Antonela Berish\u00ebs se ajo ka qen\u00eb dhunuesja e v\u00ebrtet\u00eb.\u00a0Nisur nga videoja virale n\u00eb rrjetet sociale, e Kleas dhe Mir Pep\u00ebs, ish-it t\u00eb Mariela Berish\u00ebs, Antonela tha se gjith\u00e7ka ka qen\u00eb e orkestruar nga vet\u00eb 23-vje\u00e7arja p\u00ebr t\u00eb marr\u00eb v\u00ebmendje.<\/p>\n\n\n\n<p>Ajo e akuzon se i ka p\u00ebrndjekur t\u00eb motr\u00ebn p\u00ebr nj\u00eb vit rresht, e ka k\u00ebrc\u00ebnuar, i ka p\u00ebrmendur dhe ofenduar familjen e f\u00ebmij\u00ebn derisa ka mb\u00ebrritur momenti kur dy motrat dhunuan fizikisht Klea Preng\u00ebn.<\/p>\n\n\n\n<p>N\u00eb deklarat\u00ebn e saj, Klea i rr\u00ebzon posht\u00eb t\u00eb gjitha k\u00ebto. Ajo i konsideron shpifje pasi asnj\u00ebher\u00eb s\u2019ka k\u00ebrc\u00ebnuar apo t\u00eb p\u00ebrmend\u00eb nj\u00eb f\u00ebmij\u00eb. Fotot dhe videot q\u00eb kan\u00eb qarkulluar ajo thot\u00eb se jan\u00eb vep\u00ebr e motrave Berisha q\u00eb i kan\u00eb marr\u00eb nga celulari i Mir Pep\u00ebs.<\/p>\n\n\n\n<p>Blogerja thot\u00eb se gjith\u00e7ka, nga fotot te deklaratat po p\u00ebrdoret p\u00ebr t\u00eb krijuar nj\u00eb situat\u00eb t\u00eb rreme q\u00eb ato t\u00eb p\u00ebrfitojn\u00eb empatin\u00eb e publikut. Klea i drejtohet Antonel\u00ebs duke i th\u00ebn\u00eb se daljet e saj n\u00eb televizion \u201cs\u2019e b\u00ebjn\u00eb VIP, por thjesht nj\u00eb plehr\u00eb q\u00eb njihet p\u00ebr skandale\u201d.<\/p>\n\n\n\n<p><strong>Deklarata e Klea Preng\u00ebs:<\/strong><\/p>\n\n\n\n<p>\u201c<em>Psikopatia juaj ka arritur deri n\u00eb at\u00eb pik\u00eb sa krijoni loj\u00ebra t\u00eb ndyra dhe t\u00eb shpifura p\u00ebr t\u00eb fituar empatin\u00eb e publikut. E b\u00ebni k\u00ebt\u00eb vet\u00ebm sepse nuk e p\u00ebrballoni dot gj\u00eb fytyra juaj e v\u00ebrtet\u00eb, ajo e dhun\u00ebs dhe posht\u00ebrsis\u00eb, tashm\u00eb \u00ebsht\u00eb zbuluar. Shkoni dhe sh\u00ebroni mendjet tuaja t\u00eb s\u00ebmura, t\u00eb mbushura me mllef, urrejtje dhe lig\u00ebsi. Asnj\u00eb manipulim apo trillim nuk do ta ndryshoj\u00eb t\u00eb v\u00ebrtet\u00ebn. Kurr\u00eb nuk kam k\u00ebrc\u00ebnuar ask\u00ebnd, aq m\u00eb pak duke p\u00ebrmendur f\u00ebmij\u00ebn e dikujt. K\u00ebto jan\u00eb shpifje t\u00eb ndyra dhe t\u00eb pav\u00ebrteta.<\/em><\/p>\n\n\n\n<p><em>N\u00eb vend q\u00eb t\u00eb p\u00ebrballeni me veprimet tuaja t\u00eb turpshme, p\u00ebrpiqeni t\u00eb krijoni loj\u00ebra t\u00eb ndyra p\u00ebr t\u00eb fituar simpati. Videot dhe fotot e postuara nuk jan\u00eb publikuar nga un\u00eb, por jan\u00eb marr\u00eb nga ju p\u00ebrmes telefonit t\u00eb ish-it tuaj. Mos pretendoni t\u00eb luani rolin e t\u00eb paditur\u00ebs sepse ishte e qart\u00eb p\u00ebr t\u00eb gjith\u00eb se ju, me intrigat dhe manipulimet tuaja, keni arritur t\u2019i merrni ato. Sjelljet tuaja t\u00eb ul\u00ebta dhe t\u00eb ndyra tregojn\u00eb se deri ku mund t\u00eb shkoni p\u00ebr t\u00eb krijuar skena t\u00eb shpifura. Si mund t\u00eb pretendoni se k\u00ebto materiale i kam publikuar un\u00eb kur nuk kam asnj\u00eb p\u00ebrfitim nga nj\u00eb veprim i till\u00eb?<\/em><\/p>\n\n\n\n<p><em>P\u00ebrkundrazi, jeni ju t\u00eb vetmet q\u00eb keni p\u00ebrfitim nga k\u00ebto loj\u00ebra t\u00eb ndyra sepse ky \u00ebsht\u00eb q\u00ebllimi i vet\u00ebm i jet\u00ebs suaj, t\u00eb shpifni, t\u00eb manipuloni dhe t\u00eb krijoni drama p\u00ebr v\u00ebmendje. Un\u00eb nuk kam b\u00ebr\u00eb asnj\u00eb loj\u00eb t\u00eb ndyr\u00eb dhe nuk kam asnj\u00eb p\u00ebrfitim nga kjo situat\u00eb. E v\u00ebrteta ishte e qart\u00eb: t\u00eb vetmet q\u00eb p\u00ebrfitoni jeni ju sepse deklarata juaj vjen menj\u00ebher\u00eb pas postimit t\u00eb videove dhe fotove q\u00eb keni publikuar vet\u00eb p\u00ebr t\u00eb krijuar nj\u00eb situat\u00eb t\u00eb rreme. Asnj\u00eb skenar, asnj\u00eb shpifje dhe asnj\u00eb loj\u00eb e shpifur nuk mund t\u00eb justifikoj\u00eb dhun\u00ebn dhe krimin tuaj ndaj meje.<\/em><\/p>\n\n\n\n<p><em>Ju jeni plehra intrigante, t\u00eb paskrupullta dhe t\u00eb pamoralshme q\u00eb nuk njihni limite. Nuk mund t\u00eb fshiheni pas k\u00ebtyre loj\u00ebrave dhe t\u00eb pretendoni pafaj\u00ebsi kur gjith\u00e7ka ishte e qart\u00eb, ju jeni dhunueset dhe \u00e7do veprim i juaji tregon vet\u00ebm d\u00ebshp\u00ebrimin dhe lig\u00ebsin\u00eb tuaj. Un\u00eb nuk i kam hyr\u00eb dhe as i kam cenuar askujt familjen.<\/em><\/p>\n\n\n\n<p><em>N\u00eb fakt, jeni ju ato q\u00eb njiheni p\u00ebr skandalet e vazhdueshme me burra t\u00eb martuar. Turpet tuaja jan\u00eb t\u00eb njohura prej koh\u00ebsh, prandaj mbajini p\u00ebr vete dhe mos tentoni t\u00eb shihni moral kur nuk keni asnj\u00eb pik\u00eb nderi. T\u00eb dalurit n\u00eb televizion nuk t\u00eb b\u00ebn VIP. Je thjesht nj\u00eb plehr\u00eb q\u00eb njihesh p\u00ebr skandalet e tua dhe do t\u2019i mbash pas shpine t\u00ebr\u00eb jet\u00ebn. Ofendimi q\u00eb vjen nga balta nuk t\u00eb b\u00ebn pis.<\/em>\u201c<\/p>\n\n\n\n<figure class=\"wp-block-image size-large\"><img fetchpriority=\"high\" decoding=\"async\" width=\"800\" height=\"1024\" src=\"https:\/\/blogin.al\/wp-content\/uploads\/2025\/01\/img_1552-11347418070147294806-800x1024.jpg\" alt=\"\" class=\"wp-image-53867\" srcset=\"https:\/\/blogin.al\/wp-content\/uploads\/2025\/01\/img_1552-11347418070147294806-800x1024.jpg 800w, https:\/\/blogin.al\/wp-content\/uploads\/2025\/01\/img_1552-11347418070147294806-234x300.jpg 234w, https:\/\/blogin.al\/wp-content\/uploads\/2025\/01\/img_1552-11347418070147294806-768x983.jpg 768w, https:\/\/blogin.al\/wp-content\/uploads\/2025\/01\/img_1552-11347418070147294806-1200x1536.jpg 1200w, https:\/\/blogin.al\/wp-content\/uploads\/2025\/01\/img_1552-11347418070147294806-150x192.jpg 150w, https:\/\/blogin.al\/wp-content\/uploads\/2025\/01\/img_1552-11347418070147294806-300x384.jpg 300w, https:\/\/blogin.al\/wp-content\/uploads\/2025\/01\/img_1552-11347418070147294806-696x891.jpg 696w, https:\/\/blogin.al\/wp-content\/uploads\/2025\/01\/img_1552-11347418070147294806-1068x1367.jpg 1068w, https:\/\/blogin.al\/wp-content\/uploads\/2025\/01\/img_1552-11347418070147294806.jpg 1284w\" sizes=\"(max-width: 800px) 100vw, 800px\" \/><\/figure>\n","protected":false},"excerpt":{"rendered":"<p>Klea Prenga u \u00ebsht\u00eb p\u00ebrgjigjur me nj\u00eb deklarat\u00eb zyrtare\u00a0akuzave t\u00eb Antonela Berish\u00ebs se ajo ka qen\u00eb dhunuesja e v\u00ebrtet\u00eb.\u00a0Nisur nga videoja virale n\u00eb rrjetet sociale, e Kleas dhe Mir Pep\u00ebs, ish-it t\u00eb Mariela Berish\u00ebs, Antonela tha se gjith\u00e7ka ka qen\u00eb e orkestruar nga vet\u00eb 23-vje\u00e7arja p\u00ebr t\u00eb marr\u00eb v\u00ebmendje. Ajo e akuzon se i ka [&hellip;]<\/p>\n","protected":false},"author":2,"featured_media":53868,"comment_status":"open","ping_status":"open","sticky":false,"template":"","format":"standard","meta":{"footnotes":""},"categories":[33],"tags":[],"class_list":{"0":"post-53869","1":"post","2":"type-post","3":"status-publish","4":"format-standard","5":"has-post-thumbnail","7":"category-showbiz"},"yoast_head":"<!-- This site is optimized with the Yoast SEO plugin v27.4 - https:\/\/yoast.com\/product\/yoast-seo-wordpress\/ -->\n<title>Klea Prenga vjen me deklarat\u00eb zyrtare p\u00ebr motrat Berisha:&quot; TV s\u2019t\u00eb b\u00ebn VIP,plehr\u00eb q\u00eb njihesh p\u00ebr\u2026\u201d - blogin.al<\/title>\n<meta name=\"robots\" content=\"index, follow, max-snippet:-1, max-image-preview:large, max-video-preview:-1\" \/>\n<link rel=\"canonical\" href=\"https:\/\/blogin.al\/?p=53869\" \/>\n<meta property=\"og:locale\" content=\"en_US\" \/>\n<meta property=\"og:type\" content=\"article\" \/>\n<meta property=\"og:title\" content=\"Klea Prenga vjen me deklarat\u00eb zyrtare p\u00ebr motrat Berisha:&quot; TV s\u2019t\u00eb b\u00ebn VIP,plehr\u00eb q\u00eb njihesh p\u00ebr\u2026\u201d - blogin.al\" \/>\n<meta property=\"og:description\" content=\"Klea Prenga u \u00ebsht\u00eb p\u00ebrgjigjur me nj\u00eb deklarat\u00eb zyrtare\u00a0akuzave t\u00eb Antonela Berish\u00ebs se ajo ka qen\u00eb dhunuesja e v\u00ebrtet\u00eb.\u00a0Nisur nga videoja virale n\u00eb rrjetet sociale, e Kleas dhe Mir Pep\u00ebs, ish-it t\u00eb Mariela Berish\u00ebs, Antonela tha se gjith\u00e7ka ka qen\u00eb e orkestruar nga vet\u00eb 23-vje\u00e7arja p\u00ebr t\u00eb marr\u00eb v\u00ebmendje. Ajo e akuzon se i ka [&hellip;]\" \/>\n<meta property=\"og:url\" content=\"https:\/\/blogin.al\/?p=53869\" \/>\n<meta property=\"og:site_name\" content=\"blogin.al\" \/>\n<meta property=\"article:published_time\" content=\"2025-01-06T10:24:10+00:00\" \/>\n<meta property=\"og:image\" content=\"https:\/\/blogin.al\/wp-content\/uploads\/2025\/01\/900-0-f9909b83b15dbd18c7a85fe030b3d3a0.jpeg\" \/>\n\t<meta property=\"og:image:width\" content=\"900\" \/>\n\t<meta property=\"og:image:height\" content=\"502\" \/>\n\t<meta property=\"og:image:type\" content=\"image\/jpeg\" \/>\n<meta name=\"author\" content=\"Blogin al\" \/>\n<meta name=\"twitter:card\" content=\"summary_large_image\" \/>\n<meta name=\"twitter:label1\" content=\"Written by\" \/>\n\t<meta name=\"twitter:data1\" content=\"Blogin al\" \/>\n\t<meta name=\"twitter:label2\" content=\"Est. reading time\" \/>\n\t<meta name=\"twitter:data2\" content=\"4 minutes\" \/>\n<script type=\"application\/ld+json\" class=\"yoast-schema-graph\">{\"@context\":\"https:\\\/\\\/schema.org\",\"@graph\":[{\"@type\":\"Article\",\"@id\":\"https:\\\/\\\/blogin.al\\\/?p=53869#article\",\"isPartOf\":{\"@id\":\"https:\\\/\\\/blogin.al\\\/?p=53869\"},\"author\":{\"name\":\"Blogin al\",\"@id\":\"https:\\\/\\\/blogin.al\\\/#\\\/schema\\\/person\\\/abdd56bc912cd511db877b852b115399\"},\"headline\":\"Klea Prenga vjen me deklarat\u00eb zyrtare p\u00ebr motrat Berisha:&#8221; TV s\u2019t\u00eb b\u00ebn VIP,plehr\u00eb q\u00eb njihesh p\u00ebr\u2026\u201d\",\"datePublished\":\"2025-01-06T10:24:10+00:00\",\"mainEntityOfPage\":{\"@id\":\"https:\\\/\\\/blogin.al\\\/?p=53869\"},\"wordCount\":738,\"commentCount\":0,\"publisher\":{\"@id\":\"https:\\\/\\\/blogin.al\\\/#organization\"},\"image\":{\"@id\":\"https:\\\/\\\/blogin.al\\\/?p=53869#primaryimage\"},\"thumbnailUrl\":\"https:\\\/\\\/blogin.al\\\/wp-content\\\/uploads\\\/2025\\\/01\\\/900-0-f9909b83b15dbd18c7a85fe030b3d3a0.jpeg\",\"articleSection\":[\"SHOWBIZ\"],\"inLanguage\":\"en-US\",\"potentialAction\":[{\"@type\":\"CommentAction\",\"name\":\"Comment\",\"target\":[\"https:\\\/\\\/blogin.al\\\/?p=53869#respond\"]}]},{\"@type\":\"WebPage\",\"@id\":\"https:\\\/\\\/blogin.al\\\/?p=53869\",\"url\":\"https:\\\/\\\/blogin.al\\\/?p=53869\",\"name\":\"Klea Prenga vjen me deklarat\u00eb zyrtare p\u00ebr motrat Berisha:\\\" TV s\u2019t\u00eb b\u00ebn VIP,plehr\u00eb q\u00eb njihesh p\u00ebr\u2026\u201d - blogin.al\",\"isPartOf\":{\"@id\":\"https:\\\/\\\/blogin.al\\\/#website\"},\"primaryImageOfPage\":{\"@id\":\"https:\\\/\\\/blogin.al\\\/?p=53869#primaryimage\"},\"image\":{\"@id\":\"https:\\\/\\\/blogin.al\\\/?p=53869#primaryimage\"},\"thumbnailUrl\":\"https:\\\/\\\/blogin.al\\\/wp-content\\\/uploads\\\/2025\\\/01\\\/900-0-f9909b83b15dbd18c7a85fe030b3d3a0.jpeg\",\"datePublished\":\"2025-01-06T10:24:10+00:00\",\"breadcrumb\":{\"@id\":\"https:\\\/\\\/blogin.al\\\/?p=53869#breadcrumb\"},\"inLanguage\":\"en-US\",\"potentialAction\":[{\"@type\":\"ReadAction\",\"target\":[\"https:\\\/\\\/blogin.al\\\/?p=53869\"]}]},{\"@type\":\"ImageObject\",\"inLanguage\":\"en-US\",\"@id\":\"https:\\\/\\\/blogin.al\\\/?p=53869#primaryimage\",\"url\":\"https:\\\/\\\/blogin.al\\\/wp-content\\\/uploads\\\/2025\\\/01\\\/900-0-f9909b83b15dbd18c7a85fe030b3d3a0.jpeg\",\"contentUrl\":\"https:\\\/\\\/blogin.al\\\/wp-content\\\/uploads\\\/2025\\\/01\\\/900-0-f9909b83b15dbd18c7a85fe030b3d3a0.jpeg\",\"width\":900,\"height\":502},{\"@type\":\"BreadcrumbList\",\"@id\":\"https:\\\/\\\/blogin.al\\\/?p=53869#breadcrumb\",\"itemListElement\":[{\"@type\":\"ListItem\",\"position\":1,\"name\":\"Home\",\"item\":\"https:\\\/\\\/blogin.al\\\/\"},{\"@type\":\"ListItem\",\"position\":2,\"name\":\"Klea Prenga vjen me deklarat\u00eb zyrtare p\u00ebr motrat Berisha:&#8221; TV s\u2019t\u00eb b\u00ebn VIP,plehr\u00eb q\u00eb njihesh p\u00ebr\u2026\u201d\"}]},{\"@type\":\"WebSite\",\"@id\":\"https:\\\/\\\/blogin.al\\\/#website\",\"url\":\"https:\\\/\\\/blogin.al\\\/\",\"name\":\"blogin.al\",\"description\":\"\",\"publisher\":{\"@id\":\"https:\\\/\\\/blogin.al\\\/#organization\"},\"potentialAction\":[{\"@type\":\"SearchAction\",\"target\":{\"@type\":\"EntryPoint\",\"urlTemplate\":\"https:\\\/\\\/blogin.al\\\/?s={search_term_string}\"},\"query-input\":{\"@type\":\"PropertyValueSpecification\",\"valueRequired\":true,\"valueName\":\"search_term_string\"}}],\"inLanguage\":\"en-US\"},{\"@type\":\"Organization\",\"@id\":\"https:\\\/\\\/blogin.al\\\/#organization\",\"name\":\"BLOGIN.al\",\"url\":\"https:\\\/\\\/blogin.al\\\/\",\"logo\":{\"@type\":\"ImageObject\",\"inLanguage\":\"en-US\",\"@id\":\"https:\\\/\\\/blogin.al\\\/#\\\/schema\\\/logo\\\/image\\\/\",\"url\":\"https:\\\/\\\/blogin.al\\\/wp-content\\\/uploads\\\/2022\\\/05\\\/Untitled-2-01-e1652084456514.png\",\"contentUrl\":\"https:\\\/\\\/blogin.al\\\/wp-content\\\/uploads\\\/2022\\\/05\\\/Untitled-2-01-e1652084456514.png\",\"width\":3723,\"height\":1698,\"caption\":\"BLOGIN.al\"},\"image\":{\"@id\":\"https:\\\/\\\/blogin.al\\\/#\\\/schema\\\/logo\\\/image\\\/\"},\"sameAs\":[\"https:\\\/\\\/instagram.com\\\/blogin.al\\\/\"]},{\"@type\":\"Person\",\"@id\":\"https:\\\/\\\/blogin.al\\\/#\\\/schema\\\/person\\\/abdd56bc912cd511db877b852b115399\",\"name\":\"Blogin al\",\"image\":{\"@type\":\"ImageObject\",\"inLanguage\":\"en-US\",\"@id\":\"https:\\\/\\\/secure.gravatar.com\\\/avatar\\\/60d5661aee6e835fb13dc75d2204cd0c1d61bef2efd137c0083e59ef831e235e?s=96&d=mm&r=g\",\"url\":\"https:\\\/\\\/secure.gravatar.com\\\/avatar\\\/60d5661aee6e835fb13dc75d2204cd0c1d61bef2efd137c0083e59ef831e235e?s=96&d=mm&r=g\",\"contentUrl\":\"https:\\\/\\\/secure.gravatar.com\\\/avatar\\\/60d5661aee6e835fb13dc75d2204cd0c1d61bef2efd137c0083e59ef831e235e?s=96&d=mm&r=g\",\"caption\":\"Blogin al\"},\"sameAs\":[\"https:\\\/\\\/blogin.al\"],\"url\":\"https:\\\/\\\/blogin.al\\\/?author=2\"}]}<\/script>\n<!-- \/ Yoast SEO plugin. -->","yoast_head_json":{"title":"Klea Prenga vjen me deklarat\u00eb zyrtare p\u00ebr motrat Berisha:\" TV s\u2019t\u00eb b\u00ebn VIP,plehr\u00eb q\u00eb njihesh p\u00ebr\u2026\u201d - blogin.al","robots":{"index":"index","follow":"follow","max-snippet":"max-snippet:-1","max-image-preview":"max-image-preview:large","max-video-preview":"max-video-preview:-1"},"canonical":"https:\/\/blogin.al\/?p=53869","og_locale":"en_US","og_type":"article","og_title":"Klea Prenga vjen me deklarat\u00eb zyrtare p\u00ebr motrat Berisha:\" TV s\u2019t\u00eb b\u00ebn VIP,plehr\u00eb q\u00eb njihesh p\u00ebr\u2026\u201d - blogin.al","og_description":"Klea Prenga u \u00ebsht\u00eb p\u00ebrgjigjur me nj\u00eb deklarat\u00eb zyrtare\u00a0akuzave t\u00eb Antonela Berish\u00ebs se ajo ka qen\u00eb dhunuesja e v\u00ebrtet\u00eb.\u00a0Nisur nga videoja virale n\u00eb rrjetet sociale, e Kleas dhe Mir Pep\u00ebs, ish-it t\u00eb Mariela Berish\u00ebs, Antonela tha se gjith\u00e7ka ka qen\u00eb e orkestruar nga vet\u00eb 23-vje\u00e7arja p\u00ebr t\u00eb marr\u00eb v\u00ebmendje. Ajo e akuzon se i ka [&hellip;]","og_url":"https:\/\/blogin.al\/?p=53869","og_site_name":"blogin.al","article_published_time":"2025-01-06T10:24:10+00:00","og_image":[{"width":900,"height":502,"url":"https:\/\/blogin.al\/wp-content\/uploads\/2025\/01\/900-0-f9909b83b15dbd18c7a85fe030b3d3a0.jpeg","type":"image\/jpeg"}],"author":"Blogin al","twitter_card":"summary_large_image","twitter_misc":{"Written by":"Blogin al","Est. reading time":"4 minutes"},"schema":{"@context":"https:\/\/schema.org","@graph":[{"@type":"Article","@id":"https:\/\/blogin.al\/?p=53869#article","isPartOf":{"@id":"https:\/\/blogin.al\/?p=53869"},"author":{"name":"Blogin al","@id":"https:\/\/blogin.al\/#\/schema\/person\/abdd56bc912cd511db877b852b115399"},"headline":"Klea Prenga vjen me deklarat\u00eb zyrtare p\u00ebr motrat Berisha:&#8221; TV s\u2019t\u00eb b\u00ebn VIP,plehr\u00eb q\u00eb njihesh p\u00ebr\u2026\u201d","datePublished":"2025-01-06T10:24:10+00:00","mainEntityOfPage":{"@id":"https:\/\/blogin.al\/?p=53869"},"wordCount":738,"commentCount":0,"publisher":{"@id":"https:\/\/blogin.al\/#organization"},"image":{"@id":"https:\/\/blogin.al\/?p=53869#primaryimage"},"thumbnailUrl":"https:\/\/blogin.al\/wp-content\/uploads\/2025\/01\/900-0-f9909b83b15dbd18c7a85fe030b3d3a0.jpeg","articleSection":["SHOWBIZ"],"inLanguage":"en-US","potentialAction":[{"@type":"CommentAction","name":"Comment","target":["https:\/\/blogin.al\/?p=53869#respond"]}]},{"@type":"WebPage","@id":"https:\/\/blogin.al\/?p=53869","url":"https:\/\/blogin.al\/?p=53869","name":"Klea Prenga vjen me deklarat\u00eb zyrtare p\u00ebr motrat Berisha:\" TV s\u2019t\u00eb b\u00ebn VIP,plehr\u00eb q\u00eb njihesh p\u00ebr\u2026\u201d - blogin.al","isPartOf":{"@id":"https:\/\/blogin.al\/#website"},"primaryImageOfPage":{"@id":"https:\/\/blogin.al\/?p=53869#primaryimage"},"image":{"@id":"https:\/\/blogin.al\/?p=53869#primaryimage"},"thumbnailUrl":"https:\/\/blogin.al\/wp-content\/uploads\/2025\/01\/900-0-f9909b83b15dbd18c7a85fe030b3d3a0.jpeg","datePublished":"2025-01-06T10:24:10+00:00","breadcrumb":{"@id":"https:\/\/blogin.al\/?p=53869#breadcrumb"},"inLanguage":"en-US","potentialAction":[{"@type":"ReadAction","target":["https:\/\/blogin.al\/?p=53869"]}]},{"@type":"ImageObject","inLanguage":"en-US","@id":"https:\/\/blogin.al\/?p=53869#primaryimage","url":"https:\/\/blogin.al\/wp-content\/uploads\/2025\/01\/900-0-f9909b83b15dbd18c7a85fe030b3d3a0.jpeg","contentUrl":"https:\/\/blogin.al\/wp-content\/uploads\/2025\/01\/900-0-f9909b83b15dbd18c7a85fe030b3d3a0.jpeg","width":900,"height":502},{"@type":"BreadcrumbList","@id":"https:\/\/blogin.al\/?p=53869#breadcrumb","itemListElement":[{"@type":"ListItem","position":1,"name":"Home","item":"https:\/\/blogin.al\/"},{"@type":"ListItem","position":2,"name":"Klea Prenga vjen me deklarat\u00eb zyrtare p\u00ebr motrat Berisha:&#8221; TV s\u2019t\u00eb b\u00ebn VIP,plehr\u00eb q\u00eb njihesh p\u00ebr\u2026\u201d"}]},{"@type":"WebSite","@id":"https:\/\/blogin.al\/#website","url":"https:\/\/blogin.al\/","name":"blogin.al","description":"","publisher":{"@id":"https:\/\/blogin.al\/#organization"},"potentialAction":[{"@type":"SearchAction","target":{"@type":"EntryPoint","urlTemplate":"https:\/\/blogin.al\/?s={search_term_string}"},"query-input":{"@type":"PropertyValueSpecification","valueRequired":true,"valueName":"search_term_string"}}],"inLanguage":"en-US"},{"@type":"Organization","@id":"https:\/\/blogin.al\/#organization","name":"BLOGIN.al","url":"https:\/\/blogin.al\/","logo":{"@type":"ImageObject","inLanguage":"en-US","@id":"https:\/\/blogin.al\/#\/schema\/logo\/image\/","url":"https:\/\/blogin.al\/wp-content\/uploads\/2022\/05\/Untitled-2-01-e1652084456514.png","contentUrl":"https:\/\/blogin.al\/wp-content\/uploads\/2022\/05\/Untitled-2-01-e1652084456514.png","width":3723,"height":1698,"caption":"BLOGIN.al"},"image":{"@id":"https:\/\/blogin.al\/#\/schema\/logo\/image\/"},"sameAs":["https:\/\/instagram.com\/blogin.al\/"]},{"@type":"Person","@id":"https:\/\/blogin.al\/#\/schema\/person\/abdd56bc912cd511db877b852b115399","name":"Blogin al","image":{"@type":"ImageObject","inLanguage":"en-US","@id":"https:\/\/secure.gravatar.com\/avatar\/60d5661aee6e835fb13dc75d2204cd0c1d61bef2efd137c0083e59ef831e235e?s=96&d=mm&r=g","url":"https:\/\/secure.gravatar.com\/avatar\/60d5661aee6e835fb13dc75d2204cd0c1d61bef2efd137c0083e59ef831e235e?s=96&d=mm&r=g","contentUrl":"https:\/\/secure.gravatar.com\/avatar\/60d5661aee6e835fb13dc75d2204cd0c1d61bef2efd137c0083e59ef831e235e?s=96&d=mm&r=g","caption":"Blogin al"},"sameAs":["https:\/\/blogin.al"],"url":"https:\/\/blogin.al\/?author=2"}]}},"_links":{"self":[{"href":"https:\/\/blogin.al\/index.php?rest_route=\/wp\/v2\/posts\/53869","targetHints":{"allow":["GET"]}}],"collection":[{"href":"https:\/\/blogin.al\/index.php?rest_route=\/wp\/v2\/posts"}],"about":[{"href":"https:\/\/blogin.al\/index.php?rest_route=\/wp\/v2\/types\/post"}],"author":[{"embeddable":true,"href":"https:\/\/blogin.al\/index.php?rest_route=\/wp\/v2\/users\/2"}],"replies":[{"embeddable":true,"href":"https:\/\/blogin.al\/index.php?rest_route=%2Fwp%2Fv2%2Fcomments&post=53869"}],"version-history":[{"count":0,"href":"https:\/\/blogin.al\/index.php?rest_route=\/wp\/v2\/posts\/53869\/revisions"}],"wp:featuredmedia":[{"embeddable":true,"href":"https:\/\/blogin.al\/index.php?rest_route=\/wp\/v2\/media\/53868"}],"wp:attachment":[{"href":"https:\/\/blogin.al\/index.php?rest_route=%2Fwp%2Fv2%2Fmedia&parent=53869"}],"wp:term":[{"taxonomy":"category","embeddable":true,"href":"https:\/\/blogin.al\/index.php?rest_route=%2Fwp%2Fv2%2Fcategories&post=53869"},{"taxonomy":"post_tag","embeddable":true,"href":"https:\/\/blogin.al\/index.php?rest_route=%2Fwp%2Fv2%2Ftags&post=53869"}],"curies":[{"name":"wp","href":"https:\/\/api.w.org\/{rel}","templated":true}]}}