{"id":53871,"date":"2025-01-06T10:41:23","date_gmt":"2025-01-06T10:41:23","guid":{"rendered":"https:\/\/blogin.al\/dy-nga-banoret-e-bbv-shprehin-pelqimin-ndaj-saj-shperthen-moderatorja-nese-duan-te-me-trajtojne-si\/"},"modified":"2025-01-06T10:41:23","modified_gmt":"2025-01-06T10:41:23","slug":"dy-nga-banoret-e-bbv-shprehin-pelqimin-ndaj-saj-shperthen-moderatorja-nese-duan-te-me-trajtojne-si","status":"publish","type":"post","link":"https:\/\/blogin.al\/?p=53871","title":{"rendered":"Dy nga banor\u00ebt e BBV shprehin p\u00eblqimin ndaj saj, shp\u00ebrthen moderatorja: N\u00ebse duan t\u00eb m\u00eb trajtojn\u00eb si\u2026"},"content":{"rendered":"\n<p>Moderatorja Valbona Mhilli e cila \u00ebsht\u00eb b\u00ebr\u00eb pjes\u00eb e formatit t\u00eb Big Brother VIP, s\u00eb fundmi \u00ebsht\u00eb p\u00ebrballur me dy p\u00eblqime.<\/p>\n\n\n\n<p>Ka qen\u00eb Laerti dhe G Ban t\u00eb cil\u00ebt i kan\u00eb shprehur p\u00eblqimin asaj por q\u00eb ajo i ka refuzuar.<\/p>\n\n\n\n<p>Mir\u00ebpo teksa moderatorja ka qen\u00eb duke biseduar me nj\u00ebr\u00ebn nga konkurentet, Danj\u00ebn, \u00ebsht\u00eb shprehur se nuk do t\u00eb krijoj\u00eb lidhje duke shtuar \u201cnuk jam kukulla e askujt\u201d.<\/p>\n\n\n\n<p>\u201c<em>Nuk jam e interesuar, n\u00ebse duan t\u00eb m\u00eb trajtojn\u00eb si shoqe le t\u00eb m\u00eb flasin. Un\u00eb p\u00ebr t\u00eb dashur dhe p\u00ebr burr\u00eb nuk dua asnj\u00eb nj\u00ebri fare. Mos m\u00eb fiksoj\u00eb nj\u00ebri zero, nuk dua t\u00eb m\u00eb fusin mua n\u00eb k\u00ebt\u00eb gj\u00eb. Nuk kam ardhur p\u00ebr burr\u00eb, as nuk kam r\u00ebn\u00eb n\u00eb dashuri, nuk dua as nj\u00ebrin as tjetrin,\u201d<\/em>&nbsp;u shpreh Valbona<\/p>\n\n\n\n<p>Nd\u00ebr t\u00eb tjera ajo tha se n\u00ebse shoq\u00ebrin\u00eb e saj djemt\u00eb e kan\u00eb marr\u00eb p\u00ebr dob\u00ebsi \u00ebsht\u00eb pronblemi i tyre.<\/p>\n\n\n\n<p>\u201c<em>N\u00ebse shoq\u00ebrin\u00eb time e kan\u00eb marr\u00eb p\u00ebr dob\u00ebsi dhe batutat e mija \u00ebsht\u00eb problem i tyre, mua ping-pong nuk m\u00eb b\u00ebjn\u00eb dot, un\u00eb nuk jam kukull e askujt.\u201d<\/em><\/p>\n","protected":false},"excerpt":{"rendered":"<p>Moderatorja Valbona Mhilli e cila \u00ebsht\u00eb b\u00ebr\u00eb pjes\u00eb e formatit t\u00eb Big Brother VIP, s\u00eb fundmi \u00ebsht\u00eb p\u00ebrballur me dy p\u00eblqime. Ka qen\u00eb Laerti dhe G Ban t\u00eb cil\u00ebt i kan\u00eb shprehur p\u00eblqimin asaj por q\u00eb ajo i ka refuzuar. Mir\u00ebpo teksa moderatorja ka qen\u00eb duke biseduar me nj\u00ebr\u00ebn nga konkurentet, Danj\u00ebn, \u00ebsht\u00eb shprehur se [&hellip;]<\/p>\n","protected":false},"author":2,"featured_media":53870,"comment_status":"open","ping_status":"open","sticky":false,"template":"","format":"standard","meta":{"footnotes":""},"categories":[33],"tags":[],"class_list":{"0":"post-53871","1":"post","2":"type-post","3":"status-publish","4":"format-standard","5":"has-post-thumbnail","7":"category-showbiz"},"yoast_head":"<!-- This site is optimized with the Yoast SEO plugin v27.4 - https:\/\/yoast.com\/product\/yoast-seo-wordpress\/ -->\n<title>Dy nga banor\u00ebt e BBV shprehin p\u00eblqimin ndaj saj, shp\u00ebrthen moderatorja: N\u00ebse duan t\u00eb m\u00eb trajtojn\u00eb si\u2026 - blogin.al<\/title>\n<meta name=\"robots\" content=\"index, follow, max-snippet:-1, max-image-preview:large, max-video-preview:-1\" \/>\n<link rel=\"canonical\" href=\"https:\/\/blogin.al\/?p=53871\" \/>\n<meta property=\"og:locale\" content=\"en_US\" \/>\n<meta property=\"og:type\" content=\"article\" \/>\n<meta property=\"og:title\" content=\"Dy nga banor\u00ebt e BBV shprehin p\u00eblqimin ndaj saj, shp\u00ebrthen moderatorja: N\u00ebse duan t\u00eb m\u00eb trajtojn\u00eb si\u2026 - blogin.al\" \/>\n<meta property=\"og:description\" content=\"Moderatorja Valbona Mhilli e cila \u00ebsht\u00eb b\u00ebr\u00eb pjes\u00eb e formatit t\u00eb Big Brother VIP, s\u00eb fundmi \u00ebsht\u00eb p\u00ebrballur me dy p\u00eblqime. Ka qen\u00eb Laerti dhe G Ban t\u00eb cil\u00ebt i kan\u00eb shprehur p\u00eblqimin asaj por q\u00eb ajo i ka refuzuar. Mir\u00ebpo teksa moderatorja ka qen\u00eb duke biseduar me nj\u00ebr\u00ebn nga konkurentet, Danj\u00ebn, \u00ebsht\u00eb shprehur se [&hellip;]\" \/>\n<meta property=\"og:url\" content=\"https:\/\/blogin.al\/?p=53871\" \/>\n<meta property=\"og:site_name\" content=\"blogin.al\" \/>\n<meta property=\"article:published_time\" content=\"2025-01-06T10:41:23+00:00\" \/>\n<meta property=\"og:image\" content=\"https:\/\/blogin.al\/wp-content\/uploads\/2025\/01\/valbona-gban-laerti-768x479-1.jpg\" \/>\n\t<meta property=\"og:image:width\" content=\"768\" \/>\n\t<meta property=\"og:image:height\" content=\"479\" \/>\n\t<meta property=\"og:image:type\" content=\"image\/jpeg\" \/>\n<meta name=\"author\" content=\"Blogin al\" \/>\n<meta name=\"twitter:card\" content=\"summary_large_image\" \/>\n<meta name=\"twitter:label1\" content=\"Written by\" \/>\n\t<meta name=\"twitter:data1\" content=\"Blogin al\" \/>\n\t<meta name=\"twitter:label2\" content=\"Est. reading time\" \/>\n\t<meta name=\"twitter:data2\" content=\"1 minute\" \/>\n<script type=\"application\/ld+json\" class=\"yoast-schema-graph\">{\"@context\":\"https:\\\/\\\/schema.org\",\"@graph\":[{\"@type\":\"Article\",\"@id\":\"https:\\\/\\\/blogin.al\\\/?p=53871#article\",\"isPartOf\":{\"@id\":\"https:\\\/\\\/blogin.al\\\/?p=53871\"},\"author\":{\"name\":\"Blogin al\",\"@id\":\"https:\\\/\\\/blogin.al\\\/#\\\/schema\\\/person\\\/abdd56bc912cd511db877b852b115399\"},\"headline\":\"Dy nga banor\u00ebt e BBV shprehin p\u00eblqimin ndaj saj, shp\u00ebrthen moderatorja: N\u00ebse duan t\u00eb m\u00eb trajtojn\u00eb si\u2026\",\"datePublished\":\"2025-01-06T10:41:23+00:00\",\"mainEntityOfPage\":{\"@id\":\"https:\\\/\\\/blogin.al\\\/?p=53871\"},\"wordCount\":226,\"commentCount\":0,\"publisher\":{\"@id\":\"https:\\\/\\\/blogin.al\\\/#organization\"},\"image\":{\"@id\":\"https:\\\/\\\/blogin.al\\\/?p=53871#primaryimage\"},\"thumbnailUrl\":\"https:\\\/\\\/blogin.al\\\/wp-content\\\/uploads\\\/2025\\\/01\\\/valbona-gban-laerti-768x479-1.jpg\",\"articleSection\":[\"SHOWBIZ\"],\"inLanguage\":\"en-US\",\"potentialAction\":[{\"@type\":\"CommentAction\",\"name\":\"Comment\",\"target\":[\"https:\\\/\\\/blogin.al\\\/?p=53871#respond\"]}]},{\"@type\":\"WebPage\",\"@id\":\"https:\\\/\\\/blogin.al\\\/?p=53871\",\"url\":\"https:\\\/\\\/blogin.al\\\/?p=53871\",\"name\":\"Dy nga banor\u00ebt e BBV shprehin p\u00eblqimin ndaj saj, shp\u00ebrthen moderatorja: N\u00ebse duan t\u00eb m\u00eb trajtojn\u00eb si\u2026 - blogin.al\",\"isPartOf\":{\"@id\":\"https:\\\/\\\/blogin.al\\\/#website\"},\"primaryImageOfPage\":{\"@id\":\"https:\\\/\\\/blogin.al\\\/?p=53871#primaryimage\"},\"image\":{\"@id\":\"https:\\\/\\\/blogin.al\\\/?p=53871#primaryimage\"},\"thumbnailUrl\":\"https:\\\/\\\/blogin.al\\\/wp-content\\\/uploads\\\/2025\\\/01\\\/valbona-gban-laerti-768x479-1.jpg\",\"datePublished\":\"2025-01-06T10:41:23+00:00\",\"breadcrumb\":{\"@id\":\"https:\\\/\\\/blogin.al\\\/?p=53871#breadcrumb\"},\"inLanguage\":\"en-US\",\"potentialAction\":[{\"@type\":\"ReadAction\",\"target\":[\"https:\\\/\\\/blogin.al\\\/?p=53871\"]}]},{\"@type\":\"ImageObject\",\"inLanguage\":\"en-US\",\"@id\":\"https:\\\/\\\/blogin.al\\\/?p=53871#primaryimage\",\"url\":\"https:\\\/\\\/blogin.al\\\/wp-content\\\/uploads\\\/2025\\\/01\\\/valbona-gban-laerti-768x479-1.jpg\",\"contentUrl\":\"https:\\\/\\\/blogin.al\\\/wp-content\\\/uploads\\\/2025\\\/01\\\/valbona-gban-laerti-768x479-1.jpg\",\"width\":768,\"height\":479},{\"@type\":\"BreadcrumbList\",\"@id\":\"https:\\\/\\\/blogin.al\\\/?p=53871#breadcrumb\",\"itemListElement\":[{\"@type\":\"ListItem\",\"position\":1,\"name\":\"Home\",\"item\":\"https:\\\/\\\/blogin.al\\\/\"},{\"@type\":\"ListItem\",\"position\":2,\"name\":\"Dy nga banor\u00ebt e BBV shprehin p\u00eblqimin ndaj saj, shp\u00ebrthen moderatorja: N\u00ebse duan t\u00eb m\u00eb trajtojn\u00eb si\u2026\"}]},{\"@type\":\"WebSite\",\"@id\":\"https:\\\/\\\/blogin.al\\\/#website\",\"url\":\"https:\\\/\\\/blogin.al\\\/\",\"name\":\"blogin.al\",\"description\":\"\",\"publisher\":{\"@id\":\"https:\\\/\\\/blogin.al\\\/#organization\"},\"potentialAction\":[{\"@type\":\"SearchAction\",\"target\":{\"@type\":\"EntryPoint\",\"urlTemplate\":\"https:\\\/\\\/blogin.al\\\/?s={search_term_string}\"},\"query-input\":{\"@type\":\"PropertyValueSpecification\",\"valueRequired\":true,\"valueName\":\"search_term_string\"}}],\"inLanguage\":\"en-US\"},{\"@type\":\"Organization\",\"@id\":\"https:\\\/\\\/blogin.al\\\/#organization\",\"name\":\"BLOGIN.al\",\"url\":\"https:\\\/\\\/blogin.al\\\/\",\"logo\":{\"@type\":\"ImageObject\",\"inLanguage\":\"en-US\",\"@id\":\"https:\\\/\\\/blogin.al\\\/#\\\/schema\\\/logo\\\/image\\\/\",\"url\":\"https:\\\/\\\/blogin.al\\\/wp-content\\\/uploads\\\/2022\\\/05\\\/Untitled-2-01-e1652084456514.png\",\"contentUrl\":\"https:\\\/\\\/blogin.al\\\/wp-content\\\/uploads\\\/2022\\\/05\\\/Untitled-2-01-e1652084456514.png\",\"width\":3723,\"height\":1698,\"caption\":\"BLOGIN.al\"},\"image\":{\"@id\":\"https:\\\/\\\/blogin.al\\\/#\\\/schema\\\/logo\\\/image\\\/\"},\"sameAs\":[\"https:\\\/\\\/instagram.com\\\/blogin.al\\\/\"]},{\"@type\":\"Person\",\"@id\":\"https:\\\/\\\/blogin.al\\\/#\\\/schema\\\/person\\\/abdd56bc912cd511db877b852b115399\",\"name\":\"Blogin al\",\"image\":{\"@type\":\"ImageObject\",\"inLanguage\":\"en-US\",\"@id\":\"https:\\\/\\\/secure.gravatar.com\\\/avatar\\\/60d5661aee6e835fb13dc75d2204cd0c1d61bef2efd137c0083e59ef831e235e?s=96&d=mm&r=g\",\"url\":\"https:\\\/\\\/secure.gravatar.com\\\/avatar\\\/60d5661aee6e835fb13dc75d2204cd0c1d61bef2efd137c0083e59ef831e235e?s=96&d=mm&r=g\",\"contentUrl\":\"https:\\\/\\\/secure.gravatar.com\\\/avatar\\\/60d5661aee6e835fb13dc75d2204cd0c1d61bef2efd137c0083e59ef831e235e?s=96&d=mm&r=g\",\"caption\":\"Blogin al\"},\"sameAs\":[\"https:\\\/\\\/blogin.al\"],\"url\":\"https:\\\/\\\/blogin.al\\\/?author=2\"}]}<\/script>\n<!-- \/ Yoast SEO plugin. -->","yoast_head_json":{"title":"Dy nga banor\u00ebt e BBV shprehin p\u00eblqimin ndaj saj, shp\u00ebrthen moderatorja: N\u00ebse duan t\u00eb m\u00eb trajtojn\u00eb si\u2026 - blogin.al","robots":{"index":"index","follow":"follow","max-snippet":"max-snippet:-1","max-image-preview":"max-image-preview:large","max-video-preview":"max-video-preview:-1"},"canonical":"https:\/\/blogin.al\/?p=53871","og_locale":"en_US","og_type":"article","og_title":"Dy nga banor\u00ebt e BBV shprehin p\u00eblqimin ndaj saj, shp\u00ebrthen moderatorja: N\u00ebse duan t\u00eb m\u00eb trajtojn\u00eb si\u2026 - blogin.al","og_description":"Moderatorja Valbona Mhilli e cila \u00ebsht\u00eb b\u00ebr\u00eb pjes\u00eb e formatit t\u00eb Big Brother VIP, s\u00eb fundmi \u00ebsht\u00eb p\u00ebrballur me dy p\u00eblqime. Ka qen\u00eb Laerti dhe G Ban t\u00eb cil\u00ebt i kan\u00eb shprehur p\u00eblqimin asaj por q\u00eb ajo i ka refuzuar. Mir\u00ebpo teksa moderatorja ka qen\u00eb duke biseduar me nj\u00ebr\u00ebn nga konkurentet, Danj\u00ebn, \u00ebsht\u00eb shprehur se [&hellip;]","og_url":"https:\/\/blogin.al\/?p=53871","og_site_name":"blogin.al","article_published_time":"2025-01-06T10:41:23+00:00","og_image":[{"width":768,"height":479,"url":"https:\/\/blogin.al\/wp-content\/uploads\/2025\/01\/valbona-gban-laerti-768x479-1.jpg","type":"image\/jpeg"}],"author":"Blogin al","twitter_card":"summary_large_image","twitter_misc":{"Written by":"Blogin al","Est. reading time":"1 minute"},"schema":{"@context":"https:\/\/schema.org","@graph":[{"@type":"Article","@id":"https:\/\/blogin.al\/?p=53871#article","isPartOf":{"@id":"https:\/\/blogin.al\/?p=53871"},"author":{"name":"Blogin al","@id":"https:\/\/blogin.al\/#\/schema\/person\/abdd56bc912cd511db877b852b115399"},"headline":"Dy nga banor\u00ebt e BBV shprehin p\u00eblqimin ndaj saj, shp\u00ebrthen moderatorja: N\u00ebse duan t\u00eb m\u00eb trajtojn\u00eb si\u2026","datePublished":"2025-01-06T10:41:23+00:00","mainEntityOfPage":{"@id":"https:\/\/blogin.al\/?p=53871"},"wordCount":226,"commentCount":0,"publisher":{"@id":"https:\/\/blogin.al\/#organization"},"image":{"@id":"https:\/\/blogin.al\/?p=53871#primaryimage"},"thumbnailUrl":"https:\/\/blogin.al\/wp-content\/uploads\/2025\/01\/valbona-gban-laerti-768x479-1.jpg","articleSection":["SHOWBIZ"],"inLanguage":"en-US","potentialAction":[{"@type":"CommentAction","name":"Comment","target":["https:\/\/blogin.al\/?p=53871#respond"]}]},{"@type":"WebPage","@id":"https:\/\/blogin.al\/?p=53871","url":"https:\/\/blogin.al\/?p=53871","name":"Dy nga banor\u00ebt e BBV shprehin p\u00eblqimin ndaj saj, shp\u00ebrthen moderatorja: N\u00ebse duan t\u00eb m\u00eb trajtojn\u00eb si\u2026 - blogin.al","isPartOf":{"@id":"https:\/\/blogin.al\/#website"},"primaryImageOfPage":{"@id":"https:\/\/blogin.al\/?p=53871#primaryimage"},"image":{"@id":"https:\/\/blogin.al\/?p=53871#primaryimage"},"thumbnailUrl":"https:\/\/blogin.al\/wp-content\/uploads\/2025\/01\/valbona-gban-laerti-768x479-1.jpg","datePublished":"2025-01-06T10:41:23+00:00","breadcrumb":{"@id":"https:\/\/blogin.al\/?p=53871#breadcrumb"},"inLanguage":"en-US","potentialAction":[{"@type":"ReadAction","target":["https:\/\/blogin.al\/?p=53871"]}]},{"@type":"ImageObject","inLanguage":"en-US","@id":"https:\/\/blogin.al\/?p=53871#primaryimage","url":"https:\/\/blogin.al\/wp-content\/uploads\/2025\/01\/valbona-gban-laerti-768x479-1.jpg","contentUrl":"https:\/\/blogin.al\/wp-content\/uploads\/2025\/01\/valbona-gban-laerti-768x479-1.jpg","width":768,"height":479},{"@type":"BreadcrumbList","@id":"https:\/\/blogin.al\/?p=53871#breadcrumb","itemListElement":[{"@type":"ListItem","position":1,"name":"Home","item":"https:\/\/blogin.al\/"},{"@type":"ListItem","position":2,"name":"Dy nga banor\u00ebt e BBV shprehin p\u00eblqimin ndaj saj, shp\u00ebrthen moderatorja: N\u00ebse duan t\u00eb m\u00eb trajtojn\u00eb si\u2026"}]},{"@type":"WebSite","@id":"https:\/\/blogin.al\/#website","url":"https:\/\/blogin.al\/","name":"blogin.al","description":"","publisher":{"@id":"https:\/\/blogin.al\/#organization"},"potentialAction":[{"@type":"SearchAction","target":{"@type":"EntryPoint","urlTemplate":"https:\/\/blogin.al\/?s={search_term_string}"},"query-input":{"@type":"PropertyValueSpecification","valueRequired":true,"valueName":"search_term_string"}}],"inLanguage":"en-US"},{"@type":"Organization","@id":"https:\/\/blogin.al\/#organization","name":"BLOGIN.al","url":"https:\/\/blogin.al\/","logo":{"@type":"ImageObject","inLanguage":"en-US","@id":"https:\/\/blogin.al\/#\/schema\/logo\/image\/","url":"https:\/\/blogin.al\/wp-content\/uploads\/2022\/05\/Untitled-2-01-e1652084456514.png","contentUrl":"https:\/\/blogin.al\/wp-content\/uploads\/2022\/05\/Untitled-2-01-e1652084456514.png","width":3723,"height":1698,"caption":"BLOGIN.al"},"image":{"@id":"https:\/\/blogin.al\/#\/schema\/logo\/image\/"},"sameAs":["https:\/\/instagram.com\/blogin.al\/"]},{"@type":"Person","@id":"https:\/\/blogin.al\/#\/schema\/person\/abdd56bc912cd511db877b852b115399","name":"Blogin al","image":{"@type":"ImageObject","inLanguage":"en-US","@id":"https:\/\/secure.gravatar.com\/avatar\/60d5661aee6e835fb13dc75d2204cd0c1d61bef2efd137c0083e59ef831e235e?s=96&d=mm&r=g","url":"https:\/\/secure.gravatar.com\/avatar\/60d5661aee6e835fb13dc75d2204cd0c1d61bef2efd137c0083e59ef831e235e?s=96&d=mm&r=g","contentUrl":"https:\/\/secure.gravatar.com\/avatar\/60d5661aee6e835fb13dc75d2204cd0c1d61bef2efd137c0083e59ef831e235e?s=96&d=mm&r=g","caption":"Blogin al"},"sameAs":["https:\/\/blogin.al"],"url":"https:\/\/blogin.al\/?author=2"}]}},"_links":{"self":[{"href":"https:\/\/blogin.al\/index.php?rest_route=\/wp\/v2\/posts\/53871","targetHints":{"allow":["GET"]}}],"collection":[{"href":"https:\/\/blogin.al\/index.php?rest_route=\/wp\/v2\/posts"}],"about":[{"href":"https:\/\/blogin.al\/index.php?rest_route=\/wp\/v2\/types\/post"}],"author":[{"embeddable":true,"href":"https:\/\/blogin.al\/index.php?rest_route=\/wp\/v2\/users\/2"}],"replies":[{"embeddable":true,"href":"https:\/\/blogin.al\/index.php?rest_route=%2Fwp%2Fv2%2Fcomments&post=53871"}],"version-history":[{"count":0,"href":"https:\/\/blogin.al\/index.php?rest_route=\/wp\/v2\/posts\/53871\/revisions"}],"wp:featuredmedia":[{"embeddable":true,"href":"https:\/\/blogin.al\/index.php?rest_route=\/wp\/v2\/media\/53870"}],"wp:attachment":[{"href":"https:\/\/blogin.al\/index.php?rest_route=%2Fwp%2Fv2%2Fmedia&parent=53871"}],"wp:term":[{"taxonomy":"category","embeddable":true,"href":"https:\/\/blogin.al\/index.php?rest_route=%2Fwp%2Fv2%2Fcategories&post=53871"},{"taxonomy":"post_tag","embeddable":true,"href":"https:\/\/blogin.al\/index.php?rest_route=%2Fwp%2Fv2%2Ftags&post=53871"}],"curies":[{"name":"wp","href":"https:\/\/api.w.org\/{rel}","templated":true}]}}