{"id":53877,"date":"2025-01-06T15:13:43","date_gmt":"2025-01-06T15:13:43","guid":{"rendered":"https:\/\/blogin.al\/si-perfunduam-keshtu-video-e-besit-dhe-olsit-qe-po-ben-namin-ne-rrjet\/"},"modified":"2025-01-06T15:13:43","modified_gmt":"2025-01-06T15:13:43","slug":"si-perfunduam-keshtu-video-e-besit-dhe-olsit-qe-po-ben-namin-ne-rrjet","status":"publish","type":"post","link":"https:\/\/blogin.al\/?p=53877","title":{"rendered":"Si p\u00ebrfunduam k\u00ebshtu\u2026\u201d\/ Video e Besit dhe Olsit q\u00eb po b\u00ebn namin n\u00eb rrjet"},"content":{"rendered":"\n<p>Viti q\u00eb lam\u00eb pas nuk ka qen\u00eb aspak i leht\u00eb p\u00ebr dyshen e njohur t\u00eb aktor\u00ebve, Olsi Bylyku dhe Bes Kallaku. Ata, t\u00eb cil\u00ebt prej koh\u00ebsh i kan\u00eb arg\u00ebtuar fansat me humorin dhe talentin e tyre n\u00eb sken\u00eb e ekran, duket se kan\u00eb p\u00ebrjetuar nj\u00eb periudh\u00eb t\u00eb v\u00ebshtir\u00eb n\u00eb jet\u00ebn personale.<\/p>\n\n\n\n<p>Olsi Bylyku, i njohur p\u00ebr rolet e tij komike dhe karizm\u00ebn q\u00eb e karakterizon, i dha fund lidhjes s\u00eb tij pes\u00ebvje\u00e7are me partneren Egli Tako. Marr\u00ebdh\u00ebnia e tyre ishte nj\u00eb nga m\u00eb t\u00eb komentuara n\u00eb media, dhe ndarja e tyre shkaktoi shum\u00eb zhurm\u00eb mes fansave. Nga ana tjet\u00ebr, Bes Kallaku, aktori dhe k\u00ebng\u00ebtari i dashur p\u00ebr publikun shqiptar, u nda nga k\u00ebng\u00ebtarja e njohur Xhensila Myrtezaj, pas nj\u00eb martese q\u00eb p\u00ebr vite me radh\u00eb ishte n\u00eb qend\u00ebr t\u00eb v\u00ebmendjes publike dhe mediatike.<\/p>\n\n\n\n<p>K\u00ebto ndarje, ndon\u00ebse t\u00eb papritura, ishin t\u00eb ndjekura nga spekulime dhe drama, por duket se dy artist\u00ebt kan\u00eb zgjedhur t\u2019i p\u00ebrballojn\u00eb me humor dhe pozitivitet. S\u00eb fundmi, gjat\u00eb nj\u00eb koncerti, Olsi Bylyku nuk nguroi t\u00eb ndante nj\u00eb batut\u00eb ironike q\u00eb i b\u00ebri t\u00eb gjith\u00eb t\u00eb qeshnin, duke e kthyer nj\u00eb situat\u00eb delikate n\u00eb nj\u00eb moment komik.<\/p>\n\n\n\n<p>\u201cI \u00e7uditsh\u00ebm \u00ebsht\u00eb ky jeta. Isha duke biseduar nj\u00eb dit\u00eb me Besin dhe i thash\u00eb: \u2018M\u00eb p\u00ebrpara, ne kishim vet\u00ebm k\u00ebng\u00eb qejfi. Besi b\u00ebnte \u201cSkifterat\u201d, un\u00eb k\u00ebndoja \u201cAj aj aj aj, ajo nuk don drama\u2026\u201d. Ishte vet\u00ebm k\u00ebnaq\u00ebsi. Pas pes\u00eb vitesh, t\u00eb dy jemi: \u201cBebi t\u00eb kam pas n\u2019mish, tani t\u2019kom ish\u201d. Nga mosmir\u00ebnjohja! Si p\u00ebrfunduam k\u00ebshtu?\u2019\u201d \u2013 tha Olsi me nj\u00eb buz\u00ebqeshje t\u00eb madhe n\u00eb fytyr\u00eb, duke i b\u00ebr\u00eb t\u00eb gjith\u00eb n\u00eb sall\u00eb t\u00eb shp\u00ebrthenin n\u00eb t\u00eb qeshura.<\/p>\n\n\n\n<p>N\u00ebse p\u00ebr shumic\u00ebn ndarjet shoq\u00ebrohen me drama dhe trishtim, Olsi dhe Besi po tregojn\u00eb nj\u00eb shembull tjet\u00ebr: m\u00ebnyr\u00ebn se si edhe momentet m\u00eb t\u00eb v\u00ebshtira mund t\u00eb p\u00ebrballohen me humor dhe autoironi. T\u00eb dy vazhdojn\u00eb t\u00eb jen\u00eb nj\u00eb dyshe e pandashme n\u00eb sken\u00ebn artistike, duke d\u00ebshmuar se lidhja e tyre profesionale dhe miq\u00ebsia nuk \u00ebsht\u00eb prekur nga sfidat personale.<\/p>\n\n\n\n<p>Edhe pse ndarjet e tyre jan\u00eb kthyer n\u00eb nj\u00eb tem\u00eb t\u00eb nxeht\u00eb p\u00ebr median roz\u00eb, Olsi dhe Besi po e p\u00ebrballojn\u00eb situat\u00ebn me nj\u00eb maturi dhe humor q\u00eb vet\u00ebm ata din\u00eb t\u00eb shfaqin, duke d\u00ebshmuar se arti dhe pasioni p\u00ebr at\u00eb q\u00eb b\u00ebjn\u00eb jan\u00eb gjithmon\u00eb mbi gjith\u00e7ka.<\/p>\n\n\n\n<p><a href=\"https:\/\/youtu.be\/4bFaQ5CfHkA?si=_fHCLZkFnQj5PV9F\">https:\/\/youtu.be\/4bFaQ5CfHkA?si=_fHCLZkFnQj5PV9F<\/a><\/p>\n","protected":false},"excerpt":{"rendered":"<p>Viti q\u00eb lam\u00eb pas nuk ka qen\u00eb aspak i leht\u00eb p\u00ebr dyshen e njohur t\u00eb aktor\u00ebve, Olsi Bylyku dhe Bes Kallaku. Ata, t\u00eb cil\u00ebt prej koh\u00ebsh i kan\u00eb arg\u00ebtuar fansat me humorin dhe talentin e tyre n\u00eb sken\u00eb e ekran, duket se kan\u00eb p\u00ebrjetuar nj\u00eb periudh\u00eb t\u00eb v\u00ebshtir\u00eb n\u00eb jet\u00ebn personale. Olsi Bylyku, i njohur [&hellip;]<\/p>\n","protected":false},"author":2,"featured_media":53876,"comment_status":"open","ping_status":"open","sticky":false,"template":"","format":"standard","meta":{"footnotes":""},"categories":[33],"tags":[],"class_list":{"0":"post-53877","1":"post","2":"type-post","3":"status-publish","4":"format-standard","5":"has-post-thumbnail","7":"category-showbiz"},"yoast_head":"<!-- This site is optimized with the Yoast SEO plugin v27.4 - https:\/\/yoast.com\/product\/yoast-seo-wordpress\/ -->\n<title>Si p\u00ebrfunduam k\u00ebshtu\u2026\u201d\/ Video e Besit dhe Olsit q\u00eb po b\u00ebn namin n\u00eb rrjet - blogin.al<\/title>\n<meta name=\"robots\" content=\"index, follow, max-snippet:-1, max-image-preview:large, max-video-preview:-1\" \/>\n<link rel=\"canonical\" href=\"https:\/\/blogin.al\/?p=53877\" \/>\n<meta property=\"og:locale\" content=\"en_US\" \/>\n<meta property=\"og:type\" content=\"article\" \/>\n<meta property=\"og:title\" content=\"Si p\u00ebrfunduam k\u00ebshtu\u2026\u201d\/ Video e Besit dhe Olsit q\u00eb po b\u00ebn namin n\u00eb rrjet - blogin.al\" \/>\n<meta property=\"og:description\" content=\"Viti q\u00eb lam\u00eb pas nuk ka qen\u00eb aspak i leht\u00eb p\u00ebr dyshen e njohur t\u00eb aktor\u00ebve, Olsi Bylyku dhe Bes Kallaku. Ata, t\u00eb cil\u00ebt prej koh\u00ebsh i kan\u00eb arg\u00ebtuar fansat me humorin dhe talentin e tyre n\u00eb sken\u00eb e ekran, duket se kan\u00eb p\u00ebrjetuar nj\u00eb periudh\u00eb t\u00eb v\u00ebshtir\u00eb n\u00eb jet\u00ebn personale. Olsi Bylyku, i njohur [&hellip;]\" \/>\n<meta property=\"og:url\" content=\"https:\/\/blogin.al\/?p=53877\" \/>\n<meta property=\"og:site_name\" content=\"blogin.al\" \/>\n<meta property=\"article:published_time\" content=\"2025-01-06T15:13:43+00:00\" \/>\n<meta property=\"og:image\" content=\"https:\/\/blogin.al\/wp-content\/uploads\/2025\/01\/olsi-585x325-1.png\" \/>\n\t<meta property=\"og:image:width\" content=\"585\" \/>\n\t<meta property=\"og:image:height\" content=\"325\" \/>\n\t<meta property=\"og:image:type\" content=\"image\/png\" \/>\n<meta name=\"author\" content=\"Blogin al\" \/>\n<meta name=\"twitter:card\" content=\"summary_large_image\" \/>\n<meta name=\"twitter:label1\" content=\"Written by\" \/>\n\t<meta name=\"twitter:data1\" content=\"Blogin al\" \/>\n\t<meta name=\"twitter:label2\" content=\"Est. reading time\" \/>\n\t<meta name=\"twitter:data2\" content=\"2 minutes\" \/>\n<script type=\"application\/ld+json\" class=\"yoast-schema-graph\">{\"@context\":\"https:\\\/\\\/schema.org\",\"@graph\":[{\"@type\":\"Article\",\"@id\":\"https:\\\/\\\/blogin.al\\\/?p=53877#article\",\"isPartOf\":{\"@id\":\"https:\\\/\\\/blogin.al\\\/?p=53877\"},\"author\":{\"name\":\"Blogin al\",\"@id\":\"https:\\\/\\\/blogin.al\\\/#\\\/schema\\\/person\\\/abdd56bc912cd511db877b852b115399\"},\"headline\":\"Si p\u00ebrfunduam k\u00ebshtu\u2026\u201d\\\/ Video e Besit dhe Olsit q\u00eb po b\u00ebn namin n\u00eb rrjet\",\"datePublished\":\"2025-01-06T15:13:43+00:00\",\"mainEntityOfPage\":{\"@id\":\"https:\\\/\\\/blogin.al\\\/?p=53877\"},\"wordCount\":465,\"commentCount\":0,\"publisher\":{\"@id\":\"https:\\\/\\\/blogin.al\\\/#organization\"},\"image\":{\"@id\":\"https:\\\/\\\/blogin.al\\\/?p=53877#primaryimage\"},\"thumbnailUrl\":\"https:\\\/\\\/blogin.al\\\/wp-content\\\/uploads\\\/2025\\\/01\\\/olsi-585x325-1.png\",\"articleSection\":[\"SHOWBIZ\"],\"inLanguage\":\"en-US\",\"potentialAction\":[{\"@type\":\"CommentAction\",\"name\":\"Comment\",\"target\":[\"https:\\\/\\\/blogin.al\\\/?p=53877#respond\"]}]},{\"@type\":\"WebPage\",\"@id\":\"https:\\\/\\\/blogin.al\\\/?p=53877\",\"url\":\"https:\\\/\\\/blogin.al\\\/?p=53877\",\"name\":\"Si p\u00ebrfunduam k\u00ebshtu\u2026\u201d\\\/ Video e Besit dhe Olsit q\u00eb po b\u00ebn namin n\u00eb rrjet - blogin.al\",\"isPartOf\":{\"@id\":\"https:\\\/\\\/blogin.al\\\/#website\"},\"primaryImageOfPage\":{\"@id\":\"https:\\\/\\\/blogin.al\\\/?p=53877#primaryimage\"},\"image\":{\"@id\":\"https:\\\/\\\/blogin.al\\\/?p=53877#primaryimage\"},\"thumbnailUrl\":\"https:\\\/\\\/blogin.al\\\/wp-content\\\/uploads\\\/2025\\\/01\\\/olsi-585x325-1.png\",\"datePublished\":\"2025-01-06T15:13:43+00:00\",\"breadcrumb\":{\"@id\":\"https:\\\/\\\/blogin.al\\\/?p=53877#breadcrumb\"},\"inLanguage\":\"en-US\",\"potentialAction\":[{\"@type\":\"ReadAction\",\"target\":[\"https:\\\/\\\/blogin.al\\\/?p=53877\"]}]},{\"@type\":\"ImageObject\",\"inLanguage\":\"en-US\",\"@id\":\"https:\\\/\\\/blogin.al\\\/?p=53877#primaryimage\",\"url\":\"https:\\\/\\\/blogin.al\\\/wp-content\\\/uploads\\\/2025\\\/01\\\/olsi-585x325-1.png\",\"contentUrl\":\"https:\\\/\\\/blogin.al\\\/wp-content\\\/uploads\\\/2025\\\/01\\\/olsi-585x325-1.png\",\"width\":585,\"height\":325},{\"@type\":\"BreadcrumbList\",\"@id\":\"https:\\\/\\\/blogin.al\\\/?p=53877#breadcrumb\",\"itemListElement\":[{\"@type\":\"ListItem\",\"position\":1,\"name\":\"Home\",\"item\":\"https:\\\/\\\/blogin.al\\\/\"},{\"@type\":\"ListItem\",\"position\":2,\"name\":\"Si p\u00ebrfunduam k\u00ebshtu\u2026\u201d\\\/ Video e Besit dhe Olsit q\u00eb po b\u00ebn namin n\u00eb rrjet\"}]},{\"@type\":\"WebSite\",\"@id\":\"https:\\\/\\\/blogin.al\\\/#website\",\"url\":\"https:\\\/\\\/blogin.al\\\/\",\"name\":\"blogin.al\",\"description\":\"\",\"publisher\":{\"@id\":\"https:\\\/\\\/blogin.al\\\/#organization\"},\"potentialAction\":[{\"@type\":\"SearchAction\",\"target\":{\"@type\":\"EntryPoint\",\"urlTemplate\":\"https:\\\/\\\/blogin.al\\\/?s={search_term_string}\"},\"query-input\":{\"@type\":\"PropertyValueSpecification\",\"valueRequired\":true,\"valueName\":\"search_term_string\"}}],\"inLanguage\":\"en-US\"},{\"@type\":\"Organization\",\"@id\":\"https:\\\/\\\/blogin.al\\\/#organization\",\"name\":\"BLOGIN.al\",\"url\":\"https:\\\/\\\/blogin.al\\\/\",\"logo\":{\"@type\":\"ImageObject\",\"inLanguage\":\"en-US\",\"@id\":\"https:\\\/\\\/blogin.al\\\/#\\\/schema\\\/logo\\\/image\\\/\",\"url\":\"https:\\\/\\\/blogin.al\\\/wp-content\\\/uploads\\\/2022\\\/05\\\/Untitled-2-01-e1652084456514.png\",\"contentUrl\":\"https:\\\/\\\/blogin.al\\\/wp-content\\\/uploads\\\/2022\\\/05\\\/Untitled-2-01-e1652084456514.png\",\"width\":3723,\"height\":1698,\"caption\":\"BLOGIN.al\"},\"image\":{\"@id\":\"https:\\\/\\\/blogin.al\\\/#\\\/schema\\\/logo\\\/image\\\/\"},\"sameAs\":[\"https:\\\/\\\/instagram.com\\\/blogin.al\\\/\"]},{\"@type\":\"Person\",\"@id\":\"https:\\\/\\\/blogin.al\\\/#\\\/schema\\\/person\\\/abdd56bc912cd511db877b852b115399\",\"name\":\"Blogin al\",\"image\":{\"@type\":\"ImageObject\",\"inLanguage\":\"en-US\",\"@id\":\"https:\\\/\\\/secure.gravatar.com\\\/avatar\\\/60d5661aee6e835fb13dc75d2204cd0c1d61bef2efd137c0083e59ef831e235e?s=96&d=mm&r=g\",\"url\":\"https:\\\/\\\/secure.gravatar.com\\\/avatar\\\/60d5661aee6e835fb13dc75d2204cd0c1d61bef2efd137c0083e59ef831e235e?s=96&d=mm&r=g\",\"contentUrl\":\"https:\\\/\\\/secure.gravatar.com\\\/avatar\\\/60d5661aee6e835fb13dc75d2204cd0c1d61bef2efd137c0083e59ef831e235e?s=96&d=mm&r=g\",\"caption\":\"Blogin al\"},\"sameAs\":[\"https:\\\/\\\/blogin.al\"],\"url\":\"https:\\\/\\\/blogin.al\\\/?author=2\"}]}<\/script>\n<!-- \/ Yoast SEO plugin. -->","yoast_head_json":{"title":"Si p\u00ebrfunduam k\u00ebshtu\u2026\u201d\/ Video e Besit dhe Olsit q\u00eb po b\u00ebn namin n\u00eb rrjet - blogin.al","robots":{"index":"index","follow":"follow","max-snippet":"max-snippet:-1","max-image-preview":"max-image-preview:large","max-video-preview":"max-video-preview:-1"},"canonical":"https:\/\/blogin.al\/?p=53877","og_locale":"en_US","og_type":"article","og_title":"Si p\u00ebrfunduam k\u00ebshtu\u2026\u201d\/ Video e Besit dhe Olsit q\u00eb po b\u00ebn namin n\u00eb rrjet - blogin.al","og_description":"Viti q\u00eb lam\u00eb pas nuk ka qen\u00eb aspak i leht\u00eb p\u00ebr dyshen e njohur t\u00eb aktor\u00ebve, Olsi Bylyku dhe Bes Kallaku. Ata, t\u00eb cil\u00ebt prej koh\u00ebsh i kan\u00eb arg\u00ebtuar fansat me humorin dhe talentin e tyre n\u00eb sken\u00eb e ekran, duket se kan\u00eb p\u00ebrjetuar nj\u00eb periudh\u00eb t\u00eb v\u00ebshtir\u00eb n\u00eb jet\u00ebn personale. Olsi Bylyku, i njohur [&hellip;]","og_url":"https:\/\/blogin.al\/?p=53877","og_site_name":"blogin.al","article_published_time":"2025-01-06T15:13:43+00:00","og_image":[{"width":585,"height":325,"url":"https:\/\/blogin.al\/wp-content\/uploads\/2025\/01\/olsi-585x325-1.png","type":"image\/png"}],"author":"Blogin al","twitter_card":"summary_large_image","twitter_misc":{"Written by":"Blogin al","Est. reading time":"2 minutes"},"schema":{"@context":"https:\/\/schema.org","@graph":[{"@type":"Article","@id":"https:\/\/blogin.al\/?p=53877#article","isPartOf":{"@id":"https:\/\/blogin.al\/?p=53877"},"author":{"name":"Blogin al","@id":"https:\/\/blogin.al\/#\/schema\/person\/abdd56bc912cd511db877b852b115399"},"headline":"Si p\u00ebrfunduam k\u00ebshtu\u2026\u201d\/ Video e Besit dhe Olsit q\u00eb po b\u00ebn namin n\u00eb rrjet","datePublished":"2025-01-06T15:13:43+00:00","mainEntityOfPage":{"@id":"https:\/\/blogin.al\/?p=53877"},"wordCount":465,"commentCount":0,"publisher":{"@id":"https:\/\/blogin.al\/#organization"},"image":{"@id":"https:\/\/blogin.al\/?p=53877#primaryimage"},"thumbnailUrl":"https:\/\/blogin.al\/wp-content\/uploads\/2025\/01\/olsi-585x325-1.png","articleSection":["SHOWBIZ"],"inLanguage":"en-US","potentialAction":[{"@type":"CommentAction","name":"Comment","target":["https:\/\/blogin.al\/?p=53877#respond"]}]},{"@type":"WebPage","@id":"https:\/\/blogin.al\/?p=53877","url":"https:\/\/blogin.al\/?p=53877","name":"Si p\u00ebrfunduam k\u00ebshtu\u2026\u201d\/ Video e Besit dhe Olsit q\u00eb po b\u00ebn namin n\u00eb rrjet - blogin.al","isPartOf":{"@id":"https:\/\/blogin.al\/#website"},"primaryImageOfPage":{"@id":"https:\/\/blogin.al\/?p=53877#primaryimage"},"image":{"@id":"https:\/\/blogin.al\/?p=53877#primaryimage"},"thumbnailUrl":"https:\/\/blogin.al\/wp-content\/uploads\/2025\/01\/olsi-585x325-1.png","datePublished":"2025-01-06T15:13:43+00:00","breadcrumb":{"@id":"https:\/\/blogin.al\/?p=53877#breadcrumb"},"inLanguage":"en-US","potentialAction":[{"@type":"ReadAction","target":["https:\/\/blogin.al\/?p=53877"]}]},{"@type":"ImageObject","inLanguage":"en-US","@id":"https:\/\/blogin.al\/?p=53877#primaryimage","url":"https:\/\/blogin.al\/wp-content\/uploads\/2025\/01\/olsi-585x325-1.png","contentUrl":"https:\/\/blogin.al\/wp-content\/uploads\/2025\/01\/olsi-585x325-1.png","width":585,"height":325},{"@type":"BreadcrumbList","@id":"https:\/\/blogin.al\/?p=53877#breadcrumb","itemListElement":[{"@type":"ListItem","position":1,"name":"Home","item":"https:\/\/blogin.al\/"},{"@type":"ListItem","position":2,"name":"Si p\u00ebrfunduam k\u00ebshtu\u2026\u201d\/ Video e Besit dhe Olsit q\u00eb po b\u00ebn namin n\u00eb rrjet"}]},{"@type":"WebSite","@id":"https:\/\/blogin.al\/#website","url":"https:\/\/blogin.al\/","name":"blogin.al","description":"","publisher":{"@id":"https:\/\/blogin.al\/#organization"},"potentialAction":[{"@type":"SearchAction","target":{"@type":"EntryPoint","urlTemplate":"https:\/\/blogin.al\/?s={search_term_string}"},"query-input":{"@type":"PropertyValueSpecification","valueRequired":true,"valueName":"search_term_string"}}],"inLanguage":"en-US"},{"@type":"Organization","@id":"https:\/\/blogin.al\/#organization","name":"BLOGIN.al","url":"https:\/\/blogin.al\/","logo":{"@type":"ImageObject","inLanguage":"en-US","@id":"https:\/\/blogin.al\/#\/schema\/logo\/image\/","url":"https:\/\/blogin.al\/wp-content\/uploads\/2022\/05\/Untitled-2-01-e1652084456514.png","contentUrl":"https:\/\/blogin.al\/wp-content\/uploads\/2022\/05\/Untitled-2-01-e1652084456514.png","width":3723,"height":1698,"caption":"BLOGIN.al"},"image":{"@id":"https:\/\/blogin.al\/#\/schema\/logo\/image\/"},"sameAs":["https:\/\/instagram.com\/blogin.al\/"]},{"@type":"Person","@id":"https:\/\/blogin.al\/#\/schema\/person\/abdd56bc912cd511db877b852b115399","name":"Blogin al","image":{"@type":"ImageObject","inLanguage":"en-US","@id":"https:\/\/secure.gravatar.com\/avatar\/60d5661aee6e835fb13dc75d2204cd0c1d61bef2efd137c0083e59ef831e235e?s=96&d=mm&r=g","url":"https:\/\/secure.gravatar.com\/avatar\/60d5661aee6e835fb13dc75d2204cd0c1d61bef2efd137c0083e59ef831e235e?s=96&d=mm&r=g","contentUrl":"https:\/\/secure.gravatar.com\/avatar\/60d5661aee6e835fb13dc75d2204cd0c1d61bef2efd137c0083e59ef831e235e?s=96&d=mm&r=g","caption":"Blogin al"},"sameAs":["https:\/\/blogin.al"],"url":"https:\/\/blogin.al\/?author=2"}]}},"_links":{"self":[{"href":"https:\/\/blogin.al\/index.php?rest_route=\/wp\/v2\/posts\/53877","targetHints":{"allow":["GET"]}}],"collection":[{"href":"https:\/\/blogin.al\/index.php?rest_route=\/wp\/v2\/posts"}],"about":[{"href":"https:\/\/blogin.al\/index.php?rest_route=\/wp\/v2\/types\/post"}],"author":[{"embeddable":true,"href":"https:\/\/blogin.al\/index.php?rest_route=\/wp\/v2\/users\/2"}],"replies":[{"embeddable":true,"href":"https:\/\/blogin.al\/index.php?rest_route=%2Fwp%2Fv2%2Fcomments&post=53877"}],"version-history":[{"count":0,"href":"https:\/\/blogin.al\/index.php?rest_route=\/wp\/v2\/posts\/53877\/revisions"}],"wp:featuredmedia":[{"embeddable":true,"href":"https:\/\/blogin.al\/index.php?rest_route=\/wp\/v2\/media\/53876"}],"wp:attachment":[{"href":"https:\/\/blogin.al\/index.php?rest_route=%2Fwp%2Fv2%2Fmedia&parent=53877"}],"wp:term":[{"taxonomy":"category","embeddable":true,"href":"https:\/\/blogin.al\/index.php?rest_route=%2Fwp%2Fv2%2Fcategories&post=53877"},{"taxonomy":"post_tag","embeddable":true,"href":"https:\/\/blogin.al\/index.php?rest_route=%2Fwp%2Fv2%2Ftags&post=53877"}],"curies":[{"name":"wp","href":"https:\/\/api.w.org\/{rel}","templated":true}]}}