{"id":53947,"date":"2025-01-09T09:16:02","date_gmt":"2025-01-09T09:16:02","guid":{"rendered":"https:\/\/blogin.al\/nuk-guxon-te-me-prekesh-me-dore-jam-grua-e-martuar-debat-mes-rozana-radit-dhe-gjestit-ne-bbv-ja-cfare-u-be-shkak\/"},"modified":"2025-01-09T09:16:02","modified_gmt":"2025-01-09T09:16:02","slug":"nuk-guxon-te-me-prekesh-me-dore-jam-grua-e-martuar-debat-mes-rozana-radit-dhe-gjestit-ne-bbv-ja-cfare-u-be-shkak","status":"publish","type":"post","link":"https:\/\/blogin.al\/?p=53947","title":{"rendered":"\u201cNuk guxon t\u00eb m\u00eb prekesh me dor\u00eb, jam grua e martuar!\u201d- Debat mes Rozana Radit dhe Gjestit n\u00eb BBV, ja \u00e7far\u00eb u b\u00eb shkak"},"content":{"rendered":"\n<p>Pas eliminimit t\u00eb tij nga BBV Kosova dhe hyrjes s\u00eb tij n\u00eb BBV Albania, k\u00ebng\u00ebtari Gjesti ka nisur debatet e tij t\u00eb para me Rozan\u00ebn, duke e provokuar k\u00ebt\u00eb t\u00eb fundit se do i futej n\u00eb vask\u00eb kur ajo t\u00eb lahej.<\/p>\n\n\n\n<p>Nj\u00eb gj\u00eb e till\u00eb nuk u pranua nga k\u00ebng\u00ebtarja, e cila i tha disa her\u00eb me ton serioz \u201cme mua s\u2019guxon ti\u201d.<\/p>\n\n\n\n<p>Gjesti, i \u201cshtyr\u00eb nga kureshtja\u201d, ka pyetur k\u00ebng\u00ebtaren se p\u00ebrse ai nuk mund t\u00eb marr\u00eb nj\u00eb guxim t\u00eb till\u00eb, por Rozana i tha prer\u00eb se \u201cjam grua e martuar, nuk afrohesh dot fare tek un\u00eb\u201d.<\/p>\n\n\n\n<p>Gjesti: E kur m\u00eb thua ti mua s\u2019guxon, kjo do t\u00eb thot\u00eb q\u00eb ti po m\u00eb provokon q\u00eb un\u00eb t\u00eb hyj (n\u00eb vask\u00eb) sepse ke qejf!<\/p>\n\n\n\n<p><strong>Rozana<\/strong>: Jo, e kam me mos guxo.<\/p>\n\n\n\n<p><strong>Gjesti<\/strong>: Okej.<\/p>\n\n\n\n<p><strong>Rozana<\/strong>: Ti nuk guxon t\u00eb m\u00eb prekesh mua me dor\u00eb. Ti nuk guxon t\u00eb afrohesh.<\/p>\n\n\n\n<p><strong>Gjesti<\/strong>: Kush tha? Ja ku rri un\u00eb, p\u00ebrmbi<\/p>\n\n\n\n<p><strong>Rozana<\/strong>: Ti nuk guxon t\u00eb m\u00eb prekesh mua me dor\u00eb. E para nj\u00eb her\u00eb jam grua e martuar, nuk afrohesh dot fare tek un\u00eb.<\/p>\n\n\n\n<p>Ky diskutim b\u00ebri q\u00eb k\u00ebng\u00ebtarja t\u2019i afrohet Gjestit duke ngritur dhe gishtin, ndoshta p\u00ebr t\u00eb treguar m\u00eb shum\u00eb autoritet, por ai e pyeti se p\u00ebrse po e b\u00ebn ajo nj\u00eb veprim t\u00eb till\u00eb.<\/p>\n\n\n\n<p><em>\u201cZemra un\u00eb b\u00ebj \u00e7\u2019t\u00eb dua, kjo \u00ebsht\u00eb sht\u00ebpia ime!\u201d,<\/em>&nbsp;ishte p\u00ebrgjigjia e Rozan\u00ebs.<\/p>\n\n\n\n<p>Pas disa toneve serioze mes k\u00ebsaj dyshe, Gjesti u zmbraps nga provokimi i tij, duke th\u00ebn\u00eb se nuk mund ta b\u00ebj\u00eb nj\u00eb gj\u00eb t\u00eb till\u00eb (t\u2019i futet n\u00eb vask\u00eb), sepse si\u00e7 tha ai, e respekton k\u00ebng\u00ebtaren.<\/p>\n\n\n\n<p><strong>Debati i plot\u00eb:<\/strong><\/p>\n\n\n\n<p><strong>Rozana<\/strong>: Gjesti, se mos na hidhesh n\u00eb vask\u00eb. Hidhu tani sa \u00ebsht\u00eb bosh<\/p>\n\n\n\n<p><strong>Gjesti<\/strong>: Jo, nuk dua. Tani do futem t\u00eb lahem me juve.<\/p>\n\n\n\n<p><strong>Rozana<\/strong>: Me mua s\u2019guxon ti!<\/p>\n\n\n\n<p><strong>Gjesti<\/strong>: Pse?<\/p>\n\n\n\n<p><strong>Rozana<\/strong>: Me mua s\u2019guxon ti!<\/p>\n\n\n\n<p><strong>Gjesti<\/strong>: Pse s\u2019guxoj? Ti ke vet\u00ebm t\u00eb drejt\u00ebn p\u00ebr tu \u00e7uar.<\/p>\n\n\n\n<p><strong>Rozana<\/strong>: Shih, shih. Hajde k\u00ebtu. Me mua s\u2019guxon<\/p>\n\n\n\n<p><strong>Gjesti<\/strong>: Pse?<\/p>\n\n\n\n<p><strong>Rozana<\/strong>: Sepse k\u00ebshtu them un\u00eb.<\/p>\n\n\n\n<p><strong>Gjesti<\/strong>: E kur m\u00eb thua ti mua s\u2019guxon, kjo do t\u00eb thot\u00eb q\u00eb ti po m\u00eb provokon q\u00eb un\u00eb t\u00eb hyj (n\u00eb vask\u00eb) sepse ke qejf!<\/p>\n\n\n\n<p><strong>Rozana<\/strong>: Jo, e kam me mos guxo.<\/p>\n\n\n\n<p><strong>Gjesti<\/strong>: Okej.<\/p>\n\n\n\n<p><strong>Rozana<\/strong>: Ti nuk guxon t\u00eb m\u00eb prekesh mua me dor\u00eb. Ti nuk guxon t\u00eb afrohesh.<\/p>\n\n\n\n<p><strong>Gjesti<\/strong>: Kush tha? Ja ku rri un\u00eb, p\u00ebrmbi<\/p>\n\n\n\n<p><strong>Rozana<\/strong>: Ti nuk guxon t\u00eb m\u00eb prekesh mua me dor\u00eb. E para nj\u00eb her\u00eb jam grua e martuar, nuk afrohesh dot fare tek un\u00eb<\/p>\n\n\n\n<p><strong>Gjesti<\/strong>: E pse po m\u00eb afrohesh mua k\u00ebshtu?<\/p>\n\n\n\n<p><strong>Rozana<\/strong>: Jo, jo s\u2019po afrohem fare. Po nuk t\u00eb kam frik\u00eb un\u00eb ty. Un\u00eb afrohem se nuk t\u00eb prek me dor\u00eb.<\/p>\n\n\n\n<p><strong>Gjesti<\/strong>: Po prit pra, se un\u00eb kam qejf t\u00eb flas k\u00ebshtu n\u00eb distanc\u00eb (zmbrapset).<\/p>\n\n\n\n<p><strong>Rozana<\/strong>: Rri aty. Tani, mos guxo t\u00eb futem un\u00eb k\u00ebtu (n\u00eb vask\u00eb), e t\u00eb fus\u00ebsh k\u00ebmb\u00ebn ti aty.<\/p>\n\n\n\n<p><strong>Gjesti<\/strong>: E ti mendon se un\u00eb b\u00ebj k\u00ebshtu gjestesh?<\/p>\n\n\n\n<p><strong>Rozana<\/strong>: Jo un\u00eb nuk po e mendoj, po t\u00eb paralajm\u00ebroj.<\/p>\n\n\n\n<p><strong>Gjesti<\/strong>: S\u2019ke nevoj\u00eb p\u00ebr ta th\u00ebn\u00eb. Pse po e \u00e7on gishtin?<\/p>\n\n\n\n<p><strong>Rozana<\/strong>: Zemra un\u00eb b\u00ebj \u00e7\u2019t\u00eb dua, kjo \u00ebsht\u00eb sht\u00ebpia ime!<\/p>\n\n\n\n<p><strong>Gjesti<\/strong>: Tani, e ti po m\u00eb provokon keq mua.<\/p>\n\n\n\n<p><strong>Rozana<\/strong>: Un\u00eb i kam b\u00ebr\u00eb para teje k\u00ebto, kam qen\u00eb para teje aq vje\u00e7 sa je ti tani.<\/p>\n\n\n\n<p><strong>Gjesti<\/strong>&nbsp;: E \u00e7far\u00eb lidhje ka kjo? \u00c7far\u00eb njeriu, nuk b\u00ebj ashtu gjestesh.<\/p>\n\n\n\n<p><strong>Rozana<\/strong>: E respektoj q\u00eb nuk e b\u00ebn.<\/p>\n\n\n\n<p><strong>Gjesti<\/strong>: T\u00eb respektoj normal se nuk jam stupid (budalla)! A je normal?<\/p>\n","protected":false},"excerpt":{"rendered":"<p>Pas eliminimit t\u00eb tij nga BBV Kosova dhe hyrjes s\u00eb tij n\u00eb BBV Albania, k\u00ebng\u00ebtari Gjesti ka nisur debatet e tij t\u00eb para me Rozan\u00ebn, duke e provokuar k\u00ebt\u00eb t\u00eb fundit se do i futej n\u00eb vask\u00eb kur ajo t\u00eb lahej. Nj\u00eb gj\u00eb e till\u00eb nuk u pranua nga k\u00ebng\u00ebtarja, e cila i tha disa [&hellip;]<\/p>\n","protected":false},"author":2,"featured_media":53946,"comment_status":"open","ping_status":"open","sticky":false,"template":"","format":"standard","meta":{"footnotes":""},"categories":[33],"tags":[],"class_list":{"0":"post-53947","1":"post","2":"type-post","3":"status-publish","4":"format-standard","5":"has-post-thumbnail","7":"category-showbiz"},"yoast_head":"<!-- This site is optimized with the Yoast SEO plugin v27.4 - https:\/\/yoast.com\/product\/yoast-seo-wordpress\/ -->\n<title>\u201cNuk guxon t\u00eb m\u00eb prekesh me dor\u00eb, jam grua e martuar!\u201d- Debat mes Rozana Radit dhe Gjestit n\u00eb BBV, ja \u00e7far\u00eb u b\u00eb shkak - blogin.al<\/title>\n<meta name=\"robots\" content=\"index, follow, max-snippet:-1, max-image-preview:large, max-video-preview:-1\" \/>\n<link rel=\"canonical\" href=\"https:\/\/blogin.al\/?p=53947\" \/>\n<meta property=\"og:locale\" content=\"en_US\" \/>\n<meta property=\"og:type\" content=\"article\" \/>\n<meta property=\"og:title\" content=\"\u201cNuk guxon t\u00eb m\u00eb prekesh me dor\u00eb, jam grua e martuar!\u201d- Debat mes Rozana Radit dhe Gjestit n\u00eb BBV, ja \u00e7far\u00eb u b\u00eb shkak - blogin.al\" \/>\n<meta property=\"og:description\" content=\"Pas eliminimit t\u00eb tij nga BBV Kosova dhe hyrjes s\u00eb tij n\u00eb BBV Albania, k\u00ebng\u00ebtari Gjesti ka nisur debatet e tij t\u00eb para me Rozan\u00ebn, duke e provokuar k\u00ebt\u00eb t\u00eb fundit se do i futej n\u00eb vask\u00eb kur ajo t\u00eb lahej. Nj\u00eb gj\u00eb e till\u00eb nuk u pranua nga k\u00ebng\u00ebtarja, e cila i tha disa [&hellip;]\" \/>\n<meta property=\"og:url\" content=\"https:\/\/blogin.al\/?p=53947\" \/>\n<meta property=\"og:site_name\" content=\"blogin.al\" \/>\n<meta property=\"article:published_time\" content=\"2025-01-09T09:16:02+00:00\" \/>\n<meta property=\"og:image\" content=\"https:\/\/blogin.al\/wp-content\/uploads\/2025\/01\/gjestri-rizana.jpg\" \/>\n\t<meta property=\"og:image:width\" content=\"944\" \/>\n\t<meta property=\"og:image:height\" content=\"626\" \/>\n\t<meta property=\"og:image:type\" content=\"image\/jpeg\" \/>\n<meta name=\"author\" content=\"Blogin al\" \/>\n<meta name=\"twitter:card\" content=\"summary_large_image\" \/>\n<meta name=\"twitter:label1\" content=\"Written by\" \/>\n\t<meta name=\"twitter:data1\" content=\"Blogin al\" \/>\n\t<meta name=\"twitter:label2\" content=\"Est. reading time\" \/>\n\t<meta name=\"twitter:data2\" content=\"3 minutes\" \/>\n<script type=\"application\/ld+json\" class=\"yoast-schema-graph\">{\"@context\":\"https:\\\/\\\/schema.org\",\"@graph\":[{\"@type\":\"Article\",\"@id\":\"https:\\\/\\\/blogin.al\\\/?p=53947#article\",\"isPartOf\":{\"@id\":\"https:\\\/\\\/blogin.al\\\/?p=53947\"},\"author\":{\"name\":\"Blogin al\",\"@id\":\"https:\\\/\\\/blogin.al\\\/#\\\/schema\\\/person\\\/abdd56bc912cd511db877b852b115399\"},\"headline\":\"\u201cNuk guxon t\u00eb m\u00eb prekesh me dor\u00eb, jam grua e martuar!\u201d- Debat mes Rozana Radit dhe Gjestit n\u00eb BBV, ja \u00e7far\u00eb u b\u00eb shkak\",\"datePublished\":\"2025-01-09T09:16:02+00:00\",\"mainEntityOfPage\":{\"@id\":\"https:\\\/\\\/blogin.al\\\/?p=53947\"},\"wordCount\":654,\"commentCount\":0,\"publisher\":{\"@id\":\"https:\\\/\\\/blogin.al\\\/#organization\"},\"image\":{\"@id\":\"https:\\\/\\\/blogin.al\\\/?p=53947#primaryimage\"},\"thumbnailUrl\":\"https:\\\/\\\/blogin.al\\\/wp-content\\\/uploads\\\/2025\\\/01\\\/gjestri-rizana.jpg\",\"articleSection\":[\"SHOWBIZ\"],\"inLanguage\":\"en-US\",\"potentialAction\":[{\"@type\":\"CommentAction\",\"name\":\"Comment\",\"target\":[\"https:\\\/\\\/blogin.al\\\/?p=53947#respond\"]}]},{\"@type\":\"WebPage\",\"@id\":\"https:\\\/\\\/blogin.al\\\/?p=53947\",\"url\":\"https:\\\/\\\/blogin.al\\\/?p=53947\",\"name\":\"\u201cNuk guxon t\u00eb m\u00eb prekesh me dor\u00eb, jam grua e martuar!\u201d- Debat mes Rozana Radit dhe Gjestit n\u00eb BBV, ja \u00e7far\u00eb u b\u00eb shkak - blogin.al\",\"isPartOf\":{\"@id\":\"https:\\\/\\\/blogin.al\\\/#website\"},\"primaryImageOfPage\":{\"@id\":\"https:\\\/\\\/blogin.al\\\/?p=53947#primaryimage\"},\"image\":{\"@id\":\"https:\\\/\\\/blogin.al\\\/?p=53947#primaryimage\"},\"thumbnailUrl\":\"https:\\\/\\\/blogin.al\\\/wp-content\\\/uploads\\\/2025\\\/01\\\/gjestri-rizana.jpg\",\"datePublished\":\"2025-01-09T09:16:02+00:00\",\"breadcrumb\":{\"@id\":\"https:\\\/\\\/blogin.al\\\/?p=53947#breadcrumb\"},\"inLanguage\":\"en-US\",\"potentialAction\":[{\"@type\":\"ReadAction\",\"target\":[\"https:\\\/\\\/blogin.al\\\/?p=53947\"]}]},{\"@type\":\"ImageObject\",\"inLanguage\":\"en-US\",\"@id\":\"https:\\\/\\\/blogin.al\\\/?p=53947#primaryimage\",\"url\":\"https:\\\/\\\/blogin.al\\\/wp-content\\\/uploads\\\/2025\\\/01\\\/gjestri-rizana.jpg\",\"contentUrl\":\"https:\\\/\\\/blogin.al\\\/wp-content\\\/uploads\\\/2025\\\/01\\\/gjestri-rizana.jpg\",\"width\":944,\"height\":626},{\"@type\":\"BreadcrumbList\",\"@id\":\"https:\\\/\\\/blogin.al\\\/?p=53947#breadcrumb\",\"itemListElement\":[{\"@type\":\"ListItem\",\"position\":1,\"name\":\"Home\",\"item\":\"https:\\\/\\\/blogin.al\\\/\"},{\"@type\":\"ListItem\",\"position\":2,\"name\":\"\u201cNuk guxon t\u00eb m\u00eb prekesh me dor\u00eb, jam grua e martuar!\u201d- Debat mes Rozana Radit dhe Gjestit n\u00eb BBV, ja \u00e7far\u00eb u b\u00eb shkak\"}]},{\"@type\":\"WebSite\",\"@id\":\"https:\\\/\\\/blogin.al\\\/#website\",\"url\":\"https:\\\/\\\/blogin.al\\\/\",\"name\":\"blogin.al\",\"description\":\"\",\"publisher\":{\"@id\":\"https:\\\/\\\/blogin.al\\\/#organization\"},\"potentialAction\":[{\"@type\":\"SearchAction\",\"target\":{\"@type\":\"EntryPoint\",\"urlTemplate\":\"https:\\\/\\\/blogin.al\\\/?s={search_term_string}\"},\"query-input\":{\"@type\":\"PropertyValueSpecification\",\"valueRequired\":true,\"valueName\":\"search_term_string\"}}],\"inLanguage\":\"en-US\"},{\"@type\":\"Organization\",\"@id\":\"https:\\\/\\\/blogin.al\\\/#organization\",\"name\":\"BLOGIN.al\",\"url\":\"https:\\\/\\\/blogin.al\\\/\",\"logo\":{\"@type\":\"ImageObject\",\"inLanguage\":\"en-US\",\"@id\":\"https:\\\/\\\/blogin.al\\\/#\\\/schema\\\/logo\\\/image\\\/\",\"url\":\"https:\\\/\\\/blogin.al\\\/wp-content\\\/uploads\\\/2022\\\/05\\\/Untitled-2-01-e1652084456514.png\",\"contentUrl\":\"https:\\\/\\\/blogin.al\\\/wp-content\\\/uploads\\\/2022\\\/05\\\/Untitled-2-01-e1652084456514.png\",\"width\":3723,\"height\":1698,\"caption\":\"BLOGIN.al\"},\"image\":{\"@id\":\"https:\\\/\\\/blogin.al\\\/#\\\/schema\\\/logo\\\/image\\\/\"},\"sameAs\":[\"https:\\\/\\\/instagram.com\\\/blogin.al\\\/\"]},{\"@type\":\"Person\",\"@id\":\"https:\\\/\\\/blogin.al\\\/#\\\/schema\\\/person\\\/abdd56bc912cd511db877b852b115399\",\"name\":\"Blogin al\",\"image\":{\"@type\":\"ImageObject\",\"inLanguage\":\"en-US\",\"@id\":\"https:\\\/\\\/secure.gravatar.com\\\/avatar\\\/60d5661aee6e835fb13dc75d2204cd0c1d61bef2efd137c0083e59ef831e235e?s=96&d=mm&r=g\",\"url\":\"https:\\\/\\\/secure.gravatar.com\\\/avatar\\\/60d5661aee6e835fb13dc75d2204cd0c1d61bef2efd137c0083e59ef831e235e?s=96&d=mm&r=g\",\"contentUrl\":\"https:\\\/\\\/secure.gravatar.com\\\/avatar\\\/60d5661aee6e835fb13dc75d2204cd0c1d61bef2efd137c0083e59ef831e235e?s=96&d=mm&r=g\",\"caption\":\"Blogin al\"},\"sameAs\":[\"https:\\\/\\\/blogin.al\"],\"url\":\"https:\\\/\\\/blogin.al\\\/?author=2\"}]}<\/script>\n<!-- \/ Yoast SEO plugin. -->","yoast_head_json":{"title":"\u201cNuk guxon t\u00eb m\u00eb prekesh me dor\u00eb, jam grua e martuar!\u201d- Debat mes Rozana Radit dhe Gjestit n\u00eb BBV, ja \u00e7far\u00eb u b\u00eb shkak - blogin.al","robots":{"index":"index","follow":"follow","max-snippet":"max-snippet:-1","max-image-preview":"max-image-preview:large","max-video-preview":"max-video-preview:-1"},"canonical":"https:\/\/blogin.al\/?p=53947","og_locale":"en_US","og_type":"article","og_title":"\u201cNuk guxon t\u00eb m\u00eb prekesh me dor\u00eb, jam grua e martuar!\u201d- Debat mes Rozana Radit dhe Gjestit n\u00eb BBV, ja \u00e7far\u00eb u b\u00eb shkak - blogin.al","og_description":"Pas eliminimit t\u00eb tij nga BBV Kosova dhe hyrjes s\u00eb tij n\u00eb BBV Albania, k\u00ebng\u00ebtari Gjesti ka nisur debatet e tij t\u00eb para me Rozan\u00ebn, duke e provokuar k\u00ebt\u00eb t\u00eb fundit se do i futej n\u00eb vask\u00eb kur ajo t\u00eb lahej. Nj\u00eb gj\u00eb e till\u00eb nuk u pranua nga k\u00ebng\u00ebtarja, e cila i tha disa [&hellip;]","og_url":"https:\/\/blogin.al\/?p=53947","og_site_name":"blogin.al","article_published_time":"2025-01-09T09:16:02+00:00","og_image":[{"width":944,"height":626,"url":"https:\/\/blogin.al\/wp-content\/uploads\/2025\/01\/gjestri-rizana.jpg","type":"image\/jpeg"}],"author":"Blogin al","twitter_card":"summary_large_image","twitter_misc":{"Written by":"Blogin al","Est. reading time":"3 minutes"},"schema":{"@context":"https:\/\/schema.org","@graph":[{"@type":"Article","@id":"https:\/\/blogin.al\/?p=53947#article","isPartOf":{"@id":"https:\/\/blogin.al\/?p=53947"},"author":{"name":"Blogin al","@id":"https:\/\/blogin.al\/#\/schema\/person\/abdd56bc912cd511db877b852b115399"},"headline":"\u201cNuk guxon t\u00eb m\u00eb prekesh me dor\u00eb, jam grua e martuar!\u201d- Debat mes Rozana Radit dhe Gjestit n\u00eb BBV, ja \u00e7far\u00eb u b\u00eb shkak","datePublished":"2025-01-09T09:16:02+00:00","mainEntityOfPage":{"@id":"https:\/\/blogin.al\/?p=53947"},"wordCount":654,"commentCount":0,"publisher":{"@id":"https:\/\/blogin.al\/#organization"},"image":{"@id":"https:\/\/blogin.al\/?p=53947#primaryimage"},"thumbnailUrl":"https:\/\/blogin.al\/wp-content\/uploads\/2025\/01\/gjestri-rizana.jpg","articleSection":["SHOWBIZ"],"inLanguage":"en-US","potentialAction":[{"@type":"CommentAction","name":"Comment","target":["https:\/\/blogin.al\/?p=53947#respond"]}]},{"@type":"WebPage","@id":"https:\/\/blogin.al\/?p=53947","url":"https:\/\/blogin.al\/?p=53947","name":"\u201cNuk guxon t\u00eb m\u00eb prekesh me dor\u00eb, jam grua e martuar!\u201d- Debat mes Rozana Radit dhe Gjestit n\u00eb BBV, ja \u00e7far\u00eb u b\u00eb shkak - blogin.al","isPartOf":{"@id":"https:\/\/blogin.al\/#website"},"primaryImageOfPage":{"@id":"https:\/\/blogin.al\/?p=53947#primaryimage"},"image":{"@id":"https:\/\/blogin.al\/?p=53947#primaryimage"},"thumbnailUrl":"https:\/\/blogin.al\/wp-content\/uploads\/2025\/01\/gjestri-rizana.jpg","datePublished":"2025-01-09T09:16:02+00:00","breadcrumb":{"@id":"https:\/\/blogin.al\/?p=53947#breadcrumb"},"inLanguage":"en-US","potentialAction":[{"@type":"ReadAction","target":["https:\/\/blogin.al\/?p=53947"]}]},{"@type":"ImageObject","inLanguage":"en-US","@id":"https:\/\/blogin.al\/?p=53947#primaryimage","url":"https:\/\/blogin.al\/wp-content\/uploads\/2025\/01\/gjestri-rizana.jpg","contentUrl":"https:\/\/blogin.al\/wp-content\/uploads\/2025\/01\/gjestri-rizana.jpg","width":944,"height":626},{"@type":"BreadcrumbList","@id":"https:\/\/blogin.al\/?p=53947#breadcrumb","itemListElement":[{"@type":"ListItem","position":1,"name":"Home","item":"https:\/\/blogin.al\/"},{"@type":"ListItem","position":2,"name":"\u201cNuk guxon t\u00eb m\u00eb prekesh me dor\u00eb, jam grua e martuar!\u201d- Debat mes Rozana Radit dhe Gjestit n\u00eb BBV, ja \u00e7far\u00eb u b\u00eb shkak"}]},{"@type":"WebSite","@id":"https:\/\/blogin.al\/#website","url":"https:\/\/blogin.al\/","name":"blogin.al","description":"","publisher":{"@id":"https:\/\/blogin.al\/#organization"},"potentialAction":[{"@type":"SearchAction","target":{"@type":"EntryPoint","urlTemplate":"https:\/\/blogin.al\/?s={search_term_string}"},"query-input":{"@type":"PropertyValueSpecification","valueRequired":true,"valueName":"search_term_string"}}],"inLanguage":"en-US"},{"@type":"Organization","@id":"https:\/\/blogin.al\/#organization","name":"BLOGIN.al","url":"https:\/\/blogin.al\/","logo":{"@type":"ImageObject","inLanguage":"en-US","@id":"https:\/\/blogin.al\/#\/schema\/logo\/image\/","url":"https:\/\/blogin.al\/wp-content\/uploads\/2022\/05\/Untitled-2-01-e1652084456514.png","contentUrl":"https:\/\/blogin.al\/wp-content\/uploads\/2022\/05\/Untitled-2-01-e1652084456514.png","width":3723,"height":1698,"caption":"BLOGIN.al"},"image":{"@id":"https:\/\/blogin.al\/#\/schema\/logo\/image\/"},"sameAs":["https:\/\/instagram.com\/blogin.al\/"]},{"@type":"Person","@id":"https:\/\/blogin.al\/#\/schema\/person\/abdd56bc912cd511db877b852b115399","name":"Blogin al","image":{"@type":"ImageObject","inLanguage":"en-US","@id":"https:\/\/secure.gravatar.com\/avatar\/60d5661aee6e835fb13dc75d2204cd0c1d61bef2efd137c0083e59ef831e235e?s=96&d=mm&r=g","url":"https:\/\/secure.gravatar.com\/avatar\/60d5661aee6e835fb13dc75d2204cd0c1d61bef2efd137c0083e59ef831e235e?s=96&d=mm&r=g","contentUrl":"https:\/\/secure.gravatar.com\/avatar\/60d5661aee6e835fb13dc75d2204cd0c1d61bef2efd137c0083e59ef831e235e?s=96&d=mm&r=g","caption":"Blogin al"},"sameAs":["https:\/\/blogin.al"],"url":"https:\/\/blogin.al\/?author=2"}]}},"_links":{"self":[{"href":"https:\/\/blogin.al\/index.php?rest_route=\/wp\/v2\/posts\/53947","targetHints":{"allow":["GET"]}}],"collection":[{"href":"https:\/\/blogin.al\/index.php?rest_route=\/wp\/v2\/posts"}],"about":[{"href":"https:\/\/blogin.al\/index.php?rest_route=\/wp\/v2\/types\/post"}],"author":[{"embeddable":true,"href":"https:\/\/blogin.al\/index.php?rest_route=\/wp\/v2\/users\/2"}],"replies":[{"embeddable":true,"href":"https:\/\/blogin.al\/index.php?rest_route=%2Fwp%2Fv2%2Fcomments&post=53947"}],"version-history":[{"count":0,"href":"https:\/\/blogin.al\/index.php?rest_route=\/wp\/v2\/posts\/53947\/revisions"}],"wp:featuredmedia":[{"embeddable":true,"href":"https:\/\/blogin.al\/index.php?rest_route=\/wp\/v2\/media\/53946"}],"wp:attachment":[{"href":"https:\/\/blogin.al\/index.php?rest_route=%2Fwp%2Fv2%2Fmedia&parent=53947"}],"wp:term":[{"taxonomy":"category","embeddable":true,"href":"https:\/\/blogin.al\/index.php?rest_route=%2Fwp%2Fv2%2Fcategories&post=53947"},{"taxonomy":"post_tag","embeddable":true,"href":"https:\/\/blogin.al\/index.php?rest_route=%2Fwp%2Fv2%2Ftags&post=53947"}],"curies":[{"name":"wp","href":"https:\/\/api.w.org\/{rel}","templated":true}]}}