{"id":53967,"date":"2025-01-10T07:58:09","date_gmt":"2025-01-10T07:58:09","guid":{"rendered":"https:\/\/blogin.al\/dicka-e-bukur-po-vjen-beniada-nishani-zbulon-projektin-e-ri-televiziv\/"},"modified":"2025-01-10T09:55:58","modified_gmt":"2025-01-10T09:55:58","slug":"dicka-e-bukur-po-vjen-beniada-nishani-zbulon-projektin-e-ri-televiziv","status":"publish","type":"post","link":"https:\/\/blogin.al\/?p=53967","title":{"rendered":"\u201cDi\u00e7ka e bukur po vjen\u201d\/ Beniada Nishani zbulon projektin e ri televiziv"},"content":{"rendered":"\n<p>Beniada Nishani ka ndar\u00eb me ndjek\u00ebsit e saj n\u00eb Instagram lajmin emocionues se po p\u00ebrgatitet p\u00ebr nj\u00eb projekt t\u00eb ri televiziv. N\u00eb nj\u00eb postim t\u00eb fundit, ajo ka treguar se nj\u00eb nga objektivat e saj p\u00ebr vitin 2025 ishte t\u00eb prezantonte nj\u00eb program t\u00eb ri dhe tashm\u00eb \u00ebndrra po b\u00ebhet realitet.<\/p>\n\n\n\n<p>\u201c<em>Di\u00e7ka shum\u00eb e bukur po vjen! E lumtur dhe mir\u00ebnjoh\u00ebse p\u00ebr k\u00ebt\u00eb fillim t\u00eb ri. N\u00eb objektivat e mia p\u00ebr vitin 2025 ishte d\u00ebshir\u00eb t\u00eb prezantoja nj\u00eb program tim. S\u00eb shpejti pasditja do t\u00eb ket\u00eb nj\u00eb shije t\u00eb re. Shihemi s\u00eb shpejti,<\/em>\u201d shkruan Beniada, duke l\u00ebn\u00eb t\u00eb kuptohet se projekti i saj i ri do t\u00eb jet\u00eb nj\u00eb program q\u00eb do t\u00eb transmetohet pasditeve.<\/p>\n\n\n\n<p>Ende nuk dihet se p\u00ebr \u00e7far\u00eb formati b\u00ebhet fjal\u00eb, por me siguri Beniada do t\u00eb sjell\u00eb energjin\u00eb dhe pozitivitetin e saj n\u00eb ekran.<\/p>\n\n\n\n<figure class=\"wp-block-image size-large\"><img fetchpriority=\"high\" decoding=\"async\" width=\"754\" height=\"1024\" src=\"https:\/\/blogin.al\/wp-content\/uploads\/2025\/01\/img_23252427195935710720196-754x1024.jpeg\" alt=\"\" class=\"wp-image-53965\" srcset=\"https:\/\/blogin.al\/wp-content\/uploads\/2025\/01\/img_23252427195935710720196-754x1024.jpeg 754w, https:\/\/blogin.al\/wp-content\/uploads\/2025\/01\/img_23252427195935710720196-221x300.jpeg 221w, https:\/\/blogin.al\/wp-content\/uploads\/2025\/01\/img_23252427195935710720196-768x1043.jpeg 768w, https:\/\/blogin.al\/wp-content\/uploads\/2025\/01\/img_23252427195935710720196-1131x1536.jpeg 1131w, https:\/\/blogin.al\/wp-content\/uploads\/2025\/01\/img_23252427195935710720196-150x204.jpeg 150w, https:\/\/blogin.al\/wp-content\/uploads\/2025\/01\/img_23252427195935710720196-300x407.jpeg 300w, https:\/\/blogin.al\/wp-content\/uploads\/2025\/01\/img_23252427195935710720196-696x945.jpeg 696w, https:\/\/blogin.al\/wp-content\/uploads\/2025\/01\/img_23252427195935710720196-1068x1451.jpeg 1068w, https:\/\/blogin.al\/wp-content\/uploads\/2025\/01\/img_23252427195935710720196.jpeg 1284w\" sizes=\"(max-width: 754px) 100vw, 754px\" \/><\/figure>\n","protected":false},"excerpt":{"rendered":"<p>Beniada Nishani ka ndar\u00eb me ndjek\u00ebsit e saj n\u00eb Instagram lajmin emocionues se po p\u00ebrgatitet p\u00ebr nj\u00eb projekt t\u00eb ri televiziv. N\u00eb nj\u00eb postim t\u00eb fundit, ajo ka treguar se nj\u00eb nga objektivat e saj p\u00ebr vitin 2025 ishte t\u00eb prezantonte nj\u00eb program t\u00eb ri dhe tashm\u00eb \u00ebndrra po b\u00ebhet realitet. \u201cDi\u00e7ka shum\u00eb e bukur [&hellip;]<\/p>\n","protected":false},"author":2,"featured_media":53966,"comment_status":"open","ping_status":"open","sticky":false,"template":"","format":"standard","meta":{"footnotes":""},"categories":[33],"tags":[],"class_list":{"0":"post-53967","1":"post","2":"type-post","3":"status-publish","4":"format-standard","5":"has-post-thumbnail","7":"category-showbiz"},"yoast_head":"<!-- This site is optimized with the Yoast SEO plugin v27.4 - https:\/\/yoast.com\/product\/yoast-seo-wordpress\/ -->\n<title>\u201cDi\u00e7ka e bukur po vjen\u201d\/ Beniada Nishani zbulon projektin e ri televiziv - blogin.al<\/title>\n<meta name=\"robots\" content=\"index, follow, max-snippet:-1, max-image-preview:large, max-video-preview:-1\" \/>\n<link rel=\"canonical\" href=\"https:\/\/blogin.al\/?p=53967\" \/>\n<meta property=\"og:locale\" content=\"en_US\" \/>\n<meta property=\"og:type\" content=\"article\" \/>\n<meta property=\"og:title\" content=\"\u201cDi\u00e7ka e bukur po vjen\u201d\/ Beniada Nishani zbulon projektin e ri televiziv - blogin.al\" \/>\n<meta property=\"og:description\" content=\"Beniada Nishani ka ndar\u00eb me ndjek\u00ebsit e saj n\u00eb Instagram lajmin emocionues se po p\u00ebrgatitet p\u00ebr nj\u00eb projekt t\u00eb ri televiziv. N\u00eb nj\u00eb postim t\u00eb fundit, ajo ka treguar se nj\u00eb nga objektivat e saj p\u00ebr vitin 2025 ishte t\u00eb prezantonte nj\u00eb program t\u00eb ri dhe tashm\u00eb \u00ebndrra po b\u00ebhet realitet. \u201cDi\u00e7ka shum\u00eb e bukur [&hellip;]\" \/>\n<meta property=\"og:url\" content=\"https:\/\/blogin.al\/?p=53967\" \/>\n<meta property=\"og:site_name\" content=\"blogin.al\" \/>\n<meta property=\"article:published_time\" content=\"2025-01-10T07:58:09+00:00\" \/>\n<meta property=\"article:modified_time\" content=\"2025-01-10T09:55:58+00:00\" \/>\n<meta property=\"og:image\" content=\"https:\/\/blogin.al\/wp-content\/uploads\/2025\/01\/640-0-65097931412d5.png\" \/>\n\t<meta property=\"og:image:width\" content=\"640\" \/>\n\t<meta property=\"og:image:height\" content=\"780\" \/>\n\t<meta property=\"og:image:type\" content=\"image\/png\" \/>\n<meta name=\"author\" content=\"Blogin al\" \/>\n<meta name=\"twitter:card\" content=\"summary_large_image\" \/>\n<meta name=\"twitter:label1\" content=\"Written by\" \/>\n\t<meta name=\"twitter:data1\" content=\"Blogin al\" \/>\n\t<meta name=\"twitter:label2\" content=\"Est. reading time\" \/>\n\t<meta name=\"twitter:data2\" content=\"1 minute\" \/>\n<script type=\"application\/ld+json\" class=\"yoast-schema-graph\">{\"@context\":\"https:\\\/\\\/schema.org\",\"@graph\":[{\"@type\":\"Article\",\"@id\":\"https:\\\/\\\/blogin.al\\\/?p=53967#article\",\"isPartOf\":{\"@id\":\"https:\\\/\\\/blogin.al\\\/?p=53967\"},\"author\":{\"name\":\"Blogin al\",\"@id\":\"https:\\\/\\\/blogin.al\\\/#\\\/schema\\\/person\\\/abdd56bc912cd511db877b852b115399\"},\"headline\":\"\u201cDi\u00e7ka e bukur po vjen\u201d\\\/ Beniada Nishani zbulon projektin e ri televiziv\",\"datePublished\":\"2025-01-10T07:58:09+00:00\",\"dateModified\":\"2025-01-10T09:55:58+00:00\",\"mainEntityOfPage\":{\"@id\":\"https:\\\/\\\/blogin.al\\\/?p=53967\"},\"wordCount\":164,\"commentCount\":0,\"publisher\":{\"@id\":\"https:\\\/\\\/blogin.al\\\/#organization\"},\"image\":{\"@id\":\"https:\\\/\\\/blogin.al\\\/?p=53967#primaryimage\"},\"thumbnailUrl\":\"https:\\\/\\\/blogin.al\\\/wp-content\\\/uploads\\\/2025\\\/01\\\/640-0-65097931412d5.png\",\"articleSection\":[\"SHOWBIZ\"],\"inLanguage\":\"en-US\",\"potentialAction\":[{\"@type\":\"CommentAction\",\"name\":\"Comment\",\"target\":[\"https:\\\/\\\/blogin.al\\\/?p=53967#respond\"]}]},{\"@type\":\"WebPage\",\"@id\":\"https:\\\/\\\/blogin.al\\\/?p=53967\",\"url\":\"https:\\\/\\\/blogin.al\\\/?p=53967\",\"name\":\"\u201cDi\u00e7ka e bukur po vjen\u201d\\\/ Beniada Nishani zbulon projektin e ri televiziv - blogin.al\",\"isPartOf\":{\"@id\":\"https:\\\/\\\/blogin.al\\\/#website\"},\"primaryImageOfPage\":{\"@id\":\"https:\\\/\\\/blogin.al\\\/?p=53967#primaryimage\"},\"image\":{\"@id\":\"https:\\\/\\\/blogin.al\\\/?p=53967#primaryimage\"},\"thumbnailUrl\":\"https:\\\/\\\/blogin.al\\\/wp-content\\\/uploads\\\/2025\\\/01\\\/640-0-65097931412d5.png\",\"datePublished\":\"2025-01-10T07:58:09+00:00\",\"dateModified\":\"2025-01-10T09:55:58+00:00\",\"breadcrumb\":{\"@id\":\"https:\\\/\\\/blogin.al\\\/?p=53967#breadcrumb\"},\"inLanguage\":\"en-US\",\"potentialAction\":[{\"@type\":\"ReadAction\",\"target\":[\"https:\\\/\\\/blogin.al\\\/?p=53967\"]}]},{\"@type\":\"ImageObject\",\"inLanguage\":\"en-US\",\"@id\":\"https:\\\/\\\/blogin.al\\\/?p=53967#primaryimage\",\"url\":\"https:\\\/\\\/blogin.al\\\/wp-content\\\/uploads\\\/2025\\\/01\\\/640-0-65097931412d5.png\",\"contentUrl\":\"https:\\\/\\\/blogin.al\\\/wp-content\\\/uploads\\\/2025\\\/01\\\/640-0-65097931412d5.png\",\"width\":640,\"height\":780},{\"@type\":\"BreadcrumbList\",\"@id\":\"https:\\\/\\\/blogin.al\\\/?p=53967#breadcrumb\",\"itemListElement\":[{\"@type\":\"ListItem\",\"position\":1,\"name\":\"Home\",\"item\":\"https:\\\/\\\/blogin.al\\\/\"},{\"@type\":\"ListItem\",\"position\":2,\"name\":\"\u201cDi\u00e7ka e bukur po vjen\u201d\\\/ Beniada Nishani zbulon projektin e ri televiziv\"}]},{\"@type\":\"WebSite\",\"@id\":\"https:\\\/\\\/blogin.al\\\/#website\",\"url\":\"https:\\\/\\\/blogin.al\\\/\",\"name\":\"blogin.al\",\"description\":\"\",\"publisher\":{\"@id\":\"https:\\\/\\\/blogin.al\\\/#organization\"},\"potentialAction\":[{\"@type\":\"SearchAction\",\"target\":{\"@type\":\"EntryPoint\",\"urlTemplate\":\"https:\\\/\\\/blogin.al\\\/?s={search_term_string}\"},\"query-input\":{\"@type\":\"PropertyValueSpecification\",\"valueRequired\":true,\"valueName\":\"search_term_string\"}}],\"inLanguage\":\"en-US\"},{\"@type\":\"Organization\",\"@id\":\"https:\\\/\\\/blogin.al\\\/#organization\",\"name\":\"BLOGIN.al\",\"url\":\"https:\\\/\\\/blogin.al\\\/\",\"logo\":{\"@type\":\"ImageObject\",\"inLanguage\":\"en-US\",\"@id\":\"https:\\\/\\\/blogin.al\\\/#\\\/schema\\\/logo\\\/image\\\/\",\"url\":\"https:\\\/\\\/blogin.al\\\/wp-content\\\/uploads\\\/2022\\\/05\\\/Untitled-2-01-e1652084456514.png\",\"contentUrl\":\"https:\\\/\\\/blogin.al\\\/wp-content\\\/uploads\\\/2022\\\/05\\\/Untitled-2-01-e1652084456514.png\",\"width\":3723,\"height\":1698,\"caption\":\"BLOGIN.al\"},\"image\":{\"@id\":\"https:\\\/\\\/blogin.al\\\/#\\\/schema\\\/logo\\\/image\\\/\"},\"sameAs\":[\"https:\\\/\\\/instagram.com\\\/blogin.al\\\/\"]},{\"@type\":\"Person\",\"@id\":\"https:\\\/\\\/blogin.al\\\/#\\\/schema\\\/person\\\/abdd56bc912cd511db877b852b115399\",\"name\":\"Blogin al\",\"image\":{\"@type\":\"ImageObject\",\"inLanguage\":\"en-US\",\"@id\":\"https:\\\/\\\/secure.gravatar.com\\\/avatar\\\/60d5661aee6e835fb13dc75d2204cd0c1d61bef2efd137c0083e59ef831e235e?s=96&d=mm&r=g\",\"url\":\"https:\\\/\\\/secure.gravatar.com\\\/avatar\\\/60d5661aee6e835fb13dc75d2204cd0c1d61bef2efd137c0083e59ef831e235e?s=96&d=mm&r=g\",\"contentUrl\":\"https:\\\/\\\/secure.gravatar.com\\\/avatar\\\/60d5661aee6e835fb13dc75d2204cd0c1d61bef2efd137c0083e59ef831e235e?s=96&d=mm&r=g\",\"caption\":\"Blogin al\"},\"sameAs\":[\"https:\\\/\\\/blogin.al\"],\"url\":\"https:\\\/\\\/blogin.al\\\/?author=2\"}]}<\/script>\n<!-- \/ Yoast SEO plugin. -->","yoast_head_json":{"title":"\u201cDi\u00e7ka e bukur po vjen\u201d\/ Beniada Nishani zbulon projektin e ri televiziv - blogin.al","robots":{"index":"index","follow":"follow","max-snippet":"max-snippet:-1","max-image-preview":"max-image-preview:large","max-video-preview":"max-video-preview:-1"},"canonical":"https:\/\/blogin.al\/?p=53967","og_locale":"en_US","og_type":"article","og_title":"\u201cDi\u00e7ka e bukur po vjen\u201d\/ Beniada Nishani zbulon projektin e ri televiziv - blogin.al","og_description":"Beniada Nishani ka ndar\u00eb me ndjek\u00ebsit e saj n\u00eb Instagram lajmin emocionues se po p\u00ebrgatitet p\u00ebr nj\u00eb projekt t\u00eb ri televiziv. N\u00eb nj\u00eb postim t\u00eb fundit, ajo ka treguar se nj\u00eb nga objektivat e saj p\u00ebr vitin 2025 ishte t\u00eb prezantonte nj\u00eb program t\u00eb ri dhe tashm\u00eb \u00ebndrra po b\u00ebhet realitet. \u201cDi\u00e7ka shum\u00eb e bukur [&hellip;]","og_url":"https:\/\/blogin.al\/?p=53967","og_site_name":"blogin.al","article_published_time":"2025-01-10T07:58:09+00:00","article_modified_time":"2025-01-10T09:55:58+00:00","og_image":[{"width":640,"height":780,"url":"https:\/\/blogin.al\/wp-content\/uploads\/2025\/01\/640-0-65097931412d5.png","type":"image\/png"}],"author":"Blogin al","twitter_card":"summary_large_image","twitter_misc":{"Written by":"Blogin al","Est. reading time":"1 minute"},"schema":{"@context":"https:\/\/schema.org","@graph":[{"@type":"Article","@id":"https:\/\/blogin.al\/?p=53967#article","isPartOf":{"@id":"https:\/\/blogin.al\/?p=53967"},"author":{"name":"Blogin al","@id":"https:\/\/blogin.al\/#\/schema\/person\/abdd56bc912cd511db877b852b115399"},"headline":"\u201cDi\u00e7ka e bukur po vjen\u201d\/ Beniada Nishani zbulon projektin e ri televiziv","datePublished":"2025-01-10T07:58:09+00:00","dateModified":"2025-01-10T09:55:58+00:00","mainEntityOfPage":{"@id":"https:\/\/blogin.al\/?p=53967"},"wordCount":164,"commentCount":0,"publisher":{"@id":"https:\/\/blogin.al\/#organization"},"image":{"@id":"https:\/\/blogin.al\/?p=53967#primaryimage"},"thumbnailUrl":"https:\/\/blogin.al\/wp-content\/uploads\/2025\/01\/640-0-65097931412d5.png","articleSection":["SHOWBIZ"],"inLanguage":"en-US","potentialAction":[{"@type":"CommentAction","name":"Comment","target":["https:\/\/blogin.al\/?p=53967#respond"]}]},{"@type":"WebPage","@id":"https:\/\/blogin.al\/?p=53967","url":"https:\/\/blogin.al\/?p=53967","name":"\u201cDi\u00e7ka e bukur po vjen\u201d\/ Beniada Nishani zbulon projektin e ri televiziv - blogin.al","isPartOf":{"@id":"https:\/\/blogin.al\/#website"},"primaryImageOfPage":{"@id":"https:\/\/blogin.al\/?p=53967#primaryimage"},"image":{"@id":"https:\/\/blogin.al\/?p=53967#primaryimage"},"thumbnailUrl":"https:\/\/blogin.al\/wp-content\/uploads\/2025\/01\/640-0-65097931412d5.png","datePublished":"2025-01-10T07:58:09+00:00","dateModified":"2025-01-10T09:55:58+00:00","breadcrumb":{"@id":"https:\/\/blogin.al\/?p=53967#breadcrumb"},"inLanguage":"en-US","potentialAction":[{"@type":"ReadAction","target":["https:\/\/blogin.al\/?p=53967"]}]},{"@type":"ImageObject","inLanguage":"en-US","@id":"https:\/\/blogin.al\/?p=53967#primaryimage","url":"https:\/\/blogin.al\/wp-content\/uploads\/2025\/01\/640-0-65097931412d5.png","contentUrl":"https:\/\/blogin.al\/wp-content\/uploads\/2025\/01\/640-0-65097931412d5.png","width":640,"height":780},{"@type":"BreadcrumbList","@id":"https:\/\/blogin.al\/?p=53967#breadcrumb","itemListElement":[{"@type":"ListItem","position":1,"name":"Home","item":"https:\/\/blogin.al\/"},{"@type":"ListItem","position":2,"name":"\u201cDi\u00e7ka e bukur po vjen\u201d\/ Beniada Nishani zbulon projektin e ri televiziv"}]},{"@type":"WebSite","@id":"https:\/\/blogin.al\/#website","url":"https:\/\/blogin.al\/","name":"blogin.al","description":"","publisher":{"@id":"https:\/\/blogin.al\/#organization"},"potentialAction":[{"@type":"SearchAction","target":{"@type":"EntryPoint","urlTemplate":"https:\/\/blogin.al\/?s={search_term_string}"},"query-input":{"@type":"PropertyValueSpecification","valueRequired":true,"valueName":"search_term_string"}}],"inLanguage":"en-US"},{"@type":"Organization","@id":"https:\/\/blogin.al\/#organization","name":"BLOGIN.al","url":"https:\/\/blogin.al\/","logo":{"@type":"ImageObject","inLanguage":"en-US","@id":"https:\/\/blogin.al\/#\/schema\/logo\/image\/","url":"https:\/\/blogin.al\/wp-content\/uploads\/2022\/05\/Untitled-2-01-e1652084456514.png","contentUrl":"https:\/\/blogin.al\/wp-content\/uploads\/2022\/05\/Untitled-2-01-e1652084456514.png","width":3723,"height":1698,"caption":"BLOGIN.al"},"image":{"@id":"https:\/\/blogin.al\/#\/schema\/logo\/image\/"},"sameAs":["https:\/\/instagram.com\/blogin.al\/"]},{"@type":"Person","@id":"https:\/\/blogin.al\/#\/schema\/person\/abdd56bc912cd511db877b852b115399","name":"Blogin al","image":{"@type":"ImageObject","inLanguage":"en-US","@id":"https:\/\/secure.gravatar.com\/avatar\/60d5661aee6e835fb13dc75d2204cd0c1d61bef2efd137c0083e59ef831e235e?s=96&d=mm&r=g","url":"https:\/\/secure.gravatar.com\/avatar\/60d5661aee6e835fb13dc75d2204cd0c1d61bef2efd137c0083e59ef831e235e?s=96&d=mm&r=g","contentUrl":"https:\/\/secure.gravatar.com\/avatar\/60d5661aee6e835fb13dc75d2204cd0c1d61bef2efd137c0083e59ef831e235e?s=96&d=mm&r=g","caption":"Blogin al"},"sameAs":["https:\/\/blogin.al"],"url":"https:\/\/blogin.al\/?author=2"}]}},"_links":{"self":[{"href":"https:\/\/blogin.al\/index.php?rest_route=\/wp\/v2\/posts\/53967","targetHints":{"allow":["GET"]}}],"collection":[{"href":"https:\/\/blogin.al\/index.php?rest_route=\/wp\/v2\/posts"}],"about":[{"href":"https:\/\/blogin.al\/index.php?rest_route=\/wp\/v2\/types\/post"}],"author":[{"embeddable":true,"href":"https:\/\/blogin.al\/index.php?rest_route=\/wp\/v2\/users\/2"}],"replies":[{"embeddable":true,"href":"https:\/\/blogin.al\/index.php?rest_route=%2Fwp%2Fv2%2Fcomments&post=53967"}],"version-history":[{"count":1,"href":"https:\/\/blogin.al\/index.php?rest_route=\/wp\/v2\/posts\/53967\/revisions"}],"predecessor-version":[{"id":53968,"href":"https:\/\/blogin.al\/index.php?rest_route=\/wp\/v2\/posts\/53967\/revisions\/53968"}],"wp:featuredmedia":[{"embeddable":true,"href":"https:\/\/blogin.al\/index.php?rest_route=\/wp\/v2\/media\/53966"}],"wp:attachment":[{"href":"https:\/\/blogin.al\/index.php?rest_route=%2Fwp%2Fv2%2Fmedia&parent=53967"}],"wp:term":[{"taxonomy":"category","embeddable":true,"href":"https:\/\/blogin.al\/index.php?rest_route=%2Fwp%2Fv2%2Fcategories&post=53967"},{"taxonomy":"post_tag","embeddable":true,"href":"https:\/\/blogin.al\/index.php?rest_route=%2Fwp%2Fv2%2Ftags&post=53967"}],"curies":[{"name":"wp","href":"https:\/\/api.w.org\/{rel}","templated":true}]}}