{"id":53973,"date":"2025-01-10T11:03:39","date_gmt":"2025-01-10T11:03:39","guid":{"rendered":"https:\/\/blogin.al\/eshte-ndare-me-ilnisa-agollin-pergjigjet-meriton-mjekiqi\/"},"modified":"2025-01-10T11:03:39","modified_gmt":"2025-01-10T11:03:39","slug":"eshte-ndare-me-ilnisa-agollin-pergjigjet-meriton-mjekiqi","status":"publish","type":"post","link":"https:\/\/blogin.al\/?p=53973","title":{"rendered":"\u00cbsht\u00eb ndar\u00eb me Ilnisa Agollin? P\u00ebrgjigjet Meriton Mjekiqi!"},"content":{"rendered":"\n<p>Meriton Mjekiqi, moderatori i njohur, sidomos p\u00ebr pjes\u00ebmarrjen e tij n\u00eb \u201cBig Brother VIP Albania 3\u201d,\u00a0ka komentuar s\u00eb fundmi ndarjen nga Ilnisa Agolli. N\u00eb nj\u00eb intervist\u00eb t\u00eb b\u00ebr\u00eb s\u00eb fundmi, ai shpjegoi se gjith\u00e7ka ka ndodhur natyrsh\u00ebm dhe se periudha q\u00eb kan\u00eb kaluar ka qen\u00eb e bukur p\u00ebr t\u00eb, pa asnj\u00eb keqardhje p\u00ebr asnj\u00eb moment t\u00eb saj.<\/p>\n\n\n\n<p>Ai e theksoi se si u prit kjo situat\u00eb nga publiku \u00ebsht\u00eb di\u00e7ka q\u00eb nuk varet prej tij, pasi disa e kan\u00eb mb\u00ebshtetur, nd\u00ebrsa t\u00eb tjer\u00eb jo, por p\u00ebr t\u00eb gjith\u00e7ka ka qen\u00eb reale dhe autentike.<\/p>\n\n\n\n<p>P\u00ebr&nbsp;aludimet q\u00eb kan\u00eb qarkulluar n\u00eb media lidhur me ndarjen, Meritoni pranoi se ato jan\u00eb 100% t\u00eb v\u00ebrteta, por theksoi se arsyet q\u00eb \u00e7uan n\u00eb k\u00ebt\u00eb vendim jan\u00eb private dhe nuk d\u00ebshiron t\u2019i b\u00ebj\u00eb publike.<\/p>\n\n\n\n<p>Moderatori e vler\u00ebson shum\u00eb Ilnis\u00ebn, duke e quajtur at\u00eb nj\u00eb grua t\u00eb mrekullueshme, nj\u00eb n\u00ebn\u00eb t\u00eb jasht\u00ebzakonshme dhe nj\u00eb profesioniste t\u00eb shk\u00eblqyer.<\/p>\n\n\n\n<p>Mjekiqi gjithashtu theksoi se p\u00ebr t\u00eb, m\u00eb e r\u00ebnd\u00ebsishme \u00ebsht\u00eb q\u00eb secili t\u00eb ec\u00eb p\u00ebrpara dhe t\u00eb jet\u00eb mir\u00eb n\u00eb jet\u00ebn e tij, duke respektuar privat\u00ebsin\u00eb e k\u00ebtij momenti t\u00eb ndjesh\u00ebm.<\/p>\n\n\n\n<blockquote class=\"wp-block-quote is-layout-flow wp-block-quote-is-layout-flow\">\n<p><em>Jan\u00eb gj\u00ebra shum\u00eb private<\/em><\/p>\n<\/blockquote>\n\n\n\n<p>\u2013 p\u00ebrfundoi ai, duke b\u00ebr\u00eb t\u00eb qart\u00eb se ndarjet dhe vendimet e tilla jan\u00eb pjes\u00eb e jet\u00ebs personale q\u00eb nuk duhen b\u00ebr\u00eb publike.<\/p>\n","protected":false},"excerpt":{"rendered":"<p>Meriton Mjekiqi, moderatori i njohur, sidomos p\u00ebr pjes\u00ebmarrjen e tij n\u00eb \u201cBig Brother VIP Albania 3\u201d,\u00a0ka komentuar s\u00eb fundmi ndarjen nga Ilnisa Agolli. N\u00eb nj\u00eb intervist\u00eb t\u00eb b\u00ebr\u00eb s\u00eb fundmi, ai shpjegoi se gjith\u00e7ka ka ndodhur natyrsh\u00ebm dhe se periudha q\u00eb kan\u00eb kaluar ka qen\u00eb e bukur p\u00ebr t\u00eb, pa asnj\u00eb keqardhje p\u00ebr asnj\u00eb moment [&hellip;]<\/p>\n","protected":false},"author":2,"featured_media":53972,"comment_status":"open","ping_status":"open","sticky":false,"template":"","format":"standard","meta":{"footnotes":""},"categories":[33],"tags":[],"class_list":{"0":"post-53973","1":"post","2":"type-post","3":"status-publish","4":"format-standard","5":"has-post-thumbnail","7":"category-showbiz"},"yoast_head":"<!-- This site is optimized with the Yoast SEO plugin v27.4 - https:\/\/yoast.com\/product\/yoast-seo-wordpress\/ -->\n<title>\u00cbsht\u00eb ndar\u00eb me Ilnisa Agollin? P\u00ebrgjigjet Meriton Mjekiqi! - blogin.al<\/title>\n<meta name=\"robots\" content=\"index, follow, max-snippet:-1, max-image-preview:large, max-video-preview:-1\" \/>\n<link rel=\"canonical\" href=\"https:\/\/blogin.al\/?p=53973\" \/>\n<meta property=\"og:locale\" content=\"en_US\" \/>\n<meta property=\"og:type\" content=\"article\" \/>\n<meta property=\"og:title\" content=\"\u00cbsht\u00eb ndar\u00eb me Ilnisa Agollin? P\u00ebrgjigjet Meriton Mjekiqi! - blogin.al\" \/>\n<meta property=\"og:description\" content=\"Meriton Mjekiqi, moderatori i njohur, sidomos p\u00ebr pjes\u00ebmarrjen e tij n\u00eb \u201cBig Brother VIP Albania 3\u201d,\u00a0ka komentuar s\u00eb fundmi ndarjen nga Ilnisa Agolli. N\u00eb nj\u00eb intervist\u00eb t\u00eb b\u00ebr\u00eb s\u00eb fundmi, ai shpjegoi se gjith\u00e7ka ka ndodhur natyrsh\u00ebm dhe se periudha q\u00eb kan\u00eb kaluar ka qen\u00eb e bukur p\u00ebr t\u00eb, pa asnj\u00eb keqardhje p\u00ebr asnj\u00eb moment [&hellip;]\" \/>\n<meta property=\"og:url\" content=\"https:\/\/blogin.al\/?p=53973\" \/>\n<meta property=\"og:site_name\" content=\"blogin.al\" \/>\n<meta property=\"article:published_time\" content=\"2025-01-10T11:03:39+00:00\" \/>\n<meta property=\"og:image\" content=\"https:\/\/blogin.al\/wp-content\/uploads\/2025\/01\/582DC8A1-6BE8-4208-9563-F88A7E546C9C.jpeg\" \/>\n\t<meta property=\"og:image:width\" content=\"640\" \/>\n\t<meta property=\"og:image:height\" content=\"640\" \/>\n\t<meta property=\"og:image:type\" content=\"image\/jpeg\" \/>\n<meta name=\"author\" content=\"Blogin al\" \/>\n<meta name=\"twitter:card\" content=\"summary_large_image\" \/>\n<meta name=\"twitter:label1\" content=\"Written by\" \/>\n\t<meta name=\"twitter:data1\" content=\"Blogin al\" \/>\n\t<meta name=\"twitter:label2\" content=\"Est. reading time\" \/>\n\t<meta name=\"twitter:data2\" content=\"1 minute\" \/>\n<script type=\"application\/ld+json\" class=\"yoast-schema-graph\">{\"@context\":\"https:\\\/\\\/schema.org\",\"@graph\":[{\"@type\":\"Article\",\"@id\":\"https:\\\/\\\/blogin.al\\\/?p=53973#article\",\"isPartOf\":{\"@id\":\"https:\\\/\\\/blogin.al\\\/?p=53973\"},\"author\":{\"name\":\"Blogin al\",\"@id\":\"https:\\\/\\\/blogin.al\\\/#\\\/schema\\\/person\\\/abdd56bc912cd511db877b852b115399\"},\"headline\":\"\u00cbsht\u00eb ndar\u00eb me Ilnisa Agollin? P\u00ebrgjigjet Meriton Mjekiqi!\",\"datePublished\":\"2025-01-10T11:03:39+00:00\",\"mainEntityOfPage\":{\"@id\":\"https:\\\/\\\/blogin.al\\\/?p=53973\"},\"wordCount\":252,\"commentCount\":0,\"publisher\":{\"@id\":\"https:\\\/\\\/blogin.al\\\/#organization\"},\"image\":{\"@id\":\"https:\\\/\\\/blogin.al\\\/?p=53973#primaryimage\"},\"thumbnailUrl\":\"https:\\\/\\\/blogin.al\\\/wp-content\\\/uploads\\\/2025\\\/01\\\/582DC8A1-6BE8-4208-9563-F88A7E546C9C.jpeg\",\"articleSection\":[\"SHOWBIZ\"],\"inLanguage\":\"en-US\",\"potentialAction\":[{\"@type\":\"CommentAction\",\"name\":\"Comment\",\"target\":[\"https:\\\/\\\/blogin.al\\\/?p=53973#respond\"]}]},{\"@type\":\"WebPage\",\"@id\":\"https:\\\/\\\/blogin.al\\\/?p=53973\",\"url\":\"https:\\\/\\\/blogin.al\\\/?p=53973\",\"name\":\"\u00cbsht\u00eb ndar\u00eb me Ilnisa Agollin? P\u00ebrgjigjet Meriton Mjekiqi! - blogin.al\",\"isPartOf\":{\"@id\":\"https:\\\/\\\/blogin.al\\\/#website\"},\"primaryImageOfPage\":{\"@id\":\"https:\\\/\\\/blogin.al\\\/?p=53973#primaryimage\"},\"image\":{\"@id\":\"https:\\\/\\\/blogin.al\\\/?p=53973#primaryimage\"},\"thumbnailUrl\":\"https:\\\/\\\/blogin.al\\\/wp-content\\\/uploads\\\/2025\\\/01\\\/582DC8A1-6BE8-4208-9563-F88A7E546C9C.jpeg\",\"datePublished\":\"2025-01-10T11:03:39+00:00\",\"breadcrumb\":{\"@id\":\"https:\\\/\\\/blogin.al\\\/?p=53973#breadcrumb\"},\"inLanguage\":\"en-US\",\"potentialAction\":[{\"@type\":\"ReadAction\",\"target\":[\"https:\\\/\\\/blogin.al\\\/?p=53973\"]}]},{\"@type\":\"ImageObject\",\"inLanguage\":\"en-US\",\"@id\":\"https:\\\/\\\/blogin.al\\\/?p=53973#primaryimage\",\"url\":\"https:\\\/\\\/blogin.al\\\/wp-content\\\/uploads\\\/2025\\\/01\\\/582DC8A1-6BE8-4208-9563-F88A7E546C9C.jpeg\",\"contentUrl\":\"https:\\\/\\\/blogin.al\\\/wp-content\\\/uploads\\\/2025\\\/01\\\/582DC8A1-6BE8-4208-9563-F88A7E546C9C.jpeg\",\"width\":640,\"height\":640},{\"@type\":\"BreadcrumbList\",\"@id\":\"https:\\\/\\\/blogin.al\\\/?p=53973#breadcrumb\",\"itemListElement\":[{\"@type\":\"ListItem\",\"position\":1,\"name\":\"Home\",\"item\":\"https:\\\/\\\/blogin.al\\\/\"},{\"@type\":\"ListItem\",\"position\":2,\"name\":\"\u00cbsht\u00eb ndar\u00eb me Ilnisa Agollin? P\u00ebrgjigjet Meriton Mjekiqi!\"}]},{\"@type\":\"WebSite\",\"@id\":\"https:\\\/\\\/blogin.al\\\/#website\",\"url\":\"https:\\\/\\\/blogin.al\\\/\",\"name\":\"blogin.al\",\"description\":\"\",\"publisher\":{\"@id\":\"https:\\\/\\\/blogin.al\\\/#organization\"},\"potentialAction\":[{\"@type\":\"SearchAction\",\"target\":{\"@type\":\"EntryPoint\",\"urlTemplate\":\"https:\\\/\\\/blogin.al\\\/?s={search_term_string}\"},\"query-input\":{\"@type\":\"PropertyValueSpecification\",\"valueRequired\":true,\"valueName\":\"search_term_string\"}}],\"inLanguage\":\"en-US\"},{\"@type\":\"Organization\",\"@id\":\"https:\\\/\\\/blogin.al\\\/#organization\",\"name\":\"BLOGIN.al\",\"url\":\"https:\\\/\\\/blogin.al\\\/\",\"logo\":{\"@type\":\"ImageObject\",\"inLanguage\":\"en-US\",\"@id\":\"https:\\\/\\\/blogin.al\\\/#\\\/schema\\\/logo\\\/image\\\/\",\"url\":\"https:\\\/\\\/blogin.al\\\/wp-content\\\/uploads\\\/2022\\\/05\\\/Untitled-2-01-e1652084456514.png\",\"contentUrl\":\"https:\\\/\\\/blogin.al\\\/wp-content\\\/uploads\\\/2022\\\/05\\\/Untitled-2-01-e1652084456514.png\",\"width\":3723,\"height\":1698,\"caption\":\"BLOGIN.al\"},\"image\":{\"@id\":\"https:\\\/\\\/blogin.al\\\/#\\\/schema\\\/logo\\\/image\\\/\"},\"sameAs\":[\"https:\\\/\\\/instagram.com\\\/blogin.al\\\/\"]},{\"@type\":\"Person\",\"@id\":\"https:\\\/\\\/blogin.al\\\/#\\\/schema\\\/person\\\/abdd56bc912cd511db877b852b115399\",\"name\":\"Blogin al\",\"image\":{\"@type\":\"ImageObject\",\"inLanguage\":\"en-US\",\"@id\":\"https:\\\/\\\/secure.gravatar.com\\\/avatar\\\/60d5661aee6e835fb13dc75d2204cd0c1d61bef2efd137c0083e59ef831e235e?s=96&d=mm&r=g\",\"url\":\"https:\\\/\\\/secure.gravatar.com\\\/avatar\\\/60d5661aee6e835fb13dc75d2204cd0c1d61bef2efd137c0083e59ef831e235e?s=96&d=mm&r=g\",\"contentUrl\":\"https:\\\/\\\/secure.gravatar.com\\\/avatar\\\/60d5661aee6e835fb13dc75d2204cd0c1d61bef2efd137c0083e59ef831e235e?s=96&d=mm&r=g\",\"caption\":\"Blogin al\"},\"sameAs\":[\"https:\\\/\\\/blogin.al\"],\"url\":\"https:\\\/\\\/blogin.al\\\/?author=2\"}]}<\/script>\n<!-- \/ Yoast SEO plugin. -->","yoast_head_json":{"title":"\u00cbsht\u00eb ndar\u00eb me Ilnisa Agollin? P\u00ebrgjigjet Meriton Mjekiqi! - blogin.al","robots":{"index":"index","follow":"follow","max-snippet":"max-snippet:-1","max-image-preview":"max-image-preview:large","max-video-preview":"max-video-preview:-1"},"canonical":"https:\/\/blogin.al\/?p=53973","og_locale":"en_US","og_type":"article","og_title":"\u00cbsht\u00eb ndar\u00eb me Ilnisa Agollin? P\u00ebrgjigjet Meriton Mjekiqi! - blogin.al","og_description":"Meriton Mjekiqi, moderatori i njohur, sidomos p\u00ebr pjes\u00ebmarrjen e tij n\u00eb \u201cBig Brother VIP Albania 3\u201d,\u00a0ka komentuar s\u00eb fundmi ndarjen nga Ilnisa Agolli. N\u00eb nj\u00eb intervist\u00eb t\u00eb b\u00ebr\u00eb s\u00eb fundmi, ai shpjegoi se gjith\u00e7ka ka ndodhur natyrsh\u00ebm dhe se periudha q\u00eb kan\u00eb kaluar ka qen\u00eb e bukur p\u00ebr t\u00eb, pa asnj\u00eb keqardhje p\u00ebr asnj\u00eb moment [&hellip;]","og_url":"https:\/\/blogin.al\/?p=53973","og_site_name":"blogin.al","article_published_time":"2025-01-10T11:03:39+00:00","og_image":[{"width":640,"height":640,"url":"https:\/\/blogin.al\/wp-content\/uploads\/2025\/01\/582DC8A1-6BE8-4208-9563-F88A7E546C9C.jpeg","type":"image\/jpeg"}],"author":"Blogin al","twitter_card":"summary_large_image","twitter_misc":{"Written by":"Blogin al","Est. reading time":"1 minute"},"schema":{"@context":"https:\/\/schema.org","@graph":[{"@type":"Article","@id":"https:\/\/blogin.al\/?p=53973#article","isPartOf":{"@id":"https:\/\/blogin.al\/?p=53973"},"author":{"name":"Blogin al","@id":"https:\/\/blogin.al\/#\/schema\/person\/abdd56bc912cd511db877b852b115399"},"headline":"\u00cbsht\u00eb ndar\u00eb me Ilnisa Agollin? P\u00ebrgjigjet Meriton Mjekiqi!","datePublished":"2025-01-10T11:03:39+00:00","mainEntityOfPage":{"@id":"https:\/\/blogin.al\/?p=53973"},"wordCount":252,"commentCount":0,"publisher":{"@id":"https:\/\/blogin.al\/#organization"},"image":{"@id":"https:\/\/blogin.al\/?p=53973#primaryimage"},"thumbnailUrl":"https:\/\/blogin.al\/wp-content\/uploads\/2025\/01\/582DC8A1-6BE8-4208-9563-F88A7E546C9C.jpeg","articleSection":["SHOWBIZ"],"inLanguage":"en-US","potentialAction":[{"@type":"CommentAction","name":"Comment","target":["https:\/\/blogin.al\/?p=53973#respond"]}]},{"@type":"WebPage","@id":"https:\/\/blogin.al\/?p=53973","url":"https:\/\/blogin.al\/?p=53973","name":"\u00cbsht\u00eb ndar\u00eb me Ilnisa Agollin? P\u00ebrgjigjet Meriton Mjekiqi! - blogin.al","isPartOf":{"@id":"https:\/\/blogin.al\/#website"},"primaryImageOfPage":{"@id":"https:\/\/blogin.al\/?p=53973#primaryimage"},"image":{"@id":"https:\/\/blogin.al\/?p=53973#primaryimage"},"thumbnailUrl":"https:\/\/blogin.al\/wp-content\/uploads\/2025\/01\/582DC8A1-6BE8-4208-9563-F88A7E546C9C.jpeg","datePublished":"2025-01-10T11:03:39+00:00","breadcrumb":{"@id":"https:\/\/blogin.al\/?p=53973#breadcrumb"},"inLanguage":"en-US","potentialAction":[{"@type":"ReadAction","target":["https:\/\/blogin.al\/?p=53973"]}]},{"@type":"ImageObject","inLanguage":"en-US","@id":"https:\/\/blogin.al\/?p=53973#primaryimage","url":"https:\/\/blogin.al\/wp-content\/uploads\/2025\/01\/582DC8A1-6BE8-4208-9563-F88A7E546C9C.jpeg","contentUrl":"https:\/\/blogin.al\/wp-content\/uploads\/2025\/01\/582DC8A1-6BE8-4208-9563-F88A7E546C9C.jpeg","width":640,"height":640},{"@type":"BreadcrumbList","@id":"https:\/\/blogin.al\/?p=53973#breadcrumb","itemListElement":[{"@type":"ListItem","position":1,"name":"Home","item":"https:\/\/blogin.al\/"},{"@type":"ListItem","position":2,"name":"\u00cbsht\u00eb ndar\u00eb me Ilnisa Agollin? P\u00ebrgjigjet Meriton Mjekiqi!"}]},{"@type":"WebSite","@id":"https:\/\/blogin.al\/#website","url":"https:\/\/blogin.al\/","name":"blogin.al","description":"","publisher":{"@id":"https:\/\/blogin.al\/#organization"},"potentialAction":[{"@type":"SearchAction","target":{"@type":"EntryPoint","urlTemplate":"https:\/\/blogin.al\/?s={search_term_string}"},"query-input":{"@type":"PropertyValueSpecification","valueRequired":true,"valueName":"search_term_string"}}],"inLanguage":"en-US"},{"@type":"Organization","@id":"https:\/\/blogin.al\/#organization","name":"BLOGIN.al","url":"https:\/\/blogin.al\/","logo":{"@type":"ImageObject","inLanguage":"en-US","@id":"https:\/\/blogin.al\/#\/schema\/logo\/image\/","url":"https:\/\/blogin.al\/wp-content\/uploads\/2022\/05\/Untitled-2-01-e1652084456514.png","contentUrl":"https:\/\/blogin.al\/wp-content\/uploads\/2022\/05\/Untitled-2-01-e1652084456514.png","width":3723,"height":1698,"caption":"BLOGIN.al"},"image":{"@id":"https:\/\/blogin.al\/#\/schema\/logo\/image\/"},"sameAs":["https:\/\/instagram.com\/blogin.al\/"]},{"@type":"Person","@id":"https:\/\/blogin.al\/#\/schema\/person\/abdd56bc912cd511db877b852b115399","name":"Blogin al","image":{"@type":"ImageObject","inLanguage":"en-US","@id":"https:\/\/secure.gravatar.com\/avatar\/60d5661aee6e835fb13dc75d2204cd0c1d61bef2efd137c0083e59ef831e235e?s=96&d=mm&r=g","url":"https:\/\/secure.gravatar.com\/avatar\/60d5661aee6e835fb13dc75d2204cd0c1d61bef2efd137c0083e59ef831e235e?s=96&d=mm&r=g","contentUrl":"https:\/\/secure.gravatar.com\/avatar\/60d5661aee6e835fb13dc75d2204cd0c1d61bef2efd137c0083e59ef831e235e?s=96&d=mm&r=g","caption":"Blogin al"},"sameAs":["https:\/\/blogin.al"],"url":"https:\/\/blogin.al\/?author=2"}]}},"_links":{"self":[{"href":"https:\/\/blogin.al\/index.php?rest_route=\/wp\/v2\/posts\/53973","targetHints":{"allow":["GET"]}}],"collection":[{"href":"https:\/\/blogin.al\/index.php?rest_route=\/wp\/v2\/posts"}],"about":[{"href":"https:\/\/blogin.al\/index.php?rest_route=\/wp\/v2\/types\/post"}],"author":[{"embeddable":true,"href":"https:\/\/blogin.al\/index.php?rest_route=\/wp\/v2\/users\/2"}],"replies":[{"embeddable":true,"href":"https:\/\/blogin.al\/index.php?rest_route=%2Fwp%2Fv2%2Fcomments&post=53973"}],"version-history":[{"count":0,"href":"https:\/\/blogin.al\/index.php?rest_route=\/wp\/v2\/posts\/53973\/revisions"}],"wp:featuredmedia":[{"embeddable":true,"href":"https:\/\/blogin.al\/index.php?rest_route=\/wp\/v2\/media\/53972"}],"wp:attachment":[{"href":"https:\/\/blogin.al\/index.php?rest_route=%2Fwp%2Fv2%2Fmedia&parent=53973"}],"wp:term":[{"taxonomy":"category","embeddable":true,"href":"https:\/\/blogin.al\/index.php?rest_route=%2Fwp%2Fv2%2Fcategories&post=53973"},{"taxonomy":"post_tag","embeddable":true,"href":"https:\/\/blogin.al\/index.php?rest_route=%2Fwp%2Fv2%2Ftags&post=53973"}],"curies":[{"name":"wp","href":"https:\/\/api.w.org\/{rel}","templated":true}]}}