{"id":53978,"date":"2025-01-10T14:36:39","date_gmt":"2025-01-10T14:36:39","guid":{"rendered":"https:\/\/blogin.al\/ndarja-nga-olsi-bylyku-egli-ka-dy-vite-qe-eshte-mbyllur-i-jam-mirenjohese\/"},"modified":"2025-01-10T14:36:39","modified_gmt":"2025-01-10T14:36:39","slug":"ndarja-nga-olsi-bylyku-egli-ka-dy-vite-qe-eshte-mbyllur-i-jam-mirenjohese","status":"publish","type":"post","link":"https:\/\/blogin.al\/?p=53978","title":{"rendered":"Ndarja nga Olsi Bylyku, Egli: Ka dy vite q\u00eb \u00ebsht\u00eb mbyllur, i jam mir\u00ebnjoh\u00ebse"},"content":{"rendered":"\n<p>Egli Tako ka folur s\u00ebrish p\u00ebr marr\u00ebdh\u00ebnien e saj 5-vje\u00e7are me aktorin e humorit, Olsi Bylyku, lidhje e cila mori fund. Banorja e Big Brother Vip u shpreh se romanca e tyre ka p\u00ebrfunduar dy vite m\u00eb par\u00eb dhe nuk d\u00ebshiron q\u00eb askush t\u2019ia p\u00ebrmend k\u00ebt\u00eb tem\u00eb, duke e konsideruar nj\u00eb kapitull t\u00eb mbyllur.<\/p>\n\n\n\n<p><em>\u201cNuk do t\u00eb m\u00eb vinte mir\u00eb n\u00ebse dikush do t\u00eb ulej dhe do t\u00eb fliste, do hynte n\u00eb an\u00eb sentimentale, kujtime, ta p\u00ebrmendte at\u00eb me t\u00eb cilin jam aktualisht. Me gjith\u00eb respektin e bot\u00ebs, jam shum\u00eb mir\u00ebnjoh\u00ebse p\u00ebr koh\u00ebn q\u00eb kemi kaluar, ama kjo mbyllet k\u00ebtu. sepse ka dy vite q\u00eb kjo gj\u00eb \u00ebsht\u00eb mbyllur. Ka dy vite, nuk \u00ebsht\u00eb ky problemi m\u00eb i madh i Shqip\u00ebris\u00eb, n\u00ebse nj\u00eb njeri m\u00eb del k\u00ebtu q\u00eb nuk ka pasur kurr\u00eb partner apo nga t\u00eb gjith\u00eb ata q\u00eb na ndjekin q\u00eb nuk kan\u00eb pasur nj\u00eb partner, at\u00ebher\u00eb po un\u00eb jam nj\u00eb rast i rrall\u00eb q\u00eb nuk zgjedh t\u00eb flas\u00eb.<\/em><\/p>\n\n\n\n<p><em>E kuptoj q\u00eb ka qen\u00eb di\u00e7ka publike dhe ti ke detyrim p\u00ebr t\u00eb dh\u00ebn\u00eb nj\u00eb shpjegim, shpjegimet jan\u00eb dh\u00ebn\u00eb deri aty ku duhet t\u00eb jepen dhe k\u00ebtu mbyllet ky kapitull. Kaq \u00ebsht\u00eb e gjitha, nuk ndjej asnj\u00eb lloj tensioni, jam sh\u00ebruar, jam e ftoht\u00eb p\u00ebr k\u00ebt\u00eb gj\u00eb. Kam emocion por pa u p\u00ebrfshir\u00eb n\u00eb t\u00eb<\/em>\u201d, u shpreh k\u00ebng\u00ebtarja.<\/p>\n","protected":false},"excerpt":{"rendered":"<p>Egli Tako ka folur s\u00ebrish p\u00ebr marr\u00ebdh\u00ebnien e saj 5-vje\u00e7are me aktorin e humorit, Olsi Bylyku, lidhje e cila mori fund. Banorja e Big Brother Vip u shpreh se romanca e tyre ka p\u00ebrfunduar dy vite m\u00eb par\u00eb dhe nuk d\u00ebshiron q\u00eb askush t\u2019ia p\u00ebrmend k\u00ebt\u00eb tem\u00eb, duke e konsideruar nj\u00eb kapitull t\u00eb mbyllur. \u201cNuk [&hellip;]<\/p>\n","protected":false},"author":2,"featured_media":53970,"comment_status":"open","ping_status":"open","sticky":false,"template":"","format":"standard","meta":{"footnotes":""},"categories":[33],"tags":[],"class_list":{"0":"post-53978","1":"post","2":"type-post","3":"status-publish","4":"format-standard","5":"has-post-thumbnail","7":"category-showbiz"},"yoast_head":"<!-- This site is optimized with the Yoast SEO plugin v27.4 - https:\/\/yoast.com\/product\/yoast-seo-wordpress\/ -->\n<title>Ndarja nga Olsi Bylyku, Egli: Ka dy vite q\u00eb \u00ebsht\u00eb mbyllur, i jam mir\u00ebnjoh\u00ebse - blogin.al<\/title>\n<meta name=\"robots\" content=\"index, follow, max-snippet:-1, max-image-preview:large, max-video-preview:-1\" \/>\n<link rel=\"canonical\" href=\"https:\/\/blogin.al\/?p=53978\" \/>\n<meta property=\"og:locale\" content=\"en_US\" \/>\n<meta property=\"og:type\" content=\"article\" \/>\n<meta property=\"og:title\" content=\"Ndarja nga Olsi Bylyku, Egli: Ka dy vite q\u00eb \u00ebsht\u00eb mbyllur, i jam mir\u00ebnjoh\u00ebse - blogin.al\" \/>\n<meta property=\"og:description\" content=\"Egli Tako ka folur s\u00ebrish p\u00ebr marr\u00ebdh\u00ebnien e saj 5-vje\u00e7are me aktorin e humorit, Olsi Bylyku, lidhje e cila mori fund. Banorja e Big Brother Vip u shpreh se romanca e tyre ka p\u00ebrfunduar dy vite m\u00eb par\u00eb dhe nuk d\u00ebshiron q\u00eb askush t\u2019ia p\u00ebrmend k\u00ebt\u00eb tem\u00eb, duke e konsideruar nj\u00eb kapitull t\u00eb mbyllur. \u201cNuk [&hellip;]\" \/>\n<meta property=\"og:url\" content=\"https:\/\/blogin.al\/?p=53978\" \/>\n<meta property=\"og:site_name\" content=\"blogin.al\" \/>\n<meta property=\"article:published_time\" content=\"2025-01-10T14:36:39+00:00\" \/>\n<meta property=\"og:image\" content=\"https:\/\/blogin.al\/wp-content\/uploads\/2025\/01\/640-0-6496d7515fd61.png\" \/>\n\t<meta property=\"og:image:width\" content=\"640\" \/>\n\t<meta property=\"og:image:height\" content=\"655\" \/>\n\t<meta property=\"og:image:type\" content=\"image\/png\" \/>\n<meta name=\"author\" content=\"Blogin al\" \/>\n<meta name=\"twitter:card\" content=\"summary_large_image\" \/>\n<meta name=\"twitter:label1\" content=\"Written by\" \/>\n\t<meta name=\"twitter:data1\" content=\"Blogin al\" \/>\n\t<meta name=\"twitter:label2\" content=\"Est. reading time\" \/>\n\t<meta name=\"twitter:data2\" content=\"1 minute\" \/>\n<script type=\"application\/ld+json\" class=\"yoast-schema-graph\">{\"@context\":\"https:\\\/\\\/schema.org\",\"@graph\":[{\"@type\":\"Article\",\"@id\":\"https:\\\/\\\/blogin.al\\\/?p=53978#article\",\"isPartOf\":{\"@id\":\"https:\\\/\\\/blogin.al\\\/?p=53978\"},\"author\":{\"name\":\"Blogin al\",\"@id\":\"https:\\\/\\\/blogin.al\\\/#\\\/schema\\\/person\\\/abdd56bc912cd511db877b852b115399\"},\"headline\":\"Ndarja nga Olsi Bylyku, Egli: Ka dy vite q\u00eb \u00ebsht\u00eb mbyllur, i jam mir\u00ebnjoh\u00ebse\",\"datePublished\":\"2025-01-10T14:36:39+00:00\",\"mainEntityOfPage\":{\"@id\":\"https:\\\/\\\/blogin.al\\\/?p=53978\"},\"wordCount\":267,\"commentCount\":0,\"publisher\":{\"@id\":\"https:\\\/\\\/blogin.al\\\/#organization\"},\"image\":{\"@id\":\"https:\\\/\\\/blogin.al\\\/?p=53978#primaryimage\"},\"thumbnailUrl\":\"https:\\\/\\\/blogin.al\\\/wp-content\\\/uploads\\\/2025\\\/01\\\/640-0-6496d7515fd61.png\",\"articleSection\":[\"SHOWBIZ\"],\"inLanguage\":\"en-US\",\"potentialAction\":[{\"@type\":\"CommentAction\",\"name\":\"Comment\",\"target\":[\"https:\\\/\\\/blogin.al\\\/?p=53978#respond\"]}]},{\"@type\":\"WebPage\",\"@id\":\"https:\\\/\\\/blogin.al\\\/?p=53978\",\"url\":\"https:\\\/\\\/blogin.al\\\/?p=53978\",\"name\":\"Ndarja nga Olsi Bylyku, Egli: Ka dy vite q\u00eb \u00ebsht\u00eb mbyllur, i jam mir\u00ebnjoh\u00ebse - blogin.al\",\"isPartOf\":{\"@id\":\"https:\\\/\\\/blogin.al\\\/#website\"},\"primaryImageOfPage\":{\"@id\":\"https:\\\/\\\/blogin.al\\\/?p=53978#primaryimage\"},\"image\":{\"@id\":\"https:\\\/\\\/blogin.al\\\/?p=53978#primaryimage\"},\"thumbnailUrl\":\"https:\\\/\\\/blogin.al\\\/wp-content\\\/uploads\\\/2025\\\/01\\\/640-0-6496d7515fd61.png\",\"datePublished\":\"2025-01-10T14:36:39+00:00\",\"breadcrumb\":{\"@id\":\"https:\\\/\\\/blogin.al\\\/?p=53978#breadcrumb\"},\"inLanguage\":\"en-US\",\"potentialAction\":[{\"@type\":\"ReadAction\",\"target\":[\"https:\\\/\\\/blogin.al\\\/?p=53978\"]}]},{\"@type\":\"ImageObject\",\"inLanguage\":\"en-US\",\"@id\":\"https:\\\/\\\/blogin.al\\\/?p=53978#primaryimage\",\"url\":\"https:\\\/\\\/blogin.al\\\/wp-content\\\/uploads\\\/2025\\\/01\\\/640-0-6496d7515fd61.png\",\"contentUrl\":\"https:\\\/\\\/blogin.al\\\/wp-content\\\/uploads\\\/2025\\\/01\\\/640-0-6496d7515fd61.png\",\"width\":640,\"height\":655},{\"@type\":\"BreadcrumbList\",\"@id\":\"https:\\\/\\\/blogin.al\\\/?p=53978#breadcrumb\",\"itemListElement\":[{\"@type\":\"ListItem\",\"position\":1,\"name\":\"Home\",\"item\":\"https:\\\/\\\/blogin.al\\\/\"},{\"@type\":\"ListItem\",\"position\":2,\"name\":\"Ndarja nga Olsi Bylyku, Egli: Ka dy vite q\u00eb \u00ebsht\u00eb mbyllur, i jam mir\u00ebnjoh\u00ebse\"}]},{\"@type\":\"WebSite\",\"@id\":\"https:\\\/\\\/blogin.al\\\/#website\",\"url\":\"https:\\\/\\\/blogin.al\\\/\",\"name\":\"blogin.al\",\"description\":\"\",\"publisher\":{\"@id\":\"https:\\\/\\\/blogin.al\\\/#organization\"},\"potentialAction\":[{\"@type\":\"SearchAction\",\"target\":{\"@type\":\"EntryPoint\",\"urlTemplate\":\"https:\\\/\\\/blogin.al\\\/?s={search_term_string}\"},\"query-input\":{\"@type\":\"PropertyValueSpecification\",\"valueRequired\":true,\"valueName\":\"search_term_string\"}}],\"inLanguage\":\"en-US\"},{\"@type\":\"Organization\",\"@id\":\"https:\\\/\\\/blogin.al\\\/#organization\",\"name\":\"BLOGIN.al\",\"url\":\"https:\\\/\\\/blogin.al\\\/\",\"logo\":{\"@type\":\"ImageObject\",\"inLanguage\":\"en-US\",\"@id\":\"https:\\\/\\\/blogin.al\\\/#\\\/schema\\\/logo\\\/image\\\/\",\"url\":\"https:\\\/\\\/blogin.al\\\/wp-content\\\/uploads\\\/2022\\\/05\\\/Untitled-2-01-e1652084456514.png\",\"contentUrl\":\"https:\\\/\\\/blogin.al\\\/wp-content\\\/uploads\\\/2022\\\/05\\\/Untitled-2-01-e1652084456514.png\",\"width\":3723,\"height\":1698,\"caption\":\"BLOGIN.al\"},\"image\":{\"@id\":\"https:\\\/\\\/blogin.al\\\/#\\\/schema\\\/logo\\\/image\\\/\"},\"sameAs\":[\"https:\\\/\\\/instagram.com\\\/blogin.al\\\/\"]},{\"@type\":\"Person\",\"@id\":\"https:\\\/\\\/blogin.al\\\/#\\\/schema\\\/person\\\/abdd56bc912cd511db877b852b115399\",\"name\":\"Blogin al\",\"image\":{\"@type\":\"ImageObject\",\"inLanguage\":\"en-US\",\"@id\":\"https:\\\/\\\/secure.gravatar.com\\\/avatar\\\/60d5661aee6e835fb13dc75d2204cd0c1d61bef2efd137c0083e59ef831e235e?s=96&d=mm&r=g\",\"url\":\"https:\\\/\\\/secure.gravatar.com\\\/avatar\\\/60d5661aee6e835fb13dc75d2204cd0c1d61bef2efd137c0083e59ef831e235e?s=96&d=mm&r=g\",\"contentUrl\":\"https:\\\/\\\/secure.gravatar.com\\\/avatar\\\/60d5661aee6e835fb13dc75d2204cd0c1d61bef2efd137c0083e59ef831e235e?s=96&d=mm&r=g\",\"caption\":\"Blogin al\"},\"sameAs\":[\"https:\\\/\\\/blogin.al\"],\"url\":\"https:\\\/\\\/blogin.al\\\/?author=2\"}]}<\/script>\n<!-- \/ Yoast SEO plugin. -->","yoast_head_json":{"title":"Ndarja nga Olsi Bylyku, Egli: Ka dy vite q\u00eb \u00ebsht\u00eb mbyllur, i jam mir\u00ebnjoh\u00ebse - blogin.al","robots":{"index":"index","follow":"follow","max-snippet":"max-snippet:-1","max-image-preview":"max-image-preview:large","max-video-preview":"max-video-preview:-1"},"canonical":"https:\/\/blogin.al\/?p=53978","og_locale":"en_US","og_type":"article","og_title":"Ndarja nga Olsi Bylyku, Egli: Ka dy vite q\u00eb \u00ebsht\u00eb mbyllur, i jam mir\u00ebnjoh\u00ebse - blogin.al","og_description":"Egli Tako ka folur s\u00ebrish p\u00ebr marr\u00ebdh\u00ebnien e saj 5-vje\u00e7are me aktorin e humorit, Olsi Bylyku, lidhje e cila mori fund. Banorja e Big Brother Vip u shpreh se romanca e tyre ka p\u00ebrfunduar dy vite m\u00eb par\u00eb dhe nuk d\u00ebshiron q\u00eb askush t\u2019ia p\u00ebrmend k\u00ebt\u00eb tem\u00eb, duke e konsideruar nj\u00eb kapitull t\u00eb mbyllur. \u201cNuk [&hellip;]","og_url":"https:\/\/blogin.al\/?p=53978","og_site_name":"blogin.al","article_published_time":"2025-01-10T14:36:39+00:00","og_image":[{"width":640,"height":655,"url":"https:\/\/blogin.al\/wp-content\/uploads\/2025\/01\/640-0-6496d7515fd61.png","type":"image\/png"}],"author":"Blogin al","twitter_card":"summary_large_image","twitter_misc":{"Written by":"Blogin al","Est. reading time":"1 minute"},"schema":{"@context":"https:\/\/schema.org","@graph":[{"@type":"Article","@id":"https:\/\/blogin.al\/?p=53978#article","isPartOf":{"@id":"https:\/\/blogin.al\/?p=53978"},"author":{"name":"Blogin al","@id":"https:\/\/blogin.al\/#\/schema\/person\/abdd56bc912cd511db877b852b115399"},"headline":"Ndarja nga Olsi Bylyku, Egli: Ka dy vite q\u00eb \u00ebsht\u00eb mbyllur, i jam mir\u00ebnjoh\u00ebse","datePublished":"2025-01-10T14:36:39+00:00","mainEntityOfPage":{"@id":"https:\/\/blogin.al\/?p=53978"},"wordCount":267,"commentCount":0,"publisher":{"@id":"https:\/\/blogin.al\/#organization"},"image":{"@id":"https:\/\/blogin.al\/?p=53978#primaryimage"},"thumbnailUrl":"https:\/\/blogin.al\/wp-content\/uploads\/2025\/01\/640-0-6496d7515fd61.png","articleSection":["SHOWBIZ"],"inLanguage":"en-US","potentialAction":[{"@type":"CommentAction","name":"Comment","target":["https:\/\/blogin.al\/?p=53978#respond"]}]},{"@type":"WebPage","@id":"https:\/\/blogin.al\/?p=53978","url":"https:\/\/blogin.al\/?p=53978","name":"Ndarja nga Olsi Bylyku, Egli: Ka dy vite q\u00eb \u00ebsht\u00eb mbyllur, i jam mir\u00ebnjoh\u00ebse - blogin.al","isPartOf":{"@id":"https:\/\/blogin.al\/#website"},"primaryImageOfPage":{"@id":"https:\/\/blogin.al\/?p=53978#primaryimage"},"image":{"@id":"https:\/\/blogin.al\/?p=53978#primaryimage"},"thumbnailUrl":"https:\/\/blogin.al\/wp-content\/uploads\/2025\/01\/640-0-6496d7515fd61.png","datePublished":"2025-01-10T14:36:39+00:00","breadcrumb":{"@id":"https:\/\/blogin.al\/?p=53978#breadcrumb"},"inLanguage":"en-US","potentialAction":[{"@type":"ReadAction","target":["https:\/\/blogin.al\/?p=53978"]}]},{"@type":"ImageObject","inLanguage":"en-US","@id":"https:\/\/blogin.al\/?p=53978#primaryimage","url":"https:\/\/blogin.al\/wp-content\/uploads\/2025\/01\/640-0-6496d7515fd61.png","contentUrl":"https:\/\/blogin.al\/wp-content\/uploads\/2025\/01\/640-0-6496d7515fd61.png","width":640,"height":655},{"@type":"BreadcrumbList","@id":"https:\/\/blogin.al\/?p=53978#breadcrumb","itemListElement":[{"@type":"ListItem","position":1,"name":"Home","item":"https:\/\/blogin.al\/"},{"@type":"ListItem","position":2,"name":"Ndarja nga Olsi Bylyku, Egli: Ka dy vite q\u00eb \u00ebsht\u00eb mbyllur, i jam mir\u00ebnjoh\u00ebse"}]},{"@type":"WebSite","@id":"https:\/\/blogin.al\/#website","url":"https:\/\/blogin.al\/","name":"blogin.al","description":"","publisher":{"@id":"https:\/\/blogin.al\/#organization"},"potentialAction":[{"@type":"SearchAction","target":{"@type":"EntryPoint","urlTemplate":"https:\/\/blogin.al\/?s={search_term_string}"},"query-input":{"@type":"PropertyValueSpecification","valueRequired":true,"valueName":"search_term_string"}}],"inLanguage":"en-US"},{"@type":"Organization","@id":"https:\/\/blogin.al\/#organization","name":"BLOGIN.al","url":"https:\/\/blogin.al\/","logo":{"@type":"ImageObject","inLanguage":"en-US","@id":"https:\/\/blogin.al\/#\/schema\/logo\/image\/","url":"https:\/\/blogin.al\/wp-content\/uploads\/2022\/05\/Untitled-2-01-e1652084456514.png","contentUrl":"https:\/\/blogin.al\/wp-content\/uploads\/2022\/05\/Untitled-2-01-e1652084456514.png","width":3723,"height":1698,"caption":"BLOGIN.al"},"image":{"@id":"https:\/\/blogin.al\/#\/schema\/logo\/image\/"},"sameAs":["https:\/\/instagram.com\/blogin.al\/"]},{"@type":"Person","@id":"https:\/\/blogin.al\/#\/schema\/person\/abdd56bc912cd511db877b852b115399","name":"Blogin al","image":{"@type":"ImageObject","inLanguage":"en-US","@id":"https:\/\/secure.gravatar.com\/avatar\/60d5661aee6e835fb13dc75d2204cd0c1d61bef2efd137c0083e59ef831e235e?s=96&d=mm&r=g","url":"https:\/\/secure.gravatar.com\/avatar\/60d5661aee6e835fb13dc75d2204cd0c1d61bef2efd137c0083e59ef831e235e?s=96&d=mm&r=g","contentUrl":"https:\/\/secure.gravatar.com\/avatar\/60d5661aee6e835fb13dc75d2204cd0c1d61bef2efd137c0083e59ef831e235e?s=96&d=mm&r=g","caption":"Blogin al"},"sameAs":["https:\/\/blogin.al"],"url":"https:\/\/blogin.al\/?author=2"}]}},"_links":{"self":[{"href":"https:\/\/blogin.al\/index.php?rest_route=\/wp\/v2\/posts\/53978","targetHints":{"allow":["GET"]}}],"collection":[{"href":"https:\/\/blogin.al\/index.php?rest_route=\/wp\/v2\/posts"}],"about":[{"href":"https:\/\/blogin.al\/index.php?rest_route=\/wp\/v2\/types\/post"}],"author":[{"embeddable":true,"href":"https:\/\/blogin.al\/index.php?rest_route=\/wp\/v2\/users\/2"}],"replies":[{"embeddable":true,"href":"https:\/\/blogin.al\/index.php?rest_route=%2Fwp%2Fv2%2Fcomments&post=53978"}],"version-history":[{"count":0,"href":"https:\/\/blogin.al\/index.php?rest_route=\/wp\/v2\/posts\/53978\/revisions"}],"wp:featuredmedia":[{"embeddable":true,"href":"https:\/\/blogin.al\/index.php?rest_route=\/wp\/v2\/media\/53970"}],"wp:attachment":[{"href":"https:\/\/blogin.al\/index.php?rest_route=%2Fwp%2Fv2%2Fmedia&parent=53978"}],"wp:term":[{"taxonomy":"category","embeddable":true,"href":"https:\/\/blogin.al\/index.php?rest_route=%2Fwp%2Fv2%2Fcategories&post=53978"},{"taxonomy":"post_tag","embeddable":true,"href":"https:\/\/blogin.al\/index.php?rest_route=%2Fwp%2Fv2%2Ftags&post=53978"}],"curies":[{"name":"wp","href":"https:\/\/api.w.org\/{rel}","templated":true}]}}