{"id":54008,"date":"2025-01-11T16:16:46","date_gmt":"2025-01-11T16:16:46","guid":{"rendered":"https:\/\/blogin.al\/pas-vdekjes-se-liam-payne-cheryl-cole-kerkon-mbrojtje-per-veten-dhe-djalin-e-tyre\/"},"modified":"2025-01-11T16:16:46","modified_gmt":"2025-01-11T16:16:46","slug":"pas-vdekjes-se-liam-payne-cheryl-cole-kerkon-mbrojtje-per-veten-dhe-djalin-e-tyre","status":"publish","type":"post","link":"https:\/\/blogin.al\/?p=54008","title":{"rendered":"Pas vdekjes s\u00eb Liam Payne, Cheryl Cole k\u00ebrkon mbrojtje p\u00ebr veten dhe djalin e tyre"},"content":{"rendered":"\n<p>K\u00ebng\u00ebtarja Cheryl Cole ka kaluar nj\u00eb periudh\u00eb shum\u00eb t\u00eb v\u00ebshtir\u00eb, jo vet\u00ebm p\u00ebr shkak t\u00eb humbjes s\u00eb babait t\u00eb djalit t\u00eb saj, por edhe p\u00ebr shkak t\u00eb nj\u00eb episodi t\u00eb tmerrsh\u00ebm me nj\u00eb p\u00ebrndjek\u00ebs t\u00eb dhunsh\u00ebm. Daniel Bannister, nj\u00eb burr\u00eb 49-vje\u00e7ar me nj\u00eb histori kriminale, p\u00ebrfshir\u00eb nj\u00eb d\u00ebnim p\u00ebr vrasje t\u00eb pakujdesshme n\u00eb vitin 2012, ka filluar t\u00eb ngacmoj\u00eb dhe p\u00ebrndjek\u00eb Cole, duke shkaktuar shqet\u00ebsim t\u00eb madh p\u00ebr sigurin\u00eb e saj dhe t\u00eb djalit t\u00eb saj, Bear.<\/p>\n\n\n\n<p>P\u00ebr t\u00eb mbrojtur veten dhe djalin, Cheryl ka marr\u00eb masa t\u00eb menj\u00ebhershme, duke rritur sigurin\u00eb n\u00eb sht\u00ebpin\u00eb e saj t\u00eb vler\u00ebsuar 6 milion\u00eb dollar\u00eb. Ajo ka k\u00ebrkuar mb\u00ebshtetje nga autoritetet dhe ka njoftuar policin\u00eb p\u00ebr dy incidente t\u00eb shqet\u00ebsuese, ku Bannister, q\u00eb ishte n\u00ebn nj\u00eb urdh\u00ebr ndalimi, p\u00ebrpiqej t\u00eb hynte n\u00eb kontakt me t\u00eb.<\/p>\n\n\n\n<p>Pas arrestimit t\u00eb tij dhe shpalljes fajtor p\u00ebr shkelje t\u00eb urdhrit t\u00eb ndalimit, Bannister \u00ebsht\u00eb n\u00eb pritje t\u00eb d\u00ebnimit p\u00ebr veprat e tij t\u00eb fundit. Ky incident ka shtuar nj\u00eb tjet\u00ebr shtres\u00eb shqet\u00ebsimi p\u00ebr Cheryl, e cila tashm\u00eb po kalon nj\u00eb periudh\u00eb shum\u00eb t\u00eb v\u00ebshtir\u00eb t\u00eb jet\u00ebs, duke u p\u00ebrpjekur t\u00eb mbaj\u00eb sigurin\u00eb dhe mir\u00ebqenien e familjes s\u00eb saj.<\/p>\n","protected":false},"excerpt":{"rendered":"<p>K\u00ebng\u00ebtarja Cheryl Cole ka kaluar nj\u00eb periudh\u00eb shum\u00eb t\u00eb v\u00ebshtir\u00eb, jo vet\u00ebm p\u00ebr shkak t\u00eb humbjes s\u00eb babait t\u00eb djalit t\u00eb saj, por edhe p\u00ebr shkak t\u00eb nj\u00eb episodi t\u00eb tmerrsh\u00ebm me nj\u00eb p\u00ebrndjek\u00ebs t\u00eb dhunsh\u00ebm. Daniel Bannister, nj\u00eb burr\u00eb 49-vje\u00e7ar me nj\u00eb histori kriminale, p\u00ebrfshir\u00eb nj\u00eb d\u00ebnim p\u00ebr vrasje t\u00eb pakujdesshme n\u00eb vitin 2012, [&hellip;]<\/p>\n","protected":false},"author":2,"featured_media":54007,"comment_status":"open","ping_status":"open","sticky":false,"template":"","format":"standard","meta":{"footnotes":""},"categories":[33],"tags":[],"class_list":{"0":"post-54008","1":"post","2":"type-post","3":"status-publish","4":"format-standard","5":"has-post-thumbnail","7":"category-showbiz"},"yoast_head":"<!-- This site is optimized with the Yoast SEO plugin v27.5 - https:\/\/yoast.com\/product\/yoast-seo-wordpress\/ -->\n<title>Pas vdekjes s\u00eb Liam Payne, Cheryl Cole k\u00ebrkon mbrojtje p\u00ebr veten dhe djalin e tyre - blogin.al<\/title>\n<meta name=\"robots\" content=\"index, follow, max-snippet:-1, max-image-preview:large, max-video-preview:-1\" \/>\n<link rel=\"canonical\" href=\"https:\/\/blogin.al\/?p=54008\" \/>\n<meta property=\"og:locale\" content=\"en_US\" \/>\n<meta property=\"og:type\" content=\"article\" \/>\n<meta property=\"og:title\" content=\"Pas vdekjes s\u00eb Liam Payne, Cheryl Cole k\u00ebrkon mbrojtje p\u00ebr veten dhe djalin e tyre - blogin.al\" \/>\n<meta property=\"og:description\" content=\"K\u00ebng\u00ebtarja Cheryl Cole ka kaluar nj\u00eb periudh\u00eb shum\u00eb t\u00eb v\u00ebshtir\u00eb, jo vet\u00ebm p\u00ebr shkak t\u00eb humbjes s\u00eb babait t\u00eb djalit t\u00eb saj, por edhe p\u00ebr shkak t\u00eb nj\u00eb episodi t\u00eb tmerrsh\u00ebm me nj\u00eb p\u00ebrndjek\u00ebs t\u00eb dhunsh\u00ebm. Daniel Bannister, nj\u00eb burr\u00eb 49-vje\u00e7ar me nj\u00eb histori kriminale, p\u00ebrfshir\u00eb nj\u00eb d\u00ebnim p\u00ebr vrasje t\u00eb pakujdesshme n\u00eb vitin 2012, [&hellip;]\" \/>\n<meta property=\"og:url\" content=\"https:\/\/blogin.al\/?p=54008\" \/>\n<meta property=\"og:site_name\" content=\"blogin.al\" \/>\n<meta property=\"article:published_time\" content=\"2025-01-11T16:16:46+00:00\" \/>\n<meta property=\"og:image\" content=\"https:\/\/blogin.al\/wp-content\/uploads\/2025\/01\/newFile-scaled.jpg\" \/>\n\t<meta property=\"og:image:width\" content=\"2560\" \/>\n\t<meta property=\"og:image:height\" content=\"1920\" \/>\n\t<meta property=\"og:image:type\" content=\"image\/jpeg\" \/>\n<meta name=\"author\" content=\"Blogin al\" \/>\n<meta name=\"twitter:card\" content=\"summary_large_image\" \/>\n<meta name=\"twitter:label1\" content=\"Written by\" \/>\n\t<meta name=\"twitter:data1\" content=\"Blogin al\" \/>\n\t<meta name=\"twitter:label2\" content=\"Est. reading time\" \/>\n\t<meta name=\"twitter:data2\" content=\"1 minute\" \/>\n<script type=\"application\/ld+json\" class=\"yoast-schema-graph\">{\"@context\":\"https:\\\/\\\/schema.org\",\"@graph\":[{\"@type\":\"Article\",\"@id\":\"https:\\\/\\\/blogin.al\\\/?p=54008#article\",\"isPartOf\":{\"@id\":\"https:\\\/\\\/blogin.al\\\/?p=54008\"},\"author\":{\"name\":\"Blogin al\",\"@id\":\"https:\\\/\\\/blogin.al\\\/#\\\/schema\\\/person\\\/abdd56bc912cd511db877b852b115399\"},\"headline\":\"Pas vdekjes s\u00eb Liam Payne, Cheryl Cole k\u00ebrkon mbrojtje p\u00ebr veten dhe djalin e tyre\",\"datePublished\":\"2025-01-11T16:16:46+00:00\",\"mainEntityOfPage\":{\"@id\":\"https:\\\/\\\/blogin.al\\\/?p=54008\"},\"wordCount\":243,\"commentCount\":0,\"publisher\":{\"@id\":\"https:\\\/\\\/blogin.al\\\/#organization\"},\"image\":{\"@id\":\"https:\\\/\\\/blogin.al\\\/?p=54008#primaryimage\"},\"thumbnailUrl\":\"https:\\\/\\\/blogin.al\\\/wp-content\\\/uploads\\\/2025\\\/01\\\/newFile-scaled.jpg\",\"articleSection\":[\"SHOWBIZ\"],\"inLanguage\":\"en-US\",\"potentialAction\":[{\"@type\":\"CommentAction\",\"name\":\"Comment\",\"target\":[\"https:\\\/\\\/blogin.al\\\/?p=54008#respond\"]}]},{\"@type\":\"WebPage\",\"@id\":\"https:\\\/\\\/blogin.al\\\/?p=54008\",\"url\":\"https:\\\/\\\/blogin.al\\\/?p=54008\",\"name\":\"Pas vdekjes s\u00eb Liam Payne, Cheryl Cole k\u00ebrkon mbrojtje p\u00ebr veten dhe djalin e tyre - blogin.al\",\"isPartOf\":{\"@id\":\"https:\\\/\\\/blogin.al\\\/#website\"},\"primaryImageOfPage\":{\"@id\":\"https:\\\/\\\/blogin.al\\\/?p=54008#primaryimage\"},\"image\":{\"@id\":\"https:\\\/\\\/blogin.al\\\/?p=54008#primaryimage\"},\"thumbnailUrl\":\"https:\\\/\\\/blogin.al\\\/wp-content\\\/uploads\\\/2025\\\/01\\\/newFile-scaled.jpg\",\"datePublished\":\"2025-01-11T16:16:46+00:00\",\"breadcrumb\":{\"@id\":\"https:\\\/\\\/blogin.al\\\/?p=54008#breadcrumb\"},\"inLanguage\":\"en-US\",\"potentialAction\":[{\"@type\":\"ReadAction\",\"target\":[\"https:\\\/\\\/blogin.al\\\/?p=54008\"]}]},{\"@type\":\"ImageObject\",\"inLanguage\":\"en-US\",\"@id\":\"https:\\\/\\\/blogin.al\\\/?p=54008#primaryimage\",\"url\":\"https:\\\/\\\/blogin.al\\\/wp-content\\\/uploads\\\/2025\\\/01\\\/newFile-scaled.jpg\",\"contentUrl\":\"https:\\\/\\\/blogin.al\\\/wp-content\\\/uploads\\\/2025\\\/01\\\/newFile-scaled.jpg\",\"width\":2560,\"height\":1920},{\"@type\":\"BreadcrumbList\",\"@id\":\"https:\\\/\\\/blogin.al\\\/?p=54008#breadcrumb\",\"itemListElement\":[{\"@type\":\"ListItem\",\"position\":1,\"name\":\"Home\",\"item\":\"https:\\\/\\\/blogin.al\\\/\"},{\"@type\":\"ListItem\",\"position\":2,\"name\":\"Pas vdekjes s\u00eb Liam Payne, Cheryl Cole k\u00ebrkon mbrojtje p\u00ebr veten dhe djalin e tyre\"}]},{\"@type\":\"WebSite\",\"@id\":\"https:\\\/\\\/blogin.al\\\/#website\",\"url\":\"https:\\\/\\\/blogin.al\\\/\",\"name\":\"blogin.al\",\"description\":\"\",\"publisher\":{\"@id\":\"https:\\\/\\\/blogin.al\\\/#organization\"},\"potentialAction\":[{\"@type\":\"SearchAction\",\"target\":{\"@type\":\"EntryPoint\",\"urlTemplate\":\"https:\\\/\\\/blogin.al\\\/?s={search_term_string}\"},\"query-input\":{\"@type\":\"PropertyValueSpecification\",\"valueRequired\":true,\"valueName\":\"search_term_string\"}}],\"inLanguage\":\"en-US\"},{\"@type\":\"Organization\",\"@id\":\"https:\\\/\\\/blogin.al\\\/#organization\",\"name\":\"BLOGIN.al\",\"url\":\"https:\\\/\\\/blogin.al\\\/\",\"logo\":{\"@type\":\"ImageObject\",\"inLanguage\":\"en-US\",\"@id\":\"https:\\\/\\\/blogin.al\\\/#\\\/schema\\\/logo\\\/image\\\/\",\"url\":\"https:\\\/\\\/blogin.al\\\/wp-content\\\/uploads\\\/2022\\\/05\\\/Untitled-2-01-e1652084456514.png\",\"contentUrl\":\"https:\\\/\\\/blogin.al\\\/wp-content\\\/uploads\\\/2022\\\/05\\\/Untitled-2-01-e1652084456514.png\",\"width\":3723,\"height\":1698,\"caption\":\"BLOGIN.al\"},\"image\":{\"@id\":\"https:\\\/\\\/blogin.al\\\/#\\\/schema\\\/logo\\\/image\\\/\"},\"sameAs\":[\"https:\\\/\\\/instagram.com\\\/blogin.al\\\/\"]},{\"@type\":\"Person\",\"@id\":\"https:\\\/\\\/blogin.al\\\/#\\\/schema\\\/person\\\/abdd56bc912cd511db877b852b115399\",\"name\":\"Blogin al\",\"image\":{\"@type\":\"ImageObject\",\"inLanguage\":\"en-US\",\"@id\":\"https:\\\/\\\/secure.gravatar.com\\\/avatar\\\/60d5661aee6e835fb13dc75d2204cd0c1d61bef2efd137c0083e59ef831e235e?s=96&d=mm&r=g\",\"url\":\"https:\\\/\\\/secure.gravatar.com\\\/avatar\\\/60d5661aee6e835fb13dc75d2204cd0c1d61bef2efd137c0083e59ef831e235e?s=96&d=mm&r=g\",\"contentUrl\":\"https:\\\/\\\/secure.gravatar.com\\\/avatar\\\/60d5661aee6e835fb13dc75d2204cd0c1d61bef2efd137c0083e59ef831e235e?s=96&d=mm&r=g\",\"caption\":\"Blogin al\"},\"sameAs\":[\"https:\\\/\\\/blogin.al\"],\"url\":\"https:\\\/\\\/blogin.al\\\/?author=2\"}]}<\/script>\n<!-- \/ Yoast SEO plugin. -->","yoast_head_json":{"title":"Pas vdekjes s\u00eb Liam Payne, Cheryl Cole k\u00ebrkon mbrojtje p\u00ebr veten dhe djalin e tyre - blogin.al","robots":{"index":"index","follow":"follow","max-snippet":"max-snippet:-1","max-image-preview":"max-image-preview:large","max-video-preview":"max-video-preview:-1"},"canonical":"https:\/\/blogin.al\/?p=54008","og_locale":"en_US","og_type":"article","og_title":"Pas vdekjes s\u00eb Liam Payne, Cheryl Cole k\u00ebrkon mbrojtje p\u00ebr veten dhe djalin e tyre - blogin.al","og_description":"K\u00ebng\u00ebtarja Cheryl Cole ka kaluar nj\u00eb periudh\u00eb shum\u00eb t\u00eb v\u00ebshtir\u00eb, jo vet\u00ebm p\u00ebr shkak t\u00eb humbjes s\u00eb babait t\u00eb djalit t\u00eb saj, por edhe p\u00ebr shkak t\u00eb nj\u00eb episodi t\u00eb tmerrsh\u00ebm me nj\u00eb p\u00ebrndjek\u00ebs t\u00eb dhunsh\u00ebm. Daniel Bannister, nj\u00eb burr\u00eb 49-vje\u00e7ar me nj\u00eb histori kriminale, p\u00ebrfshir\u00eb nj\u00eb d\u00ebnim p\u00ebr vrasje t\u00eb pakujdesshme n\u00eb vitin 2012, [&hellip;]","og_url":"https:\/\/blogin.al\/?p=54008","og_site_name":"blogin.al","article_published_time":"2025-01-11T16:16:46+00:00","og_image":[{"width":2560,"height":1920,"url":"https:\/\/blogin.al\/wp-content\/uploads\/2025\/01\/newFile-scaled.jpg","type":"image\/jpeg"}],"author":"Blogin al","twitter_card":"summary_large_image","twitter_misc":{"Written by":"Blogin al","Est. reading time":"1 minute"},"schema":{"@context":"https:\/\/schema.org","@graph":[{"@type":"Article","@id":"https:\/\/blogin.al\/?p=54008#article","isPartOf":{"@id":"https:\/\/blogin.al\/?p=54008"},"author":{"name":"Blogin al","@id":"https:\/\/blogin.al\/#\/schema\/person\/abdd56bc912cd511db877b852b115399"},"headline":"Pas vdekjes s\u00eb Liam Payne, Cheryl Cole k\u00ebrkon mbrojtje p\u00ebr veten dhe djalin e tyre","datePublished":"2025-01-11T16:16:46+00:00","mainEntityOfPage":{"@id":"https:\/\/blogin.al\/?p=54008"},"wordCount":243,"commentCount":0,"publisher":{"@id":"https:\/\/blogin.al\/#organization"},"image":{"@id":"https:\/\/blogin.al\/?p=54008#primaryimage"},"thumbnailUrl":"https:\/\/blogin.al\/wp-content\/uploads\/2025\/01\/newFile-scaled.jpg","articleSection":["SHOWBIZ"],"inLanguage":"en-US","potentialAction":[{"@type":"CommentAction","name":"Comment","target":["https:\/\/blogin.al\/?p=54008#respond"]}]},{"@type":"WebPage","@id":"https:\/\/blogin.al\/?p=54008","url":"https:\/\/blogin.al\/?p=54008","name":"Pas vdekjes s\u00eb Liam Payne, Cheryl Cole k\u00ebrkon mbrojtje p\u00ebr veten dhe djalin e tyre - blogin.al","isPartOf":{"@id":"https:\/\/blogin.al\/#website"},"primaryImageOfPage":{"@id":"https:\/\/blogin.al\/?p=54008#primaryimage"},"image":{"@id":"https:\/\/blogin.al\/?p=54008#primaryimage"},"thumbnailUrl":"https:\/\/blogin.al\/wp-content\/uploads\/2025\/01\/newFile-scaled.jpg","datePublished":"2025-01-11T16:16:46+00:00","breadcrumb":{"@id":"https:\/\/blogin.al\/?p=54008#breadcrumb"},"inLanguage":"en-US","potentialAction":[{"@type":"ReadAction","target":["https:\/\/blogin.al\/?p=54008"]}]},{"@type":"ImageObject","inLanguage":"en-US","@id":"https:\/\/blogin.al\/?p=54008#primaryimage","url":"https:\/\/blogin.al\/wp-content\/uploads\/2025\/01\/newFile-scaled.jpg","contentUrl":"https:\/\/blogin.al\/wp-content\/uploads\/2025\/01\/newFile-scaled.jpg","width":2560,"height":1920},{"@type":"BreadcrumbList","@id":"https:\/\/blogin.al\/?p=54008#breadcrumb","itemListElement":[{"@type":"ListItem","position":1,"name":"Home","item":"https:\/\/blogin.al\/"},{"@type":"ListItem","position":2,"name":"Pas vdekjes s\u00eb Liam Payne, Cheryl Cole k\u00ebrkon mbrojtje p\u00ebr veten dhe djalin e tyre"}]},{"@type":"WebSite","@id":"https:\/\/blogin.al\/#website","url":"https:\/\/blogin.al\/","name":"blogin.al","description":"","publisher":{"@id":"https:\/\/blogin.al\/#organization"},"potentialAction":[{"@type":"SearchAction","target":{"@type":"EntryPoint","urlTemplate":"https:\/\/blogin.al\/?s={search_term_string}"},"query-input":{"@type":"PropertyValueSpecification","valueRequired":true,"valueName":"search_term_string"}}],"inLanguage":"en-US"},{"@type":"Organization","@id":"https:\/\/blogin.al\/#organization","name":"BLOGIN.al","url":"https:\/\/blogin.al\/","logo":{"@type":"ImageObject","inLanguage":"en-US","@id":"https:\/\/blogin.al\/#\/schema\/logo\/image\/","url":"https:\/\/blogin.al\/wp-content\/uploads\/2022\/05\/Untitled-2-01-e1652084456514.png","contentUrl":"https:\/\/blogin.al\/wp-content\/uploads\/2022\/05\/Untitled-2-01-e1652084456514.png","width":3723,"height":1698,"caption":"BLOGIN.al"},"image":{"@id":"https:\/\/blogin.al\/#\/schema\/logo\/image\/"},"sameAs":["https:\/\/instagram.com\/blogin.al\/"]},{"@type":"Person","@id":"https:\/\/blogin.al\/#\/schema\/person\/abdd56bc912cd511db877b852b115399","name":"Blogin al","image":{"@type":"ImageObject","inLanguage":"en-US","@id":"https:\/\/secure.gravatar.com\/avatar\/60d5661aee6e835fb13dc75d2204cd0c1d61bef2efd137c0083e59ef831e235e?s=96&d=mm&r=g","url":"https:\/\/secure.gravatar.com\/avatar\/60d5661aee6e835fb13dc75d2204cd0c1d61bef2efd137c0083e59ef831e235e?s=96&d=mm&r=g","contentUrl":"https:\/\/secure.gravatar.com\/avatar\/60d5661aee6e835fb13dc75d2204cd0c1d61bef2efd137c0083e59ef831e235e?s=96&d=mm&r=g","caption":"Blogin al"},"sameAs":["https:\/\/blogin.al"],"url":"https:\/\/blogin.al\/?author=2"}]}},"_links":{"self":[{"href":"https:\/\/blogin.al\/index.php?rest_route=\/wp\/v2\/posts\/54008","targetHints":{"allow":["GET"]}}],"collection":[{"href":"https:\/\/blogin.al\/index.php?rest_route=\/wp\/v2\/posts"}],"about":[{"href":"https:\/\/blogin.al\/index.php?rest_route=\/wp\/v2\/types\/post"}],"author":[{"embeddable":true,"href":"https:\/\/blogin.al\/index.php?rest_route=\/wp\/v2\/users\/2"}],"replies":[{"embeddable":true,"href":"https:\/\/blogin.al\/index.php?rest_route=%2Fwp%2Fv2%2Fcomments&post=54008"}],"version-history":[{"count":0,"href":"https:\/\/blogin.al\/index.php?rest_route=\/wp\/v2\/posts\/54008\/revisions"}],"wp:featuredmedia":[{"embeddable":true,"href":"https:\/\/blogin.al\/index.php?rest_route=\/wp\/v2\/media\/54007"}],"wp:attachment":[{"href":"https:\/\/blogin.al\/index.php?rest_route=%2Fwp%2Fv2%2Fmedia&parent=54008"}],"wp:term":[{"taxonomy":"category","embeddable":true,"href":"https:\/\/blogin.al\/index.php?rest_route=%2Fwp%2Fv2%2Fcategories&post=54008"},{"taxonomy":"post_tag","embeddable":true,"href":"https:\/\/blogin.al\/index.php?rest_route=%2Fwp%2Fv2%2Ftags&post=54008"}],"curies":[{"name":"wp","href":"https:\/\/api.w.org\/{rel}","templated":true}]}}