{"id":54014,"date":"2025-01-12T08:22:59","date_gmt":"2025-01-12T08:22:59","guid":{"rendered":"https:\/\/blogin.al\/po-e-pres-eglin-kur-te-dale-redoni-i-vendosur-kam-deshire-te-jete-me-mua\/"},"modified":"2025-01-12T08:22:59","modified_gmt":"2025-01-12T08:22:59","slug":"po-e-pres-eglin-kur-te-dale-redoni-i-vendosur-kam-deshire-te-jete-me-mua","status":"publish","type":"post","link":"https:\/\/blogin.al\/?p=54014","title":{"rendered":"&#8220;Po e pres Eglin kur t\u00eb dal\u00eb&#8221;\/ Redoni i vendosur: Kam d\u00ebshir\u00eb t\u00eb jet\u00eb me mua"},"content":{"rendered":"\n<p>I ftuar n\u00eb emisionin \u201cS\u2019e Luan Topi\u201d me Erjona Rusin n\u00eb Top Channel ka qen\u00eb ish-banori i edicionit t\u00eb kat\u00ebrt t\u00eb Big Brother VIP. Redon Berani shprehu hapur ndjenjat p\u00ebr Egli Takon.<\/p>\n\n\n\n<blockquote class=\"wp-block-quote is-layout-flow wp-block-quote-is-layout-flow\">\n<p><em>T\u00eb tregohem realist. Un\u00eb aty hyra p\u00ebr t\u00eb b\u00ebr\u00eb loj\u00eb, ka qen\u00eb vendi i fundit q\u00eb kam pritur se mund t\u00eb ndjej\u00eb di\u00e7ka t\u00eb fort\u00eb emocionale. Egli kur ka rr\u00ebfyer historin\u00eb e saj, vuajtjen me ankthin mua m\u00eb ka prekur shum\u00eb sepse ishte e nj\u00ebjta histori q\u00eb e kam pasur edhe un\u00eb. Ishte hapi i par\u00eb q\u00eb m\u00eb afroi mua me t\u00eb.<\/em><\/p>\n<\/blockquote>\n\n\n\n<p>M\u00eb tej ai shtoi se:<\/p>\n\n\n\n<p><em>\u00c7far\u00eb m\u00eb ka b\u00ebr\u00eb p\u00ebrshtypje \u00ebsht\u00eb se kur kemi folur tema t\u00eb ndryshme dhe gj\u00ebra shum\u00eb interesante.<\/em><\/p>\n\n\n\n<p>Ai rr\u00ebfeu se shija p\u00ebr serialet dhe historia me tatuazhin ishin ato q\u00eb i vun\u00eb pikat mbi \u2018i\u2019 dhe e b\u00ebn\u00eb Redonin t\u00eb mendonte se me k\u00ebt\u00eb vajz\u00eb ka nj\u00eb gj\u00eb shum\u00eb speciale. Gjithashtu ai tregoi edhe se e ka par\u00eb n\u00eb \u00ebnd\u00ebrr.<\/p>\n\n\n\n<p><em>Un\u00eb nga nj\u00ebra an\u00eb kisha n\u00ebn\u00ebn time dhe nga ana tjet\u00ebr nj\u00eb \u00ebngj\u00ebll mbrojt\u00ebs sepse nuk e di \u00e7far\u00eb mund t\u2019i them asaj. Nj\u00eb fem\u00ebr e mrekullueshme q\u00eb m\u00eb ka b\u00ebr\u00eb t\u00eb ndihem shum\u00eb mir\u00eb. Aty thash\u00eb k\u00ebtu loj\u00eb nuk mund t\u00eb b\u00ebj, sepse un\u00eb erdha me nj\u00eb q\u00ebllim t\u00eb till\u00eb por jam duke p\u00ebrjetuar emocione reale dhe gj\u00ebra q\u00eb po kam frik\u00eb t\u2019i vazhdoj.<\/em><\/p>\n\n\n\n<p>Erjona e pyeti n\u00ebse ka r\u00ebn\u00eb n\u00eb dashuri dhe Redoni u p\u00ebrgjigj duke th\u00ebn\u00eb:<\/p>\n\n\n\n<p><em>Nuk e di n\u00ebse \u00ebsht\u00eb dashuri, nuk e di \u00e7far\u00eb \u00ebsht\u00eb.<\/em><\/p>\n\n\n\n<p>Do ta pres\u00eb ai Eglin kur t\u00eb dal\u00eb nga sht\u00ebpia?<\/p>\n\n\n\n<p><em>Patjet\u00ebr q\u00eb do e pres.<\/em><\/p>\n\n\n\n<p>M\u00eb tej ai shtoi se:<\/p>\n\n\n\n<p>Un\u00eb e kam nj\u00eb simpati p\u00ebr at\u00eb fem\u00ebr q\u00eb nuk ma heq dot njeri prej mendjes. \u00cbsht\u00eb shum\u00eb speciale p\u00ebr mua dhe kam qejf t\u00eb jet\u00eb me mua.<\/p>\n\n\n\n<p>Nd\u00ebr t\u00eb tjera Redoni tregoi se nuk \u00ebsht\u00eb fare xheloz p\u00ebr Xumin.<\/p>\n","protected":false},"excerpt":{"rendered":"<p>I ftuar n\u00eb emisionin \u201cS\u2019e Luan Topi\u201d me Erjona Rusin n\u00eb Top Channel ka qen\u00eb ish-banori i edicionit t\u00eb kat\u00ebrt t\u00eb Big Brother VIP. Redon Berani shprehu hapur ndjenjat p\u00ebr Egli Takon. T\u00eb tregohem realist. Un\u00eb aty hyra p\u00ebr t\u00eb b\u00ebr\u00eb loj\u00eb, ka qen\u00eb vendi i fundit q\u00eb kam pritur se mund t\u00eb ndjej\u00eb di\u00e7ka [&hellip;]<\/p>\n","protected":false},"author":2,"featured_media":54013,"comment_status":"open","ping_status":"open","sticky":false,"template":"","format":"standard","meta":{"footnotes":""},"categories":[33],"tags":[],"class_list":{"0":"post-54014","1":"post","2":"type-post","3":"status-publish","4":"format-standard","5":"has-post-thumbnail","7":"category-showbiz"},"yoast_head":"<!-- This site is optimized with the Yoast SEO plugin v27.4 - https:\/\/yoast.com\/product\/yoast-seo-wordpress\/ -->\n<title>&quot;Po e pres Eglin kur t\u00eb dal\u00eb&quot;\/ Redoni i vendosur: Kam d\u00ebshir\u00eb t\u00eb jet\u00eb me mua - blogin.al<\/title>\n<meta name=\"robots\" content=\"index, follow, max-snippet:-1, max-image-preview:large, max-video-preview:-1\" \/>\n<link rel=\"canonical\" href=\"https:\/\/blogin.al\/?p=54014\" \/>\n<meta property=\"og:locale\" content=\"en_US\" \/>\n<meta property=\"og:type\" content=\"article\" \/>\n<meta property=\"og:title\" content=\"&quot;Po e pres Eglin kur t\u00eb dal\u00eb&quot;\/ Redoni i vendosur: Kam d\u00ebshir\u00eb t\u00eb jet\u00eb me mua - blogin.al\" \/>\n<meta property=\"og:description\" content=\"I ftuar n\u00eb emisionin \u201cS\u2019e Luan Topi\u201d me Erjona Rusin n\u00eb Top Channel ka qen\u00eb ish-banori i edicionit t\u00eb kat\u00ebrt t\u00eb Big Brother VIP. Redon Berani shprehu hapur ndjenjat p\u00ebr Egli Takon. T\u00eb tregohem realist. Un\u00eb aty hyra p\u00ebr t\u00eb b\u00ebr\u00eb loj\u00eb, ka qen\u00eb vendi i fundit q\u00eb kam pritur se mund t\u00eb ndjej\u00eb di\u00e7ka [&hellip;]\" \/>\n<meta property=\"og:url\" content=\"https:\/\/blogin.al\/?p=54014\" \/>\n<meta property=\"og:site_name\" content=\"blogin.al\" \/>\n<meta property=\"article:published_time\" content=\"2025-01-12T08:22:59+00:00\" \/>\n<meta property=\"og:image\" content=\"https:\/\/blogin.al\/wp-content\/uploads\/2025\/01\/462645299_1275333103775142_2747860317097063975_n-1.jpg\" \/>\n\t<meta property=\"og:image:width\" content=\"828\" \/>\n\t<meta property=\"og:image:height\" content=\"460\" \/>\n\t<meta property=\"og:image:type\" content=\"image\/jpeg\" \/>\n<meta name=\"author\" content=\"Blogin al\" \/>\n<meta name=\"twitter:card\" content=\"summary_large_image\" \/>\n<meta name=\"twitter:label1\" content=\"Written by\" \/>\n\t<meta name=\"twitter:data1\" content=\"Blogin al\" \/>\n\t<meta name=\"twitter:label2\" content=\"Est. reading time\" \/>\n\t<meta name=\"twitter:data2\" content=\"2 minutes\" \/>\n<script type=\"application\/ld+json\" class=\"yoast-schema-graph\">{\"@context\":\"https:\\\/\\\/schema.org\",\"@graph\":[{\"@type\":\"Article\",\"@id\":\"https:\\\/\\\/blogin.al\\\/?p=54014#article\",\"isPartOf\":{\"@id\":\"https:\\\/\\\/blogin.al\\\/?p=54014\"},\"author\":{\"name\":\"Blogin al\",\"@id\":\"https:\\\/\\\/blogin.al\\\/#\\\/schema\\\/person\\\/abdd56bc912cd511db877b852b115399\"},\"headline\":\"&#8220;Po e pres Eglin kur t\u00eb dal\u00eb&#8221;\\\/ Redoni i vendosur: Kam d\u00ebshir\u00eb t\u00eb jet\u00eb me mua\",\"datePublished\":\"2025-01-12T08:22:59+00:00\",\"mainEntityOfPage\":{\"@id\":\"https:\\\/\\\/blogin.al\\\/?p=54014\"},\"wordCount\":369,\"commentCount\":0,\"publisher\":{\"@id\":\"https:\\\/\\\/blogin.al\\\/#organization\"},\"image\":{\"@id\":\"https:\\\/\\\/blogin.al\\\/?p=54014#primaryimage\"},\"thumbnailUrl\":\"https:\\\/\\\/blogin.al\\\/wp-content\\\/uploads\\\/2025\\\/01\\\/462645299_1275333103775142_2747860317097063975_n-1.jpg\",\"articleSection\":[\"SHOWBIZ\"],\"inLanguage\":\"en-US\",\"potentialAction\":[{\"@type\":\"CommentAction\",\"name\":\"Comment\",\"target\":[\"https:\\\/\\\/blogin.al\\\/?p=54014#respond\"]}]},{\"@type\":\"WebPage\",\"@id\":\"https:\\\/\\\/blogin.al\\\/?p=54014\",\"url\":\"https:\\\/\\\/blogin.al\\\/?p=54014\",\"name\":\"\\\"Po e pres Eglin kur t\u00eb dal\u00eb\\\"\\\/ Redoni i vendosur: Kam d\u00ebshir\u00eb t\u00eb jet\u00eb me mua - blogin.al\",\"isPartOf\":{\"@id\":\"https:\\\/\\\/blogin.al\\\/#website\"},\"primaryImageOfPage\":{\"@id\":\"https:\\\/\\\/blogin.al\\\/?p=54014#primaryimage\"},\"image\":{\"@id\":\"https:\\\/\\\/blogin.al\\\/?p=54014#primaryimage\"},\"thumbnailUrl\":\"https:\\\/\\\/blogin.al\\\/wp-content\\\/uploads\\\/2025\\\/01\\\/462645299_1275333103775142_2747860317097063975_n-1.jpg\",\"datePublished\":\"2025-01-12T08:22:59+00:00\",\"breadcrumb\":{\"@id\":\"https:\\\/\\\/blogin.al\\\/?p=54014#breadcrumb\"},\"inLanguage\":\"en-US\",\"potentialAction\":[{\"@type\":\"ReadAction\",\"target\":[\"https:\\\/\\\/blogin.al\\\/?p=54014\"]}]},{\"@type\":\"ImageObject\",\"inLanguage\":\"en-US\",\"@id\":\"https:\\\/\\\/blogin.al\\\/?p=54014#primaryimage\",\"url\":\"https:\\\/\\\/blogin.al\\\/wp-content\\\/uploads\\\/2025\\\/01\\\/462645299_1275333103775142_2747860317097063975_n-1.jpg\",\"contentUrl\":\"https:\\\/\\\/blogin.al\\\/wp-content\\\/uploads\\\/2025\\\/01\\\/462645299_1275333103775142_2747860317097063975_n-1.jpg\",\"width\":828,\"height\":460},{\"@type\":\"BreadcrumbList\",\"@id\":\"https:\\\/\\\/blogin.al\\\/?p=54014#breadcrumb\",\"itemListElement\":[{\"@type\":\"ListItem\",\"position\":1,\"name\":\"Home\",\"item\":\"https:\\\/\\\/blogin.al\\\/\"},{\"@type\":\"ListItem\",\"position\":2,\"name\":\"&#8220;Po e pres Eglin kur t\u00eb dal\u00eb&#8221;\\\/ Redoni i vendosur: Kam d\u00ebshir\u00eb t\u00eb jet\u00eb me mua\"}]},{\"@type\":\"WebSite\",\"@id\":\"https:\\\/\\\/blogin.al\\\/#website\",\"url\":\"https:\\\/\\\/blogin.al\\\/\",\"name\":\"blogin.al\",\"description\":\"\",\"publisher\":{\"@id\":\"https:\\\/\\\/blogin.al\\\/#organization\"},\"potentialAction\":[{\"@type\":\"SearchAction\",\"target\":{\"@type\":\"EntryPoint\",\"urlTemplate\":\"https:\\\/\\\/blogin.al\\\/?s={search_term_string}\"},\"query-input\":{\"@type\":\"PropertyValueSpecification\",\"valueRequired\":true,\"valueName\":\"search_term_string\"}}],\"inLanguage\":\"en-US\"},{\"@type\":\"Organization\",\"@id\":\"https:\\\/\\\/blogin.al\\\/#organization\",\"name\":\"BLOGIN.al\",\"url\":\"https:\\\/\\\/blogin.al\\\/\",\"logo\":{\"@type\":\"ImageObject\",\"inLanguage\":\"en-US\",\"@id\":\"https:\\\/\\\/blogin.al\\\/#\\\/schema\\\/logo\\\/image\\\/\",\"url\":\"https:\\\/\\\/blogin.al\\\/wp-content\\\/uploads\\\/2022\\\/05\\\/Untitled-2-01-e1652084456514.png\",\"contentUrl\":\"https:\\\/\\\/blogin.al\\\/wp-content\\\/uploads\\\/2022\\\/05\\\/Untitled-2-01-e1652084456514.png\",\"width\":3723,\"height\":1698,\"caption\":\"BLOGIN.al\"},\"image\":{\"@id\":\"https:\\\/\\\/blogin.al\\\/#\\\/schema\\\/logo\\\/image\\\/\"},\"sameAs\":[\"https:\\\/\\\/instagram.com\\\/blogin.al\\\/\"]},{\"@type\":\"Person\",\"@id\":\"https:\\\/\\\/blogin.al\\\/#\\\/schema\\\/person\\\/abdd56bc912cd511db877b852b115399\",\"name\":\"Blogin al\",\"image\":{\"@type\":\"ImageObject\",\"inLanguage\":\"en-US\",\"@id\":\"https:\\\/\\\/secure.gravatar.com\\\/avatar\\\/60d5661aee6e835fb13dc75d2204cd0c1d61bef2efd137c0083e59ef831e235e?s=96&d=mm&r=g\",\"url\":\"https:\\\/\\\/secure.gravatar.com\\\/avatar\\\/60d5661aee6e835fb13dc75d2204cd0c1d61bef2efd137c0083e59ef831e235e?s=96&d=mm&r=g\",\"contentUrl\":\"https:\\\/\\\/secure.gravatar.com\\\/avatar\\\/60d5661aee6e835fb13dc75d2204cd0c1d61bef2efd137c0083e59ef831e235e?s=96&d=mm&r=g\",\"caption\":\"Blogin al\"},\"sameAs\":[\"https:\\\/\\\/blogin.al\"],\"url\":\"https:\\\/\\\/blogin.al\\\/?author=2\"}]}<\/script>\n<!-- \/ Yoast SEO plugin. -->","yoast_head_json":{"title":"\"Po e pres Eglin kur t\u00eb dal\u00eb\"\/ Redoni i vendosur: Kam d\u00ebshir\u00eb t\u00eb jet\u00eb me mua - blogin.al","robots":{"index":"index","follow":"follow","max-snippet":"max-snippet:-1","max-image-preview":"max-image-preview:large","max-video-preview":"max-video-preview:-1"},"canonical":"https:\/\/blogin.al\/?p=54014","og_locale":"en_US","og_type":"article","og_title":"\"Po e pres Eglin kur t\u00eb dal\u00eb\"\/ Redoni i vendosur: Kam d\u00ebshir\u00eb t\u00eb jet\u00eb me mua - blogin.al","og_description":"I ftuar n\u00eb emisionin \u201cS\u2019e Luan Topi\u201d me Erjona Rusin n\u00eb Top Channel ka qen\u00eb ish-banori i edicionit t\u00eb kat\u00ebrt t\u00eb Big Brother VIP. Redon Berani shprehu hapur ndjenjat p\u00ebr Egli Takon. T\u00eb tregohem realist. Un\u00eb aty hyra p\u00ebr t\u00eb b\u00ebr\u00eb loj\u00eb, ka qen\u00eb vendi i fundit q\u00eb kam pritur se mund t\u00eb ndjej\u00eb di\u00e7ka [&hellip;]","og_url":"https:\/\/blogin.al\/?p=54014","og_site_name":"blogin.al","article_published_time":"2025-01-12T08:22:59+00:00","og_image":[{"width":828,"height":460,"url":"https:\/\/blogin.al\/wp-content\/uploads\/2025\/01\/462645299_1275333103775142_2747860317097063975_n-1.jpg","type":"image\/jpeg"}],"author":"Blogin al","twitter_card":"summary_large_image","twitter_misc":{"Written by":"Blogin al","Est. reading time":"2 minutes"},"schema":{"@context":"https:\/\/schema.org","@graph":[{"@type":"Article","@id":"https:\/\/blogin.al\/?p=54014#article","isPartOf":{"@id":"https:\/\/blogin.al\/?p=54014"},"author":{"name":"Blogin al","@id":"https:\/\/blogin.al\/#\/schema\/person\/abdd56bc912cd511db877b852b115399"},"headline":"&#8220;Po e pres Eglin kur t\u00eb dal\u00eb&#8221;\/ Redoni i vendosur: Kam d\u00ebshir\u00eb t\u00eb jet\u00eb me mua","datePublished":"2025-01-12T08:22:59+00:00","mainEntityOfPage":{"@id":"https:\/\/blogin.al\/?p=54014"},"wordCount":369,"commentCount":0,"publisher":{"@id":"https:\/\/blogin.al\/#organization"},"image":{"@id":"https:\/\/blogin.al\/?p=54014#primaryimage"},"thumbnailUrl":"https:\/\/blogin.al\/wp-content\/uploads\/2025\/01\/462645299_1275333103775142_2747860317097063975_n-1.jpg","articleSection":["SHOWBIZ"],"inLanguage":"en-US","potentialAction":[{"@type":"CommentAction","name":"Comment","target":["https:\/\/blogin.al\/?p=54014#respond"]}]},{"@type":"WebPage","@id":"https:\/\/blogin.al\/?p=54014","url":"https:\/\/blogin.al\/?p=54014","name":"\"Po e pres Eglin kur t\u00eb dal\u00eb\"\/ Redoni i vendosur: Kam d\u00ebshir\u00eb t\u00eb jet\u00eb me mua - blogin.al","isPartOf":{"@id":"https:\/\/blogin.al\/#website"},"primaryImageOfPage":{"@id":"https:\/\/blogin.al\/?p=54014#primaryimage"},"image":{"@id":"https:\/\/blogin.al\/?p=54014#primaryimage"},"thumbnailUrl":"https:\/\/blogin.al\/wp-content\/uploads\/2025\/01\/462645299_1275333103775142_2747860317097063975_n-1.jpg","datePublished":"2025-01-12T08:22:59+00:00","breadcrumb":{"@id":"https:\/\/blogin.al\/?p=54014#breadcrumb"},"inLanguage":"en-US","potentialAction":[{"@type":"ReadAction","target":["https:\/\/blogin.al\/?p=54014"]}]},{"@type":"ImageObject","inLanguage":"en-US","@id":"https:\/\/blogin.al\/?p=54014#primaryimage","url":"https:\/\/blogin.al\/wp-content\/uploads\/2025\/01\/462645299_1275333103775142_2747860317097063975_n-1.jpg","contentUrl":"https:\/\/blogin.al\/wp-content\/uploads\/2025\/01\/462645299_1275333103775142_2747860317097063975_n-1.jpg","width":828,"height":460},{"@type":"BreadcrumbList","@id":"https:\/\/blogin.al\/?p=54014#breadcrumb","itemListElement":[{"@type":"ListItem","position":1,"name":"Home","item":"https:\/\/blogin.al\/"},{"@type":"ListItem","position":2,"name":"&#8220;Po e pres Eglin kur t\u00eb dal\u00eb&#8221;\/ Redoni i vendosur: Kam d\u00ebshir\u00eb t\u00eb jet\u00eb me mua"}]},{"@type":"WebSite","@id":"https:\/\/blogin.al\/#website","url":"https:\/\/blogin.al\/","name":"blogin.al","description":"","publisher":{"@id":"https:\/\/blogin.al\/#organization"},"potentialAction":[{"@type":"SearchAction","target":{"@type":"EntryPoint","urlTemplate":"https:\/\/blogin.al\/?s={search_term_string}"},"query-input":{"@type":"PropertyValueSpecification","valueRequired":true,"valueName":"search_term_string"}}],"inLanguage":"en-US"},{"@type":"Organization","@id":"https:\/\/blogin.al\/#organization","name":"BLOGIN.al","url":"https:\/\/blogin.al\/","logo":{"@type":"ImageObject","inLanguage":"en-US","@id":"https:\/\/blogin.al\/#\/schema\/logo\/image\/","url":"https:\/\/blogin.al\/wp-content\/uploads\/2022\/05\/Untitled-2-01-e1652084456514.png","contentUrl":"https:\/\/blogin.al\/wp-content\/uploads\/2022\/05\/Untitled-2-01-e1652084456514.png","width":3723,"height":1698,"caption":"BLOGIN.al"},"image":{"@id":"https:\/\/blogin.al\/#\/schema\/logo\/image\/"},"sameAs":["https:\/\/instagram.com\/blogin.al\/"]},{"@type":"Person","@id":"https:\/\/blogin.al\/#\/schema\/person\/abdd56bc912cd511db877b852b115399","name":"Blogin al","image":{"@type":"ImageObject","inLanguage":"en-US","@id":"https:\/\/secure.gravatar.com\/avatar\/60d5661aee6e835fb13dc75d2204cd0c1d61bef2efd137c0083e59ef831e235e?s=96&d=mm&r=g","url":"https:\/\/secure.gravatar.com\/avatar\/60d5661aee6e835fb13dc75d2204cd0c1d61bef2efd137c0083e59ef831e235e?s=96&d=mm&r=g","contentUrl":"https:\/\/secure.gravatar.com\/avatar\/60d5661aee6e835fb13dc75d2204cd0c1d61bef2efd137c0083e59ef831e235e?s=96&d=mm&r=g","caption":"Blogin al"},"sameAs":["https:\/\/blogin.al"],"url":"https:\/\/blogin.al\/?author=2"}]}},"_links":{"self":[{"href":"https:\/\/blogin.al\/index.php?rest_route=\/wp\/v2\/posts\/54014","targetHints":{"allow":["GET"]}}],"collection":[{"href":"https:\/\/blogin.al\/index.php?rest_route=\/wp\/v2\/posts"}],"about":[{"href":"https:\/\/blogin.al\/index.php?rest_route=\/wp\/v2\/types\/post"}],"author":[{"embeddable":true,"href":"https:\/\/blogin.al\/index.php?rest_route=\/wp\/v2\/users\/2"}],"replies":[{"embeddable":true,"href":"https:\/\/blogin.al\/index.php?rest_route=%2Fwp%2Fv2%2Fcomments&post=54014"}],"version-history":[{"count":0,"href":"https:\/\/blogin.al\/index.php?rest_route=\/wp\/v2\/posts\/54014\/revisions"}],"wp:featuredmedia":[{"embeddable":true,"href":"https:\/\/blogin.al\/index.php?rest_route=\/wp\/v2\/media\/54013"}],"wp:attachment":[{"href":"https:\/\/blogin.al\/index.php?rest_route=%2Fwp%2Fv2%2Fmedia&parent=54014"}],"wp:term":[{"taxonomy":"category","embeddable":true,"href":"https:\/\/blogin.al\/index.php?rest_route=%2Fwp%2Fv2%2Fcategories&post=54014"},{"taxonomy":"post_tag","embeddable":true,"href":"https:\/\/blogin.al\/index.php?rest_route=%2Fwp%2Fv2%2Ftags&post=54014"}],"curies":[{"name":"wp","href":"https:\/\/api.w.org\/{rel}","templated":true}]}}