{"id":54019,"date":"2025-01-12T08:54:13","date_gmt":"2025-01-12T08:54:13","guid":{"rendered":"https:\/\/blogin.al\/arrestohet-djali-i-valbona-selimllarit\/"},"modified":"2025-01-12T08:54:13","modified_gmt":"2025-01-12T08:54:13","slug":"arrestohet-djali-i-valbona-selimllarit","status":"publish","type":"post","link":"https:\/\/blogin.al\/?p=54019","title":{"rendered":"Arrestohet djali i Valbona Selimllarit"},"content":{"rendered":"\n<p>Deni Selimllari, djali i Valbona Selimllari ka r\u00ebn\u00eb n\u00eb prangat e policis\u00eb. Arrestimi i tij \u00ebsht\u00eb b\u00ebr\u00eb n\u00eb Qerret t\u00eb Kavaj\u00ebs ku policia ka ushtruar kontroll n\u00eb banes\u00ebn ku po q\u00ebndronte.<\/p>\n\n\n\n<p>Report Tv raporton se arrestimi i tij u b\u00eb pas nj\u00eb denoncimi n\u00eb polici nga nj\u00eb person se Deni Selimllari s\u00eb bashk\u00eb me disa persona t\u00eb tjer\u00eb kishin vjedhur nj\u00eb or\u00eb. Por pas kontrollit n\u00eb banes\u00eb iu gjet nj\u00eb sasi kanabisi.<\/p>\n\n\n\n<p>Disa muaj m\u00eb par\u00eb, modelja Gloria Meshi konfirmoi lidhjen me Deni Selimllarin duke ndar\u00eb dhe detaje nga marr\u00ebdh\u00ebnia e saj me vjehrr\u00ebn, Valbona Selimllari.<\/p>\n\n\n\n<p>Gloria \u00ebsht\u00eb shprehur se shum\u00eb shpejt do t\u00eb ket\u00eb martes\u00eb, por fillimisht sipas saj duhet t\u00eb nd\u00ebrtojn\u00eb bazat p\u00ebr pun\u00eb, n\u00eb m\u00ebnyr\u00eb q\u00eb t\u00eb ken\u00eb gj\u00ebrat e sigurta n\u00eb t\u00eb ardhmen.<\/p>\n","protected":false},"excerpt":{"rendered":"<p>Deni Selimllari, djali i Valbona Selimllari ka r\u00ebn\u00eb n\u00eb prangat e policis\u00eb. Arrestimi i tij \u00ebsht\u00eb b\u00ebr\u00eb n\u00eb Qerret t\u00eb Kavaj\u00ebs ku policia ka ushtruar kontroll n\u00eb banes\u00ebn ku po q\u00ebndronte. Report Tv raporton se arrestimi i tij u b\u00eb pas nj\u00eb denoncimi n\u00eb polici nga nj\u00eb person se Deni Selimllari s\u00eb bashk\u00eb me disa [&hellip;]<\/p>\n","protected":false},"author":2,"featured_media":54018,"comment_status":"open","ping_status":"open","sticky":false,"template":"","format":"standard","meta":{"footnotes":""},"categories":[33],"tags":[],"class_list":{"0":"post-54019","1":"post","2":"type-post","3":"status-publish","4":"format-standard","5":"has-post-thumbnail","7":"category-showbiz"},"yoast_head":"<!-- This site is optimized with the Yoast SEO plugin v27.4 - https:\/\/yoast.com\/product\/yoast-seo-wordpress\/ -->\n<title>Arrestohet djali i Valbona Selimllarit - blogin.al<\/title>\n<meta name=\"robots\" content=\"index, follow, max-snippet:-1, max-image-preview:large, max-video-preview:-1\" \/>\n<link rel=\"canonical\" href=\"https:\/\/blogin.al\/?p=54019\" \/>\n<meta property=\"og:locale\" content=\"en_US\" \/>\n<meta property=\"og:type\" content=\"article\" \/>\n<meta property=\"og:title\" content=\"Arrestohet djali i Valbona Selimllarit - blogin.al\" \/>\n<meta property=\"og:description\" content=\"Deni Selimllari, djali i Valbona Selimllari ka r\u00ebn\u00eb n\u00eb prangat e policis\u00eb. Arrestimi i tij \u00ebsht\u00eb b\u00ebr\u00eb n\u00eb Qerret t\u00eb Kavaj\u00ebs ku policia ka ushtruar kontroll n\u00eb banes\u00ebn ku po q\u00ebndronte. Report Tv raporton se arrestimi i tij u b\u00eb pas nj\u00eb denoncimi n\u00eb polici nga nj\u00eb person se Deni Selimllari s\u00eb bashk\u00eb me disa [&hellip;]\" \/>\n<meta property=\"og:url\" content=\"https:\/\/blogin.al\/?p=54019\" \/>\n<meta property=\"og:site_name\" content=\"blogin.al\" \/>\n<meta property=\"article:published_time\" content=\"2025-01-12T08:54:13+00:00\" \/>\n<meta property=\"og:image\" content=\"https:\/\/blogin.al\/wp-content\/uploads\/2025\/01\/640-0-106884938d8945351665393593d33774.jpg\" \/>\n\t<meta property=\"og:image:width\" content=\"640\" \/>\n\t<meta property=\"og:image:height\" content=\"528\" \/>\n\t<meta property=\"og:image:type\" content=\"image\/jpeg\" \/>\n<meta name=\"author\" content=\"Blogin al\" \/>\n<meta name=\"twitter:card\" content=\"summary_large_image\" \/>\n<meta name=\"twitter:label1\" content=\"Written by\" \/>\n\t<meta name=\"twitter:data1\" content=\"Blogin al\" \/>\n\t<meta name=\"twitter:label2\" content=\"Est. reading time\" \/>\n\t<meta name=\"twitter:data2\" content=\"1 minute\" \/>\n<script type=\"application\/ld+json\" class=\"yoast-schema-graph\">{\"@context\":\"https:\\\/\\\/schema.org\",\"@graph\":[{\"@type\":\"Article\",\"@id\":\"https:\\\/\\\/blogin.al\\\/?p=54019#article\",\"isPartOf\":{\"@id\":\"https:\\\/\\\/blogin.al\\\/?p=54019\"},\"author\":{\"name\":\"Blogin al\",\"@id\":\"https:\\\/\\\/blogin.al\\\/#\\\/schema\\\/person\\\/abdd56bc912cd511db877b852b115399\"},\"headline\":\"Arrestohet djali i Valbona Selimllarit\",\"datePublished\":\"2025-01-12T08:54:13+00:00\",\"mainEntityOfPage\":{\"@id\":\"https:\\\/\\\/blogin.al\\\/?p=54019\"},\"wordCount\":144,\"commentCount\":0,\"publisher\":{\"@id\":\"https:\\\/\\\/blogin.al\\\/#organization\"},\"image\":{\"@id\":\"https:\\\/\\\/blogin.al\\\/?p=54019#primaryimage\"},\"thumbnailUrl\":\"https:\\\/\\\/blogin.al\\\/wp-content\\\/uploads\\\/2025\\\/01\\\/640-0-106884938d8945351665393593d33774.jpg\",\"articleSection\":[\"SHOWBIZ\"],\"inLanguage\":\"en-US\",\"potentialAction\":[{\"@type\":\"CommentAction\",\"name\":\"Comment\",\"target\":[\"https:\\\/\\\/blogin.al\\\/?p=54019#respond\"]}]},{\"@type\":\"WebPage\",\"@id\":\"https:\\\/\\\/blogin.al\\\/?p=54019\",\"url\":\"https:\\\/\\\/blogin.al\\\/?p=54019\",\"name\":\"Arrestohet djali i Valbona Selimllarit - blogin.al\",\"isPartOf\":{\"@id\":\"https:\\\/\\\/blogin.al\\\/#website\"},\"primaryImageOfPage\":{\"@id\":\"https:\\\/\\\/blogin.al\\\/?p=54019#primaryimage\"},\"image\":{\"@id\":\"https:\\\/\\\/blogin.al\\\/?p=54019#primaryimage\"},\"thumbnailUrl\":\"https:\\\/\\\/blogin.al\\\/wp-content\\\/uploads\\\/2025\\\/01\\\/640-0-106884938d8945351665393593d33774.jpg\",\"datePublished\":\"2025-01-12T08:54:13+00:00\",\"breadcrumb\":{\"@id\":\"https:\\\/\\\/blogin.al\\\/?p=54019#breadcrumb\"},\"inLanguage\":\"en-US\",\"potentialAction\":[{\"@type\":\"ReadAction\",\"target\":[\"https:\\\/\\\/blogin.al\\\/?p=54019\"]}]},{\"@type\":\"ImageObject\",\"inLanguage\":\"en-US\",\"@id\":\"https:\\\/\\\/blogin.al\\\/?p=54019#primaryimage\",\"url\":\"https:\\\/\\\/blogin.al\\\/wp-content\\\/uploads\\\/2025\\\/01\\\/640-0-106884938d8945351665393593d33774.jpg\",\"contentUrl\":\"https:\\\/\\\/blogin.al\\\/wp-content\\\/uploads\\\/2025\\\/01\\\/640-0-106884938d8945351665393593d33774.jpg\",\"width\":640,\"height\":528},{\"@type\":\"BreadcrumbList\",\"@id\":\"https:\\\/\\\/blogin.al\\\/?p=54019#breadcrumb\",\"itemListElement\":[{\"@type\":\"ListItem\",\"position\":1,\"name\":\"Home\",\"item\":\"https:\\\/\\\/blogin.al\\\/\"},{\"@type\":\"ListItem\",\"position\":2,\"name\":\"Arrestohet djali i Valbona Selimllarit\"}]},{\"@type\":\"WebSite\",\"@id\":\"https:\\\/\\\/blogin.al\\\/#website\",\"url\":\"https:\\\/\\\/blogin.al\\\/\",\"name\":\"blogin.al\",\"description\":\"\",\"publisher\":{\"@id\":\"https:\\\/\\\/blogin.al\\\/#organization\"},\"potentialAction\":[{\"@type\":\"SearchAction\",\"target\":{\"@type\":\"EntryPoint\",\"urlTemplate\":\"https:\\\/\\\/blogin.al\\\/?s={search_term_string}\"},\"query-input\":{\"@type\":\"PropertyValueSpecification\",\"valueRequired\":true,\"valueName\":\"search_term_string\"}}],\"inLanguage\":\"en-US\"},{\"@type\":\"Organization\",\"@id\":\"https:\\\/\\\/blogin.al\\\/#organization\",\"name\":\"BLOGIN.al\",\"url\":\"https:\\\/\\\/blogin.al\\\/\",\"logo\":{\"@type\":\"ImageObject\",\"inLanguage\":\"en-US\",\"@id\":\"https:\\\/\\\/blogin.al\\\/#\\\/schema\\\/logo\\\/image\\\/\",\"url\":\"https:\\\/\\\/blogin.al\\\/wp-content\\\/uploads\\\/2022\\\/05\\\/Untitled-2-01-e1652084456514.png\",\"contentUrl\":\"https:\\\/\\\/blogin.al\\\/wp-content\\\/uploads\\\/2022\\\/05\\\/Untitled-2-01-e1652084456514.png\",\"width\":3723,\"height\":1698,\"caption\":\"BLOGIN.al\"},\"image\":{\"@id\":\"https:\\\/\\\/blogin.al\\\/#\\\/schema\\\/logo\\\/image\\\/\"},\"sameAs\":[\"https:\\\/\\\/instagram.com\\\/blogin.al\\\/\"]},{\"@type\":\"Person\",\"@id\":\"https:\\\/\\\/blogin.al\\\/#\\\/schema\\\/person\\\/abdd56bc912cd511db877b852b115399\",\"name\":\"Blogin al\",\"image\":{\"@type\":\"ImageObject\",\"inLanguage\":\"en-US\",\"@id\":\"https:\\\/\\\/secure.gravatar.com\\\/avatar\\\/60d5661aee6e835fb13dc75d2204cd0c1d61bef2efd137c0083e59ef831e235e?s=96&d=mm&r=g\",\"url\":\"https:\\\/\\\/secure.gravatar.com\\\/avatar\\\/60d5661aee6e835fb13dc75d2204cd0c1d61bef2efd137c0083e59ef831e235e?s=96&d=mm&r=g\",\"contentUrl\":\"https:\\\/\\\/secure.gravatar.com\\\/avatar\\\/60d5661aee6e835fb13dc75d2204cd0c1d61bef2efd137c0083e59ef831e235e?s=96&d=mm&r=g\",\"caption\":\"Blogin al\"},\"sameAs\":[\"https:\\\/\\\/blogin.al\"],\"url\":\"https:\\\/\\\/blogin.al\\\/?author=2\"}]}<\/script>\n<!-- \/ Yoast SEO plugin. -->","yoast_head_json":{"title":"Arrestohet djali i Valbona Selimllarit - blogin.al","robots":{"index":"index","follow":"follow","max-snippet":"max-snippet:-1","max-image-preview":"max-image-preview:large","max-video-preview":"max-video-preview:-1"},"canonical":"https:\/\/blogin.al\/?p=54019","og_locale":"en_US","og_type":"article","og_title":"Arrestohet djali i Valbona Selimllarit - blogin.al","og_description":"Deni Selimllari, djali i Valbona Selimllari ka r\u00ebn\u00eb n\u00eb prangat e policis\u00eb. Arrestimi i tij \u00ebsht\u00eb b\u00ebr\u00eb n\u00eb Qerret t\u00eb Kavaj\u00ebs ku policia ka ushtruar kontroll n\u00eb banes\u00ebn ku po q\u00ebndronte. Report Tv raporton se arrestimi i tij u b\u00eb pas nj\u00eb denoncimi n\u00eb polici nga nj\u00eb person se Deni Selimllari s\u00eb bashk\u00eb me disa [&hellip;]","og_url":"https:\/\/blogin.al\/?p=54019","og_site_name":"blogin.al","article_published_time":"2025-01-12T08:54:13+00:00","og_image":[{"width":640,"height":528,"url":"https:\/\/blogin.al\/wp-content\/uploads\/2025\/01\/640-0-106884938d8945351665393593d33774.jpg","type":"image\/jpeg"}],"author":"Blogin al","twitter_card":"summary_large_image","twitter_misc":{"Written by":"Blogin al","Est. reading time":"1 minute"},"schema":{"@context":"https:\/\/schema.org","@graph":[{"@type":"Article","@id":"https:\/\/blogin.al\/?p=54019#article","isPartOf":{"@id":"https:\/\/blogin.al\/?p=54019"},"author":{"name":"Blogin al","@id":"https:\/\/blogin.al\/#\/schema\/person\/abdd56bc912cd511db877b852b115399"},"headline":"Arrestohet djali i Valbona Selimllarit","datePublished":"2025-01-12T08:54:13+00:00","mainEntityOfPage":{"@id":"https:\/\/blogin.al\/?p=54019"},"wordCount":144,"commentCount":0,"publisher":{"@id":"https:\/\/blogin.al\/#organization"},"image":{"@id":"https:\/\/blogin.al\/?p=54019#primaryimage"},"thumbnailUrl":"https:\/\/blogin.al\/wp-content\/uploads\/2025\/01\/640-0-106884938d8945351665393593d33774.jpg","articleSection":["SHOWBIZ"],"inLanguage":"en-US","potentialAction":[{"@type":"CommentAction","name":"Comment","target":["https:\/\/blogin.al\/?p=54019#respond"]}]},{"@type":"WebPage","@id":"https:\/\/blogin.al\/?p=54019","url":"https:\/\/blogin.al\/?p=54019","name":"Arrestohet djali i Valbona Selimllarit - blogin.al","isPartOf":{"@id":"https:\/\/blogin.al\/#website"},"primaryImageOfPage":{"@id":"https:\/\/blogin.al\/?p=54019#primaryimage"},"image":{"@id":"https:\/\/blogin.al\/?p=54019#primaryimage"},"thumbnailUrl":"https:\/\/blogin.al\/wp-content\/uploads\/2025\/01\/640-0-106884938d8945351665393593d33774.jpg","datePublished":"2025-01-12T08:54:13+00:00","breadcrumb":{"@id":"https:\/\/blogin.al\/?p=54019#breadcrumb"},"inLanguage":"en-US","potentialAction":[{"@type":"ReadAction","target":["https:\/\/blogin.al\/?p=54019"]}]},{"@type":"ImageObject","inLanguage":"en-US","@id":"https:\/\/blogin.al\/?p=54019#primaryimage","url":"https:\/\/blogin.al\/wp-content\/uploads\/2025\/01\/640-0-106884938d8945351665393593d33774.jpg","contentUrl":"https:\/\/blogin.al\/wp-content\/uploads\/2025\/01\/640-0-106884938d8945351665393593d33774.jpg","width":640,"height":528},{"@type":"BreadcrumbList","@id":"https:\/\/blogin.al\/?p=54019#breadcrumb","itemListElement":[{"@type":"ListItem","position":1,"name":"Home","item":"https:\/\/blogin.al\/"},{"@type":"ListItem","position":2,"name":"Arrestohet djali i Valbona Selimllarit"}]},{"@type":"WebSite","@id":"https:\/\/blogin.al\/#website","url":"https:\/\/blogin.al\/","name":"blogin.al","description":"","publisher":{"@id":"https:\/\/blogin.al\/#organization"},"potentialAction":[{"@type":"SearchAction","target":{"@type":"EntryPoint","urlTemplate":"https:\/\/blogin.al\/?s={search_term_string}"},"query-input":{"@type":"PropertyValueSpecification","valueRequired":true,"valueName":"search_term_string"}}],"inLanguage":"en-US"},{"@type":"Organization","@id":"https:\/\/blogin.al\/#organization","name":"BLOGIN.al","url":"https:\/\/blogin.al\/","logo":{"@type":"ImageObject","inLanguage":"en-US","@id":"https:\/\/blogin.al\/#\/schema\/logo\/image\/","url":"https:\/\/blogin.al\/wp-content\/uploads\/2022\/05\/Untitled-2-01-e1652084456514.png","contentUrl":"https:\/\/blogin.al\/wp-content\/uploads\/2022\/05\/Untitled-2-01-e1652084456514.png","width":3723,"height":1698,"caption":"BLOGIN.al"},"image":{"@id":"https:\/\/blogin.al\/#\/schema\/logo\/image\/"},"sameAs":["https:\/\/instagram.com\/blogin.al\/"]},{"@type":"Person","@id":"https:\/\/blogin.al\/#\/schema\/person\/abdd56bc912cd511db877b852b115399","name":"Blogin al","image":{"@type":"ImageObject","inLanguage":"en-US","@id":"https:\/\/secure.gravatar.com\/avatar\/60d5661aee6e835fb13dc75d2204cd0c1d61bef2efd137c0083e59ef831e235e?s=96&d=mm&r=g","url":"https:\/\/secure.gravatar.com\/avatar\/60d5661aee6e835fb13dc75d2204cd0c1d61bef2efd137c0083e59ef831e235e?s=96&d=mm&r=g","contentUrl":"https:\/\/secure.gravatar.com\/avatar\/60d5661aee6e835fb13dc75d2204cd0c1d61bef2efd137c0083e59ef831e235e?s=96&d=mm&r=g","caption":"Blogin al"},"sameAs":["https:\/\/blogin.al"],"url":"https:\/\/blogin.al\/?author=2"}]}},"_links":{"self":[{"href":"https:\/\/blogin.al\/index.php?rest_route=\/wp\/v2\/posts\/54019","targetHints":{"allow":["GET"]}}],"collection":[{"href":"https:\/\/blogin.al\/index.php?rest_route=\/wp\/v2\/posts"}],"about":[{"href":"https:\/\/blogin.al\/index.php?rest_route=\/wp\/v2\/types\/post"}],"author":[{"embeddable":true,"href":"https:\/\/blogin.al\/index.php?rest_route=\/wp\/v2\/users\/2"}],"replies":[{"embeddable":true,"href":"https:\/\/blogin.al\/index.php?rest_route=%2Fwp%2Fv2%2Fcomments&post=54019"}],"version-history":[{"count":0,"href":"https:\/\/blogin.al\/index.php?rest_route=\/wp\/v2\/posts\/54019\/revisions"}],"wp:featuredmedia":[{"embeddable":true,"href":"https:\/\/blogin.al\/index.php?rest_route=\/wp\/v2\/media\/54018"}],"wp:attachment":[{"href":"https:\/\/blogin.al\/index.php?rest_route=%2Fwp%2Fv2%2Fmedia&parent=54019"}],"wp:term":[{"taxonomy":"category","embeddable":true,"href":"https:\/\/blogin.al\/index.php?rest_route=%2Fwp%2Fv2%2Fcategories&post=54019"},{"taxonomy":"post_tag","embeddable":true,"href":"https:\/\/blogin.al\/index.php?rest_route=%2Fwp%2Fv2%2Ftags&post=54019"}],"curies":[{"name":"wp","href":"https:\/\/api.w.org\/{rel}","templated":true}]}}