{"id":54030,"date":"2025-01-12T11:25:01","date_gmt":"2025-01-12T11:25:01","guid":{"rendered":"https:\/\/blogin.al\/aman-per-ate-zot-xumi-vijon-te-shprehe-pelqimin-egli-e-bezdisur-une-di-se-kam-folur-me-nje-burre-31-vjecar\/"},"modified":"2025-01-12T11:25:01","modified_gmt":"2025-01-12T11:25:01","slug":"aman-per-ate-zot-xumi-vijon-te-shprehe-pelqimin-egli-e-bezdisur-une-di-se-kam-folur-me-nje-burre-31-vjecar","status":"publish","type":"post","link":"https:\/\/blogin.al\/?p=54030","title":{"rendered":"\u201cAman p\u00ebr at\u00eb Zot\u2026\u201d\/ Xumi vijon t\u00eb shpreh\u00eb p\u00eblqimin, Egli e bezdisur: Un\u00eb di se kam folur me nj\u00eb burr\u00eb 31-vje\u00e7ar\u2026"},"content":{"rendered":"\n<p>Xumi vijon t\u00eb shpreh p\u00eblqimin p\u00ebr Eglin, pavar\u00ebsisht se banorja ja ka b\u00ebr\u00eb t\u00eb qart\u00eb se nuk do t\u00eb ket\u00eb asgj\u00eb t\u00eb b\u00ebj\u00eb me t\u00eb.<\/p>\n\n\n\n<p>E irrituar pasi duket se fjal\u00ebt e saj kan\u00eb r\u00ebn\u00eb n\u00eb vesh t\u00eb shurdh\u00ebr, Egli ka vijuar t\u00eb p\u00ebrs\u00ebris\u00eb veten duke theksuar se nuk ndihet komfort nga sjellja e Xumit. Sipas Eglit, ato \u00e7\u2019ka thot\u00eb Xumi jan\u00eb t\u00eb pap\u00ebrshtatshme p\u00ebr t\u2019u d\u00ebgjuar.<\/p>\n\n\n\n<p><strong>Xumi:<\/strong>\u00a0Jam pak m\u00eb mir\u00eb, n\u00eb momentin kur m\u00eb vinte G-Bani p\u00ebr t\u00eb m\u00eb par\u00eb si isha, thosha me vete ishalla sh\u00ebrohem nes\u00ebr, kur m\u00eb vinte Egli isha qenka mir\u00eb t\u00eb rri nja nj\u00eb jav\u00eb k\u00ebshtu.<\/p>\n\n\n\n<p><strong>Egli:<\/strong>&nbsp;Aman o Xumi t\u00eb lutem, p\u00ebr at\u00eb Zot.<\/p>\n\n\n\n<p><strong>G-Bani:<\/strong>&nbsp;Sjellja e Xumit ndaj Eglit \u00ebsht\u00eb sjellja m\u00eb shembullore q\u00eb mund t\u00eb ket\u00eb nj\u00eb mashkull ndaj femr\u00ebs s\u00eb p\u00eblqen.<\/p>\n\n\n\n<p><strong>Egli:<\/strong>\u00a0Po mor G-Ban, por jo kur femra nuk ndihet komfort nga sjellja e tij.<\/p>\n\n\n\n<p><strong>G-Bani:<\/strong>&nbsp;Edhe ai ka mbajtur distanc\u00ebn e duhur\u2026<\/p>\n\n\n\n<p><strong>Egli:<\/strong>&nbsp;Po un\u00eb kam k\u00ebrkuar mir\u00ebkuptim dhe di se kam folur me nj\u00eb burr\u00eb 31-vje\u00e7ar, si mund ta quash shembull kur un\u00eb vijoj t\u00eb ndjehem e bezdisur nga kjo gj\u00eb dhe ai vijon? Pavar\u00ebsisht se indicia \u00ebsht\u00eb e mir\u00eb dhe un\u00eb e respektoj k\u00ebt\u00eb\u2026<\/p>\n\n\n\n<p><strong>Xumi:<\/strong>\u00a0Un\u00eb n\u00eb asnj\u00eb moment nuk jam treguar i bezdisur dhe m\u00eb vjen keq p\u00ebr k\u00ebt\u00eb lloj gj\u00ebje\u2026<\/p>\n\n\n\n<p><strong>Egli:<\/strong>&nbsp;Fjal\u00ebt q\u00eb thua Xumi jan\u00eb t\u00eb pap\u00ebrshtatshme p\u00ebr t\u2019u d\u00ebgjuar.<\/p>\n\n\n\n<p><strong>Ledioni:<\/strong>&nbsp;O Egli, po ti mendon se zemra komandohet?<\/p>\n\n\n\n<p><strong>Egli:<\/strong>&nbsp;Jo, absolutisht. Un\u00eb e kam b\u00ebr\u00eb k\u00ebt\u00eb bised\u00eb me Xumin dhe madje e kam b\u00ebr\u00eb k\u00ebt\u00eb bised\u00eb me Xumin. Kemi qen\u00eb jasht\u00eb dhe i kam th\u00ebn\u00eb ndihem keq p\u00ebr ty dhe p\u00ebr veten q\u00eb ndodhem n\u00eb k\u00ebt\u00eb situat\u00eb. Jam empatike sepse mund t\u00eb m\u00eb ket\u00eb ndodhur edhe mua t\u00eb kem pasur nj\u00eb p\u00eblqim p\u00ebr dik\u00eb dhe t\u00eb mos t\u00eb ma ket\u00eb kthyer, por n\u00ebse ai vazhdon me k\u00ebto batuta dhe ujis\u00eb k\u00ebt\u00eb lule q\u00eb ka mbjell\u00eb, do t\u00eb b\u00ebhet pem\u00eb dhe do t\u00eb dal\u00eb nga koka\u2026<\/p>\n\n\n\n<p><strong>Ledioni:<\/strong>&nbsp;Po si ta kontrolloj\u00eb ai kur t\u00eb sheh gjith\u00eb koh\u00ebn n\u00eb sht\u00ebpi dhe ka nj\u00eb p\u00eblqim p\u00ebr ty?<\/p>\n","protected":false},"excerpt":{"rendered":"<p>Xumi vijon t\u00eb shpreh p\u00eblqimin p\u00ebr Eglin, pavar\u00ebsisht se banorja ja ka b\u00ebr\u00eb t\u00eb qart\u00eb se nuk do t\u00eb ket\u00eb asgj\u00eb t\u00eb b\u00ebj\u00eb me t\u00eb. E irrituar pasi duket se fjal\u00ebt e saj kan\u00eb r\u00ebn\u00eb n\u00eb vesh t\u00eb shurdh\u00ebr, Egli ka vijuar t\u00eb p\u00ebrs\u00ebris\u00eb veten duke theksuar se nuk ndihet komfort nga sjellja e Xumit. [&hellip;]<\/p>\n","protected":false},"author":2,"featured_media":54029,"comment_status":"open","ping_status":"open","sticky":false,"template":"","format":"standard","meta":{"footnotes":""},"categories":[33],"tags":[],"class_list":{"0":"post-54030","1":"post","2":"type-post","3":"status-publish","4":"format-standard","5":"has-post-thumbnail","7":"category-showbiz"},"yoast_head":"<!-- This site is optimized with the Yoast SEO plugin v27.4 - https:\/\/yoast.com\/product\/yoast-seo-wordpress\/ -->\n<title>\u201cAman p\u00ebr at\u00eb Zot\u2026\u201d\/ Xumi vijon t\u00eb shpreh\u00eb p\u00eblqimin, Egli e bezdisur: Un\u00eb di se kam folur me nj\u00eb burr\u00eb 31-vje\u00e7ar\u2026 - blogin.al<\/title>\n<meta name=\"robots\" content=\"index, follow, max-snippet:-1, max-image-preview:large, max-video-preview:-1\" \/>\n<link rel=\"canonical\" href=\"https:\/\/blogin.al\/?p=54030\" \/>\n<meta property=\"og:locale\" content=\"en_US\" \/>\n<meta property=\"og:type\" content=\"article\" \/>\n<meta property=\"og:title\" content=\"\u201cAman p\u00ebr at\u00eb Zot\u2026\u201d\/ Xumi vijon t\u00eb shpreh\u00eb p\u00eblqimin, Egli e bezdisur: Un\u00eb di se kam folur me nj\u00eb burr\u00eb 31-vje\u00e7ar\u2026 - blogin.al\" \/>\n<meta property=\"og:description\" content=\"Xumi vijon t\u00eb shpreh p\u00eblqimin p\u00ebr Eglin, pavar\u00ebsisht se banorja ja ka b\u00ebr\u00eb t\u00eb qart\u00eb se nuk do t\u00eb ket\u00eb asgj\u00eb t\u00eb b\u00ebj\u00eb me t\u00eb. E irrituar pasi duket se fjal\u00ebt e saj kan\u00eb r\u00ebn\u00eb n\u00eb vesh t\u00eb shurdh\u00ebr, Egli ka vijuar t\u00eb p\u00ebrs\u00ebris\u00eb veten duke theksuar se nuk ndihet komfort nga sjellja e Xumit. [&hellip;]\" \/>\n<meta property=\"og:url\" content=\"https:\/\/blogin.al\/?p=54030\" \/>\n<meta property=\"og:site_name\" content=\"blogin.al\" \/>\n<meta property=\"article:published_time\" content=\"2025-01-12T11:25:01+00:00\" \/>\n<meta property=\"og:image\" content=\"https:\/\/blogin.al\/wp-content\/uploads\/2025\/01\/xumi-egli-1-1.jpg\" \/>\n\t<meta property=\"og:image:width\" content=\"899\" \/>\n\t<meta property=\"og:image:height\" content=\"493\" \/>\n\t<meta property=\"og:image:type\" content=\"image\/jpeg\" \/>\n<meta name=\"author\" content=\"Blogin al\" \/>\n<meta name=\"twitter:card\" content=\"summary_large_image\" \/>\n<meta name=\"twitter:label1\" content=\"Written by\" \/>\n\t<meta name=\"twitter:data1\" content=\"Blogin al\" \/>\n\t<meta name=\"twitter:label2\" content=\"Est. reading time\" \/>\n\t<meta name=\"twitter:data2\" content=\"2 minutes\" \/>\n<script type=\"application\/ld+json\" class=\"yoast-schema-graph\">{\"@context\":\"https:\\\/\\\/schema.org\",\"@graph\":[{\"@type\":\"Article\",\"@id\":\"https:\\\/\\\/blogin.al\\\/?p=54030#article\",\"isPartOf\":{\"@id\":\"https:\\\/\\\/blogin.al\\\/?p=54030\"},\"author\":{\"name\":\"Blogin al\",\"@id\":\"https:\\\/\\\/blogin.al\\\/#\\\/schema\\\/person\\\/abdd56bc912cd511db877b852b115399\"},\"headline\":\"\u201cAman p\u00ebr at\u00eb Zot\u2026\u201d\\\/ Xumi vijon t\u00eb shpreh\u00eb p\u00eblqimin, Egli e bezdisur: Un\u00eb di se kam folur me nj\u00eb burr\u00eb 31-vje\u00e7ar\u2026\",\"datePublished\":\"2025-01-12T11:25:01+00:00\",\"mainEntityOfPage\":{\"@id\":\"https:\\\/\\\/blogin.al\\\/?p=54030\"},\"wordCount\":428,\"commentCount\":0,\"publisher\":{\"@id\":\"https:\\\/\\\/blogin.al\\\/#organization\"},\"image\":{\"@id\":\"https:\\\/\\\/blogin.al\\\/?p=54030#primaryimage\"},\"thumbnailUrl\":\"https:\\\/\\\/blogin.al\\\/wp-content\\\/uploads\\\/2025\\\/01\\\/xumi-egli-1-1.jpg\",\"articleSection\":[\"SHOWBIZ\"],\"inLanguage\":\"en-US\",\"potentialAction\":[{\"@type\":\"CommentAction\",\"name\":\"Comment\",\"target\":[\"https:\\\/\\\/blogin.al\\\/?p=54030#respond\"]}]},{\"@type\":\"WebPage\",\"@id\":\"https:\\\/\\\/blogin.al\\\/?p=54030\",\"url\":\"https:\\\/\\\/blogin.al\\\/?p=54030\",\"name\":\"\u201cAman p\u00ebr at\u00eb Zot\u2026\u201d\\\/ Xumi vijon t\u00eb shpreh\u00eb p\u00eblqimin, Egli e bezdisur: Un\u00eb di se kam folur me nj\u00eb burr\u00eb 31-vje\u00e7ar\u2026 - blogin.al\",\"isPartOf\":{\"@id\":\"https:\\\/\\\/blogin.al\\\/#website\"},\"primaryImageOfPage\":{\"@id\":\"https:\\\/\\\/blogin.al\\\/?p=54030#primaryimage\"},\"image\":{\"@id\":\"https:\\\/\\\/blogin.al\\\/?p=54030#primaryimage\"},\"thumbnailUrl\":\"https:\\\/\\\/blogin.al\\\/wp-content\\\/uploads\\\/2025\\\/01\\\/xumi-egli-1-1.jpg\",\"datePublished\":\"2025-01-12T11:25:01+00:00\",\"breadcrumb\":{\"@id\":\"https:\\\/\\\/blogin.al\\\/?p=54030#breadcrumb\"},\"inLanguage\":\"en-US\",\"potentialAction\":[{\"@type\":\"ReadAction\",\"target\":[\"https:\\\/\\\/blogin.al\\\/?p=54030\"]}]},{\"@type\":\"ImageObject\",\"inLanguage\":\"en-US\",\"@id\":\"https:\\\/\\\/blogin.al\\\/?p=54030#primaryimage\",\"url\":\"https:\\\/\\\/blogin.al\\\/wp-content\\\/uploads\\\/2025\\\/01\\\/xumi-egli-1-1.jpg\",\"contentUrl\":\"https:\\\/\\\/blogin.al\\\/wp-content\\\/uploads\\\/2025\\\/01\\\/xumi-egli-1-1.jpg\",\"width\":899,\"height\":493},{\"@type\":\"BreadcrumbList\",\"@id\":\"https:\\\/\\\/blogin.al\\\/?p=54030#breadcrumb\",\"itemListElement\":[{\"@type\":\"ListItem\",\"position\":1,\"name\":\"Home\",\"item\":\"https:\\\/\\\/blogin.al\\\/\"},{\"@type\":\"ListItem\",\"position\":2,\"name\":\"\u201cAman p\u00ebr at\u00eb Zot\u2026\u201d\\\/ Xumi vijon t\u00eb shpreh\u00eb p\u00eblqimin, Egli e bezdisur: Un\u00eb di se kam folur me nj\u00eb burr\u00eb 31-vje\u00e7ar\u2026\"}]},{\"@type\":\"WebSite\",\"@id\":\"https:\\\/\\\/blogin.al\\\/#website\",\"url\":\"https:\\\/\\\/blogin.al\\\/\",\"name\":\"blogin.al\",\"description\":\"\",\"publisher\":{\"@id\":\"https:\\\/\\\/blogin.al\\\/#organization\"},\"potentialAction\":[{\"@type\":\"SearchAction\",\"target\":{\"@type\":\"EntryPoint\",\"urlTemplate\":\"https:\\\/\\\/blogin.al\\\/?s={search_term_string}\"},\"query-input\":{\"@type\":\"PropertyValueSpecification\",\"valueRequired\":true,\"valueName\":\"search_term_string\"}}],\"inLanguage\":\"en-US\"},{\"@type\":\"Organization\",\"@id\":\"https:\\\/\\\/blogin.al\\\/#organization\",\"name\":\"BLOGIN.al\",\"url\":\"https:\\\/\\\/blogin.al\\\/\",\"logo\":{\"@type\":\"ImageObject\",\"inLanguage\":\"en-US\",\"@id\":\"https:\\\/\\\/blogin.al\\\/#\\\/schema\\\/logo\\\/image\\\/\",\"url\":\"https:\\\/\\\/blogin.al\\\/wp-content\\\/uploads\\\/2022\\\/05\\\/Untitled-2-01-e1652084456514.png\",\"contentUrl\":\"https:\\\/\\\/blogin.al\\\/wp-content\\\/uploads\\\/2022\\\/05\\\/Untitled-2-01-e1652084456514.png\",\"width\":3723,\"height\":1698,\"caption\":\"BLOGIN.al\"},\"image\":{\"@id\":\"https:\\\/\\\/blogin.al\\\/#\\\/schema\\\/logo\\\/image\\\/\"},\"sameAs\":[\"https:\\\/\\\/instagram.com\\\/blogin.al\\\/\"]},{\"@type\":\"Person\",\"@id\":\"https:\\\/\\\/blogin.al\\\/#\\\/schema\\\/person\\\/abdd56bc912cd511db877b852b115399\",\"name\":\"Blogin al\",\"image\":{\"@type\":\"ImageObject\",\"inLanguage\":\"en-US\",\"@id\":\"https:\\\/\\\/secure.gravatar.com\\\/avatar\\\/60d5661aee6e835fb13dc75d2204cd0c1d61bef2efd137c0083e59ef831e235e?s=96&d=mm&r=g\",\"url\":\"https:\\\/\\\/secure.gravatar.com\\\/avatar\\\/60d5661aee6e835fb13dc75d2204cd0c1d61bef2efd137c0083e59ef831e235e?s=96&d=mm&r=g\",\"contentUrl\":\"https:\\\/\\\/secure.gravatar.com\\\/avatar\\\/60d5661aee6e835fb13dc75d2204cd0c1d61bef2efd137c0083e59ef831e235e?s=96&d=mm&r=g\",\"caption\":\"Blogin al\"},\"sameAs\":[\"https:\\\/\\\/blogin.al\"],\"url\":\"https:\\\/\\\/blogin.al\\\/?author=2\"}]}<\/script>\n<!-- \/ Yoast SEO plugin. -->","yoast_head_json":{"title":"\u201cAman p\u00ebr at\u00eb Zot\u2026\u201d\/ Xumi vijon t\u00eb shpreh\u00eb p\u00eblqimin, Egli e bezdisur: Un\u00eb di se kam folur me nj\u00eb burr\u00eb 31-vje\u00e7ar\u2026 - blogin.al","robots":{"index":"index","follow":"follow","max-snippet":"max-snippet:-1","max-image-preview":"max-image-preview:large","max-video-preview":"max-video-preview:-1"},"canonical":"https:\/\/blogin.al\/?p=54030","og_locale":"en_US","og_type":"article","og_title":"\u201cAman p\u00ebr at\u00eb Zot\u2026\u201d\/ Xumi vijon t\u00eb shpreh\u00eb p\u00eblqimin, Egli e bezdisur: Un\u00eb di se kam folur me nj\u00eb burr\u00eb 31-vje\u00e7ar\u2026 - blogin.al","og_description":"Xumi vijon t\u00eb shpreh p\u00eblqimin p\u00ebr Eglin, pavar\u00ebsisht se banorja ja ka b\u00ebr\u00eb t\u00eb qart\u00eb se nuk do t\u00eb ket\u00eb asgj\u00eb t\u00eb b\u00ebj\u00eb me t\u00eb. E irrituar pasi duket se fjal\u00ebt e saj kan\u00eb r\u00ebn\u00eb n\u00eb vesh t\u00eb shurdh\u00ebr, Egli ka vijuar t\u00eb p\u00ebrs\u00ebris\u00eb veten duke theksuar se nuk ndihet komfort nga sjellja e Xumit. [&hellip;]","og_url":"https:\/\/blogin.al\/?p=54030","og_site_name":"blogin.al","article_published_time":"2025-01-12T11:25:01+00:00","og_image":[{"width":899,"height":493,"url":"https:\/\/blogin.al\/wp-content\/uploads\/2025\/01\/xumi-egli-1-1.jpg","type":"image\/jpeg"}],"author":"Blogin al","twitter_card":"summary_large_image","twitter_misc":{"Written by":"Blogin al","Est. reading time":"2 minutes"},"schema":{"@context":"https:\/\/schema.org","@graph":[{"@type":"Article","@id":"https:\/\/blogin.al\/?p=54030#article","isPartOf":{"@id":"https:\/\/blogin.al\/?p=54030"},"author":{"name":"Blogin al","@id":"https:\/\/blogin.al\/#\/schema\/person\/abdd56bc912cd511db877b852b115399"},"headline":"\u201cAman p\u00ebr at\u00eb Zot\u2026\u201d\/ Xumi vijon t\u00eb shpreh\u00eb p\u00eblqimin, Egli e bezdisur: Un\u00eb di se kam folur me nj\u00eb burr\u00eb 31-vje\u00e7ar\u2026","datePublished":"2025-01-12T11:25:01+00:00","mainEntityOfPage":{"@id":"https:\/\/blogin.al\/?p=54030"},"wordCount":428,"commentCount":0,"publisher":{"@id":"https:\/\/blogin.al\/#organization"},"image":{"@id":"https:\/\/blogin.al\/?p=54030#primaryimage"},"thumbnailUrl":"https:\/\/blogin.al\/wp-content\/uploads\/2025\/01\/xumi-egli-1-1.jpg","articleSection":["SHOWBIZ"],"inLanguage":"en-US","potentialAction":[{"@type":"CommentAction","name":"Comment","target":["https:\/\/blogin.al\/?p=54030#respond"]}]},{"@type":"WebPage","@id":"https:\/\/blogin.al\/?p=54030","url":"https:\/\/blogin.al\/?p=54030","name":"\u201cAman p\u00ebr at\u00eb Zot\u2026\u201d\/ Xumi vijon t\u00eb shpreh\u00eb p\u00eblqimin, Egli e bezdisur: Un\u00eb di se kam folur me nj\u00eb burr\u00eb 31-vje\u00e7ar\u2026 - blogin.al","isPartOf":{"@id":"https:\/\/blogin.al\/#website"},"primaryImageOfPage":{"@id":"https:\/\/blogin.al\/?p=54030#primaryimage"},"image":{"@id":"https:\/\/blogin.al\/?p=54030#primaryimage"},"thumbnailUrl":"https:\/\/blogin.al\/wp-content\/uploads\/2025\/01\/xumi-egli-1-1.jpg","datePublished":"2025-01-12T11:25:01+00:00","breadcrumb":{"@id":"https:\/\/blogin.al\/?p=54030#breadcrumb"},"inLanguage":"en-US","potentialAction":[{"@type":"ReadAction","target":["https:\/\/blogin.al\/?p=54030"]}]},{"@type":"ImageObject","inLanguage":"en-US","@id":"https:\/\/blogin.al\/?p=54030#primaryimage","url":"https:\/\/blogin.al\/wp-content\/uploads\/2025\/01\/xumi-egli-1-1.jpg","contentUrl":"https:\/\/blogin.al\/wp-content\/uploads\/2025\/01\/xumi-egli-1-1.jpg","width":899,"height":493},{"@type":"BreadcrumbList","@id":"https:\/\/blogin.al\/?p=54030#breadcrumb","itemListElement":[{"@type":"ListItem","position":1,"name":"Home","item":"https:\/\/blogin.al\/"},{"@type":"ListItem","position":2,"name":"\u201cAman p\u00ebr at\u00eb Zot\u2026\u201d\/ Xumi vijon t\u00eb shpreh\u00eb p\u00eblqimin, Egli e bezdisur: Un\u00eb di se kam folur me nj\u00eb burr\u00eb 31-vje\u00e7ar\u2026"}]},{"@type":"WebSite","@id":"https:\/\/blogin.al\/#website","url":"https:\/\/blogin.al\/","name":"blogin.al","description":"","publisher":{"@id":"https:\/\/blogin.al\/#organization"},"potentialAction":[{"@type":"SearchAction","target":{"@type":"EntryPoint","urlTemplate":"https:\/\/blogin.al\/?s={search_term_string}"},"query-input":{"@type":"PropertyValueSpecification","valueRequired":true,"valueName":"search_term_string"}}],"inLanguage":"en-US"},{"@type":"Organization","@id":"https:\/\/blogin.al\/#organization","name":"BLOGIN.al","url":"https:\/\/blogin.al\/","logo":{"@type":"ImageObject","inLanguage":"en-US","@id":"https:\/\/blogin.al\/#\/schema\/logo\/image\/","url":"https:\/\/blogin.al\/wp-content\/uploads\/2022\/05\/Untitled-2-01-e1652084456514.png","contentUrl":"https:\/\/blogin.al\/wp-content\/uploads\/2022\/05\/Untitled-2-01-e1652084456514.png","width":3723,"height":1698,"caption":"BLOGIN.al"},"image":{"@id":"https:\/\/blogin.al\/#\/schema\/logo\/image\/"},"sameAs":["https:\/\/instagram.com\/blogin.al\/"]},{"@type":"Person","@id":"https:\/\/blogin.al\/#\/schema\/person\/abdd56bc912cd511db877b852b115399","name":"Blogin al","image":{"@type":"ImageObject","inLanguage":"en-US","@id":"https:\/\/secure.gravatar.com\/avatar\/60d5661aee6e835fb13dc75d2204cd0c1d61bef2efd137c0083e59ef831e235e?s=96&d=mm&r=g","url":"https:\/\/secure.gravatar.com\/avatar\/60d5661aee6e835fb13dc75d2204cd0c1d61bef2efd137c0083e59ef831e235e?s=96&d=mm&r=g","contentUrl":"https:\/\/secure.gravatar.com\/avatar\/60d5661aee6e835fb13dc75d2204cd0c1d61bef2efd137c0083e59ef831e235e?s=96&d=mm&r=g","caption":"Blogin al"},"sameAs":["https:\/\/blogin.al"],"url":"https:\/\/blogin.al\/?author=2"}]}},"_links":{"self":[{"href":"https:\/\/blogin.al\/index.php?rest_route=\/wp\/v2\/posts\/54030","targetHints":{"allow":["GET"]}}],"collection":[{"href":"https:\/\/blogin.al\/index.php?rest_route=\/wp\/v2\/posts"}],"about":[{"href":"https:\/\/blogin.al\/index.php?rest_route=\/wp\/v2\/types\/post"}],"author":[{"embeddable":true,"href":"https:\/\/blogin.al\/index.php?rest_route=\/wp\/v2\/users\/2"}],"replies":[{"embeddable":true,"href":"https:\/\/blogin.al\/index.php?rest_route=%2Fwp%2Fv2%2Fcomments&post=54030"}],"version-history":[{"count":0,"href":"https:\/\/blogin.al\/index.php?rest_route=\/wp\/v2\/posts\/54030\/revisions"}],"wp:featuredmedia":[{"embeddable":true,"href":"https:\/\/blogin.al\/index.php?rest_route=\/wp\/v2\/media\/54029"}],"wp:attachment":[{"href":"https:\/\/blogin.al\/index.php?rest_route=%2Fwp%2Fv2%2Fmedia&parent=54030"}],"wp:term":[{"taxonomy":"category","embeddable":true,"href":"https:\/\/blogin.al\/index.php?rest_route=%2Fwp%2Fv2%2Fcategories&post=54030"},{"taxonomy":"post_tag","embeddable":true,"href":"https:\/\/blogin.al\/index.php?rest_route=%2Fwp%2Fv2%2Ftags&post=54030"}],"curies":[{"name":"wp","href":"https:\/\/api.w.org\/{rel}","templated":true}]}}