{"id":54041,"date":"2025-01-12T15:27:59","date_gmt":"2025-01-12T15:27:59","guid":{"rendered":"https:\/\/blogin.al\/kader-kicaj-reagon-ndaj-lumbardh-salihut-boll-eshte-boll\/"},"modified":"2025-01-13T09:41:48","modified_gmt":"2025-01-13T09:41:48","slug":"kader-kicaj-reagon-ndaj-lumbardh-salihut-boll-eshte-boll","status":"publish","type":"post","link":"https:\/\/blogin.al\/?p=54041","title":{"rendered":"Kader Kicaj reagon ndaj Lumbardh Salihut: Boll \u00ebsht\u00eb boll!"},"content":{"rendered":"\n<p>Kader Kicaj ka vendosur t\u00eb thyej\u00eb heshtjen e saj ndaj situatave q\u00eb lidhen me Lumbardh Salihun, duke reaguar publikisht p\u00ebrmes nj\u00eb postimi n\u00eb Instagram. Ajo ka ndar\u00eb detaje dhe mesazhe private, duke hedhur drit\u00eb mbi arsyet e q\u00ebndrimit t\u00eb saj t\u00eb deritanish\u00ebm t\u00eb heshtur.<\/p>\n\n\n\n<p>\u201c<em>Prej shum\u00eb koh\u00ebsh kam zgjedhur heshtjen, edhe pse vazhdimisht jam p\u00ebrmendur n\u00eb intervista. Heshtja nuk ka qen\u00eb munges\u00eb fjal\u00ebsh, por nj\u00eb zgjedhje e vet\u00ebdijshme p\u00ebr t\u00eb kursyer personin n\u00eb fjal\u00eb \u2013 jo p\u00ebr ndonj\u00eb arsye tjet\u00ebr, por p\u00ebr nj\u00eb fije respekti p\u00ebr t\u00eb kaluar\u00ebn ton\u00eb,<\/em>\u201d shkruan Kaderi.<\/p>\n\n\n\n<p>Megjithat\u00eb, ajo shprehet se ky respekt nuk \u00ebsht\u00eb reciprok dhe e akuzon Lumbardhin se po e p\u00ebrdor p\u00ebr t\u00eb p\u00ebrfituar personalisht. \u201c<em>Por kur ky respekt nuk \u00ebsht\u00eb reciprok dhe p\u00ebr hir t\u00eb pak v\u00ebmendjes apo p\u00ebrpjekjeve p\u00ebr t\u00eb shp\u00ebtuar nj\u00eb imazh t\u00eb l\u00ebkundur, dikush zgjedh t\u00eb m\u00eb p\u00ebrdor\u00eb si mjet p\u00ebr manipulim, heshtja b\u00ebhet pafuq\u00ed,<\/em>\u201d vijon ajo.<\/p>\n\n\n\n<p>N\u00eb mesazhet e publikuara, shfaqet nj\u00eb urim i Lumbardhit p\u00ebr dit\u00eblindjen e saj, por Kaderi e konsideron at\u00eb si nj\u00eb tentativ\u00eb p\u00ebr manipulim publik. \u201c<em>S\u00eb fundmi, m\u00eb d\u00ebrguan nj\u00eb video \u2013 nj\u00eb tjet\u00ebr episod viktimizimi dhe g\u00ebnjeshtrash t\u00eb hapura. Nuk \u00ebsht\u00eb hera e par\u00eb, por duhet t\u00eb jet\u00eb hera e fundit,\u201d t<\/em>hekson ajo.<\/p>\n\n\n\n<p>Kaderi gjithashtu i drejtohet Lumbardhit duke e kritikuar p\u00ebr sjelljen e tij, sidomos duke pasur parasysh pretendimet e tij p\u00ebr t\u00eb qen\u00eb nj\u00eb figur\u00eb publike q\u00eb synon t\u00eb hyj\u00eb n\u00eb politik\u00eb. \u201c<em>Dikush q\u00eb pretendon t\u00eb hyj\u00eb n\u00eb politik\u00eb dhe t\u00eb fitoj\u00eb besimin e njer\u00ebzve, nuk mund t\u00eb lejoj\u00eb vetes t\u00eb nd\u00ebrtoj\u00eb rrug\u00ebn e tij mbi g\u00ebnjeshtra, edhe p\u00ebr gj\u00ebra bazike, si nj\u00eb urim dit\u00eblindjeje,\u201d<\/em>&nbsp;shkruan ajo.<\/p>\n\n\n\n<p>N\u00eb p\u00ebrfundim, Kaderi i drejtohet hapur Lumbardhit: \u201c<em>Mund t\u00eb m\u00eb kesh g\u00ebnjyer mua, por mos g\u00ebnje publikun duke vazhduar t\u00eb flas\u00ebsh mbi emrin tim. Boll \u00ebsht\u00eb boll!\u201d<\/em><\/p>\n\n\n\n<figure class=\"wp-block-image size-large\"><img fetchpriority=\"high\" decoding=\"async\" width=\"576\" height=\"1024\" src=\"https:\/\/blogin.al\/wp-content\/uploads\/2025\/01\/5895f15d-3b09-4fc9-bf0e-3b33fe64d0da5733718574842859654-576x1024.jpeg\" alt=\"\" class=\"wp-image-54039\" srcset=\"https:\/\/blogin.al\/wp-content\/uploads\/2025\/01\/5895f15d-3b09-4fc9-bf0e-3b33fe64d0da5733718574842859654-576x1024.jpeg 576w, https:\/\/blogin.al\/wp-content\/uploads\/2025\/01\/5895f15d-3b09-4fc9-bf0e-3b33fe64d0da5733718574842859654-169x300.jpeg 169w, https:\/\/blogin.al\/wp-content\/uploads\/2025\/01\/5895f15d-3b09-4fc9-bf0e-3b33fe64d0da5733718574842859654-768x1365.jpeg 768w, https:\/\/blogin.al\/wp-content\/uploads\/2025\/01\/5895f15d-3b09-4fc9-bf0e-3b33fe64d0da5733718574842859654-864x1536.jpeg 864w, https:\/\/blogin.al\/wp-content\/uploads\/2025\/01\/5895f15d-3b09-4fc9-bf0e-3b33fe64d0da5733718574842859654-150x267.jpeg 150w, https:\/\/blogin.al\/wp-content\/uploads\/2025\/01\/5895f15d-3b09-4fc9-bf0e-3b33fe64d0da5733718574842859654-300x533.jpeg 300w, https:\/\/blogin.al\/wp-content\/uploads\/2025\/01\/5895f15d-3b09-4fc9-bf0e-3b33fe64d0da5733718574842859654-696x1237.jpeg 696w, https:\/\/blogin.al\/wp-content\/uploads\/2025\/01\/5895f15d-3b09-4fc9-bf0e-3b33fe64d0da5733718574842859654-1068x1899.jpeg 1068w, https:\/\/blogin.al\/wp-content\/uploads\/2025\/01\/5895f15d-3b09-4fc9-bf0e-3b33fe64d0da5733718574842859654.jpeg 1125w\" sizes=\"(max-width: 576px) 100vw, 576px\" \/><\/figure>\n","protected":false},"excerpt":{"rendered":"<p>Kader Kicaj ka vendosur t\u00eb thyej\u00eb heshtjen e saj ndaj situatave q\u00eb lidhen me Lumbardh Salihun, duke reaguar publikisht p\u00ebrmes nj\u00eb postimi n\u00eb Instagram. Ajo ka ndar\u00eb detaje dhe mesazhe private, duke hedhur drit\u00eb mbi arsyet e q\u00ebndrimit t\u00eb saj t\u00eb deritanish\u00ebm t\u00eb heshtur. \u201cPrej shum\u00eb koh\u00ebsh kam zgjedhur heshtjen, edhe pse vazhdimisht jam p\u00ebrmendur [&hellip;]<\/p>\n","protected":false},"author":2,"featured_media":54040,"comment_status":"open","ping_status":"open","sticky":false,"template":"","format":"standard","meta":{"footnotes":""},"categories":[33],"tags":[],"class_list":{"0":"post-54041","1":"post","2":"type-post","3":"status-publish","4":"format-standard","5":"has-post-thumbnail","7":"category-showbiz"},"yoast_head":"<!-- This site is optimized with the Yoast SEO plugin v27.4 - https:\/\/yoast.com\/product\/yoast-seo-wordpress\/ -->\n<title>Kader Kicaj reagon ndaj Lumbardh Salihut: Boll \u00ebsht\u00eb boll! - blogin.al<\/title>\n<meta name=\"robots\" content=\"index, follow, max-snippet:-1, max-image-preview:large, max-video-preview:-1\" \/>\n<link rel=\"canonical\" href=\"https:\/\/blogin.al\/?p=54041\" \/>\n<meta property=\"og:locale\" content=\"en_US\" \/>\n<meta property=\"og:type\" content=\"article\" \/>\n<meta property=\"og:title\" content=\"Kader Kicaj reagon ndaj Lumbardh Salihut: Boll \u00ebsht\u00eb boll! - blogin.al\" \/>\n<meta property=\"og:description\" content=\"Kader Kicaj ka vendosur t\u00eb thyej\u00eb heshtjen e saj ndaj situatave q\u00eb lidhen me Lumbardh Salihun, duke reaguar publikisht p\u00ebrmes nj\u00eb postimi n\u00eb Instagram. Ajo ka ndar\u00eb detaje dhe mesazhe private, duke hedhur drit\u00eb mbi arsyet e q\u00ebndrimit t\u00eb saj t\u00eb deritanish\u00ebm t\u00eb heshtur. \u201cPrej shum\u00eb koh\u00ebsh kam zgjedhur heshtjen, edhe pse vazhdimisht jam p\u00ebrmendur [&hellip;]\" \/>\n<meta property=\"og:url\" content=\"https:\/\/blogin.al\/?p=54041\" \/>\n<meta property=\"og:site_name\" content=\"blogin.al\" \/>\n<meta property=\"article:published_time\" content=\"2025-01-12T15:27:59+00:00\" \/>\n<meta property=\"article:modified_time\" content=\"2025-01-13T09:41:48+00:00\" \/>\n<meta property=\"og:image\" content=\"https:\/\/blogin.al\/wp-content\/uploads\/2025\/01\/auto_-640-0-66fce93f54b561727969716.jpg\" \/>\n\t<meta property=\"og:image:width\" content=\"850\" \/>\n\t<meta property=\"og:image:height\" content=\"999\" \/>\n\t<meta property=\"og:image:type\" content=\"image\/jpeg\" \/>\n<meta name=\"author\" content=\"Blogin al\" \/>\n<meta name=\"twitter:card\" content=\"summary_large_image\" \/>\n<meta name=\"twitter:label1\" content=\"Written by\" \/>\n\t<meta name=\"twitter:data1\" content=\"Blogin al\" \/>\n\t<meta name=\"twitter:label2\" content=\"Est. reading time\" \/>\n\t<meta name=\"twitter:data2\" content=\"2 minutes\" \/>\n<script type=\"application\/ld+json\" class=\"yoast-schema-graph\">{\"@context\":\"https:\\\/\\\/schema.org\",\"@graph\":[{\"@type\":\"Article\",\"@id\":\"https:\\\/\\\/blogin.al\\\/?p=54041#article\",\"isPartOf\":{\"@id\":\"https:\\\/\\\/blogin.al\\\/?p=54041\"},\"author\":{\"name\":\"Blogin al\",\"@id\":\"https:\\\/\\\/blogin.al\\\/#\\\/schema\\\/person\\\/abdd56bc912cd511db877b852b115399\"},\"headline\":\"Kader Kicaj reagon ndaj Lumbardh Salihut: Boll \u00ebsht\u00eb boll!\",\"datePublished\":\"2025-01-12T15:27:59+00:00\",\"dateModified\":\"2025-01-13T09:41:48+00:00\",\"mainEntityOfPage\":{\"@id\":\"https:\\\/\\\/blogin.al\\\/?p=54041\"},\"wordCount\":346,\"commentCount\":0,\"publisher\":{\"@id\":\"https:\\\/\\\/blogin.al\\\/#organization\"},\"image\":{\"@id\":\"https:\\\/\\\/blogin.al\\\/?p=54041#primaryimage\"},\"thumbnailUrl\":\"https:\\\/\\\/blogin.al\\\/wp-content\\\/uploads\\\/2025\\\/01\\\/auto_-640-0-66fce93f54b561727969716.jpg\",\"articleSection\":[\"SHOWBIZ\"],\"inLanguage\":\"en-US\",\"potentialAction\":[{\"@type\":\"CommentAction\",\"name\":\"Comment\",\"target\":[\"https:\\\/\\\/blogin.al\\\/?p=54041#respond\"]}]},{\"@type\":\"WebPage\",\"@id\":\"https:\\\/\\\/blogin.al\\\/?p=54041\",\"url\":\"https:\\\/\\\/blogin.al\\\/?p=54041\",\"name\":\"Kader Kicaj reagon ndaj Lumbardh Salihut: Boll \u00ebsht\u00eb boll! - blogin.al\",\"isPartOf\":{\"@id\":\"https:\\\/\\\/blogin.al\\\/#website\"},\"primaryImageOfPage\":{\"@id\":\"https:\\\/\\\/blogin.al\\\/?p=54041#primaryimage\"},\"image\":{\"@id\":\"https:\\\/\\\/blogin.al\\\/?p=54041#primaryimage\"},\"thumbnailUrl\":\"https:\\\/\\\/blogin.al\\\/wp-content\\\/uploads\\\/2025\\\/01\\\/auto_-640-0-66fce93f54b561727969716.jpg\",\"datePublished\":\"2025-01-12T15:27:59+00:00\",\"dateModified\":\"2025-01-13T09:41:48+00:00\",\"breadcrumb\":{\"@id\":\"https:\\\/\\\/blogin.al\\\/?p=54041#breadcrumb\"},\"inLanguage\":\"en-US\",\"potentialAction\":[{\"@type\":\"ReadAction\",\"target\":[\"https:\\\/\\\/blogin.al\\\/?p=54041\"]}]},{\"@type\":\"ImageObject\",\"inLanguage\":\"en-US\",\"@id\":\"https:\\\/\\\/blogin.al\\\/?p=54041#primaryimage\",\"url\":\"https:\\\/\\\/blogin.al\\\/wp-content\\\/uploads\\\/2025\\\/01\\\/auto_-640-0-66fce93f54b561727969716.jpg\",\"contentUrl\":\"https:\\\/\\\/blogin.al\\\/wp-content\\\/uploads\\\/2025\\\/01\\\/auto_-640-0-66fce93f54b561727969716.jpg\",\"width\":850,\"height\":999},{\"@type\":\"BreadcrumbList\",\"@id\":\"https:\\\/\\\/blogin.al\\\/?p=54041#breadcrumb\",\"itemListElement\":[{\"@type\":\"ListItem\",\"position\":1,\"name\":\"Home\",\"item\":\"https:\\\/\\\/blogin.al\\\/\"},{\"@type\":\"ListItem\",\"position\":2,\"name\":\"Kader Kicaj reagon ndaj Lumbardh Salihut: Boll \u00ebsht\u00eb boll!\"}]},{\"@type\":\"WebSite\",\"@id\":\"https:\\\/\\\/blogin.al\\\/#website\",\"url\":\"https:\\\/\\\/blogin.al\\\/\",\"name\":\"blogin.al\",\"description\":\"\",\"publisher\":{\"@id\":\"https:\\\/\\\/blogin.al\\\/#organization\"},\"potentialAction\":[{\"@type\":\"SearchAction\",\"target\":{\"@type\":\"EntryPoint\",\"urlTemplate\":\"https:\\\/\\\/blogin.al\\\/?s={search_term_string}\"},\"query-input\":{\"@type\":\"PropertyValueSpecification\",\"valueRequired\":true,\"valueName\":\"search_term_string\"}}],\"inLanguage\":\"en-US\"},{\"@type\":\"Organization\",\"@id\":\"https:\\\/\\\/blogin.al\\\/#organization\",\"name\":\"BLOGIN.al\",\"url\":\"https:\\\/\\\/blogin.al\\\/\",\"logo\":{\"@type\":\"ImageObject\",\"inLanguage\":\"en-US\",\"@id\":\"https:\\\/\\\/blogin.al\\\/#\\\/schema\\\/logo\\\/image\\\/\",\"url\":\"https:\\\/\\\/blogin.al\\\/wp-content\\\/uploads\\\/2022\\\/05\\\/Untitled-2-01-e1652084456514.png\",\"contentUrl\":\"https:\\\/\\\/blogin.al\\\/wp-content\\\/uploads\\\/2022\\\/05\\\/Untitled-2-01-e1652084456514.png\",\"width\":3723,\"height\":1698,\"caption\":\"BLOGIN.al\"},\"image\":{\"@id\":\"https:\\\/\\\/blogin.al\\\/#\\\/schema\\\/logo\\\/image\\\/\"},\"sameAs\":[\"https:\\\/\\\/instagram.com\\\/blogin.al\\\/\"]},{\"@type\":\"Person\",\"@id\":\"https:\\\/\\\/blogin.al\\\/#\\\/schema\\\/person\\\/abdd56bc912cd511db877b852b115399\",\"name\":\"Blogin al\",\"image\":{\"@type\":\"ImageObject\",\"inLanguage\":\"en-US\",\"@id\":\"https:\\\/\\\/secure.gravatar.com\\\/avatar\\\/60d5661aee6e835fb13dc75d2204cd0c1d61bef2efd137c0083e59ef831e235e?s=96&d=mm&r=g\",\"url\":\"https:\\\/\\\/secure.gravatar.com\\\/avatar\\\/60d5661aee6e835fb13dc75d2204cd0c1d61bef2efd137c0083e59ef831e235e?s=96&d=mm&r=g\",\"contentUrl\":\"https:\\\/\\\/secure.gravatar.com\\\/avatar\\\/60d5661aee6e835fb13dc75d2204cd0c1d61bef2efd137c0083e59ef831e235e?s=96&d=mm&r=g\",\"caption\":\"Blogin al\"},\"sameAs\":[\"https:\\\/\\\/blogin.al\"],\"url\":\"https:\\\/\\\/blogin.al\\\/?author=2\"}]}<\/script>\n<!-- \/ Yoast SEO plugin. -->","yoast_head_json":{"title":"Kader Kicaj reagon ndaj Lumbardh Salihut: Boll \u00ebsht\u00eb boll! - blogin.al","robots":{"index":"index","follow":"follow","max-snippet":"max-snippet:-1","max-image-preview":"max-image-preview:large","max-video-preview":"max-video-preview:-1"},"canonical":"https:\/\/blogin.al\/?p=54041","og_locale":"en_US","og_type":"article","og_title":"Kader Kicaj reagon ndaj Lumbardh Salihut: Boll \u00ebsht\u00eb boll! - blogin.al","og_description":"Kader Kicaj ka vendosur t\u00eb thyej\u00eb heshtjen e saj ndaj situatave q\u00eb lidhen me Lumbardh Salihun, duke reaguar publikisht p\u00ebrmes nj\u00eb postimi n\u00eb Instagram. Ajo ka ndar\u00eb detaje dhe mesazhe private, duke hedhur drit\u00eb mbi arsyet e q\u00ebndrimit t\u00eb saj t\u00eb deritanish\u00ebm t\u00eb heshtur. \u201cPrej shum\u00eb koh\u00ebsh kam zgjedhur heshtjen, edhe pse vazhdimisht jam p\u00ebrmendur [&hellip;]","og_url":"https:\/\/blogin.al\/?p=54041","og_site_name":"blogin.al","article_published_time":"2025-01-12T15:27:59+00:00","article_modified_time":"2025-01-13T09:41:48+00:00","og_image":[{"width":850,"height":999,"url":"https:\/\/blogin.al\/wp-content\/uploads\/2025\/01\/auto_-640-0-66fce93f54b561727969716.jpg","type":"image\/jpeg"}],"author":"Blogin al","twitter_card":"summary_large_image","twitter_misc":{"Written by":"Blogin al","Est. reading time":"2 minutes"},"schema":{"@context":"https:\/\/schema.org","@graph":[{"@type":"Article","@id":"https:\/\/blogin.al\/?p=54041#article","isPartOf":{"@id":"https:\/\/blogin.al\/?p=54041"},"author":{"name":"Blogin al","@id":"https:\/\/blogin.al\/#\/schema\/person\/abdd56bc912cd511db877b852b115399"},"headline":"Kader Kicaj reagon ndaj Lumbardh Salihut: Boll \u00ebsht\u00eb boll!","datePublished":"2025-01-12T15:27:59+00:00","dateModified":"2025-01-13T09:41:48+00:00","mainEntityOfPage":{"@id":"https:\/\/blogin.al\/?p=54041"},"wordCount":346,"commentCount":0,"publisher":{"@id":"https:\/\/blogin.al\/#organization"},"image":{"@id":"https:\/\/blogin.al\/?p=54041#primaryimage"},"thumbnailUrl":"https:\/\/blogin.al\/wp-content\/uploads\/2025\/01\/auto_-640-0-66fce93f54b561727969716.jpg","articleSection":["SHOWBIZ"],"inLanguage":"en-US","potentialAction":[{"@type":"CommentAction","name":"Comment","target":["https:\/\/blogin.al\/?p=54041#respond"]}]},{"@type":"WebPage","@id":"https:\/\/blogin.al\/?p=54041","url":"https:\/\/blogin.al\/?p=54041","name":"Kader Kicaj reagon ndaj Lumbardh Salihut: Boll \u00ebsht\u00eb boll! - blogin.al","isPartOf":{"@id":"https:\/\/blogin.al\/#website"},"primaryImageOfPage":{"@id":"https:\/\/blogin.al\/?p=54041#primaryimage"},"image":{"@id":"https:\/\/blogin.al\/?p=54041#primaryimage"},"thumbnailUrl":"https:\/\/blogin.al\/wp-content\/uploads\/2025\/01\/auto_-640-0-66fce93f54b561727969716.jpg","datePublished":"2025-01-12T15:27:59+00:00","dateModified":"2025-01-13T09:41:48+00:00","breadcrumb":{"@id":"https:\/\/blogin.al\/?p=54041#breadcrumb"},"inLanguage":"en-US","potentialAction":[{"@type":"ReadAction","target":["https:\/\/blogin.al\/?p=54041"]}]},{"@type":"ImageObject","inLanguage":"en-US","@id":"https:\/\/blogin.al\/?p=54041#primaryimage","url":"https:\/\/blogin.al\/wp-content\/uploads\/2025\/01\/auto_-640-0-66fce93f54b561727969716.jpg","contentUrl":"https:\/\/blogin.al\/wp-content\/uploads\/2025\/01\/auto_-640-0-66fce93f54b561727969716.jpg","width":850,"height":999},{"@type":"BreadcrumbList","@id":"https:\/\/blogin.al\/?p=54041#breadcrumb","itemListElement":[{"@type":"ListItem","position":1,"name":"Home","item":"https:\/\/blogin.al\/"},{"@type":"ListItem","position":2,"name":"Kader Kicaj reagon ndaj Lumbardh Salihut: Boll \u00ebsht\u00eb boll!"}]},{"@type":"WebSite","@id":"https:\/\/blogin.al\/#website","url":"https:\/\/blogin.al\/","name":"blogin.al","description":"","publisher":{"@id":"https:\/\/blogin.al\/#organization"},"potentialAction":[{"@type":"SearchAction","target":{"@type":"EntryPoint","urlTemplate":"https:\/\/blogin.al\/?s={search_term_string}"},"query-input":{"@type":"PropertyValueSpecification","valueRequired":true,"valueName":"search_term_string"}}],"inLanguage":"en-US"},{"@type":"Organization","@id":"https:\/\/blogin.al\/#organization","name":"BLOGIN.al","url":"https:\/\/blogin.al\/","logo":{"@type":"ImageObject","inLanguage":"en-US","@id":"https:\/\/blogin.al\/#\/schema\/logo\/image\/","url":"https:\/\/blogin.al\/wp-content\/uploads\/2022\/05\/Untitled-2-01-e1652084456514.png","contentUrl":"https:\/\/blogin.al\/wp-content\/uploads\/2022\/05\/Untitled-2-01-e1652084456514.png","width":3723,"height":1698,"caption":"BLOGIN.al"},"image":{"@id":"https:\/\/blogin.al\/#\/schema\/logo\/image\/"},"sameAs":["https:\/\/instagram.com\/blogin.al\/"]},{"@type":"Person","@id":"https:\/\/blogin.al\/#\/schema\/person\/abdd56bc912cd511db877b852b115399","name":"Blogin al","image":{"@type":"ImageObject","inLanguage":"en-US","@id":"https:\/\/secure.gravatar.com\/avatar\/60d5661aee6e835fb13dc75d2204cd0c1d61bef2efd137c0083e59ef831e235e?s=96&d=mm&r=g","url":"https:\/\/secure.gravatar.com\/avatar\/60d5661aee6e835fb13dc75d2204cd0c1d61bef2efd137c0083e59ef831e235e?s=96&d=mm&r=g","contentUrl":"https:\/\/secure.gravatar.com\/avatar\/60d5661aee6e835fb13dc75d2204cd0c1d61bef2efd137c0083e59ef831e235e?s=96&d=mm&r=g","caption":"Blogin al"},"sameAs":["https:\/\/blogin.al"],"url":"https:\/\/blogin.al\/?author=2"}]}},"_links":{"self":[{"href":"https:\/\/blogin.al\/index.php?rest_route=\/wp\/v2\/posts\/54041","targetHints":{"allow":["GET"]}}],"collection":[{"href":"https:\/\/blogin.al\/index.php?rest_route=\/wp\/v2\/posts"}],"about":[{"href":"https:\/\/blogin.al\/index.php?rest_route=\/wp\/v2\/types\/post"}],"author":[{"embeddable":true,"href":"https:\/\/blogin.al\/index.php?rest_route=\/wp\/v2\/users\/2"}],"replies":[{"embeddable":true,"href":"https:\/\/blogin.al\/index.php?rest_route=%2Fwp%2Fv2%2Fcomments&post=54041"}],"version-history":[{"count":1,"href":"https:\/\/blogin.al\/index.php?rest_route=\/wp\/v2\/posts\/54041\/revisions"}],"predecessor-version":[{"id":54046,"href":"https:\/\/blogin.al\/index.php?rest_route=\/wp\/v2\/posts\/54041\/revisions\/54046"}],"wp:featuredmedia":[{"embeddable":true,"href":"https:\/\/blogin.al\/index.php?rest_route=\/wp\/v2\/media\/54040"}],"wp:attachment":[{"href":"https:\/\/blogin.al\/index.php?rest_route=%2Fwp%2Fv2%2Fmedia&parent=54041"}],"wp:term":[{"taxonomy":"category","embeddable":true,"href":"https:\/\/blogin.al\/index.php?rest_route=%2Fwp%2Fv2%2Fcategories&post=54041"},{"taxonomy":"post_tag","embeddable":true,"href":"https:\/\/blogin.al\/index.php?rest_route=%2Fwp%2Fv2%2Ftags&post=54041"}],"curies":[{"name":"wp","href":"https:\/\/api.w.org\/{rel}","templated":true}]}}