{"id":54056,"date":"2025-01-13T11:56:17","date_gmt":"2025-01-13T11:56:17","guid":{"rendered":"https:\/\/blogin.al\/historia-e-trishte-e-petro-xhorit-ish-banori-rrefehet-pas-daljes-nga-bbv\/"},"modified":"2025-01-13T11:56:17","modified_gmt":"2025-01-13T11:56:17","slug":"historia-e-trishte-e-petro-xhorit-ish-banori-rrefehet-pas-daljes-nga-bbv","status":"publish","type":"post","link":"https:\/\/blogin.al\/?p=54056","title":{"rendered":"Historia e trisht\u00eb e Petro Xhorit, ish-banori rr\u00ebfehet pas daljes nga \u201cBBV\u201d"},"content":{"rendered":"\n<p>I ftuar n\u00eb emisionin \u201cBig Brother VIP Fan Club\u201d, ish-banori, Petro Xhori q\u00eb p\u00ebrfundoi rrug\u00ebtimin e tij n\u00eb sht\u00ebpin\u00eb m\u00eb t\u00eb famshme, ka ndar\u00eb me publikun disa detaje nga jeta e tij pas largimit.<\/p>\n\n\n\n<p>Ai ka rr\u00ebfyer nj\u00eb histori t\u00eb dhimbshme t\u00eb familjes, duke treguar se mendjen e kishte pasur gjithmon\u00eb te ata gjat\u00eb koh\u00ebs q\u00eb ishte pjes\u00eb e spektaklit. Ky rr\u00ebfim ka emocionuar jo vet\u00ebm t\u00eb ftuarit, por edhe ndjek\u00ebsit q\u00eb e kan\u00eb mb\u00ebshtetur gjat\u00eb gjith\u00eb periudh\u00ebs n\u00eb Big Brother.<\/p>\n\n\n\n<p>Emocionet e mira ishin m\u00eb t\u00eb m\u00ebdha se ambiciet.<\/p>\n\n\n\n<p>\u201cAto 10 dit\u00eb mund t\u00eb ngjajn\u00eb shum\u00eb pak p\u00ebr njer\u00ebzit q\u00eb jan\u00eb jasht\u00eb por p\u00ebr ne jan\u00eb m\u00eb shum\u00eb se\u00e7 dukem. Sidomos kur kemi gj\u00ebra jasht\u00eb. Pjesa ime familjare ishte nj\u00eb arsye q\u00eb un\u00eb mendoj q\u00eb e ndjeva q\u00eb u penalizova shum\u00eb. Gjat\u00eb gjith\u00eb koh\u00ebs e kisha mendjen tek babi dhe tek motra q\u00eb kisha l\u00ebn\u00eb jasht\u00eb dhe kur nd\u00ebrtoheshin situatat aty m\u00eb dukeshin jo shum\u00eb serioze p\u00ebr t\u2019u agravuar sa p\u00ebr t\u2019u kthyer n\u00eb debat dhe p\u00ebr ta \u00e7uar tek \u2018Prime\u2019-i i famsh\u00ebm. P\u00ebr t\u00eb marr\u00eb momentin dhe \u00e7astin e lavdis\u00eb.<\/p>\n\n\n\n<p>Mund t\u00eb jem shum\u00eb emocional, sepse flas nga zemra por un\u00eb nuk jam natyr\u00eb q\u00eb fle gjum\u00eb. Jam nj\u00eb njeri q\u00eb si \u00e7dokush ka pasur sprovat dhe sfidat e tij n\u00eb jet\u00eb. Ndoshta ato kan\u00eb qen\u00eb edhe arsyeja q\u00eb m\u00eb kan\u00eb kthyer n\u00eb shum\u00eb emocional. M\u00eb kan\u00eb m\u00ebsuar q\u00eb t\u00eb mos prek emocionet dhe zemrat e t\u00eb tjer\u00ebve.<\/p>\n\n\n\n<p>Babai im n\u00eb k\u00ebto \u00e7aste \u00ebsht\u00eb i paralizuar n\u00eb krevat dhe nuk po e shfryt\u00ebzoj k\u00ebt\u00eb moment p\u00ebr viktimizim. Dua t\u00eb shprehem realisht sepse e di q\u00eb nuk do t\u00eb kem ndonj\u00eb moment tjet\u00ebr p\u00ebr t\u2019u shprehur. Pjesa edhe kur mamaja nd\u00ebrroi jet\u00eb ka ndikuar, pjesa e babait dhe pa\u00e7ka t\u00eb gjitha k\u00ebtyre gj\u00ebrave kisha mendjen vet\u00ebm tek motra.\u201d<\/p>\n","protected":false},"excerpt":{"rendered":"<p>I ftuar n\u00eb emisionin \u201cBig Brother VIP Fan Club\u201d, ish-banori, Petro Xhori q\u00eb p\u00ebrfundoi rrug\u00ebtimin e tij n\u00eb sht\u00ebpin\u00eb m\u00eb t\u00eb famshme, ka ndar\u00eb me publikun disa detaje nga jeta e tij pas largimit. Ai ka rr\u00ebfyer nj\u00eb histori t\u00eb dhimbshme t\u00eb familjes, duke treguar se mendjen e kishte pasur gjithmon\u00eb te ata gjat\u00eb koh\u00ebs [&hellip;]<\/p>\n","protected":false},"author":2,"featured_media":54055,"comment_status":"open","ping_status":"open","sticky":false,"template":"","format":"standard","meta":{"footnotes":""},"categories":[33],"tags":[],"class_list":{"0":"post-54056","1":"post","2":"type-post","3":"status-publish","4":"format-standard","5":"has-post-thumbnail","7":"category-showbiz"},"yoast_head":"<!-- This site is optimized with the Yoast SEO plugin v27.4 - https:\/\/yoast.com\/product\/yoast-seo-wordpress\/ -->\n<title>Historia e trisht\u00eb e Petro Xhorit, ish-banori rr\u00ebfehet pas daljes nga \u201cBBV\u201d - blogin.al<\/title>\n<meta name=\"robots\" content=\"index, follow, max-snippet:-1, max-image-preview:large, max-video-preview:-1\" \/>\n<link rel=\"canonical\" href=\"https:\/\/blogin.al\/?p=54056\" \/>\n<meta property=\"og:locale\" content=\"en_US\" \/>\n<meta property=\"og:type\" content=\"article\" \/>\n<meta property=\"og:title\" content=\"Historia e trisht\u00eb e Petro Xhorit, ish-banori rr\u00ebfehet pas daljes nga \u201cBBV\u201d - blogin.al\" \/>\n<meta property=\"og:description\" content=\"I ftuar n\u00eb emisionin \u201cBig Brother VIP Fan Club\u201d, ish-banori, Petro Xhori q\u00eb p\u00ebrfundoi rrug\u00ebtimin e tij n\u00eb sht\u00ebpin\u00eb m\u00eb t\u00eb famshme, ka ndar\u00eb me publikun disa detaje nga jeta e tij pas largimit. Ai ka rr\u00ebfyer nj\u00eb histori t\u00eb dhimbshme t\u00eb familjes, duke treguar se mendjen e kishte pasur gjithmon\u00eb te ata gjat\u00eb koh\u00ebs [&hellip;]\" \/>\n<meta property=\"og:url\" content=\"https:\/\/blogin.al\/?p=54056\" \/>\n<meta property=\"og:site_name\" content=\"blogin.al\" \/>\n<meta property=\"article:published_time\" content=\"2025-01-13T11:56:17+00:00\" \/>\n<meta property=\"og:image\" content=\"https:\/\/blogin.al\/wp-content\/uploads\/2025\/01\/channels4_profile28629.jpg\" \/>\n\t<meta property=\"og:image:width\" content=\"900\" \/>\n\t<meta property=\"og:image:height\" content=\"900\" \/>\n\t<meta property=\"og:image:type\" content=\"image\/jpeg\" \/>\n<meta name=\"author\" content=\"Blogin al\" \/>\n<meta name=\"twitter:card\" content=\"summary_large_image\" \/>\n<meta name=\"twitter:label1\" content=\"Written by\" \/>\n\t<meta name=\"twitter:data1\" content=\"Blogin al\" \/>\n\t<meta name=\"twitter:label2\" content=\"Est. reading time\" \/>\n\t<meta name=\"twitter:data2\" content=\"2 minutes\" \/>\n<script type=\"application\/ld+json\" class=\"yoast-schema-graph\">{\"@context\":\"https:\\\/\\\/schema.org\",\"@graph\":[{\"@type\":\"Article\",\"@id\":\"https:\\\/\\\/blogin.al\\\/?p=54056#article\",\"isPartOf\":{\"@id\":\"https:\\\/\\\/blogin.al\\\/?p=54056\"},\"author\":{\"name\":\"Blogin al\",\"@id\":\"https:\\\/\\\/blogin.al\\\/#\\\/schema\\\/person\\\/abdd56bc912cd511db877b852b115399\"},\"headline\":\"Historia e trisht\u00eb e Petro Xhorit, ish-banori rr\u00ebfehet pas daljes nga \u201cBBV\u201d\",\"datePublished\":\"2025-01-13T11:56:17+00:00\",\"mainEntityOfPage\":{\"@id\":\"https:\\\/\\\/blogin.al\\\/?p=54056\"},\"wordCount\":351,\"commentCount\":0,\"publisher\":{\"@id\":\"https:\\\/\\\/blogin.al\\\/#organization\"},\"image\":{\"@id\":\"https:\\\/\\\/blogin.al\\\/?p=54056#primaryimage\"},\"thumbnailUrl\":\"https:\\\/\\\/blogin.al\\\/wp-content\\\/uploads\\\/2025\\\/01\\\/channels4_profile28629.jpg\",\"articleSection\":[\"SHOWBIZ\"],\"inLanguage\":\"en-US\",\"potentialAction\":[{\"@type\":\"CommentAction\",\"name\":\"Comment\",\"target\":[\"https:\\\/\\\/blogin.al\\\/?p=54056#respond\"]}]},{\"@type\":\"WebPage\",\"@id\":\"https:\\\/\\\/blogin.al\\\/?p=54056\",\"url\":\"https:\\\/\\\/blogin.al\\\/?p=54056\",\"name\":\"Historia e trisht\u00eb e Petro Xhorit, ish-banori rr\u00ebfehet pas daljes nga \u201cBBV\u201d - blogin.al\",\"isPartOf\":{\"@id\":\"https:\\\/\\\/blogin.al\\\/#website\"},\"primaryImageOfPage\":{\"@id\":\"https:\\\/\\\/blogin.al\\\/?p=54056#primaryimage\"},\"image\":{\"@id\":\"https:\\\/\\\/blogin.al\\\/?p=54056#primaryimage\"},\"thumbnailUrl\":\"https:\\\/\\\/blogin.al\\\/wp-content\\\/uploads\\\/2025\\\/01\\\/channels4_profile28629.jpg\",\"datePublished\":\"2025-01-13T11:56:17+00:00\",\"breadcrumb\":{\"@id\":\"https:\\\/\\\/blogin.al\\\/?p=54056#breadcrumb\"},\"inLanguage\":\"en-US\",\"potentialAction\":[{\"@type\":\"ReadAction\",\"target\":[\"https:\\\/\\\/blogin.al\\\/?p=54056\"]}]},{\"@type\":\"ImageObject\",\"inLanguage\":\"en-US\",\"@id\":\"https:\\\/\\\/blogin.al\\\/?p=54056#primaryimage\",\"url\":\"https:\\\/\\\/blogin.al\\\/wp-content\\\/uploads\\\/2025\\\/01\\\/channels4_profile28629.jpg\",\"contentUrl\":\"https:\\\/\\\/blogin.al\\\/wp-content\\\/uploads\\\/2025\\\/01\\\/channels4_profile28629.jpg\",\"width\":900,\"height\":900},{\"@type\":\"BreadcrumbList\",\"@id\":\"https:\\\/\\\/blogin.al\\\/?p=54056#breadcrumb\",\"itemListElement\":[{\"@type\":\"ListItem\",\"position\":1,\"name\":\"Home\",\"item\":\"https:\\\/\\\/blogin.al\\\/\"},{\"@type\":\"ListItem\",\"position\":2,\"name\":\"Historia e trisht\u00eb e Petro Xhorit, ish-banori rr\u00ebfehet pas daljes nga \u201cBBV\u201d\"}]},{\"@type\":\"WebSite\",\"@id\":\"https:\\\/\\\/blogin.al\\\/#website\",\"url\":\"https:\\\/\\\/blogin.al\\\/\",\"name\":\"blogin.al\",\"description\":\"\",\"publisher\":{\"@id\":\"https:\\\/\\\/blogin.al\\\/#organization\"},\"potentialAction\":[{\"@type\":\"SearchAction\",\"target\":{\"@type\":\"EntryPoint\",\"urlTemplate\":\"https:\\\/\\\/blogin.al\\\/?s={search_term_string}\"},\"query-input\":{\"@type\":\"PropertyValueSpecification\",\"valueRequired\":true,\"valueName\":\"search_term_string\"}}],\"inLanguage\":\"en-US\"},{\"@type\":\"Organization\",\"@id\":\"https:\\\/\\\/blogin.al\\\/#organization\",\"name\":\"BLOGIN.al\",\"url\":\"https:\\\/\\\/blogin.al\\\/\",\"logo\":{\"@type\":\"ImageObject\",\"inLanguage\":\"en-US\",\"@id\":\"https:\\\/\\\/blogin.al\\\/#\\\/schema\\\/logo\\\/image\\\/\",\"url\":\"https:\\\/\\\/blogin.al\\\/wp-content\\\/uploads\\\/2022\\\/05\\\/Untitled-2-01-e1652084456514.png\",\"contentUrl\":\"https:\\\/\\\/blogin.al\\\/wp-content\\\/uploads\\\/2022\\\/05\\\/Untitled-2-01-e1652084456514.png\",\"width\":3723,\"height\":1698,\"caption\":\"BLOGIN.al\"},\"image\":{\"@id\":\"https:\\\/\\\/blogin.al\\\/#\\\/schema\\\/logo\\\/image\\\/\"},\"sameAs\":[\"https:\\\/\\\/instagram.com\\\/blogin.al\\\/\"]},{\"@type\":\"Person\",\"@id\":\"https:\\\/\\\/blogin.al\\\/#\\\/schema\\\/person\\\/abdd56bc912cd511db877b852b115399\",\"name\":\"Blogin al\",\"image\":{\"@type\":\"ImageObject\",\"inLanguage\":\"en-US\",\"@id\":\"https:\\\/\\\/secure.gravatar.com\\\/avatar\\\/60d5661aee6e835fb13dc75d2204cd0c1d61bef2efd137c0083e59ef831e235e?s=96&d=mm&r=g\",\"url\":\"https:\\\/\\\/secure.gravatar.com\\\/avatar\\\/60d5661aee6e835fb13dc75d2204cd0c1d61bef2efd137c0083e59ef831e235e?s=96&d=mm&r=g\",\"contentUrl\":\"https:\\\/\\\/secure.gravatar.com\\\/avatar\\\/60d5661aee6e835fb13dc75d2204cd0c1d61bef2efd137c0083e59ef831e235e?s=96&d=mm&r=g\",\"caption\":\"Blogin al\"},\"sameAs\":[\"https:\\\/\\\/blogin.al\"],\"url\":\"https:\\\/\\\/blogin.al\\\/?author=2\"}]}<\/script>\n<!-- \/ Yoast SEO plugin. -->","yoast_head_json":{"title":"Historia e trisht\u00eb e Petro Xhorit, ish-banori rr\u00ebfehet pas daljes nga \u201cBBV\u201d - blogin.al","robots":{"index":"index","follow":"follow","max-snippet":"max-snippet:-1","max-image-preview":"max-image-preview:large","max-video-preview":"max-video-preview:-1"},"canonical":"https:\/\/blogin.al\/?p=54056","og_locale":"en_US","og_type":"article","og_title":"Historia e trisht\u00eb e Petro Xhorit, ish-banori rr\u00ebfehet pas daljes nga \u201cBBV\u201d - blogin.al","og_description":"I ftuar n\u00eb emisionin \u201cBig Brother VIP Fan Club\u201d, ish-banori, Petro Xhori q\u00eb p\u00ebrfundoi rrug\u00ebtimin e tij n\u00eb sht\u00ebpin\u00eb m\u00eb t\u00eb famshme, ka ndar\u00eb me publikun disa detaje nga jeta e tij pas largimit. Ai ka rr\u00ebfyer nj\u00eb histori t\u00eb dhimbshme t\u00eb familjes, duke treguar se mendjen e kishte pasur gjithmon\u00eb te ata gjat\u00eb koh\u00ebs [&hellip;]","og_url":"https:\/\/blogin.al\/?p=54056","og_site_name":"blogin.al","article_published_time":"2025-01-13T11:56:17+00:00","og_image":[{"width":900,"height":900,"url":"https:\/\/blogin.al\/wp-content\/uploads\/2025\/01\/channels4_profile28629.jpg","type":"image\/jpeg"}],"author":"Blogin al","twitter_card":"summary_large_image","twitter_misc":{"Written by":"Blogin al","Est. reading time":"2 minutes"},"schema":{"@context":"https:\/\/schema.org","@graph":[{"@type":"Article","@id":"https:\/\/blogin.al\/?p=54056#article","isPartOf":{"@id":"https:\/\/blogin.al\/?p=54056"},"author":{"name":"Blogin al","@id":"https:\/\/blogin.al\/#\/schema\/person\/abdd56bc912cd511db877b852b115399"},"headline":"Historia e trisht\u00eb e Petro Xhorit, ish-banori rr\u00ebfehet pas daljes nga \u201cBBV\u201d","datePublished":"2025-01-13T11:56:17+00:00","mainEntityOfPage":{"@id":"https:\/\/blogin.al\/?p=54056"},"wordCount":351,"commentCount":0,"publisher":{"@id":"https:\/\/blogin.al\/#organization"},"image":{"@id":"https:\/\/blogin.al\/?p=54056#primaryimage"},"thumbnailUrl":"https:\/\/blogin.al\/wp-content\/uploads\/2025\/01\/channels4_profile28629.jpg","articleSection":["SHOWBIZ"],"inLanguage":"en-US","potentialAction":[{"@type":"CommentAction","name":"Comment","target":["https:\/\/blogin.al\/?p=54056#respond"]}]},{"@type":"WebPage","@id":"https:\/\/blogin.al\/?p=54056","url":"https:\/\/blogin.al\/?p=54056","name":"Historia e trisht\u00eb e Petro Xhorit, ish-banori rr\u00ebfehet pas daljes nga \u201cBBV\u201d - blogin.al","isPartOf":{"@id":"https:\/\/blogin.al\/#website"},"primaryImageOfPage":{"@id":"https:\/\/blogin.al\/?p=54056#primaryimage"},"image":{"@id":"https:\/\/blogin.al\/?p=54056#primaryimage"},"thumbnailUrl":"https:\/\/blogin.al\/wp-content\/uploads\/2025\/01\/channels4_profile28629.jpg","datePublished":"2025-01-13T11:56:17+00:00","breadcrumb":{"@id":"https:\/\/blogin.al\/?p=54056#breadcrumb"},"inLanguage":"en-US","potentialAction":[{"@type":"ReadAction","target":["https:\/\/blogin.al\/?p=54056"]}]},{"@type":"ImageObject","inLanguage":"en-US","@id":"https:\/\/blogin.al\/?p=54056#primaryimage","url":"https:\/\/blogin.al\/wp-content\/uploads\/2025\/01\/channels4_profile28629.jpg","contentUrl":"https:\/\/blogin.al\/wp-content\/uploads\/2025\/01\/channels4_profile28629.jpg","width":900,"height":900},{"@type":"BreadcrumbList","@id":"https:\/\/blogin.al\/?p=54056#breadcrumb","itemListElement":[{"@type":"ListItem","position":1,"name":"Home","item":"https:\/\/blogin.al\/"},{"@type":"ListItem","position":2,"name":"Historia e trisht\u00eb e Petro Xhorit, ish-banori rr\u00ebfehet pas daljes nga \u201cBBV\u201d"}]},{"@type":"WebSite","@id":"https:\/\/blogin.al\/#website","url":"https:\/\/blogin.al\/","name":"blogin.al","description":"","publisher":{"@id":"https:\/\/blogin.al\/#organization"},"potentialAction":[{"@type":"SearchAction","target":{"@type":"EntryPoint","urlTemplate":"https:\/\/blogin.al\/?s={search_term_string}"},"query-input":{"@type":"PropertyValueSpecification","valueRequired":true,"valueName":"search_term_string"}}],"inLanguage":"en-US"},{"@type":"Organization","@id":"https:\/\/blogin.al\/#organization","name":"BLOGIN.al","url":"https:\/\/blogin.al\/","logo":{"@type":"ImageObject","inLanguage":"en-US","@id":"https:\/\/blogin.al\/#\/schema\/logo\/image\/","url":"https:\/\/blogin.al\/wp-content\/uploads\/2022\/05\/Untitled-2-01-e1652084456514.png","contentUrl":"https:\/\/blogin.al\/wp-content\/uploads\/2022\/05\/Untitled-2-01-e1652084456514.png","width":3723,"height":1698,"caption":"BLOGIN.al"},"image":{"@id":"https:\/\/blogin.al\/#\/schema\/logo\/image\/"},"sameAs":["https:\/\/instagram.com\/blogin.al\/"]},{"@type":"Person","@id":"https:\/\/blogin.al\/#\/schema\/person\/abdd56bc912cd511db877b852b115399","name":"Blogin al","image":{"@type":"ImageObject","inLanguage":"en-US","@id":"https:\/\/secure.gravatar.com\/avatar\/60d5661aee6e835fb13dc75d2204cd0c1d61bef2efd137c0083e59ef831e235e?s=96&d=mm&r=g","url":"https:\/\/secure.gravatar.com\/avatar\/60d5661aee6e835fb13dc75d2204cd0c1d61bef2efd137c0083e59ef831e235e?s=96&d=mm&r=g","contentUrl":"https:\/\/secure.gravatar.com\/avatar\/60d5661aee6e835fb13dc75d2204cd0c1d61bef2efd137c0083e59ef831e235e?s=96&d=mm&r=g","caption":"Blogin al"},"sameAs":["https:\/\/blogin.al"],"url":"https:\/\/blogin.al\/?author=2"}]}},"_links":{"self":[{"href":"https:\/\/blogin.al\/index.php?rest_route=\/wp\/v2\/posts\/54056","targetHints":{"allow":["GET"]}}],"collection":[{"href":"https:\/\/blogin.al\/index.php?rest_route=\/wp\/v2\/posts"}],"about":[{"href":"https:\/\/blogin.al\/index.php?rest_route=\/wp\/v2\/types\/post"}],"author":[{"embeddable":true,"href":"https:\/\/blogin.al\/index.php?rest_route=\/wp\/v2\/users\/2"}],"replies":[{"embeddable":true,"href":"https:\/\/blogin.al\/index.php?rest_route=%2Fwp%2Fv2%2Fcomments&post=54056"}],"version-history":[{"count":0,"href":"https:\/\/blogin.al\/index.php?rest_route=\/wp\/v2\/posts\/54056\/revisions"}],"wp:featuredmedia":[{"embeddable":true,"href":"https:\/\/blogin.al\/index.php?rest_route=\/wp\/v2\/media\/54055"}],"wp:attachment":[{"href":"https:\/\/blogin.al\/index.php?rest_route=%2Fwp%2Fv2%2Fmedia&parent=54056"}],"wp:term":[{"taxonomy":"category","embeddable":true,"href":"https:\/\/blogin.al\/index.php?rest_route=%2Fwp%2Fv2%2Fcategories&post=54056"},{"taxonomy":"post_tag","embeddable":true,"href":"https:\/\/blogin.al\/index.php?rest_route=%2Fwp%2Fv2%2Ftags&post=54056"}],"curies":[{"name":"wp","href":"https:\/\/api.w.org\/{rel}","templated":true}]}}