{"id":54149,"date":"2025-01-16T12:03:31","date_gmt":"2025-01-16T12:03:31","guid":{"rendered":"https:\/\/blogin.al\/deklarata-e-papritur-e-gazetaresreagon-familja-e-banorit-te-bbva\/"},"modified":"2025-01-16T12:03:31","modified_gmt":"2025-01-16T12:03:31","slug":"deklarata-e-papritur-e-gazetaresreagon-familja-e-banorit-te-bbva","status":"publish","type":"post","link":"https:\/\/blogin.al\/?p=54149","title":{"rendered":"Deklarata e papritur e gazetares,reagon familja e banorit t\u00eb \u2018BBVA\u2019"},"content":{"rendered":"\n<p>24 or\u00ebt e fundit kan\u00eb qen\u00eb t\u00eb mbushura me lajme nga \u2018Big Brother VIP Albania\u2019, por ajo q\u00eb ka b\u00ebr\u00eb buj\u00eb m\u00eb shum\u00eb, \u00ebsht\u00eb deklarata e gazetares Dasara Karaiska n\u00eb lidhje me k\u00ebng\u00ebtarin, Jozefin Marku. Ajo p\u00ebrmes nj\u00eb videoje t\u00eb publikuar n\u00eb rrjetin social Instagram, ka th\u00ebn\u00eb se \u201cJozi \u00ebsht\u00eb gay\u201d dhe se partneri i tij ka deklaruar se \u00ebsht\u00eb n\u00eb nj\u00eb marr\u00ebdh\u00ebnie me t\u00eb.<\/p>\n\n\n\n<p><em>\u201cMua m\u00eb vjen aq keq p\u00ebr at\u00eb partnerin e Jozit me t\u00eb cilin Jozi ka bashk\u00ebjetuar n\u00eb Zvic\u00ebr e n\u00eb Milano se n\u00eb fund t\u00eb fundit ai i ziu \u00ebsht\u00eb gay i deklaruar n\u00eb nj\u00eb marr\u00ebdh\u00ebnie me Jozin dhe sikur nuk \u00ebsht\u00eb e drejt\u00eb nga ana ime t\u00eb ia denigroj figur\u00ebn. Po q\u00eb ky Jozi e ka hak t\u00eb ia nxjerr at\u00eb foton e at\u00eb profilin e atij partnerit t\u00eb vet q\u00eb e ka foto profili Jozin n\u00eb Instagram. Do t\u00eb dali sonte ai t\u00eb i shoh k\u00ebto storje Jozi edhe nes\u00ebr t\u00eb vije t\u00eb m\u00eb haj mua te dera e sht\u00ebpis\u00eb. Tash t\u00eb them t\u00eb drejt\u00ebn gjersa ai e ka foto profili n\u00eb Instagram, pse se nxjerrkam un\u00eb p\u00ebr shembull. Sa e sh\u00ebmtuar<\/em>\u201d, \u00ebsht\u00eb shprehur Karaiska n\u00eb Instagram.<\/p>\n\n\n\n<figure class=\"wp-block-image size-large\"><img fetchpriority=\"high\" decoding=\"async\" width=\"836\" height=\"1024\" src=\"https:\/\/blogin.al\/wp-content\/uploads\/2025\/01\/auto_capture17369754342048393629458795997-836x1024.png\" alt=\"\" class=\"wp-image-54146\" srcset=\"https:\/\/blogin.al\/wp-content\/uploads\/2025\/01\/auto_capture17369754342048393629458795997-836x1024.png 836w, https:\/\/blogin.al\/wp-content\/uploads\/2025\/01\/auto_capture17369754342048393629458795997-245x300.png 245w, https:\/\/blogin.al\/wp-content\/uploads\/2025\/01\/auto_capture17369754342048393629458795997-768x940.png 768w, https:\/\/blogin.al\/wp-content\/uploads\/2025\/01\/auto_capture17369754342048393629458795997-150x184.png 150w, https:\/\/blogin.al\/wp-content\/uploads\/2025\/01\/auto_capture17369754342048393629458795997-300x367.png 300w, https:\/\/blogin.al\/wp-content\/uploads\/2025\/01\/auto_capture17369754342048393629458795997-696x852.png 696w, https:\/\/blogin.al\/wp-content\/uploads\/2025\/01\/auto_capture17369754342048393629458795997.png 900w\" sizes=\"(max-width: 836px) 100vw, 836px\" \/><\/figure>\n\n\n\n<p>T\u00eb shumt\u00eb ishin ata q\u00eb shpreh\u00ebn mosbesim nga ajo q\u00eb Desara tha, ndaj gazetarja publikoi foto t\u00eb Jozit me personin n\u00eb fjal\u00eb, si edhe mesazhe q\u00eb ka shk\u00ebmbyer me t\u00eb. Ky i fundit n\u00eb komunikime, insiston se \u00ebsht\u00eb i martuar me f\u00ebmij\u00eb madje i k\u00ebrkon t\u2019i heq\u00eb fotot q\u00eb gazetarja ka nxjerr\u00eb duke th\u00ebn\u00eb se Jozin e ka mik familjar.<\/p>\n\n\n\n<p>Pas aludimeve, ka ardhur edhe nj\u00eb reagim nga familja e Jozit, t\u00eb cil\u00ebt p\u00ebrg\u00ebnjeshtrojn\u00eb at\u00eb q\u00eb gazetarja ka th\u00ebn\u00eb.<\/p>\n\n\n\n<figure class=\"wp-block-image size-large\"><img decoding=\"async\" width=\"614\" height=\"1024\" src=\"https:\/\/blogin.al\/wp-content\/uploads\/2025\/01\/image_editor_output_image-81660147-17370290005013796491789768703689-614x1024.jpg\" alt=\"\" class=\"wp-image-54147\" srcset=\"https:\/\/blogin.al\/wp-content\/uploads\/2025\/01\/image_editor_output_image-81660147-17370290005013796491789768703689-614x1024.jpg 614w, https:\/\/blogin.al\/wp-content\/uploads\/2025\/01\/image_editor_output_image-81660147-17370290005013796491789768703689-180x300.jpg 180w, https:\/\/blogin.al\/wp-content\/uploads\/2025\/01\/image_editor_output_image-81660147-17370290005013796491789768703689-768x1281.jpg 768w, https:\/\/blogin.al\/wp-content\/uploads\/2025\/01\/image_editor_output_image-81660147-17370290005013796491789768703689-921x1536.jpg 921w, https:\/\/blogin.al\/wp-content\/uploads\/2025\/01\/image_editor_output_image-81660147-17370290005013796491789768703689-150x250.jpg 150w, https:\/\/blogin.al\/wp-content\/uploads\/2025\/01\/image_editor_output_image-81660147-17370290005013796491789768703689-300x500.jpg 300w, https:\/\/blogin.al\/wp-content\/uploads\/2025\/01\/image_editor_output_image-81660147-17370290005013796491789768703689-696x1161.jpg 696w, https:\/\/blogin.al\/wp-content\/uploads\/2025\/01\/image_editor_output_image-81660147-17370290005013796491789768703689-1068x1781.jpg 1068w, https:\/\/blogin.al\/wp-content\/uploads\/2025\/01\/image_editor_output_image-81660147-17370290005013796491789768703689.jpg 1199w\" sizes=\"(max-width: 614px) 100vw, 614px\" \/><\/figure>\n","protected":false},"excerpt":{"rendered":"<p>24 or\u00ebt e fundit kan\u00eb qen\u00eb t\u00eb mbushura me lajme nga \u2018Big Brother VIP Albania\u2019, por ajo q\u00eb ka b\u00ebr\u00eb buj\u00eb m\u00eb shum\u00eb, \u00ebsht\u00eb deklarata e gazetares Dasara Karaiska n\u00eb lidhje me k\u00ebng\u00ebtarin, Jozefin Marku. Ajo p\u00ebrmes nj\u00eb videoje t\u00eb publikuar n\u00eb rrjetin social Instagram, ka th\u00ebn\u00eb se \u201cJozi \u00ebsht\u00eb gay\u201d dhe se partneri i [&hellip;]<\/p>\n","protected":false},"author":2,"featured_media":54148,"comment_status":"open","ping_status":"open","sticky":false,"template":"","format":"standard","meta":{"footnotes":""},"categories":[33],"tags":[],"class_list":{"0":"post-54149","1":"post","2":"type-post","3":"status-publish","4":"format-standard","5":"has-post-thumbnail","7":"category-showbiz"},"yoast_head":"<!-- This site is optimized with the Yoast SEO plugin v27.4 - https:\/\/yoast.com\/product\/yoast-seo-wordpress\/ -->\n<title>Deklarata e papritur e gazetares,reagon familja e banorit t\u00eb \u2018BBVA\u2019 - blogin.al<\/title>\n<meta name=\"robots\" content=\"index, follow, max-snippet:-1, max-image-preview:large, max-video-preview:-1\" \/>\n<link rel=\"canonical\" href=\"https:\/\/blogin.al\/?p=54149\" \/>\n<meta property=\"og:locale\" content=\"en_US\" \/>\n<meta property=\"og:type\" content=\"article\" \/>\n<meta property=\"og:title\" content=\"Deklarata e papritur e gazetares,reagon familja e banorit t\u00eb \u2018BBVA\u2019 - blogin.al\" \/>\n<meta property=\"og:description\" content=\"24 or\u00ebt e fundit kan\u00eb qen\u00eb t\u00eb mbushura me lajme nga \u2018Big Brother VIP Albania\u2019, por ajo q\u00eb ka b\u00ebr\u00eb buj\u00eb m\u00eb shum\u00eb, \u00ebsht\u00eb deklarata e gazetares Dasara Karaiska n\u00eb lidhje me k\u00ebng\u00ebtarin, Jozefin Marku. Ajo p\u00ebrmes nj\u00eb videoje t\u00eb publikuar n\u00eb rrjetin social Instagram, ka th\u00ebn\u00eb se \u201cJozi \u00ebsht\u00eb gay\u201d dhe se partneri i [&hellip;]\" \/>\n<meta property=\"og:url\" content=\"https:\/\/blogin.al\/?p=54149\" \/>\n<meta property=\"og:site_name\" content=\"blogin.al\" \/>\n<meta property=\"article:published_time\" content=\"2025-01-16T12:03:31+00:00\" \/>\n<meta property=\"og:image\" content=\"https:\/\/blogin.al\/wp-content\/uploads\/2025\/01\/473276958_1006419334838480_2859085463204802198_n-1.jpg\" \/>\n\t<meta property=\"og:image:width\" content=\"600\" \/>\n\t<meta property=\"og:image:height\" content=\"400\" \/>\n\t<meta property=\"og:image:type\" content=\"image\/jpeg\" \/>\n<meta name=\"author\" content=\"Blogin al\" \/>\n<meta name=\"twitter:card\" content=\"summary_large_image\" \/>\n<meta name=\"twitter:label1\" content=\"Written by\" \/>\n\t<meta name=\"twitter:data1\" content=\"Blogin al\" \/>\n\t<meta name=\"twitter:label2\" content=\"Est. reading time\" \/>\n\t<meta name=\"twitter:data2\" content=\"2 minutes\" \/>\n<script type=\"application\/ld+json\" class=\"yoast-schema-graph\">{\"@context\":\"https:\\\/\\\/schema.org\",\"@graph\":[{\"@type\":\"Article\",\"@id\":\"https:\\\/\\\/blogin.al\\\/?p=54149#article\",\"isPartOf\":{\"@id\":\"https:\\\/\\\/blogin.al\\\/?p=54149\"},\"author\":{\"name\":\"Blogin al\",\"@id\":\"https:\\\/\\\/blogin.al\\\/#\\\/schema\\\/person\\\/abdd56bc912cd511db877b852b115399\"},\"headline\":\"Deklarata e papritur e gazetares,reagon familja e banorit t\u00eb \u2018BBVA\u2019\",\"datePublished\":\"2025-01-16T12:03:31+00:00\",\"mainEntityOfPage\":{\"@id\":\"https:\\\/\\\/blogin.al\\\/?p=54149\"},\"wordCount\":313,\"commentCount\":0,\"publisher\":{\"@id\":\"https:\\\/\\\/blogin.al\\\/#organization\"},\"image\":{\"@id\":\"https:\\\/\\\/blogin.al\\\/?p=54149#primaryimage\"},\"thumbnailUrl\":\"https:\\\/\\\/blogin.al\\\/wp-content\\\/uploads\\\/2025\\\/01\\\/473276958_1006419334838480_2859085463204802198_n-1.jpg\",\"articleSection\":[\"SHOWBIZ\"],\"inLanguage\":\"en-US\",\"potentialAction\":[{\"@type\":\"CommentAction\",\"name\":\"Comment\",\"target\":[\"https:\\\/\\\/blogin.al\\\/?p=54149#respond\"]}]},{\"@type\":\"WebPage\",\"@id\":\"https:\\\/\\\/blogin.al\\\/?p=54149\",\"url\":\"https:\\\/\\\/blogin.al\\\/?p=54149\",\"name\":\"Deklarata e papritur e gazetares,reagon familja e banorit t\u00eb \u2018BBVA\u2019 - blogin.al\",\"isPartOf\":{\"@id\":\"https:\\\/\\\/blogin.al\\\/#website\"},\"primaryImageOfPage\":{\"@id\":\"https:\\\/\\\/blogin.al\\\/?p=54149#primaryimage\"},\"image\":{\"@id\":\"https:\\\/\\\/blogin.al\\\/?p=54149#primaryimage\"},\"thumbnailUrl\":\"https:\\\/\\\/blogin.al\\\/wp-content\\\/uploads\\\/2025\\\/01\\\/473276958_1006419334838480_2859085463204802198_n-1.jpg\",\"datePublished\":\"2025-01-16T12:03:31+00:00\",\"breadcrumb\":{\"@id\":\"https:\\\/\\\/blogin.al\\\/?p=54149#breadcrumb\"},\"inLanguage\":\"en-US\",\"potentialAction\":[{\"@type\":\"ReadAction\",\"target\":[\"https:\\\/\\\/blogin.al\\\/?p=54149\"]}]},{\"@type\":\"ImageObject\",\"inLanguage\":\"en-US\",\"@id\":\"https:\\\/\\\/blogin.al\\\/?p=54149#primaryimage\",\"url\":\"https:\\\/\\\/blogin.al\\\/wp-content\\\/uploads\\\/2025\\\/01\\\/473276958_1006419334838480_2859085463204802198_n-1.jpg\",\"contentUrl\":\"https:\\\/\\\/blogin.al\\\/wp-content\\\/uploads\\\/2025\\\/01\\\/473276958_1006419334838480_2859085463204802198_n-1.jpg\",\"width\":600,\"height\":400},{\"@type\":\"BreadcrumbList\",\"@id\":\"https:\\\/\\\/blogin.al\\\/?p=54149#breadcrumb\",\"itemListElement\":[{\"@type\":\"ListItem\",\"position\":1,\"name\":\"Home\",\"item\":\"https:\\\/\\\/blogin.al\\\/\"},{\"@type\":\"ListItem\",\"position\":2,\"name\":\"Deklarata e papritur e gazetares,reagon familja e banorit t\u00eb \u2018BBVA\u2019\"}]},{\"@type\":\"WebSite\",\"@id\":\"https:\\\/\\\/blogin.al\\\/#website\",\"url\":\"https:\\\/\\\/blogin.al\\\/\",\"name\":\"blogin.al\",\"description\":\"\",\"publisher\":{\"@id\":\"https:\\\/\\\/blogin.al\\\/#organization\"},\"potentialAction\":[{\"@type\":\"SearchAction\",\"target\":{\"@type\":\"EntryPoint\",\"urlTemplate\":\"https:\\\/\\\/blogin.al\\\/?s={search_term_string}\"},\"query-input\":{\"@type\":\"PropertyValueSpecification\",\"valueRequired\":true,\"valueName\":\"search_term_string\"}}],\"inLanguage\":\"en-US\"},{\"@type\":\"Organization\",\"@id\":\"https:\\\/\\\/blogin.al\\\/#organization\",\"name\":\"BLOGIN.al\",\"url\":\"https:\\\/\\\/blogin.al\\\/\",\"logo\":{\"@type\":\"ImageObject\",\"inLanguage\":\"en-US\",\"@id\":\"https:\\\/\\\/blogin.al\\\/#\\\/schema\\\/logo\\\/image\\\/\",\"url\":\"https:\\\/\\\/blogin.al\\\/wp-content\\\/uploads\\\/2022\\\/05\\\/Untitled-2-01-e1652084456514.png\",\"contentUrl\":\"https:\\\/\\\/blogin.al\\\/wp-content\\\/uploads\\\/2022\\\/05\\\/Untitled-2-01-e1652084456514.png\",\"width\":3723,\"height\":1698,\"caption\":\"BLOGIN.al\"},\"image\":{\"@id\":\"https:\\\/\\\/blogin.al\\\/#\\\/schema\\\/logo\\\/image\\\/\"},\"sameAs\":[\"https:\\\/\\\/instagram.com\\\/blogin.al\\\/\"]},{\"@type\":\"Person\",\"@id\":\"https:\\\/\\\/blogin.al\\\/#\\\/schema\\\/person\\\/abdd56bc912cd511db877b852b115399\",\"name\":\"Blogin al\",\"image\":{\"@type\":\"ImageObject\",\"inLanguage\":\"en-US\",\"@id\":\"https:\\\/\\\/secure.gravatar.com\\\/avatar\\\/60d5661aee6e835fb13dc75d2204cd0c1d61bef2efd137c0083e59ef831e235e?s=96&d=mm&r=g\",\"url\":\"https:\\\/\\\/secure.gravatar.com\\\/avatar\\\/60d5661aee6e835fb13dc75d2204cd0c1d61bef2efd137c0083e59ef831e235e?s=96&d=mm&r=g\",\"contentUrl\":\"https:\\\/\\\/secure.gravatar.com\\\/avatar\\\/60d5661aee6e835fb13dc75d2204cd0c1d61bef2efd137c0083e59ef831e235e?s=96&d=mm&r=g\",\"caption\":\"Blogin al\"},\"sameAs\":[\"https:\\\/\\\/blogin.al\"],\"url\":\"https:\\\/\\\/blogin.al\\\/?author=2\"}]}<\/script>\n<!-- \/ Yoast SEO plugin. -->","yoast_head_json":{"title":"Deklarata e papritur e gazetares,reagon familja e banorit t\u00eb \u2018BBVA\u2019 - blogin.al","robots":{"index":"index","follow":"follow","max-snippet":"max-snippet:-1","max-image-preview":"max-image-preview:large","max-video-preview":"max-video-preview:-1"},"canonical":"https:\/\/blogin.al\/?p=54149","og_locale":"en_US","og_type":"article","og_title":"Deklarata e papritur e gazetares,reagon familja e banorit t\u00eb \u2018BBVA\u2019 - blogin.al","og_description":"24 or\u00ebt e fundit kan\u00eb qen\u00eb t\u00eb mbushura me lajme nga \u2018Big Brother VIP Albania\u2019, por ajo q\u00eb ka b\u00ebr\u00eb buj\u00eb m\u00eb shum\u00eb, \u00ebsht\u00eb deklarata e gazetares Dasara Karaiska n\u00eb lidhje me k\u00ebng\u00ebtarin, Jozefin Marku. Ajo p\u00ebrmes nj\u00eb videoje t\u00eb publikuar n\u00eb rrjetin social Instagram, ka th\u00ebn\u00eb se \u201cJozi \u00ebsht\u00eb gay\u201d dhe se partneri i [&hellip;]","og_url":"https:\/\/blogin.al\/?p=54149","og_site_name":"blogin.al","article_published_time":"2025-01-16T12:03:31+00:00","og_image":[{"width":600,"height":400,"url":"https:\/\/blogin.al\/wp-content\/uploads\/2025\/01\/473276958_1006419334838480_2859085463204802198_n-1.jpg","type":"image\/jpeg"}],"author":"Blogin al","twitter_card":"summary_large_image","twitter_misc":{"Written by":"Blogin al","Est. reading time":"2 minutes"},"schema":{"@context":"https:\/\/schema.org","@graph":[{"@type":"Article","@id":"https:\/\/blogin.al\/?p=54149#article","isPartOf":{"@id":"https:\/\/blogin.al\/?p=54149"},"author":{"name":"Blogin al","@id":"https:\/\/blogin.al\/#\/schema\/person\/abdd56bc912cd511db877b852b115399"},"headline":"Deklarata e papritur e gazetares,reagon familja e banorit t\u00eb \u2018BBVA\u2019","datePublished":"2025-01-16T12:03:31+00:00","mainEntityOfPage":{"@id":"https:\/\/blogin.al\/?p=54149"},"wordCount":313,"commentCount":0,"publisher":{"@id":"https:\/\/blogin.al\/#organization"},"image":{"@id":"https:\/\/blogin.al\/?p=54149#primaryimage"},"thumbnailUrl":"https:\/\/blogin.al\/wp-content\/uploads\/2025\/01\/473276958_1006419334838480_2859085463204802198_n-1.jpg","articleSection":["SHOWBIZ"],"inLanguage":"en-US","potentialAction":[{"@type":"CommentAction","name":"Comment","target":["https:\/\/blogin.al\/?p=54149#respond"]}]},{"@type":"WebPage","@id":"https:\/\/blogin.al\/?p=54149","url":"https:\/\/blogin.al\/?p=54149","name":"Deklarata e papritur e gazetares,reagon familja e banorit t\u00eb \u2018BBVA\u2019 - blogin.al","isPartOf":{"@id":"https:\/\/blogin.al\/#website"},"primaryImageOfPage":{"@id":"https:\/\/blogin.al\/?p=54149#primaryimage"},"image":{"@id":"https:\/\/blogin.al\/?p=54149#primaryimage"},"thumbnailUrl":"https:\/\/blogin.al\/wp-content\/uploads\/2025\/01\/473276958_1006419334838480_2859085463204802198_n-1.jpg","datePublished":"2025-01-16T12:03:31+00:00","breadcrumb":{"@id":"https:\/\/blogin.al\/?p=54149#breadcrumb"},"inLanguage":"en-US","potentialAction":[{"@type":"ReadAction","target":["https:\/\/blogin.al\/?p=54149"]}]},{"@type":"ImageObject","inLanguage":"en-US","@id":"https:\/\/blogin.al\/?p=54149#primaryimage","url":"https:\/\/blogin.al\/wp-content\/uploads\/2025\/01\/473276958_1006419334838480_2859085463204802198_n-1.jpg","contentUrl":"https:\/\/blogin.al\/wp-content\/uploads\/2025\/01\/473276958_1006419334838480_2859085463204802198_n-1.jpg","width":600,"height":400},{"@type":"BreadcrumbList","@id":"https:\/\/blogin.al\/?p=54149#breadcrumb","itemListElement":[{"@type":"ListItem","position":1,"name":"Home","item":"https:\/\/blogin.al\/"},{"@type":"ListItem","position":2,"name":"Deklarata e papritur e gazetares,reagon familja e banorit t\u00eb \u2018BBVA\u2019"}]},{"@type":"WebSite","@id":"https:\/\/blogin.al\/#website","url":"https:\/\/blogin.al\/","name":"blogin.al","description":"","publisher":{"@id":"https:\/\/blogin.al\/#organization"},"potentialAction":[{"@type":"SearchAction","target":{"@type":"EntryPoint","urlTemplate":"https:\/\/blogin.al\/?s={search_term_string}"},"query-input":{"@type":"PropertyValueSpecification","valueRequired":true,"valueName":"search_term_string"}}],"inLanguage":"en-US"},{"@type":"Organization","@id":"https:\/\/blogin.al\/#organization","name":"BLOGIN.al","url":"https:\/\/blogin.al\/","logo":{"@type":"ImageObject","inLanguage":"en-US","@id":"https:\/\/blogin.al\/#\/schema\/logo\/image\/","url":"https:\/\/blogin.al\/wp-content\/uploads\/2022\/05\/Untitled-2-01-e1652084456514.png","contentUrl":"https:\/\/blogin.al\/wp-content\/uploads\/2022\/05\/Untitled-2-01-e1652084456514.png","width":3723,"height":1698,"caption":"BLOGIN.al"},"image":{"@id":"https:\/\/blogin.al\/#\/schema\/logo\/image\/"},"sameAs":["https:\/\/instagram.com\/blogin.al\/"]},{"@type":"Person","@id":"https:\/\/blogin.al\/#\/schema\/person\/abdd56bc912cd511db877b852b115399","name":"Blogin al","image":{"@type":"ImageObject","inLanguage":"en-US","@id":"https:\/\/secure.gravatar.com\/avatar\/60d5661aee6e835fb13dc75d2204cd0c1d61bef2efd137c0083e59ef831e235e?s=96&d=mm&r=g","url":"https:\/\/secure.gravatar.com\/avatar\/60d5661aee6e835fb13dc75d2204cd0c1d61bef2efd137c0083e59ef831e235e?s=96&d=mm&r=g","contentUrl":"https:\/\/secure.gravatar.com\/avatar\/60d5661aee6e835fb13dc75d2204cd0c1d61bef2efd137c0083e59ef831e235e?s=96&d=mm&r=g","caption":"Blogin al"},"sameAs":["https:\/\/blogin.al"],"url":"https:\/\/blogin.al\/?author=2"}]}},"_links":{"self":[{"href":"https:\/\/blogin.al\/index.php?rest_route=\/wp\/v2\/posts\/54149","targetHints":{"allow":["GET"]}}],"collection":[{"href":"https:\/\/blogin.al\/index.php?rest_route=\/wp\/v2\/posts"}],"about":[{"href":"https:\/\/blogin.al\/index.php?rest_route=\/wp\/v2\/types\/post"}],"author":[{"embeddable":true,"href":"https:\/\/blogin.al\/index.php?rest_route=\/wp\/v2\/users\/2"}],"replies":[{"embeddable":true,"href":"https:\/\/blogin.al\/index.php?rest_route=%2Fwp%2Fv2%2Fcomments&post=54149"}],"version-history":[{"count":0,"href":"https:\/\/blogin.al\/index.php?rest_route=\/wp\/v2\/posts\/54149\/revisions"}],"wp:featuredmedia":[{"embeddable":true,"href":"https:\/\/blogin.al\/index.php?rest_route=\/wp\/v2\/media\/54148"}],"wp:attachment":[{"href":"https:\/\/blogin.al\/index.php?rest_route=%2Fwp%2Fv2%2Fmedia&parent=54149"}],"wp:term":[{"taxonomy":"category","embeddable":true,"href":"https:\/\/blogin.al\/index.php?rest_route=%2Fwp%2Fv2%2Fcategories&post=54149"},{"taxonomy":"post_tag","embeddable":true,"href":"https:\/\/blogin.al\/index.php?rest_route=%2Fwp%2Fv2%2Ftags&post=54149"}],"curies":[{"name":"wp","href":"https:\/\/api.w.org\/{rel}","templated":true}]}}