{"id":54159,"date":"2025-01-17T07:35:08","date_gmt":"2025-01-17T07:35:08","guid":{"rendered":"https:\/\/blogin.al\/marina-dhe-luana-vjollca-se-shpejti-ne-nje-program-televiziv\/"},"modified":"2025-01-17T07:35:08","modified_gmt":"2025-01-17T07:35:08","slug":"marina-dhe-luana-vjollca-se-shpejti-ne-nje-program-televiziv","status":"publish","type":"post","link":"https:\/\/blogin.al\/?p=54159","title":{"rendered":"Marina dhe Luana Vjollca, s\u00eb shpejti n\u00eb nj\u00eb program televiziv?"},"content":{"rendered":"\n<p>Marina Vjollca nuk e mohoi se n\u00eb nj\u00eb t\u00eb ardhme, ajo dhe motra e saj, Luana, mund t\u00eb vijn\u00eb s\u00ebbashku me nj\u00eb emision. Teksa ishte e ftuar n\u00eb podcastin e Alketa Vejsiut, ajo u shpreh se Luana \u00ebsht\u00eb personi i par\u00eb q\u00eb telefonon, si n\u00eb ngjarjet e mira e po ashtu edhe n\u00eb ato t\u00eb v\u00ebshtira. Po ashtu, moderatorja pranoi se ka nj\u00eb kimi shum\u00eb t\u00eb mir\u00eb me Luan\u00ebn kur jan\u00eb n\u00eb ekran, \u00e7\u2019ka shton dyshimet se dy motrat n\u00eb t\u00eb ardhmen, mund t\u00eb vijn\u00eb me nj\u00eb program.<\/p>\n\n\n\n<p>Pyetja\u2013Luana \u00ebsht\u00eb telefonata jote e par\u00eb dhe ti telefonata e saj e par\u00eb?<\/p>\n\n\n\n<p>Marina Vjollca: Gjithmon\u00eb, p\u00ebr t\u00eb dyja rastet, si p\u00ebr mir\u00eb, si p\u00ebr keq jemi \u2018Luana ke koh\u00eb t\u00eb flasim?\u2019 Luana m\u00eb b\u00ebn nj\u00eb v\u00ebrejtje q\u00eb m\u00eb thot\u00eb \u2018Marina kur \u00ebsht\u00eb n\u00eb pun\u00eb nuk ta hap telefonin, kur ta hap thot\u00eb ke di\u00e7ka urgjente apo t\u00eb vazhdoj pun\u00eb\u2019, n\u00ebse \u00ebsht\u00eb urgjente dal dhe flas, n\u00ebse \u00ebsht\u00eb thjesht p\u00ebr bised\u00eb me nj\u00ebra-tjetr\u00ebn, e konsumojm\u00eb m\u00eb von\u00eb, por jemi telefonata e par\u00eb e nj\u00ebra-tjetr\u00ebs p\u00ebr t\u00eb gjitha rastet.<\/p>\n\n\n\n<p>Pyetja-Do t\u00eb b\u00ebni ndonj\u00ebher\u00eb nj\u00eb program t\u00eb dyja, e mendoni?<\/p>\n\n\n\n<p>Marina Vjollca:\u00a0Pse jo?<\/p>\n\n\n\n<p>Pyetja-Jeni sa t\u00eb ngjashme, edhe t\u00eb ndryshme por\u2026<\/p>\n\n\n\n<p>Marina Vjollca: Po, por kjo kimia q\u00eb kemi me nj\u00ebra-tjetr\u00ebn, kuptohemi me sy dhe prandaj ecin gjithnj\u00eb shum\u00eb mir\u00eb kur ne jemi t\u00eb dyja n\u00eb ekran apo n\u00eb daljet tona sepse e kemi me shikim, momenti yt, momenti im.<\/p>\n\n\n\n<p>Marina, n\u00eb fund u shpreh se po punon p\u00ebr di\u00e7ka q\u00eb do ta sjell\u00eb shum\u00eb shpejt, por motra e madhe s\u2019e ka ende lejen p\u00ebr ta zbuluar.<\/p>\n","protected":false},"excerpt":{"rendered":"<p>Marina Vjollca nuk e mohoi se n\u00eb nj\u00eb t\u00eb ardhme, ajo dhe motra e saj, Luana, mund t\u00eb vijn\u00eb s\u00ebbashku me nj\u00eb emision. Teksa ishte e ftuar n\u00eb podcastin e Alketa Vejsiut, ajo u shpreh se Luana \u00ebsht\u00eb personi i par\u00eb q\u00eb telefonon, si n\u00eb ngjarjet e mira e po ashtu edhe n\u00eb ato t\u00eb [&hellip;]<\/p>\n","protected":false},"author":2,"featured_media":54158,"comment_status":"open","ping_status":"open","sticky":false,"template":"","format":"standard","meta":{"footnotes":""},"categories":[33],"tags":[],"class_list":{"0":"post-54159","1":"post","2":"type-post","3":"status-publish","4":"format-standard","5":"has-post-thumbnail","7":"category-showbiz"},"yoast_head":"<!-- This site is optimized with the Yoast SEO plugin v27.4 - https:\/\/yoast.com\/product\/yoast-seo-wordpress\/ -->\n<title>Marina dhe Luana Vjollca, s\u00eb shpejti n\u00eb nj\u00eb program televiziv? - blogin.al<\/title>\n<meta name=\"robots\" content=\"index, follow, max-snippet:-1, max-image-preview:large, max-video-preview:-1\" \/>\n<link rel=\"canonical\" href=\"https:\/\/blogin.al\/?p=54159\" \/>\n<meta property=\"og:locale\" content=\"en_US\" \/>\n<meta property=\"og:type\" content=\"article\" \/>\n<meta property=\"og:title\" content=\"Marina dhe Luana Vjollca, s\u00eb shpejti n\u00eb nj\u00eb program televiziv? - blogin.al\" \/>\n<meta property=\"og:description\" content=\"Marina Vjollca nuk e mohoi se n\u00eb nj\u00eb t\u00eb ardhme, ajo dhe motra e saj, Luana, mund t\u00eb vijn\u00eb s\u00ebbashku me nj\u00eb emision. Teksa ishte e ftuar n\u00eb podcastin e Alketa Vejsiut, ajo u shpreh se Luana \u00ebsht\u00eb personi i par\u00eb q\u00eb telefonon, si n\u00eb ngjarjet e mira e po ashtu edhe n\u00eb ato t\u00eb [&hellip;]\" \/>\n<meta property=\"og:url\" content=\"https:\/\/blogin.al\/?p=54159\" \/>\n<meta property=\"og:site_name\" content=\"blogin.al\" \/>\n<meta property=\"article:published_time\" content=\"2025-01-17T07:35:08+00:00\" \/>\n<meta property=\"og:image\" content=\"https:\/\/blogin.al\/wp-content\/uploads\/2025\/01\/luanavjollca_466693193_18474879760032875_9212160335652837788_n.jpg\" \/>\n\t<meta property=\"og:image:width\" content=\"1080\" \/>\n\t<meta property=\"og:image:height\" content=\"1350\" \/>\n\t<meta property=\"og:image:type\" content=\"image\/jpeg\" \/>\n<meta name=\"author\" content=\"Blogin al\" \/>\n<meta name=\"twitter:card\" content=\"summary_large_image\" \/>\n<meta name=\"twitter:label1\" content=\"Written by\" \/>\n\t<meta name=\"twitter:data1\" content=\"Blogin al\" \/>\n\t<meta name=\"twitter:label2\" content=\"Est. reading time\" \/>\n\t<meta name=\"twitter:data2\" content=\"1 minute\" \/>\n<script type=\"application\/ld+json\" class=\"yoast-schema-graph\">{\"@context\":\"https:\\\/\\\/schema.org\",\"@graph\":[{\"@type\":\"Article\",\"@id\":\"https:\\\/\\\/blogin.al\\\/?p=54159#article\",\"isPartOf\":{\"@id\":\"https:\\\/\\\/blogin.al\\\/?p=54159\"},\"author\":{\"name\":\"Blogin al\",\"@id\":\"https:\\\/\\\/blogin.al\\\/#\\\/schema\\\/person\\\/abdd56bc912cd511db877b852b115399\"},\"headline\":\"Marina dhe Luana Vjollca, s\u00eb shpejti n\u00eb nj\u00eb program televiziv?\",\"datePublished\":\"2025-01-17T07:35:08+00:00\",\"mainEntityOfPage\":{\"@id\":\"https:\\\/\\\/blogin.al\\\/?p=54159\"},\"wordCount\":300,\"commentCount\":0,\"publisher\":{\"@id\":\"https:\\\/\\\/blogin.al\\\/#organization\"},\"image\":{\"@id\":\"https:\\\/\\\/blogin.al\\\/?p=54159#primaryimage\"},\"thumbnailUrl\":\"https:\\\/\\\/blogin.al\\\/wp-content\\\/uploads\\\/2025\\\/01\\\/luanavjollca_466693193_18474879760032875_9212160335652837788_n.jpg\",\"articleSection\":[\"SHOWBIZ\"],\"inLanguage\":\"en-US\",\"potentialAction\":[{\"@type\":\"CommentAction\",\"name\":\"Comment\",\"target\":[\"https:\\\/\\\/blogin.al\\\/?p=54159#respond\"]}]},{\"@type\":\"WebPage\",\"@id\":\"https:\\\/\\\/blogin.al\\\/?p=54159\",\"url\":\"https:\\\/\\\/blogin.al\\\/?p=54159\",\"name\":\"Marina dhe Luana Vjollca, s\u00eb shpejti n\u00eb nj\u00eb program televiziv? - blogin.al\",\"isPartOf\":{\"@id\":\"https:\\\/\\\/blogin.al\\\/#website\"},\"primaryImageOfPage\":{\"@id\":\"https:\\\/\\\/blogin.al\\\/?p=54159#primaryimage\"},\"image\":{\"@id\":\"https:\\\/\\\/blogin.al\\\/?p=54159#primaryimage\"},\"thumbnailUrl\":\"https:\\\/\\\/blogin.al\\\/wp-content\\\/uploads\\\/2025\\\/01\\\/luanavjollca_466693193_18474879760032875_9212160335652837788_n.jpg\",\"datePublished\":\"2025-01-17T07:35:08+00:00\",\"breadcrumb\":{\"@id\":\"https:\\\/\\\/blogin.al\\\/?p=54159#breadcrumb\"},\"inLanguage\":\"en-US\",\"potentialAction\":[{\"@type\":\"ReadAction\",\"target\":[\"https:\\\/\\\/blogin.al\\\/?p=54159\"]}]},{\"@type\":\"ImageObject\",\"inLanguage\":\"en-US\",\"@id\":\"https:\\\/\\\/blogin.al\\\/?p=54159#primaryimage\",\"url\":\"https:\\\/\\\/blogin.al\\\/wp-content\\\/uploads\\\/2025\\\/01\\\/luanavjollca_466693193_18474879760032875_9212160335652837788_n.jpg\",\"contentUrl\":\"https:\\\/\\\/blogin.al\\\/wp-content\\\/uploads\\\/2025\\\/01\\\/luanavjollca_466693193_18474879760032875_9212160335652837788_n.jpg\",\"width\":1080,\"height\":1350},{\"@type\":\"BreadcrumbList\",\"@id\":\"https:\\\/\\\/blogin.al\\\/?p=54159#breadcrumb\",\"itemListElement\":[{\"@type\":\"ListItem\",\"position\":1,\"name\":\"Home\",\"item\":\"https:\\\/\\\/blogin.al\\\/\"},{\"@type\":\"ListItem\",\"position\":2,\"name\":\"Marina dhe Luana Vjollca, s\u00eb shpejti n\u00eb nj\u00eb program televiziv?\"}]},{\"@type\":\"WebSite\",\"@id\":\"https:\\\/\\\/blogin.al\\\/#website\",\"url\":\"https:\\\/\\\/blogin.al\\\/\",\"name\":\"blogin.al\",\"description\":\"\",\"publisher\":{\"@id\":\"https:\\\/\\\/blogin.al\\\/#organization\"},\"potentialAction\":[{\"@type\":\"SearchAction\",\"target\":{\"@type\":\"EntryPoint\",\"urlTemplate\":\"https:\\\/\\\/blogin.al\\\/?s={search_term_string}\"},\"query-input\":{\"@type\":\"PropertyValueSpecification\",\"valueRequired\":true,\"valueName\":\"search_term_string\"}}],\"inLanguage\":\"en-US\"},{\"@type\":\"Organization\",\"@id\":\"https:\\\/\\\/blogin.al\\\/#organization\",\"name\":\"BLOGIN.al\",\"url\":\"https:\\\/\\\/blogin.al\\\/\",\"logo\":{\"@type\":\"ImageObject\",\"inLanguage\":\"en-US\",\"@id\":\"https:\\\/\\\/blogin.al\\\/#\\\/schema\\\/logo\\\/image\\\/\",\"url\":\"https:\\\/\\\/blogin.al\\\/wp-content\\\/uploads\\\/2022\\\/05\\\/Untitled-2-01-e1652084456514.png\",\"contentUrl\":\"https:\\\/\\\/blogin.al\\\/wp-content\\\/uploads\\\/2022\\\/05\\\/Untitled-2-01-e1652084456514.png\",\"width\":3723,\"height\":1698,\"caption\":\"BLOGIN.al\"},\"image\":{\"@id\":\"https:\\\/\\\/blogin.al\\\/#\\\/schema\\\/logo\\\/image\\\/\"},\"sameAs\":[\"https:\\\/\\\/instagram.com\\\/blogin.al\\\/\"]},{\"@type\":\"Person\",\"@id\":\"https:\\\/\\\/blogin.al\\\/#\\\/schema\\\/person\\\/abdd56bc912cd511db877b852b115399\",\"name\":\"Blogin al\",\"image\":{\"@type\":\"ImageObject\",\"inLanguage\":\"en-US\",\"@id\":\"https:\\\/\\\/secure.gravatar.com\\\/avatar\\\/60d5661aee6e835fb13dc75d2204cd0c1d61bef2efd137c0083e59ef831e235e?s=96&d=mm&r=g\",\"url\":\"https:\\\/\\\/secure.gravatar.com\\\/avatar\\\/60d5661aee6e835fb13dc75d2204cd0c1d61bef2efd137c0083e59ef831e235e?s=96&d=mm&r=g\",\"contentUrl\":\"https:\\\/\\\/secure.gravatar.com\\\/avatar\\\/60d5661aee6e835fb13dc75d2204cd0c1d61bef2efd137c0083e59ef831e235e?s=96&d=mm&r=g\",\"caption\":\"Blogin al\"},\"sameAs\":[\"https:\\\/\\\/blogin.al\"],\"url\":\"https:\\\/\\\/blogin.al\\\/?author=2\"}]}<\/script>\n<!-- \/ Yoast SEO plugin. -->","yoast_head_json":{"title":"Marina dhe Luana Vjollca, s\u00eb shpejti n\u00eb nj\u00eb program televiziv? - blogin.al","robots":{"index":"index","follow":"follow","max-snippet":"max-snippet:-1","max-image-preview":"max-image-preview:large","max-video-preview":"max-video-preview:-1"},"canonical":"https:\/\/blogin.al\/?p=54159","og_locale":"en_US","og_type":"article","og_title":"Marina dhe Luana Vjollca, s\u00eb shpejti n\u00eb nj\u00eb program televiziv? - blogin.al","og_description":"Marina Vjollca nuk e mohoi se n\u00eb nj\u00eb t\u00eb ardhme, ajo dhe motra e saj, Luana, mund t\u00eb vijn\u00eb s\u00ebbashku me nj\u00eb emision. Teksa ishte e ftuar n\u00eb podcastin e Alketa Vejsiut, ajo u shpreh se Luana \u00ebsht\u00eb personi i par\u00eb q\u00eb telefonon, si n\u00eb ngjarjet e mira e po ashtu edhe n\u00eb ato t\u00eb [&hellip;]","og_url":"https:\/\/blogin.al\/?p=54159","og_site_name":"blogin.al","article_published_time":"2025-01-17T07:35:08+00:00","og_image":[{"width":1080,"height":1350,"url":"https:\/\/blogin.al\/wp-content\/uploads\/2025\/01\/luanavjollca_466693193_18474879760032875_9212160335652837788_n.jpg","type":"image\/jpeg"}],"author":"Blogin al","twitter_card":"summary_large_image","twitter_misc":{"Written by":"Blogin al","Est. reading time":"1 minute"},"schema":{"@context":"https:\/\/schema.org","@graph":[{"@type":"Article","@id":"https:\/\/blogin.al\/?p=54159#article","isPartOf":{"@id":"https:\/\/blogin.al\/?p=54159"},"author":{"name":"Blogin al","@id":"https:\/\/blogin.al\/#\/schema\/person\/abdd56bc912cd511db877b852b115399"},"headline":"Marina dhe Luana Vjollca, s\u00eb shpejti n\u00eb nj\u00eb program televiziv?","datePublished":"2025-01-17T07:35:08+00:00","mainEntityOfPage":{"@id":"https:\/\/blogin.al\/?p=54159"},"wordCount":300,"commentCount":0,"publisher":{"@id":"https:\/\/blogin.al\/#organization"},"image":{"@id":"https:\/\/blogin.al\/?p=54159#primaryimage"},"thumbnailUrl":"https:\/\/blogin.al\/wp-content\/uploads\/2025\/01\/luanavjollca_466693193_18474879760032875_9212160335652837788_n.jpg","articleSection":["SHOWBIZ"],"inLanguage":"en-US","potentialAction":[{"@type":"CommentAction","name":"Comment","target":["https:\/\/blogin.al\/?p=54159#respond"]}]},{"@type":"WebPage","@id":"https:\/\/blogin.al\/?p=54159","url":"https:\/\/blogin.al\/?p=54159","name":"Marina dhe Luana Vjollca, s\u00eb shpejti n\u00eb nj\u00eb program televiziv? - blogin.al","isPartOf":{"@id":"https:\/\/blogin.al\/#website"},"primaryImageOfPage":{"@id":"https:\/\/blogin.al\/?p=54159#primaryimage"},"image":{"@id":"https:\/\/blogin.al\/?p=54159#primaryimage"},"thumbnailUrl":"https:\/\/blogin.al\/wp-content\/uploads\/2025\/01\/luanavjollca_466693193_18474879760032875_9212160335652837788_n.jpg","datePublished":"2025-01-17T07:35:08+00:00","breadcrumb":{"@id":"https:\/\/blogin.al\/?p=54159#breadcrumb"},"inLanguage":"en-US","potentialAction":[{"@type":"ReadAction","target":["https:\/\/blogin.al\/?p=54159"]}]},{"@type":"ImageObject","inLanguage":"en-US","@id":"https:\/\/blogin.al\/?p=54159#primaryimage","url":"https:\/\/blogin.al\/wp-content\/uploads\/2025\/01\/luanavjollca_466693193_18474879760032875_9212160335652837788_n.jpg","contentUrl":"https:\/\/blogin.al\/wp-content\/uploads\/2025\/01\/luanavjollca_466693193_18474879760032875_9212160335652837788_n.jpg","width":1080,"height":1350},{"@type":"BreadcrumbList","@id":"https:\/\/blogin.al\/?p=54159#breadcrumb","itemListElement":[{"@type":"ListItem","position":1,"name":"Home","item":"https:\/\/blogin.al\/"},{"@type":"ListItem","position":2,"name":"Marina dhe Luana Vjollca, s\u00eb shpejti n\u00eb nj\u00eb program televiziv?"}]},{"@type":"WebSite","@id":"https:\/\/blogin.al\/#website","url":"https:\/\/blogin.al\/","name":"blogin.al","description":"","publisher":{"@id":"https:\/\/blogin.al\/#organization"},"potentialAction":[{"@type":"SearchAction","target":{"@type":"EntryPoint","urlTemplate":"https:\/\/blogin.al\/?s={search_term_string}"},"query-input":{"@type":"PropertyValueSpecification","valueRequired":true,"valueName":"search_term_string"}}],"inLanguage":"en-US"},{"@type":"Organization","@id":"https:\/\/blogin.al\/#organization","name":"BLOGIN.al","url":"https:\/\/blogin.al\/","logo":{"@type":"ImageObject","inLanguage":"en-US","@id":"https:\/\/blogin.al\/#\/schema\/logo\/image\/","url":"https:\/\/blogin.al\/wp-content\/uploads\/2022\/05\/Untitled-2-01-e1652084456514.png","contentUrl":"https:\/\/blogin.al\/wp-content\/uploads\/2022\/05\/Untitled-2-01-e1652084456514.png","width":3723,"height":1698,"caption":"BLOGIN.al"},"image":{"@id":"https:\/\/blogin.al\/#\/schema\/logo\/image\/"},"sameAs":["https:\/\/instagram.com\/blogin.al\/"]},{"@type":"Person","@id":"https:\/\/blogin.al\/#\/schema\/person\/abdd56bc912cd511db877b852b115399","name":"Blogin al","image":{"@type":"ImageObject","inLanguage":"en-US","@id":"https:\/\/secure.gravatar.com\/avatar\/60d5661aee6e835fb13dc75d2204cd0c1d61bef2efd137c0083e59ef831e235e?s=96&d=mm&r=g","url":"https:\/\/secure.gravatar.com\/avatar\/60d5661aee6e835fb13dc75d2204cd0c1d61bef2efd137c0083e59ef831e235e?s=96&d=mm&r=g","contentUrl":"https:\/\/secure.gravatar.com\/avatar\/60d5661aee6e835fb13dc75d2204cd0c1d61bef2efd137c0083e59ef831e235e?s=96&d=mm&r=g","caption":"Blogin al"},"sameAs":["https:\/\/blogin.al"],"url":"https:\/\/blogin.al\/?author=2"}]}},"_links":{"self":[{"href":"https:\/\/blogin.al\/index.php?rest_route=\/wp\/v2\/posts\/54159","targetHints":{"allow":["GET"]}}],"collection":[{"href":"https:\/\/blogin.al\/index.php?rest_route=\/wp\/v2\/posts"}],"about":[{"href":"https:\/\/blogin.al\/index.php?rest_route=\/wp\/v2\/types\/post"}],"author":[{"embeddable":true,"href":"https:\/\/blogin.al\/index.php?rest_route=\/wp\/v2\/users\/2"}],"replies":[{"embeddable":true,"href":"https:\/\/blogin.al\/index.php?rest_route=%2Fwp%2Fv2%2Fcomments&post=54159"}],"version-history":[{"count":0,"href":"https:\/\/blogin.al\/index.php?rest_route=\/wp\/v2\/posts\/54159\/revisions"}],"wp:featuredmedia":[{"embeddable":true,"href":"https:\/\/blogin.al\/index.php?rest_route=\/wp\/v2\/media\/54158"}],"wp:attachment":[{"href":"https:\/\/blogin.al\/index.php?rest_route=%2Fwp%2Fv2%2Fmedia&parent=54159"}],"wp:term":[{"taxonomy":"category","embeddable":true,"href":"https:\/\/blogin.al\/index.php?rest_route=%2Fwp%2Fv2%2Fcategories&post=54159"},{"taxonomy":"post_tag","embeddable":true,"href":"https:\/\/blogin.al\/index.php?rest_route=%2Fwp%2Fv2%2Ftags&post=54159"}],"curies":[{"name":"wp","href":"https:\/\/api.w.org\/{rel}","templated":true}]}}