{"id":54167,"date":"2025-01-17T11:33:34","date_gmt":"2025-01-17T11:33:34","guid":{"rendered":"https:\/\/blogin.al\/pse-u-largua-nga-ekrani-arbana-osmani-dhe-eduart-grishaj-regjisori-tregon-arsyen-e-forte\/"},"modified":"2025-01-17T11:33:34","modified_gmt":"2025-01-17T11:33:34","slug":"pse-u-largua-nga-ekrani-arbana-osmani-dhe-eduart-grishaj-regjisori-tregon-arsyen-e-forte","status":"publish","type":"post","link":"https:\/\/blogin.al\/?p=54167","title":{"rendered":"Pse u largua nga ekrani Arbana Osmani dhe Eduart Grishaj? Regjisori tregon arsyen e fort\u00eb"},"content":{"rendered":"\n<p>N\u00eb nj\u00eb intervist\u00eb n\u00eb nj\u00eb emision televiziv regjisori Eduart Grishaj ka folur mbi projektin e tij t\u00eb filmit \u201cPasaporta\u201d, premiera e t\u00eb cilit do t\u00eb jet\u00eb m\u00eb dat\u00eb 17 janar n\u00eb or\u00ebn 19:00 n\u00eb Ship\u00ebri dhe Kosov\u00eb.<\/p>\n\n\n\n<p>P\u00ebrtej suksesit t\u00eb tij, Grishaj ka deklaruar se shk\u00ebputja nga projektet televizive p\u00ebr t\u00eb dhe Arbana Osmanin ishte di\u00e7ka p\u00ebr t\u00eb cil\u00ebn e ndjenin t\u00eb nevojshme ta b\u00ebnin pa u ndikuar nga askush.<\/p>\n\n\n\n<p>\u201cKemi menduar t\u00eb b\u00ebjm\u00eb pak pauz\u00eb. Pas shum\u00eb viteve q\u00eb punojm\u00eb n\u00eb televizion e shohim q\u00eb ka ardhur momenti q\u00eb t\u00eb b\u00ebjm\u00eb di\u00e7ka t\u00eb vog\u00ebl por ton\u00ebn, p\u00ebr qefin dhe d\u00ebshir\u00ebn ashtu si\u00e7 ne e mendojm\u00eb, si\u00e7 \u00ebsht\u00eb filmi \u201cPasaporta\u201d i cili do t\u00eb vijoj\u00eb edhe n\u00eb nj\u00eb sezon tjet\u00ebr mbas nj\u00eb shk\u00ebputje t\u00eb shkurt\u00ebt t\u00eb tij.<\/p>\n\n\n\n<p>Kjo nuk ka t\u00eb b\u00ebj\u00eb me t\u00eb tjer\u00eb, pra pa pasur asgj\u00eb as me televizionin apo bashk\u00ebpun\u00ebtor\u00ebt e tij\u201d, tha regjisori Grishaj.<\/p>\n\n\n\n<p>Ai l\u00eb hap\u00ebsir\u00eb p\u00ebr t\u00eb kuptuar se n\u00ebse e shikon t\u00eb arsyeshme, mund t\u2019i rikthehet ekranit dhe projekteve televizive.<\/p>\n\n\n\n<p>\u201cGjithmon\u00eb jam munduar t\u2019i miksoj gj\u00ebrat e mia. B\u00ebj televizon, duhet t\u00eb b\u00ebj dhe film, e mbase pas k\u00ebtij filmi mund t\u00eb b\u00ebj televizion\u201d, ka shtuar Eduart Grishaj.<\/p>\n","protected":false},"excerpt":{"rendered":"<p>N\u00eb nj\u00eb intervist\u00eb n\u00eb nj\u00eb emision televiziv regjisori Eduart Grishaj ka folur mbi projektin e tij t\u00eb filmit \u201cPasaporta\u201d, premiera e t\u00eb cilit do t\u00eb jet\u00eb m\u00eb dat\u00eb 17 janar n\u00eb or\u00ebn 19:00 n\u00eb Ship\u00ebri dhe Kosov\u00eb. P\u00ebrtej suksesit t\u00eb tij, Grishaj ka deklaruar se shk\u00ebputja nga projektet televizive p\u00ebr t\u00eb dhe Arbana Osmanin ishte [&hellip;]<\/p>\n","protected":false},"author":2,"featured_media":54166,"comment_status":"open","ping_status":"open","sticky":false,"template":"","format":"standard","meta":{"footnotes":""},"categories":[33],"tags":[],"class_list":{"0":"post-54167","1":"post","2":"type-post","3":"status-publish","4":"format-standard","5":"has-post-thumbnail","7":"category-showbiz"},"yoast_head":"<!-- This site is optimized with the Yoast SEO plugin v27.4 - https:\/\/yoast.com\/product\/yoast-seo-wordpress\/ -->\n<title>Pse u largua nga ekrani Arbana Osmani dhe Eduart Grishaj? Regjisori tregon arsyen e fort\u00eb - blogin.al<\/title>\n<meta name=\"robots\" content=\"index, follow, max-snippet:-1, max-image-preview:large, max-video-preview:-1\" \/>\n<link rel=\"canonical\" href=\"https:\/\/blogin.al\/?p=54167\" \/>\n<meta property=\"og:locale\" content=\"en_US\" \/>\n<meta property=\"og:type\" content=\"article\" \/>\n<meta property=\"og:title\" content=\"Pse u largua nga ekrani Arbana Osmani dhe Eduart Grishaj? Regjisori tregon arsyen e fort\u00eb - blogin.al\" \/>\n<meta property=\"og:description\" content=\"N\u00eb nj\u00eb intervist\u00eb n\u00eb nj\u00eb emision televiziv regjisori Eduart Grishaj ka folur mbi projektin e tij t\u00eb filmit \u201cPasaporta\u201d, premiera e t\u00eb cilit do t\u00eb jet\u00eb m\u00eb dat\u00eb 17 janar n\u00eb or\u00ebn 19:00 n\u00eb Ship\u00ebri dhe Kosov\u00eb. P\u00ebrtej suksesit t\u00eb tij, Grishaj ka deklaruar se shk\u00ebputja nga projektet televizive p\u00ebr t\u00eb dhe Arbana Osmanin ishte [&hellip;]\" \/>\n<meta property=\"og:url\" content=\"https:\/\/blogin.al\/?p=54167\" \/>\n<meta property=\"og:site_name\" content=\"blogin.al\" \/>\n<meta property=\"article:published_time\" content=\"2025-01-17T11:33:34+00:00\" \/>\n<meta property=\"og:image\" content=\"https:\/\/blogin.al\/wp-content\/uploads\/2025\/01\/1682003385_Screenshot1461.jpg\" \/>\n\t<meta property=\"og:image:width\" content=\"780\" \/>\n\t<meta property=\"og:image:height\" content=\"440\" \/>\n\t<meta property=\"og:image:type\" content=\"image\/jpeg\" \/>\n<meta name=\"author\" content=\"Blogin al\" \/>\n<meta name=\"twitter:card\" content=\"summary_large_image\" \/>\n<meta name=\"twitter:label1\" content=\"Written by\" \/>\n\t<meta name=\"twitter:data1\" content=\"Blogin al\" \/>\n\t<meta name=\"twitter:label2\" content=\"Est. reading time\" \/>\n\t<meta name=\"twitter:data2\" content=\"1 minute\" \/>\n<script type=\"application\/ld+json\" class=\"yoast-schema-graph\">{\"@context\":\"https:\\\/\\\/schema.org\",\"@graph\":[{\"@type\":\"Article\",\"@id\":\"https:\\\/\\\/blogin.al\\\/?p=54167#article\",\"isPartOf\":{\"@id\":\"https:\\\/\\\/blogin.al\\\/?p=54167\"},\"author\":{\"name\":\"Blogin al\",\"@id\":\"https:\\\/\\\/blogin.al\\\/#\\\/schema\\\/person\\\/abdd56bc912cd511db877b852b115399\"},\"headline\":\"Pse u largua nga ekrani Arbana Osmani dhe Eduart Grishaj? Regjisori tregon arsyen e fort\u00eb\",\"datePublished\":\"2025-01-17T11:33:34+00:00\",\"mainEntityOfPage\":{\"@id\":\"https:\\\/\\\/blogin.al\\\/?p=54167\"},\"wordCount\":243,\"commentCount\":0,\"publisher\":{\"@id\":\"https:\\\/\\\/blogin.al\\\/#organization\"},\"image\":{\"@id\":\"https:\\\/\\\/blogin.al\\\/?p=54167#primaryimage\"},\"thumbnailUrl\":\"https:\\\/\\\/blogin.al\\\/wp-content\\\/uploads\\\/2025\\\/01\\\/1682003385_Screenshot1461.jpg\",\"articleSection\":[\"SHOWBIZ\"],\"inLanguage\":\"en-US\",\"potentialAction\":[{\"@type\":\"CommentAction\",\"name\":\"Comment\",\"target\":[\"https:\\\/\\\/blogin.al\\\/?p=54167#respond\"]}]},{\"@type\":\"WebPage\",\"@id\":\"https:\\\/\\\/blogin.al\\\/?p=54167\",\"url\":\"https:\\\/\\\/blogin.al\\\/?p=54167\",\"name\":\"Pse u largua nga ekrani Arbana Osmani dhe Eduart Grishaj? Regjisori tregon arsyen e fort\u00eb - blogin.al\",\"isPartOf\":{\"@id\":\"https:\\\/\\\/blogin.al\\\/#website\"},\"primaryImageOfPage\":{\"@id\":\"https:\\\/\\\/blogin.al\\\/?p=54167#primaryimage\"},\"image\":{\"@id\":\"https:\\\/\\\/blogin.al\\\/?p=54167#primaryimage\"},\"thumbnailUrl\":\"https:\\\/\\\/blogin.al\\\/wp-content\\\/uploads\\\/2025\\\/01\\\/1682003385_Screenshot1461.jpg\",\"datePublished\":\"2025-01-17T11:33:34+00:00\",\"breadcrumb\":{\"@id\":\"https:\\\/\\\/blogin.al\\\/?p=54167#breadcrumb\"},\"inLanguage\":\"en-US\",\"potentialAction\":[{\"@type\":\"ReadAction\",\"target\":[\"https:\\\/\\\/blogin.al\\\/?p=54167\"]}]},{\"@type\":\"ImageObject\",\"inLanguage\":\"en-US\",\"@id\":\"https:\\\/\\\/blogin.al\\\/?p=54167#primaryimage\",\"url\":\"https:\\\/\\\/blogin.al\\\/wp-content\\\/uploads\\\/2025\\\/01\\\/1682003385_Screenshot1461.jpg\",\"contentUrl\":\"https:\\\/\\\/blogin.al\\\/wp-content\\\/uploads\\\/2025\\\/01\\\/1682003385_Screenshot1461.jpg\",\"width\":780,\"height\":440},{\"@type\":\"BreadcrumbList\",\"@id\":\"https:\\\/\\\/blogin.al\\\/?p=54167#breadcrumb\",\"itemListElement\":[{\"@type\":\"ListItem\",\"position\":1,\"name\":\"Home\",\"item\":\"https:\\\/\\\/blogin.al\\\/\"},{\"@type\":\"ListItem\",\"position\":2,\"name\":\"Pse u largua nga ekrani Arbana Osmani dhe Eduart Grishaj? Regjisori tregon arsyen e fort\u00eb\"}]},{\"@type\":\"WebSite\",\"@id\":\"https:\\\/\\\/blogin.al\\\/#website\",\"url\":\"https:\\\/\\\/blogin.al\\\/\",\"name\":\"blogin.al\",\"description\":\"\",\"publisher\":{\"@id\":\"https:\\\/\\\/blogin.al\\\/#organization\"},\"potentialAction\":[{\"@type\":\"SearchAction\",\"target\":{\"@type\":\"EntryPoint\",\"urlTemplate\":\"https:\\\/\\\/blogin.al\\\/?s={search_term_string}\"},\"query-input\":{\"@type\":\"PropertyValueSpecification\",\"valueRequired\":true,\"valueName\":\"search_term_string\"}}],\"inLanguage\":\"en-US\"},{\"@type\":\"Organization\",\"@id\":\"https:\\\/\\\/blogin.al\\\/#organization\",\"name\":\"BLOGIN.al\",\"url\":\"https:\\\/\\\/blogin.al\\\/\",\"logo\":{\"@type\":\"ImageObject\",\"inLanguage\":\"en-US\",\"@id\":\"https:\\\/\\\/blogin.al\\\/#\\\/schema\\\/logo\\\/image\\\/\",\"url\":\"https:\\\/\\\/blogin.al\\\/wp-content\\\/uploads\\\/2022\\\/05\\\/Untitled-2-01-e1652084456514.png\",\"contentUrl\":\"https:\\\/\\\/blogin.al\\\/wp-content\\\/uploads\\\/2022\\\/05\\\/Untitled-2-01-e1652084456514.png\",\"width\":3723,\"height\":1698,\"caption\":\"BLOGIN.al\"},\"image\":{\"@id\":\"https:\\\/\\\/blogin.al\\\/#\\\/schema\\\/logo\\\/image\\\/\"},\"sameAs\":[\"https:\\\/\\\/instagram.com\\\/blogin.al\\\/\"]},{\"@type\":\"Person\",\"@id\":\"https:\\\/\\\/blogin.al\\\/#\\\/schema\\\/person\\\/abdd56bc912cd511db877b852b115399\",\"name\":\"Blogin al\",\"image\":{\"@type\":\"ImageObject\",\"inLanguage\":\"en-US\",\"@id\":\"https:\\\/\\\/secure.gravatar.com\\\/avatar\\\/60d5661aee6e835fb13dc75d2204cd0c1d61bef2efd137c0083e59ef831e235e?s=96&d=mm&r=g\",\"url\":\"https:\\\/\\\/secure.gravatar.com\\\/avatar\\\/60d5661aee6e835fb13dc75d2204cd0c1d61bef2efd137c0083e59ef831e235e?s=96&d=mm&r=g\",\"contentUrl\":\"https:\\\/\\\/secure.gravatar.com\\\/avatar\\\/60d5661aee6e835fb13dc75d2204cd0c1d61bef2efd137c0083e59ef831e235e?s=96&d=mm&r=g\",\"caption\":\"Blogin al\"},\"sameAs\":[\"https:\\\/\\\/blogin.al\"],\"url\":\"https:\\\/\\\/blogin.al\\\/?author=2\"}]}<\/script>\n<!-- \/ Yoast SEO plugin. -->","yoast_head_json":{"title":"Pse u largua nga ekrani Arbana Osmani dhe Eduart Grishaj? Regjisori tregon arsyen e fort\u00eb - blogin.al","robots":{"index":"index","follow":"follow","max-snippet":"max-snippet:-1","max-image-preview":"max-image-preview:large","max-video-preview":"max-video-preview:-1"},"canonical":"https:\/\/blogin.al\/?p=54167","og_locale":"en_US","og_type":"article","og_title":"Pse u largua nga ekrani Arbana Osmani dhe Eduart Grishaj? Regjisori tregon arsyen e fort\u00eb - blogin.al","og_description":"N\u00eb nj\u00eb intervist\u00eb n\u00eb nj\u00eb emision televiziv regjisori Eduart Grishaj ka folur mbi projektin e tij t\u00eb filmit \u201cPasaporta\u201d, premiera e t\u00eb cilit do t\u00eb jet\u00eb m\u00eb dat\u00eb 17 janar n\u00eb or\u00ebn 19:00 n\u00eb Ship\u00ebri dhe Kosov\u00eb. P\u00ebrtej suksesit t\u00eb tij, Grishaj ka deklaruar se shk\u00ebputja nga projektet televizive p\u00ebr t\u00eb dhe Arbana Osmanin ishte [&hellip;]","og_url":"https:\/\/blogin.al\/?p=54167","og_site_name":"blogin.al","article_published_time":"2025-01-17T11:33:34+00:00","og_image":[{"width":780,"height":440,"url":"https:\/\/blogin.al\/wp-content\/uploads\/2025\/01\/1682003385_Screenshot1461.jpg","type":"image\/jpeg"}],"author":"Blogin al","twitter_card":"summary_large_image","twitter_misc":{"Written by":"Blogin al","Est. reading time":"1 minute"},"schema":{"@context":"https:\/\/schema.org","@graph":[{"@type":"Article","@id":"https:\/\/blogin.al\/?p=54167#article","isPartOf":{"@id":"https:\/\/blogin.al\/?p=54167"},"author":{"name":"Blogin al","@id":"https:\/\/blogin.al\/#\/schema\/person\/abdd56bc912cd511db877b852b115399"},"headline":"Pse u largua nga ekrani Arbana Osmani dhe Eduart Grishaj? Regjisori tregon arsyen e fort\u00eb","datePublished":"2025-01-17T11:33:34+00:00","mainEntityOfPage":{"@id":"https:\/\/blogin.al\/?p=54167"},"wordCount":243,"commentCount":0,"publisher":{"@id":"https:\/\/blogin.al\/#organization"},"image":{"@id":"https:\/\/blogin.al\/?p=54167#primaryimage"},"thumbnailUrl":"https:\/\/blogin.al\/wp-content\/uploads\/2025\/01\/1682003385_Screenshot1461.jpg","articleSection":["SHOWBIZ"],"inLanguage":"en-US","potentialAction":[{"@type":"CommentAction","name":"Comment","target":["https:\/\/blogin.al\/?p=54167#respond"]}]},{"@type":"WebPage","@id":"https:\/\/blogin.al\/?p=54167","url":"https:\/\/blogin.al\/?p=54167","name":"Pse u largua nga ekrani Arbana Osmani dhe Eduart Grishaj? Regjisori tregon arsyen e fort\u00eb - blogin.al","isPartOf":{"@id":"https:\/\/blogin.al\/#website"},"primaryImageOfPage":{"@id":"https:\/\/blogin.al\/?p=54167#primaryimage"},"image":{"@id":"https:\/\/blogin.al\/?p=54167#primaryimage"},"thumbnailUrl":"https:\/\/blogin.al\/wp-content\/uploads\/2025\/01\/1682003385_Screenshot1461.jpg","datePublished":"2025-01-17T11:33:34+00:00","breadcrumb":{"@id":"https:\/\/blogin.al\/?p=54167#breadcrumb"},"inLanguage":"en-US","potentialAction":[{"@type":"ReadAction","target":["https:\/\/blogin.al\/?p=54167"]}]},{"@type":"ImageObject","inLanguage":"en-US","@id":"https:\/\/blogin.al\/?p=54167#primaryimage","url":"https:\/\/blogin.al\/wp-content\/uploads\/2025\/01\/1682003385_Screenshot1461.jpg","contentUrl":"https:\/\/blogin.al\/wp-content\/uploads\/2025\/01\/1682003385_Screenshot1461.jpg","width":780,"height":440},{"@type":"BreadcrumbList","@id":"https:\/\/blogin.al\/?p=54167#breadcrumb","itemListElement":[{"@type":"ListItem","position":1,"name":"Home","item":"https:\/\/blogin.al\/"},{"@type":"ListItem","position":2,"name":"Pse u largua nga ekrani Arbana Osmani dhe Eduart Grishaj? Regjisori tregon arsyen e fort\u00eb"}]},{"@type":"WebSite","@id":"https:\/\/blogin.al\/#website","url":"https:\/\/blogin.al\/","name":"blogin.al","description":"","publisher":{"@id":"https:\/\/blogin.al\/#organization"},"potentialAction":[{"@type":"SearchAction","target":{"@type":"EntryPoint","urlTemplate":"https:\/\/blogin.al\/?s={search_term_string}"},"query-input":{"@type":"PropertyValueSpecification","valueRequired":true,"valueName":"search_term_string"}}],"inLanguage":"en-US"},{"@type":"Organization","@id":"https:\/\/blogin.al\/#organization","name":"BLOGIN.al","url":"https:\/\/blogin.al\/","logo":{"@type":"ImageObject","inLanguage":"en-US","@id":"https:\/\/blogin.al\/#\/schema\/logo\/image\/","url":"https:\/\/blogin.al\/wp-content\/uploads\/2022\/05\/Untitled-2-01-e1652084456514.png","contentUrl":"https:\/\/blogin.al\/wp-content\/uploads\/2022\/05\/Untitled-2-01-e1652084456514.png","width":3723,"height":1698,"caption":"BLOGIN.al"},"image":{"@id":"https:\/\/blogin.al\/#\/schema\/logo\/image\/"},"sameAs":["https:\/\/instagram.com\/blogin.al\/"]},{"@type":"Person","@id":"https:\/\/blogin.al\/#\/schema\/person\/abdd56bc912cd511db877b852b115399","name":"Blogin al","image":{"@type":"ImageObject","inLanguage":"en-US","@id":"https:\/\/secure.gravatar.com\/avatar\/60d5661aee6e835fb13dc75d2204cd0c1d61bef2efd137c0083e59ef831e235e?s=96&d=mm&r=g","url":"https:\/\/secure.gravatar.com\/avatar\/60d5661aee6e835fb13dc75d2204cd0c1d61bef2efd137c0083e59ef831e235e?s=96&d=mm&r=g","contentUrl":"https:\/\/secure.gravatar.com\/avatar\/60d5661aee6e835fb13dc75d2204cd0c1d61bef2efd137c0083e59ef831e235e?s=96&d=mm&r=g","caption":"Blogin al"},"sameAs":["https:\/\/blogin.al"],"url":"https:\/\/blogin.al\/?author=2"}]}},"_links":{"self":[{"href":"https:\/\/blogin.al\/index.php?rest_route=\/wp\/v2\/posts\/54167","targetHints":{"allow":["GET"]}}],"collection":[{"href":"https:\/\/blogin.al\/index.php?rest_route=\/wp\/v2\/posts"}],"about":[{"href":"https:\/\/blogin.al\/index.php?rest_route=\/wp\/v2\/types\/post"}],"author":[{"embeddable":true,"href":"https:\/\/blogin.al\/index.php?rest_route=\/wp\/v2\/users\/2"}],"replies":[{"embeddable":true,"href":"https:\/\/blogin.al\/index.php?rest_route=%2Fwp%2Fv2%2Fcomments&post=54167"}],"version-history":[{"count":0,"href":"https:\/\/blogin.al\/index.php?rest_route=\/wp\/v2\/posts\/54167\/revisions"}],"wp:featuredmedia":[{"embeddable":true,"href":"https:\/\/blogin.al\/index.php?rest_route=\/wp\/v2\/media\/54166"}],"wp:attachment":[{"href":"https:\/\/blogin.al\/index.php?rest_route=%2Fwp%2Fv2%2Fmedia&parent=54167"}],"wp:term":[{"taxonomy":"category","embeddable":true,"href":"https:\/\/blogin.al\/index.php?rest_route=%2Fwp%2Fv2%2Fcategories&post=54167"},{"taxonomy":"post_tag","embeddable":true,"href":"https:\/\/blogin.al\/index.php?rest_route=%2Fwp%2Fv2%2Ftags&post=54167"}],"curies":[{"name":"wp","href":"https:\/\/api.w.org\/{rel}","templated":true}]}}