{"id":54186,"date":"2025-01-18T10:03:20","date_gmt":"2025-01-18T10:03:20","guid":{"rendered":"https:\/\/blogin.al\/shkaku-i-ndarjes-gjesti-pyet-eglin-banorja-mungese-e-frikshme-komunikimi\/"},"modified":"2025-01-18T10:03:20","modified_gmt":"2025-01-18T10:03:20","slug":"shkaku-i-ndarjes-gjesti-pyet-eglin-banorja-mungese-e-frikshme-komunikimi","status":"publish","type":"post","link":"https:\/\/blogin.al\/?p=54186","title":{"rendered":"\u201cShkaku i ndarjes?\u201d\/Gjesti pyet Eglin: Banorja: Munges\u00eb e frikshme komunikimi!"},"content":{"rendered":"\n<p>Ndarja e Eglit, tashm\u00eb banore e \u201cBBVA\u201d dhe aktorit t\u00eb humorit Olsi Bylyku, ka qen\u00eb tep\u00ebr e komentuar dhe vazhdon t\u00eb jet\u00eb q\u00eb me hyrjen e Eglit n\u00eb format. Egli i \u00ebsht\u00eb rikthyer dhe nj\u00ebher\u00eb ndarjes nga ish-partneri i saj teksa ka hapur zemr\u00ebn me Gjestin gjat\u00eb nj\u00eb bisede t\u00eb b\u00ebr\u00eb n\u00eb sht\u00ebpi.<\/p>\n\n\n\n<p>Ka qen\u00eb Gjesti ai q\u00eb e ka pyetur banoren lidhur me shkakun e ndarjes, dhe ajo \u00ebsht\u00eb shprehur se nuk ka patur di\u00e7ka konkrete t\u00eb till\u00eb si \u201ctradh\u00ebtia\u201d por kishte nj\u00eb munges\u00eb t\u00eb frikshme komunikimi gj\u00eb q\u00eb e shtyu Eglin t\u00eb merrte vendimin dhe t\u00eb largohej prej asaj marr\u00ebdh\u00ebnieje toksike.<\/p>\n\n\n\n<p>Pjes\u00eb nga biseda:<\/p>\n\n\n\n<blockquote class=\"wp-block-quote is-layout-flow wp-block-quote-is-layout-flow\">\n<p>Gjesti: Shkaku i ndarjes ke qen\u00eb ti, apo X personi?<\/p>\n\n\n\n<p>Egli: Nuk mund t\u00eb them un\u00eb apo ai, thjesht mua se kam qen\u00eb un\u00eb q\u00eb jam larguar, nuk ka ndodhur nj\u00eb gj\u00eb konkrete, nuk \u00ebsht\u00eb se ka ndodhur nj\u00eb tradh\u00ebti apo nj\u00eb\u2026 nuk ka qen\u00eb kjo.<\/p>\n\n\n\n<p>Thjesht ishte mbushur me nj\u00eb munges\u00eb t\u00eb frikshme komunikimi, kohe me nj\u00ebri-tjetrin, interes i t\u00eb gjitha aspekteve ndaj nj\u00ebri-tjetrit n\u00ebse e kupton se \u00e7far\u00eb dua t\u00eb them, nj\u00eb humbje totale e marr\u00ebdh\u00ebnies dhe shum\u00eb gj\u00ebra t\u00eb tjera q\u00eb nuk dua t\u2019i them k\u00ebtu. Dhe mua thjesht m\u00eb ishte mbushur kjo gj\u00ebja, ndoshta dhe atij patjet\u00ebr sepse marr\u00ebdh\u00ebnia kur vjen toksike vjen e nd\u00ebrsjellt\u00eb, dhe ishte thjesht nj\u00eb pik\u00eb e vog\u00ebl ku un\u00eb thash \u201cOk n\u00ebse k\u00ebto gj\u00ebrat nuk ndryshojn\u00eb\u201d, dmth ndodhi nj\u00eb debat i fundit dhe i thash \u201cDo b\u00ebsh di\u00e7ka? Tani p\u00ebr t\u00eb ndryshuar k\u00ebt\u00eb gj\u00eb dhe p\u00ebr t\u00eb kthyer gj\u00ebn\u00eb n\u00eb normalitet p\u00ebr t\u00eb ardhmen apo do vazhdosh po k\u00ebshtu nj\u00ebsoj?\u201d Dhe p\u00ebrgjigjia ishte: N\u00ebse s\u2019t\u00eb p\u00eblqen mund t\u00eb\u2026<\/p>\n<\/blockquote>\n","protected":false},"excerpt":{"rendered":"<p>Ndarja e Eglit, tashm\u00eb banore e \u201cBBVA\u201d dhe aktorit t\u00eb humorit Olsi Bylyku, ka qen\u00eb tep\u00ebr e komentuar dhe vazhdon t\u00eb jet\u00eb q\u00eb me hyrjen e Eglit n\u00eb format. Egli i \u00ebsht\u00eb rikthyer dhe nj\u00ebher\u00eb ndarjes nga ish-partneri i saj teksa ka hapur zemr\u00ebn me Gjestin gjat\u00eb nj\u00eb bisede t\u00eb b\u00ebr\u00eb n\u00eb sht\u00ebpi. Ka qen\u00eb [&hellip;]<\/p>\n","protected":false},"author":2,"featured_media":54185,"comment_status":"open","ping_status":"open","sticky":false,"template":"","format":"standard","meta":{"footnotes":""},"categories":[33],"tags":[],"class_list":{"0":"post-54186","1":"post","2":"type-post","3":"status-publish","4":"format-standard","5":"has-post-thumbnail","7":"category-showbiz"},"yoast_head":"<!-- This site is optimized with the Yoast SEO plugin v27.4 - https:\/\/yoast.com\/product\/yoast-seo-wordpress\/ -->\n<title>\u201cShkaku i ndarjes?\u201d\/Gjesti pyet Eglin: Banorja: Munges\u00eb e frikshme komunikimi! - blogin.al<\/title>\n<meta name=\"robots\" content=\"index, follow, max-snippet:-1, max-image-preview:large, max-video-preview:-1\" \/>\n<link rel=\"canonical\" href=\"https:\/\/blogin.al\/?p=54186\" \/>\n<meta property=\"og:locale\" content=\"en_US\" \/>\n<meta property=\"og:type\" content=\"article\" \/>\n<meta property=\"og:title\" content=\"\u201cShkaku i ndarjes?\u201d\/Gjesti pyet Eglin: Banorja: Munges\u00eb e frikshme komunikimi! - blogin.al\" \/>\n<meta property=\"og:description\" content=\"Ndarja e Eglit, tashm\u00eb banore e \u201cBBVA\u201d dhe aktorit t\u00eb humorit Olsi Bylyku, ka qen\u00eb tep\u00ebr e komentuar dhe vazhdon t\u00eb jet\u00eb q\u00eb me hyrjen e Eglit n\u00eb format. Egli i \u00ebsht\u00eb rikthyer dhe nj\u00ebher\u00eb ndarjes nga ish-partneri i saj teksa ka hapur zemr\u00ebn me Gjestin gjat\u00eb nj\u00eb bisede t\u00eb b\u00ebr\u00eb n\u00eb sht\u00ebpi. Ka qen\u00eb [&hellip;]\" \/>\n<meta property=\"og:url\" content=\"https:\/\/blogin.al\/?p=54186\" \/>\n<meta property=\"og:site_name\" content=\"blogin.al\" \/>\n<meta property=\"article:published_time\" content=\"2025-01-18T10:03:20+00:00\" \/>\n<meta property=\"og:image\" content=\"https:\/\/blogin.al\/wp-content\/uploads\/2025\/01\/640-0-6496d7515fd61-1.png\" \/>\n\t<meta property=\"og:image:width\" content=\"640\" \/>\n\t<meta property=\"og:image:height\" content=\"655\" \/>\n\t<meta property=\"og:image:type\" content=\"image\/png\" \/>\n<meta name=\"author\" content=\"Blogin al\" \/>\n<meta name=\"twitter:card\" content=\"summary_large_image\" \/>\n<meta name=\"twitter:label1\" content=\"Written by\" \/>\n\t<meta name=\"twitter:data1\" content=\"Blogin al\" \/>\n\t<meta name=\"twitter:label2\" content=\"Est. reading time\" \/>\n\t<meta name=\"twitter:data2\" content=\"2 minutes\" \/>\n<script type=\"application\/ld+json\" class=\"yoast-schema-graph\">{\"@context\":\"https:\\\/\\\/schema.org\",\"@graph\":[{\"@type\":\"Article\",\"@id\":\"https:\\\/\\\/blogin.al\\\/?p=54186#article\",\"isPartOf\":{\"@id\":\"https:\\\/\\\/blogin.al\\\/?p=54186\"},\"author\":{\"name\":\"Blogin al\",\"@id\":\"https:\\\/\\\/blogin.al\\\/#\\\/schema\\\/person\\\/abdd56bc912cd511db877b852b115399\"},\"headline\":\"\u201cShkaku i ndarjes?\u201d\\\/Gjesti pyet Eglin: Banorja: Munges\u00eb e frikshme komunikimi!\",\"datePublished\":\"2025-01-18T10:03:20+00:00\",\"mainEntityOfPage\":{\"@id\":\"https:\\\/\\\/blogin.al\\\/?p=54186\"},\"wordCount\":324,\"commentCount\":0,\"publisher\":{\"@id\":\"https:\\\/\\\/blogin.al\\\/#organization\"},\"image\":{\"@id\":\"https:\\\/\\\/blogin.al\\\/?p=54186#primaryimage\"},\"thumbnailUrl\":\"https:\\\/\\\/blogin.al\\\/wp-content\\\/uploads\\\/2025\\\/01\\\/640-0-6496d7515fd61-1.png\",\"articleSection\":[\"SHOWBIZ\"],\"inLanguage\":\"en-US\",\"potentialAction\":[{\"@type\":\"CommentAction\",\"name\":\"Comment\",\"target\":[\"https:\\\/\\\/blogin.al\\\/?p=54186#respond\"]}]},{\"@type\":\"WebPage\",\"@id\":\"https:\\\/\\\/blogin.al\\\/?p=54186\",\"url\":\"https:\\\/\\\/blogin.al\\\/?p=54186\",\"name\":\"\u201cShkaku i ndarjes?\u201d\\\/Gjesti pyet Eglin: Banorja: Munges\u00eb e frikshme komunikimi! - blogin.al\",\"isPartOf\":{\"@id\":\"https:\\\/\\\/blogin.al\\\/#website\"},\"primaryImageOfPage\":{\"@id\":\"https:\\\/\\\/blogin.al\\\/?p=54186#primaryimage\"},\"image\":{\"@id\":\"https:\\\/\\\/blogin.al\\\/?p=54186#primaryimage\"},\"thumbnailUrl\":\"https:\\\/\\\/blogin.al\\\/wp-content\\\/uploads\\\/2025\\\/01\\\/640-0-6496d7515fd61-1.png\",\"datePublished\":\"2025-01-18T10:03:20+00:00\",\"breadcrumb\":{\"@id\":\"https:\\\/\\\/blogin.al\\\/?p=54186#breadcrumb\"},\"inLanguage\":\"en-US\",\"potentialAction\":[{\"@type\":\"ReadAction\",\"target\":[\"https:\\\/\\\/blogin.al\\\/?p=54186\"]}]},{\"@type\":\"ImageObject\",\"inLanguage\":\"en-US\",\"@id\":\"https:\\\/\\\/blogin.al\\\/?p=54186#primaryimage\",\"url\":\"https:\\\/\\\/blogin.al\\\/wp-content\\\/uploads\\\/2025\\\/01\\\/640-0-6496d7515fd61-1.png\",\"contentUrl\":\"https:\\\/\\\/blogin.al\\\/wp-content\\\/uploads\\\/2025\\\/01\\\/640-0-6496d7515fd61-1.png\",\"width\":640,\"height\":655},{\"@type\":\"BreadcrumbList\",\"@id\":\"https:\\\/\\\/blogin.al\\\/?p=54186#breadcrumb\",\"itemListElement\":[{\"@type\":\"ListItem\",\"position\":1,\"name\":\"Home\",\"item\":\"https:\\\/\\\/blogin.al\\\/\"},{\"@type\":\"ListItem\",\"position\":2,\"name\":\"\u201cShkaku i ndarjes?\u201d\\\/Gjesti pyet Eglin: Banorja: Munges\u00eb e frikshme komunikimi!\"}]},{\"@type\":\"WebSite\",\"@id\":\"https:\\\/\\\/blogin.al\\\/#website\",\"url\":\"https:\\\/\\\/blogin.al\\\/\",\"name\":\"blogin.al\",\"description\":\"\",\"publisher\":{\"@id\":\"https:\\\/\\\/blogin.al\\\/#organization\"},\"potentialAction\":[{\"@type\":\"SearchAction\",\"target\":{\"@type\":\"EntryPoint\",\"urlTemplate\":\"https:\\\/\\\/blogin.al\\\/?s={search_term_string}\"},\"query-input\":{\"@type\":\"PropertyValueSpecification\",\"valueRequired\":true,\"valueName\":\"search_term_string\"}}],\"inLanguage\":\"en-US\"},{\"@type\":\"Organization\",\"@id\":\"https:\\\/\\\/blogin.al\\\/#organization\",\"name\":\"BLOGIN.al\",\"url\":\"https:\\\/\\\/blogin.al\\\/\",\"logo\":{\"@type\":\"ImageObject\",\"inLanguage\":\"en-US\",\"@id\":\"https:\\\/\\\/blogin.al\\\/#\\\/schema\\\/logo\\\/image\\\/\",\"url\":\"https:\\\/\\\/blogin.al\\\/wp-content\\\/uploads\\\/2022\\\/05\\\/Untitled-2-01-e1652084456514.png\",\"contentUrl\":\"https:\\\/\\\/blogin.al\\\/wp-content\\\/uploads\\\/2022\\\/05\\\/Untitled-2-01-e1652084456514.png\",\"width\":3723,\"height\":1698,\"caption\":\"BLOGIN.al\"},\"image\":{\"@id\":\"https:\\\/\\\/blogin.al\\\/#\\\/schema\\\/logo\\\/image\\\/\"},\"sameAs\":[\"https:\\\/\\\/instagram.com\\\/blogin.al\\\/\"]},{\"@type\":\"Person\",\"@id\":\"https:\\\/\\\/blogin.al\\\/#\\\/schema\\\/person\\\/abdd56bc912cd511db877b852b115399\",\"name\":\"Blogin al\",\"image\":{\"@type\":\"ImageObject\",\"inLanguage\":\"en-US\",\"@id\":\"https:\\\/\\\/secure.gravatar.com\\\/avatar\\\/60d5661aee6e835fb13dc75d2204cd0c1d61bef2efd137c0083e59ef831e235e?s=96&d=mm&r=g\",\"url\":\"https:\\\/\\\/secure.gravatar.com\\\/avatar\\\/60d5661aee6e835fb13dc75d2204cd0c1d61bef2efd137c0083e59ef831e235e?s=96&d=mm&r=g\",\"contentUrl\":\"https:\\\/\\\/secure.gravatar.com\\\/avatar\\\/60d5661aee6e835fb13dc75d2204cd0c1d61bef2efd137c0083e59ef831e235e?s=96&d=mm&r=g\",\"caption\":\"Blogin al\"},\"sameAs\":[\"https:\\\/\\\/blogin.al\"],\"url\":\"https:\\\/\\\/blogin.al\\\/?author=2\"}]}<\/script>\n<!-- \/ Yoast SEO plugin. -->","yoast_head_json":{"title":"\u201cShkaku i ndarjes?\u201d\/Gjesti pyet Eglin: Banorja: Munges\u00eb e frikshme komunikimi! - blogin.al","robots":{"index":"index","follow":"follow","max-snippet":"max-snippet:-1","max-image-preview":"max-image-preview:large","max-video-preview":"max-video-preview:-1"},"canonical":"https:\/\/blogin.al\/?p=54186","og_locale":"en_US","og_type":"article","og_title":"\u201cShkaku i ndarjes?\u201d\/Gjesti pyet Eglin: Banorja: Munges\u00eb e frikshme komunikimi! - blogin.al","og_description":"Ndarja e Eglit, tashm\u00eb banore e \u201cBBVA\u201d dhe aktorit t\u00eb humorit Olsi Bylyku, ka qen\u00eb tep\u00ebr e komentuar dhe vazhdon t\u00eb jet\u00eb q\u00eb me hyrjen e Eglit n\u00eb format. Egli i \u00ebsht\u00eb rikthyer dhe nj\u00ebher\u00eb ndarjes nga ish-partneri i saj teksa ka hapur zemr\u00ebn me Gjestin gjat\u00eb nj\u00eb bisede t\u00eb b\u00ebr\u00eb n\u00eb sht\u00ebpi. Ka qen\u00eb [&hellip;]","og_url":"https:\/\/blogin.al\/?p=54186","og_site_name":"blogin.al","article_published_time":"2025-01-18T10:03:20+00:00","og_image":[{"width":640,"height":655,"url":"https:\/\/blogin.al\/wp-content\/uploads\/2025\/01\/640-0-6496d7515fd61-1.png","type":"image\/png"}],"author":"Blogin al","twitter_card":"summary_large_image","twitter_misc":{"Written by":"Blogin al","Est. reading time":"2 minutes"},"schema":{"@context":"https:\/\/schema.org","@graph":[{"@type":"Article","@id":"https:\/\/blogin.al\/?p=54186#article","isPartOf":{"@id":"https:\/\/blogin.al\/?p=54186"},"author":{"name":"Blogin al","@id":"https:\/\/blogin.al\/#\/schema\/person\/abdd56bc912cd511db877b852b115399"},"headline":"\u201cShkaku i ndarjes?\u201d\/Gjesti pyet Eglin: Banorja: Munges\u00eb e frikshme komunikimi!","datePublished":"2025-01-18T10:03:20+00:00","mainEntityOfPage":{"@id":"https:\/\/blogin.al\/?p=54186"},"wordCount":324,"commentCount":0,"publisher":{"@id":"https:\/\/blogin.al\/#organization"},"image":{"@id":"https:\/\/blogin.al\/?p=54186#primaryimage"},"thumbnailUrl":"https:\/\/blogin.al\/wp-content\/uploads\/2025\/01\/640-0-6496d7515fd61-1.png","articleSection":["SHOWBIZ"],"inLanguage":"en-US","potentialAction":[{"@type":"CommentAction","name":"Comment","target":["https:\/\/blogin.al\/?p=54186#respond"]}]},{"@type":"WebPage","@id":"https:\/\/blogin.al\/?p=54186","url":"https:\/\/blogin.al\/?p=54186","name":"\u201cShkaku i ndarjes?\u201d\/Gjesti pyet Eglin: Banorja: Munges\u00eb e frikshme komunikimi! - blogin.al","isPartOf":{"@id":"https:\/\/blogin.al\/#website"},"primaryImageOfPage":{"@id":"https:\/\/blogin.al\/?p=54186#primaryimage"},"image":{"@id":"https:\/\/blogin.al\/?p=54186#primaryimage"},"thumbnailUrl":"https:\/\/blogin.al\/wp-content\/uploads\/2025\/01\/640-0-6496d7515fd61-1.png","datePublished":"2025-01-18T10:03:20+00:00","breadcrumb":{"@id":"https:\/\/blogin.al\/?p=54186#breadcrumb"},"inLanguage":"en-US","potentialAction":[{"@type":"ReadAction","target":["https:\/\/blogin.al\/?p=54186"]}]},{"@type":"ImageObject","inLanguage":"en-US","@id":"https:\/\/blogin.al\/?p=54186#primaryimage","url":"https:\/\/blogin.al\/wp-content\/uploads\/2025\/01\/640-0-6496d7515fd61-1.png","contentUrl":"https:\/\/blogin.al\/wp-content\/uploads\/2025\/01\/640-0-6496d7515fd61-1.png","width":640,"height":655},{"@type":"BreadcrumbList","@id":"https:\/\/blogin.al\/?p=54186#breadcrumb","itemListElement":[{"@type":"ListItem","position":1,"name":"Home","item":"https:\/\/blogin.al\/"},{"@type":"ListItem","position":2,"name":"\u201cShkaku i ndarjes?\u201d\/Gjesti pyet Eglin: Banorja: Munges\u00eb e frikshme komunikimi!"}]},{"@type":"WebSite","@id":"https:\/\/blogin.al\/#website","url":"https:\/\/blogin.al\/","name":"blogin.al","description":"","publisher":{"@id":"https:\/\/blogin.al\/#organization"},"potentialAction":[{"@type":"SearchAction","target":{"@type":"EntryPoint","urlTemplate":"https:\/\/blogin.al\/?s={search_term_string}"},"query-input":{"@type":"PropertyValueSpecification","valueRequired":true,"valueName":"search_term_string"}}],"inLanguage":"en-US"},{"@type":"Organization","@id":"https:\/\/blogin.al\/#organization","name":"BLOGIN.al","url":"https:\/\/blogin.al\/","logo":{"@type":"ImageObject","inLanguage":"en-US","@id":"https:\/\/blogin.al\/#\/schema\/logo\/image\/","url":"https:\/\/blogin.al\/wp-content\/uploads\/2022\/05\/Untitled-2-01-e1652084456514.png","contentUrl":"https:\/\/blogin.al\/wp-content\/uploads\/2022\/05\/Untitled-2-01-e1652084456514.png","width":3723,"height":1698,"caption":"BLOGIN.al"},"image":{"@id":"https:\/\/blogin.al\/#\/schema\/logo\/image\/"},"sameAs":["https:\/\/instagram.com\/blogin.al\/"]},{"@type":"Person","@id":"https:\/\/blogin.al\/#\/schema\/person\/abdd56bc912cd511db877b852b115399","name":"Blogin al","image":{"@type":"ImageObject","inLanguage":"en-US","@id":"https:\/\/secure.gravatar.com\/avatar\/60d5661aee6e835fb13dc75d2204cd0c1d61bef2efd137c0083e59ef831e235e?s=96&d=mm&r=g","url":"https:\/\/secure.gravatar.com\/avatar\/60d5661aee6e835fb13dc75d2204cd0c1d61bef2efd137c0083e59ef831e235e?s=96&d=mm&r=g","contentUrl":"https:\/\/secure.gravatar.com\/avatar\/60d5661aee6e835fb13dc75d2204cd0c1d61bef2efd137c0083e59ef831e235e?s=96&d=mm&r=g","caption":"Blogin al"},"sameAs":["https:\/\/blogin.al"],"url":"https:\/\/blogin.al\/?author=2"}]}},"_links":{"self":[{"href":"https:\/\/blogin.al\/index.php?rest_route=\/wp\/v2\/posts\/54186","targetHints":{"allow":["GET"]}}],"collection":[{"href":"https:\/\/blogin.al\/index.php?rest_route=\/wp\/v2\/posts"}],"about":[{"href":"https:\/\/blogin.al\/index.php?rest_route=\/wp\/v2\/types\/post"}],"author":[{"embeddable":true,"href":"https:\/\/blogin.al\/index.php?rest_route=\/wp\/v2\/users\/2"}],"replies":[{"embeddable":true,"href":"https:\/\/blogin.al\/index.php?rest_route=%2Fwp%2Fv2%2Fcomments&post=54186"}],"version-history":[{"count":0,"href":"https:\/\/blogin.al\/index.php?rest_route=\/wp\/v2\/posts\/54186\/revisions"}],"wp:featuredmedia":[{"embeddable":true,"href":"https:\/\/blogin.al\/index.php?rest_route=\/wp\/v2\/media\/54185"}],"wp:attachment":[{"href":"https:\/\/blogin.al\/index.php?rest_route=%2Fwp%2Fv2%2Fmedia&parent=54186"}],"wp:term":[{"taxonomy":"category","embeddable":true,"href":"https:\/\/blogin.al\/index.php?rest_route=%2Fwp%2Fv2%2Fcategories&post=54186"},{"taxonomy":"post_tag","embeddable":true,"href":"https:\/\/blogin.al\/index.php?rest_route=%2Fwp%2Fv2%2Ftags&post=54186"}],"curies":[{"name":"wp","href":"https:\/\/api.w.org\/{rel}","templated":true}]}}