{"id":54191,"date":"2025-01-18T10:14:57","date_gmt":"2025-01-18T10:14:57","guid":{"rendered":"https:\/\/blogin.al\/aludimet-se-u-dhunua-nga-ish-kryeministri-anita-haradinaj-ska-burre-qe\/"},"modified":"2025-01-18T10:14:57","modified_gmt":"2025-01-18T10:14:57","slug":"aludimet-se-u-dhunua-nga-ish-kryeministri-anita-haradinaj-ska-burre-qe","status":"publish","type":"post","link":"https:\/\/blogin.al\/?p=54191","title":{"rendered":"Aludimet se u dhunua nga ish-kryeministri, Anita Haradinaj: S\u2019ka burr\u00eb q\u00eb &#8230;"},"content":{"rendered":"\n<p>Moderatorja Anita Haradinaj iu \u00ebsht\u00eb adresuar s\u00ebrish raportimeve t\u00eb mediave kosovare disa vite m\u00eb par\u00eb se ajo u dhunua nga bashk\u00ebshorti i saj, Ramush Haradinaj.<\/p>\n\n\n\n<p>\u201cNuk ka burr\u00eb q\u00eb del dhe m\u00eb rreh mua,\u201d tha ajo, duke shtuar se as prind\u00ebrit e saj nuk e kan\u00eb rrahur kurr\u00eb. Ajo shpjegoi se ka pasur dy incidente kur \u00ebsht\u00eb rr\u00ebzuar nga takat dhe ka thyer hund\u00ebn, pa pasur asnj\u00eb lidhje me Ramushin.<\/p>\n\n\n\n<p>\u201cDit\u00ebn q\u00eb dikush do t\u00eb m\u00eb rrah\u00eb, un\u00eb konferenc\u00eb p\u00ebr mediat mbaj dhe e them. Nuk m\u00eb vjen turp,\u201d vijoi m\u00eb tej ajo.<\/p>\n\n\n\n<p>Anita e cil\u00ebsoi Ramushin si \u201cnjeriun m\u00eb t\u00eb mir\u00eb q\u00eb ka takuar ndonj\u00ebher\u00eb\u201d dhe e mbrojti at\u00eb nga spekulimet, duke theksuar se ai \u00ebsht\u00eb nj\u00eb bashk\u00ebshort dhe baba shembullor.<\/p>\n\n\n\n<p>\u201cEdhe 70 her\u00eb t\u00eb martohem, prap\u00eb at\u00eb djal\u00eb do t\u00eb zgjidhja,\u201d shtoi ajo, duke e quajtur padrejt\u00ebsi q\u00eb dhimbja dhe incidentet e saj personale t\u2019i faturohen bashk\u00ebshortit t\u00eb saj.<\/p>\n\n\n\n<p>Ky reagim vjen si nj\u00eb p\u00ebrpjekje p\u00ebr t\u00eb mbyllur kapitullin e thashethemeve q\u00eb, sipas saj, kan\u00eb qen\u00eb t\u00eb pav\u00ebrteta dhe t\u00eb padrejta.<\/p>\n","protected":false},"excerpt":{"rendered":"<p>Moderatorja Anita Haradinaj iu \u00ebsht\u00eb adresuar s\u00ebrish raportimeve t\u00eb mediave kosovare disa vite m\u00eb par\u00eb se ajo u dhunua nga bashk\u00ebshorti i saj, Ramush Haradinaj. \u201cNuk ka burr\u00eb q\u00eb del dhe m\u00eb rreh mua,\u201d tha ajo, duke shtuar se as prind\u00ebrit e saj nuk e kan\u00eb rrahur kurr\u00eb. Ajo shpjegoi se ka pasur dy incidente [&hellip;]<\/p>\n","protected":false},"author":2,"featured_media":54190,"comment_status":"open","ping_status":"open","sticky":false,"template":"","format":"standard","meta":{"footnotes":""},"categories":[33],"tags":[],"class_list":{"0":"post-54191","1":"post","2":"type-post","3":"status-publish","4":"format-standard","5":"has-post-thumbnail","7":"category-showbiz"},"yoast_head":"<!-- This site is optimized with the Yoast SEO plugin v27.4 - https:\/\/yoast.com\/product\/yoast-seo-wordpress\/ -->\n<title>Aludimet se u dhunua nga ish-kryeministri, Anita Haradinaj: S\u2019ka burr\u00eb q\u00eb ... - blogin.al<\/title>\n<meta name=\"robots\" content=\"index, follow, max-snippet:-1, max-image-preview:large, max-video-preview:-1\" \/>\n<link rel=\"canonical\" href=\"https:\/\/blogin.al\/?p=54191\" \/>\n<meta property=\"og:locale\" content=\"en_US\" \/>\n<meta property=\"og:type\" content=\"article\" \/>\n<meta property=\"og:title\" content=\"Aludimet se u dhunua nga ish-kryeministri, Anita Haradinaj: S\u2019ka burr\u00eb q\u00eb ... - blogin.al\" \/>\n<meta property=\"og:description\" content=\"Moderatorja Anita Haradinaj iu \u00ebsht\u00eb adresuar s\u00ebrish raportimeve t\u00eb mediave kosovare disa vite m\u00eb par\u00eb se ajo u dhunua nga bashk\u00ebshorti i saj, Ramush Haradinaj. \u201cNuk ka burr\u00eb q\u00eb del dhe m\u00eb rreh mua,\u201d tha ajo, duke shtuar se as prind\u00ebrit e saj nuk e kan\u00eb rrahur kurr\u00eb. Ajo shpjegoi se ka pasur dy incidente [&hellip;]\" \/>\n<meta property=\"og:url\" content=\"https:\/\/blogin.al\/?p=54191\" \/>\n<meta property=\"og:site_name\" content=\"blogin.al\" \/>\n<meta property=\"article:published_time\" content=\"2025-01-18T10:14:57+00:00\" \/>\n<meta property=\"og:image\" content=\"https:\/\/blogin.al\/wp-content\/uploads\/2025\/01\/anita-471x450-1.jpg\" \/>\n\t<meta property=\"og:image:width\" content=\"471\" \/>\n\t<meta property=\"og:image:height\" content=\"450\" \/>\n\t<meta property=\"og:image:type\" content=\"image\/jpeg\" \/>\n<meta name=\"author\" content=\"Blogin al\" \/>\n<meta name=\"twitter:card\" content=\"summary_large_image\" \/>\n<meta name=\"twitter:label1\" content=\"Written by\" \/>\n\t<meta name=\"twitter:data1\" content=\"Blogin al\" \/>\n\t<meta name=\"twitter:label2\" content=\"Est. reading time\" \/>\n\t<meta name=\"twitter:data2\" content=\"1 minute\" \/>\n<script type=\"application\/ld+json\" class=\"yoast-schema-graph\">{\"@context\":\"https:\\\/\\\/schema.org\",\"@graph\":[{\"@type\":\"Article\",\"@id\":\"https:\\\/\\\/blogin.al\\\/?p=54191#article\",\"isPartOf\":{\"@id\":\"https:\\\/\\\/blogin.al\\\/?p=54191\"},\"author\":{\"name\":\"Blogin al\",\"@id\":\"https:\\\/\\\/blogin.al\\\/#\\\/schema\\\/person\\\/abdd56bc912cd511db877b852b115399\"},\"headline\":\"Aludimet se u dhunua nga ish-kryeministri, Anita Haradinaj: S\u2019ka burr\u00eb q\u00eb &#8230;\",\"datePublished\":\"2025-01-18T10:14:57+00:00\",\"mainEntityOfPage\":{\"@id\":\"https:\\\/\\\/blogin.al\\\/?p=54191\"},\"wordCount\":200,\"commentCount\":0,\"publisher\":{\"@id\":\"https:\\\/\\\/blogin.al\\\/#organization\"},\"image\":{\"@id\":\"https:\\\/\\\/blogin.al\\\/?p=54191#primaryimage\"},\"thumbnailUrl\":\"https:\\\/\\\/blogin.al\\\/wp-content\\\/uploads\\\/2025\\\/01\\\/anita-471x450-1.jpg\",\"articleSection\":[\"SHOWBIZ\"],\"inLanguage\":\"en-US\",\"potentialAction\":[{\"@type\":\"CommentAction\",\"name\":\"Comment\",\"target\":[\"https:\\\/\\\/blogin.al\\\/?p=54191#respond\"]}]},{\"@type\":\"WebPage\",\"@id\":\"https:\\\/\\\/blogin.al\\\/?p=54191\",\"url\":\"https:\\\/\\\/blogin.al\\\/?p=54191\",\"name\":\"Aludimet se u dhunua nga ish-kryeministri, Anita Haradinaj: S\u2019ka burr\u00eb q\u00eb ... - blogin.al\",\"isPartOf\":{\"@id\":\"https:\\\/\\\/blogin.al\\\/#website\"},\"primaryImageOfPage\":{\"@id\":\"https:\\\/\\\/blogin.al\\\/?p=54191#primaryimage\"},\"image\":{\"@id\":\"https:\\\/\\\/blogin.al\\\/?p=54191#primaryimage\"},\"thumbnailUrl\":\"https:\\\/\\\/blogin.al\\\/wp-content\\\/uploads\\\/2025\\\/01\\\/anita-471x450-1.jpg\",\"datePublished\":\"2025-01-18T10:14:57+00:00\",\"breadcrumb\":{\"@id\":\"https:\\\/\\\/blogin.al\\\/?p=54191#breadcrumb\"},\"inLanguage\":\"en-US\",\"potentialAction\":[{\"@type\":\"ReadAction\",\"target\":[\"https:\\\/\\\/blogin.al\\\/?p=54191\"]}]},{\"@type\":\"ImageObject\",\"inLanguage\":\"en-US\",\"@id\":\"https:\\\/\\\/blogin.al\\\/?p=54191#primaryimage\",\"url\":\"https:\\\/\\\/blogin.al\\\/wp-content\\\/uploads\\\/2025\\\/01\\\/anita-471x450-1.jpg\",\"contentUrl\":\"https:\\\/\\\/blogin.al\\\/wp-content\\\/uploads\\\/2025\\\/01\\\/anita-471x450-1.jpg\",\"width\":471,\"height\":450},{\"@type\":\"BreadcrumbList\",\"@id\":\"https:\\\/\\\/blogin.al\\\/?p=54191#breadcrumb\",\"itemListElement\":[{\"@type\":\"ListItem\",\"position\":1,\"name\":\"Home\",\"item\":\"https:\\\/\\\/blogin.al\\\/\"},{\"@type\":\"ListItem\",\"position\":2,\"name\":\"Aludimet se u dhunua nga ish-kryeministri, Anita Haradinaj: S\u2019ka burr\u00eb q\u00eb &#8230;\"}]},{\"@type\":\"WebSite\",\"@id\":\"https:\\\/\\\/blogin.al\\\/#website\",\"url\":\"https:\\\/\\\/blogin.al\\\/\",\"name\":\"blogin.al\",\"description\":\"\",\"publisher\":{\"@id\":\"https:\\\/\\\/blogin.al\\\/#organization\"},\"potentialAction\":[{\"@type\":\"SearchAction\",\"target\":{\"@type\":\"EntryPoint\",\"urlTemplate\":\"https:\\\/\\\/blogin.al\\\/?s={search_term_string}\"},\"query-input\":{\"@type\":\"PropertyValueSpecification\",\"valueRequired\":true,\"valueName\":\"search_term_string\"}}],\"inLanguage\":\"en-US\"},{\"@type\":\"Organization\",\"@id\":\"https:\\\/\\\/blogin.al\\\/#organization\",\"name\":\"BLOGIN.al\",\"url\":\"https:\\\/\\\/blogin.al\\\/\",\"logo\":{\"@type\":\"ImageObject\",\"inLanguage\":\"en-US\",\"@id\":\"https:\\\/\\\/blogin.al\\\/#\\\/schema\\\/logo\\\/image\\\/\",\"url\":\"https:\\\/\\\/blogin.al\\\/wp-content\\\/uploads\\\/2022\\\/05\\\/Untitled-2-01-e1652084456514.png\",\"contentUrl\":\"https:\\\/\\\/blogin.al\\\/wp-content\\\/uploads\\\/2022\\\/05\\\/Untitled-2-01-e1652084456514.png\",\"width\":3723,\"height\":1698,\"caption\":\"BLOGIN.al\"},\"image\":{\"@id\":\"https:\\\/\\\/blogin.al\\\/#\\\/schema\\\/logo\\\/image\\\/\"},\"sameAs\":[\"https:\\\/\\\/instagram.com\\\/blogin.al\\\/\"]},{\"@type\":\"Person\",\"@id\":\"https:\\\/\\\/blogin.al\\\/#\\\/schema\\\/person\\\/abdd56bc912cd511db877b852b115399\",\"name\":\"Blogin al\",\"image\":{\"@type\":\"ImageObject\",\"inLanguage\":\"en-US\",\"@id\":\"https:\\\/\\\/secure.gravatar.com\\\/avatar\\\/60d5661aee6e835fb13dc75d2204cd0c1d61bef2efd137c0083e59ef831e235e?s=96&d=mm&r=g\",\"url\":\"https:\\\/\\\/secure.gravatar.com\\\/avatar\\\/60d5661aee6e835fb13dc75d2204cd0c1d61bef2efd137c0083e59ef831e235e?s=96&d=mm&r=g\",\"contentUrl\":\"https:\\\/\\\/secure.gravatar.com\\\/avatar\\\/60d5661aee6e835fb13dc75d2204cd0c1d61bef2efd137c0083e59ef831e235e?s=96&d=mm&r=g\",\"caption\":\"Blogin al\"},\"sameAs\":[\"https:\\\/\\\/blogin.al\"],\"url\":\"https:\\\/\\\/blogin.al\\\/?author=2\"}]}<\/script>\n<!-- \/ Yoast SEO plugin. -->","yoast_head_json":{"title":"Aludimet se u dhunua nga ish-kryeministri, Anita Haradinaj: S\u2019ka burr\u00eb q\u00eb ... - blogin.al","robots":{"index":"index","follow":"follow","max-snippet":"max-snippet:-1","max-image-preview":"max-image-preview:large","max-video-preview":"max-video-preview:-1"},"canonical":"https:\/\/blogin.al\/?p=54191","og_locale":"en_US","og_type":"article","og_title":"Aludimet se u dhunua nga ish-kryeministri, Anita Haradinaj: S\u2019ka burr\u00eb q\u00eb ... - blogin.al","og_description":"Moderatorja Anita Haradinaj iu \u00ebsht\u00eb adresuar s\u00ebrish raportimeve t\u00eb mediave kosovare disa vite m\u00eb par\u00eb se ajo u dhunua nga bashk\u00ebshorti i saj, Ramush Haradinaj. \u201cNuk ka burr\u00eb q\u00eb del dhe m\u00eb rreh mua,\u201d tha ajo, duke shtuar se as prind\u00ebrit e saj nuk e kan\u00eb rrahur kurr\u00eb. Ajo shpjegoi se ka pasur dy incidente [&hellip;]","og_url":"https:\/\/blogin.al\/?p=54191","og_site_name":"blogin.al","article_published_time":"2025-01-18T10:14:57+00:00","og_image":[{"width":471,"height":450,"url":"https:\/\/blogin.al\/wp-content\/uploads\/2025\/01\/anita-471x450-1.jpg","type":"image\/jpeg"}],"author":"Blogin al","twitter_card":"summary_large_image","twitter_misc":{"Written by":"Blogin al","Est. reading time":"1 minute"},"schema":{"@context":"https:\/\/schema.org","@graph":[{"@type":"Article","@id":"https:\/\/blogin.al\/?p=54191#article","isPartOf":{"@id":"https:\/\/blogin.al\/?p=54191"},"author":{"name":"Blogin al","@id":"https:\/\/blogin.al\/#\/schema\/person\/abdd56bc912cd511db877b852b115399"},"headline":"Aludimet se u dhunua nga ish-kryeministri, Anita Haradinaj: S\u2019ka burr\u00eb q\u00eb &#8230;","datePublished":"2025-01-18T10:14:57+00:00","mainEntityOfPage":{"@id":"https:\/\/blogin.al\/?p=54191"},"wordCount":200,"commentCount":0,"publisher":{"@id":"https:\/\/blogin.al\/#organization"},"image":{"@id":"https:\/\/blogin.al\/?p=54191#primaryimage"},"thumbnailUrl":"https:\/\/blogin.al\/wp-content\/uploads\/2025\/01\/anita-471x450-1.jpg","articleSection":["SHOWBIZ"],"inLanguage":"en-US","potentialAction":[{"@type":"CommentAction","name":"Comment","target":["https:\/\/blogin.al\/?p=54191#respond"]}]},{"@type":"WebPage","@id":"https:\/\/blogin.al\/?p=54191","url":"https:\/\/blogin.al\/?p=54191","name":"Aludimet se u dhunua nga ish-kryeministri, Anita Haradinaj: S\u2019ka burr\u00eb q\u00eb ... - blogin.al","isPartOf":{"@id":"https:\/\/blogin.al\/#website"},"primaryImageOfPage":{"@id":"https:\/\/blogin.al\/?p=54191#primaryimage"},"image":{"@id":"https:\/\/blogin.al\/?p=54191#primaryimage"},"thumbnailUrl":"https:\/\/blogin.al\/wp-content\/uploads\/2025\/01\/anita-471x450-1.jpg","datePublished":"2025-01-18T10:14:57+00:00","breadcrumb":{"@id":"https:\/\/blogin.al\/?p=54191#breadcrumb"},"inLanguage":"en-US","potentialAction":[{"@type":"ReadAction","target":["https:\/\/blogin.al\/?p=54191"]}]},{"@type":"ImageObject","inLanguage":"en-US","@id":"https:\/\/blogin.al\/?p=54191#primaryimage","url":"https:\/\/blogin.al\/wp-content\/uploads\/2025\/01\/anita-471x450-1.jpg","contentUrl":"https:\/\/blogin.al\/wp-content\/uploads\/2025\/01\/anita-471x450-1.jpg","width":471,"height":450},{"@type":"BreadcrumbList","@id":"https:\/\/blogin.al\/?p=54191#breadcrumb","itemListElement":[{"@type":"ListItem","position":1,"name":"Home","item":"https:\/\/blogin.al\/"},{"@type":"ListItem","position":2,"name":"Aludimet se u dhunua nga ish-kryeministri, Anita Haradinaj: S\u2019ka burr\u00eb q\u00eb &#8230;"}]},{"@type":"WebSite","@id":"https:\/\/blogin.al\/#website","url":"https:\/\/blogin.al\/","name":"blogin.al","description":"","publisher":{"@id":"https:\/\/blogin.al\/#organization"},"potentialAction":[{"@type":"SearchAction","target":{"@type":"EntryPoint","urlTemplate":"https:\/\/blogin.al\/?s={search_term_string}"},"query-input":{"@type":"PropertyValueSpecification","valueRequired":true,"valueName":"search_term_string"}}],"inLanguage":"en-US"},{"@type":"Organization","@id":"https:\/\/blogin.al\/#organization","name":"BLOGIN.al","url":"https:\/\/blogin.al\/","logo":{"@type":"ImageObject","inLanguage":"en-US","@id":"https:\/\/blogin.al\/#\/schema\/logo\/image\/","url":"https:\/\/blogin.al\/wp-content\/uploads\/2022\/05\/Untitled-2-01-e1652084456514.png","contentUrl":"https:\/\/blogin.al\/wp-content\/uploads\/2022\/05\/Untitled-2-01-e1652084456514.png","width":3723,"height":1698,"caption":"BLOGIN.al"},"image":{"@id":"https:\/\/blogin.al\/#\/schema\/logo\/image\/"},"sameAs":["https:\/\/instagram.com\/blogin.al\/"]},{"@type":"Person","@id":"https:\/\/blogin.al\/#\/schema\/person\/abdd56bc912cd511db877b852b115399","name":"Blogin al","image":{"@type":"ImageObject","inLanguage":"en-US","@id":"https:\/\/secure.gravatar.com\/avatar\/60d5661aee6e835fb13dc75d2204cd0c1d61bef2efd137c0083e59ef831e235e?s=96&d=mm&r=g","url":"https:\/\/secure.gravatar.com\/avatar\/60d5661aee6e835fb13dc75d2204cd0c1d61bef2efd137c0083e59ef831e235e?s=96&d=mm&r=g","contentUrl":"https:\/\/secure.gravatar.com\/avatar\/60d5661aee6e835fb13dc75d2204cd0c1d61bef2efd137c0083e59ef831e235e?s=96&d=mm&r=g","caption":"Blogin al"},"sameAs":["https:\/\/blogin.al"],"url":"https:\/\/blogin.al\/?author=2"}]}},"_links":{"self":[{"href":"https:\/\/blogin.al\/index.php?rest_route=\/wp\/v2\/posts\/54191","targetHints":{"allow":["GET"]}}],"collection":[{"href":"https:\/\/blogin.al\/index.php?rest_route=\/wp\/v2\/posts"}],"about":[{"href":"https:\/\/blogin.al\/index.php?rest_route=\/wp\/v2\/types\/post"}],"author":[{"embeddable":true,"href":"https:\/\/blogin.al\/index.php?rest_route=\/wp\/v2\/users\/2"}],"replies":[{"embeddable":true,"href":"https:\/\/blogin.al\/index.php?rest_route=%2Fwp%2Fv2%2Fcomments&post=54191"}],"version-history":[{"count":0,"href":"https:\/\/blogin.al\/index.php?rest_route=\/wp\/v2\/posts\/54191\/revisions"}],"wp:featuredmedia":[{"embeddable":true,"href":"https:\/\/blogin.al\/index.php?rest_route=\/wp\/v2\/media\/54190"}],"wp:attachment":[{"href":"https:\/\/blogin.al\/index.php?rest_route=%2Fwp%2Fv2%2Fmedia&parent=54191"}],"wp:term":[{"taxonomy":"category","embeddable":true,"href":"https:\/\/blogin.al\/index.php?rest_route=%2Fwp%2Fv2%2Fcategories&post=54191"},{"taxonomy":"post_tag","embeddable":true,"href":"https:\/\/blogin.al\/index.php?rest_route=%2Fwp%2Fv2%2Ftags&post=54191"}],"curies":[{"name":"wp","href":"https:\/\/api.w.org\/{rel}","templated":true}]}}