{"id":54213,"date":"2025-01-20T09:39:03","date_gmt":"2025-01-20T09:39:03","guid":{"rendered":"https:\/\/blogin.al\/kam-mamin-me-semundje-te-rende-pas-xumit-flet-dhe-egli-une-kam-babin\/"},"modified":"2025-01-20T09:39:03","modified_gmt":"2025-01-20T09:39:03","slug":"kam-mamin-me-semundje-te-rende-pas-xumit-flet-dhe-egli-une-kam-babin","status":"publish","type":"post","link":"https:\/\/blogin.al\/?p=54213","title":{"rendered":"Kam mamin me s\u00ebmundje t\u00eb r\u00ebnd\u00eb\/ Pas Xumit flet dhe Egli: Un\u00eb kam babin"},"content":{"rendered":"\n<p>Banorja e \u201cBig Brother Vip\u201d, Egli Tako,&nbsp; ka qen\u00eb e p\u00ebrzgjedhur p\u00ebr hapjen e kutis\u00eb s\u00eb `Pandor\u00ebs`, q\u00eb si gjithmon\u00eb krahas avantazhit ka dhe nj\u00eb \u201cdisavantazh\u201d.<\/p>\n\n\n\n<p>Me hapjen e kutis\u00eb, Egli p\u00ebrfitoi nj\u00eb udh\u00ebtim \u00e7ift n\u00eb brigjet jugore t\u00eb Turqis\u00eb. E entuziazmuar, banorja tha se do t\u00eb shkonte t\u2019i shijonte k\u00ebto pushime tep\u00ebr t\u00eb nevojshme p\u00ebr t\u00eb, me t\u00eb \u00ebm\u00ebn.<\/p>\n\n\n\n<p>Nd\u00ebrsa sa i p\u00ebrket \u201ct\u00eb keqes\u201d, iu k\u00ebrkua q\u00eb t\u00eb \u00e7onte dy banor\u00eb n\u00eb nominim \u201ckok\u00eb m\u00eb kok\u00eb\u201d, ku ajo zgjodhi Xumin dhe veten e saj.<\/p>\n\n\n\n<p>Ledioni: V\u00ebllai i Madh t\u00eb vendos ty para Kutis\u00eb s\u00eb Pandor\u00ebs sonte dhe ti e di q\u00eb n\u00ebse ti zgjedh ta hap\u00ebsh ka nj\u00eb t\u00eb mir\u00eb p\u00ebr ty dhe nj\u00eb t\u00eb keqe p\u00ebr pjes\u00ebn tjet\u00ebr t\u00eb sht\u00ebpis\u00eb. Egli, do ta hap\u00ebsh ti sot Kutin\u00eb e Pandor\u00ebs?!<\/p>\n\n\n\n<p>Egli:\u201cPo\u201d.<\/p>\n\n\n\n<p>Ledioni: Brenda kutis\u00eb jan\u00eb dy zarfe, fillimisht do t\u00eb lexosh t\u00eb bardhin.<\/p>\n\n\n\n<p>Egli: \u201cKutia u hap. Globus Travel t\u00eb dhuron nj\u00eb paket\u00eb pushimesh \u00e7ift n\u00eb resortin Titanic Deluxe Belek. Globus Travel faleminderit, e di q\u00eb do t\u00eb kem shum\u00eb nevoj\u00eb p\u00ebr k\u00ebto pushime. Mendoj q\u00eb t\u00eb shkoj\u00eb me mamin tim. Mami t\u00eb kam premtuar q\u00eb do t\u00eb hipim n\u00eb avion dhe Globus Travel shum\u00eb faleminderit q\u00eb po na e mund\u00ebson k\u00ebt\u00eb\u201d.<\/p>\n\n\n\n<p>Ledioni: Egli, mos \u00ebsht\u00eb shum\u00eb romantik p\u00ebr mamin ky?<\/p>\n\n\n\n<p>Egli: \u201cJo, mendoj q\u00eb \u00ebsht\u00eb dhurata m\u00eb e bukur q\u00eb mund t\u2019i b\u00ebj\u00eb\u201d.<\/p>\n\n\n\n<p>Ledioni: Tani \u00ebsht\u00eb momenti q\u00eb t\u00eb lexojm\u00eb zarfin e kuq.<\/p>\n\n\n\n<p>Egli: \u201c\u00c7far\u00ebdo q\u00eb t\u00eb jet\u00eb k\u00ebtu brenda Ledion, un\u00eb e kam b\u00ebr\u00eb nj\u00ebher\u00eb nj\u00eb gabim kundrejt vetes time kur p\u00ebr nj\u00eb situat\u00eb q\u00eb u vendosa p\u00ebrball\u00eb nj\u00eb avantazhi e p\u00ebrjetova sikur isha n\u00eb jet\u00eb dhe jo n\u00eb loj\u00eb dhe kam vendosur t\u00eb reflektoj ndaj gabimeve q\u00eb b\u00ebj k\u00ebtu brenda, k\u00ebshtu q\u00eb do e lexoj me shum\u00eb sportivitet.<\/p>\n\n\n\n<p>Kutia e Pandor\u00ebs u hap, pas \u00e7do t\u00eb mire vjen nj\u00eb e keqe dhe V\u00ebllai i Madh t\u00eb k\u00ebrkon t\u00eb v\u00ebsh dy banor\u00eb n\u00eb televotim \u201ckok\u00eb m\u00eb kok\u00eb\u201d. Mund t\u00eb p\u00ebrfshish ose jo veten\u201d.<\/p>\n\n\n\n<p>Ledioni: E keqja e Kutis\u00eb s\u00eb Pandor\u00ebs \u00ebsht\u00eb q\u00eb do t\u00eb zgjedh\u00ebsh dy banor\u00eb q\u00eb do t\u00eb shkojn\u00eb n\u00eb televotim kund\u00ebr nj\u00ebri-tjetrit dhe nj\u00ebri prej tyre do t\u00eb largohet p\u00ebrfundimisht nga Big Brother t\u00eb mart\u00ebn. Kush jan\u00eb dy banor\u00ebt q\u00eb zgjedh ti?<\/p>\n\n\n\n<p>Egli: \u201cUn\u00eb prej disa koh\u00ebsh mund t\u00eb kem pasur ato konkluzionet e mia p\u00ebr disa banor\u00eb k\u00ebtu. Sidoqoft\u00eb, nuk do t\u00eb zgjedh t\u00eb shkoj me gjaknxeht\u00ebsi p\u00ebr debatet e m\u00ebdha, por p\u00ebr di\u00e7ka q\u00eb m\u00eb ka shoq\u00ebruar jo vet\u00ebm dit\u00ebt e fundit por p\u00ebrgjat\u00eb gjith\u00eb rrug\u00ebtimit tim nisur q\u00eb nga dita e par\u00eb ose e dyt\u00eb n\u00eb sht\u00ebpi. Nj\u00eb marr\u00ebdh\u00ebnie, t\u00eb cil\u00ebs un\u00eb me shum\u00eb intelekt, simpati dhe dashamir\u00ebsi kam zgjedhur t\u00eb mos i jap z\u00eb, por \u00ebsht\u00eb nj\u00eb raport q\u00eb mua vazhdon dhe m\u00eb p\u00ebrndjek dhe nuk e di ku q\u00ebndroj jasht\u00eb. A \u00ebsht\u00eb v\u00ebrtet\u00eb intuita ime apo p\u00ebr efekt kamere?<\/p>\n\n\n\n<p>Sht\u00ebpia \u00ebsht\u00eb ndar\u00eb n\u00eb dy pjes\u00eb: nj\u00ebra thot\u00eb rri e qet\u00eb sepse ke qen\u00eb shum\u00eb n\u00eb rregull me at\u00eb q\u00eb ke th\u00ebn\u00eb, nd\u00ebrsa tjetra m\u00eb shikon si vajz\u00ebn pazem\u00ebr q\u00eb nuk vler\u00ebson nj\u00eb djal\u00eb t\u00eb mir\u00eb, nd\u00ebrkoh\u00eb q\u00eb nuk \u00ebsht\u00eb kjo sepse un\u00eb kam ecur me at\u00eb q\u00eb ndjej dhe jo t\u00eb p\u00ebrdor gj\u00ebra p\u00ebr loj\u00eb pavar\u00ebsisht se m\u00eb \u00ebsht\u00eb dh\u00ebn\u00eb mund\u00ebsia q\u00eb n\u00eb fillim. Un\u00eb dua q\u00eb n\u00eb k\u00ebt\u00eb moment t\u00eb lejoj publikun t\u00eb vendos duke \u00e7uar n\u00eb nominim veten time dhe Xumin\u201d.<\/p>\n\n\n\n<p>Pak m\u00eb von\u00eb Xumi hapi zemr\u00ebn tek Gjesti, duke th\u00ebn\u00eb se \u00e7mimin do q\u00eb ta fitoj p\u00ebr t\u00eb paguar kurimin e mamas\u00eb s\u00eb tij, e cila \u00ebsht\u00eb me kancer.<\/p>\n\n\n\n<p>Nga kjo deklarat\u00eb e tij, Egli \u00ebsht\u00eb ndjer\u00eb keq, ku n\u00eb nj\u00eb bised\u00eb me Valbon\u00ebn ajo shprehu se dhe babai i saj vuan nga e nj\u00ebjta s\u00ebmundje, por sipas saj nuk ka pse ta p\u00ebrmendi si gj\u00eb brenda sht\u00ebpis\u00eb.<\/p>\n","protected":false},"excerpt":{"rendered":"<p>Banorja e \u201cBig Brother Vip\u201d, Egli Tako,&nbsp; ka qen\u00eb e p\u00ebrzgjedhur p\u00ebr hapjen e kutis\u00eb s\u00eb `Pandor\u00ebs`, q\u00eb si gjithmon\u00eb krahas avantazhit ka dhe nj\u00eb \u201cdisavantazh\u201d. Me hapjen e kutis\u00eb, Egli p\u00ebrfitoi nj\u00eb udh\u00ebtim \u00e7ift n\u00eb brigjet jugore t\u00eb Turqis\u00eb. E entuziazmuar, banorja tha se do t\u00eb shkonte t\u2019i shijonte k\u00ebto pushime tep\u00ebr t\u00eb nevojshme [&hellip;]<\/p>\n","protected":false},"author":2,"featured_media":54212,"comment_status":"open","ping_status":"open","sticky":false,"template":"","format":"standard","meta":{"footnotes":""},"categories":[33],"tags":[],"class_list":{"0":"post-54213","1":"post","2":"type-post","3":"status-publish","4":"format-standard","5":"has-post-thumbnail","7":"category-showbiz"},"yoast_head":"<!-- This site is optimized with the Yoast SEO plugin v27.4 - https:\/\/yoast.com\/product\/yoast-seo-wordpress\/ -->\n<title>Kam mamin me s\u00ebmundje t\u00eb r\u00ebnd\u00eb\/ Pas Xumit flet dhe Egli: Un\u00eb kam babin - blogin.al<\/title>\n<meta name=\"robots\" content=\"index, follow, max-snippet:-1, max-image-preview:large, max-video-preview:-1\" \/>\n<link rel=\"canonical\" href=\"https:\/\/blogin.al\/?p=54213\" \/>\n<meta property=\"og:locale\" content=\"en_US\" \/>\n<meta property=\"og:type\" content=\"article\" \/>\n<meta property=\"og:title\" content=\"Kam mamin me s\u00ebmundje t\u00eb r\u00ebnd\u00eb\/ Pas Xumit flet dhe Egli: Un\u00eb kam babin - blogin.al\" \/>\n<meta property=\"og:description\" content=\"Banorja e \u201cBig Brother Vip\u201d, Egli Tako,&nbsp; ka qen\u00eb e p\u00ebrzgjedhur p\u00ebr hapjen e kutis\u00eb s\u00eb `Pandor\u00ebs`, q\u00eb si gjithmon\u00eb krahas avantazhit ka dhe nj\u00eb \u201cdisavantazh\u201d. Me hapjen e kutis\u00eb, Egli p\u00ebrfitoi nj\u00eb udh\u00ebtim \u00e7ift n\u00eb brigjet jugore t\u00eb Turqis\u00eb. E entuziazmuar, banorja tha se do t\u00eb shkonte t\u2019i shijonte k\u00ebto pushime tep\u00ebr t\u00eb nevojshme [&hellip;]\" \/>\n<meta property=\"og:url\" content=\"https:\/\/blogin.al\/?p=54213\" \/>\n<meta property=\"og:site_name\" content=\"blogin.al\" \/>\n<meta property=\"article:published_time\" content=\"2025-01-20T09:39:03+00:00\" \/>\n<meta property=\"og:image\" content=\"https:\/\/blogin.al\/wp-content\/uploads\/2025\/01\/xumi-egli-1-2.jpg\" \/>\n\t<meta property=\"og:image:width\" content=\"899\" \/>\n\t<meta property=\"og:image:height\" content=\"493\" \/>\n\t<meta property=\"og:image:type\" content=\"image\/jpeg\" \/>\n<meta name=\"author\" content=\"Blogin al\" \/>\n<meta name=\"twitter:card\" content=\"summary_large_image\" \/>\n<meta name=\"twitter:label1\" content=\"Written by\" \/>\n\t<meta name=\"twitter:data1\" content=\"Blogin al\" \/>\n\t<meta name=\"twitter:label2\" content=\"Est. reading time\" \/>\n\t<meta name=\"twitter:data2\" content=\"4 minutes\" \/>\n<script type=\"application\/ld+json\" class=\"yoast-schema-graph\">{\"@context\":\"https:\\\/\\\/schema.org\",\"@graph\":[{\"@type\":\"Article\",\"@id\":\"https:\\\/\\\/blogin.al\\\/?p=54213#article\",\"isPartOf\":{\"@id\":\"https:\\\/\\\/blogin.al\\\/?p=54213\"},\"author\":{\"name\":\"Blogin al\",\"@id\":\"https:\\\/\\\/blogin.al\\\/#\\\/schema\\\/person\\\/abdd56bc912cd511db877b852b115399\"},\"headline\":\"Kam mamin me s\u00ebmundje t\u00eb r\u00ebnd\u00eb\\\/ Pas Xumit flet dhe Egli: Un\u00eb kam babin\",\"datePublished\":\"2025-01-20T09:39:03+00:00\",\"mainEntityOfPage\":{\"@id\":\"https:\\\/\\\/blogin.al\\\/?p=54213\"},\"wordCount\":740,\"commentCount\":0,\"publisher\":{\"@id\":\"https:\\\/\\\/blogin.al\\\/#organization\"},\"image\":{\"@id\":\"https:\\\/\\\/blogin.al\\\/?p=54213#primaryimage\"},\"thumbnailUrl\":\"https:\\\/\\\/blogin.al\\\/wp-content\\\/uploads\\\/2025\\\/01\\\/xumi-egli-1-2.jpg\",\"articleSection\":[\"SHOWBIZ\"],\"inLanguage\":\"en-US\",\"potentialAction\":[{\"@type\":\"CommentAction\",\"name\":\"Comment\",\"target\":[\"https:\\\/\\\/blogin.al\\\/?p=54213#respond\"]}]},{\"@type\":\"WebPage\",\"@id\":\"https:\\\/\\\/blogin.al\\\/?p=54213\",\"url\":\"https:\\\/\\\/blogin.al\\\/?p=54213\",\"name\":\"Kam mamin me s\u00ebmundje t\u00eb r\u00ebnd\u00eb\\\/ Pas Xumit flet dhe Egli: Un\u00eb kam babin - blogin.al\",\"isPartOf\":{\"@id\":\"https:\\\/\\\/blogin.al\\\/#website\"},\"primaryImageOfPage\":{\"@id\":\"https:\\\/\\\/blogin.al\\\/?p=54213#primaryimage\"},\"image\":{\"@id\":\"https:\\\/\\\/blogin.al\\\/?p=54213#primaryimage\"},\"thumbnailUrl\":\"https:\\\/\\\/blogin.al\\\/wp-content\\\/uploads\\\/2025\\\/01\\\/xumi-egli-1-2.jpg\",\"datePublished\":\"2025-01-20T09:39:03+00:00\",\"breadcrumb\":{\"@id\":\"https:\\\/\\\/blogin.al\\\/?p=54213#breadcrumb\"},\"inLanguage\":\"en-US\",\"potentialAction\":[{\"@type\":\"ReadAction\",\"target\":[\"https:\\\/\\\/blogin.al\\\/?p=54213\"]}]},{\"@type\":\"ImageObject\",\"inLanguage\":\"en-US\",\"@id\":\"https:\\\/\\\/blogin.al\\\/?p=54213#primaryimage\",\"url\":\"https:\\\/\\\/blogin.al\\\/wp-content\\\/uploads\\\/2025\\\/01\\\/xumi-egli-1-2.jpg\",\"contentUrl\":\"https:\\\/\\\/blogin.al\\\/wp-content\\\/uploads\\\/2025\\\/01\\\/xumi-egli-1-2.jpg\",\"width\":899,\"height\":493},{\"@type\":\"BreadcrumbList\",\"@id\":\"https:\\\/\\\/blogin.al\\\/?p=54213#breadcrumb\",\"itemListElement\":[{\"@type\":\"ListItem\",\"position\":1,\"name\":\"Home\",\"item\":\"https:\\\/\\\/blogin.al\\\/\"},{\"@type\":\"ListItem\",\"position\":2,\"name\":\"Kam mamin me s\u00ebmundje t\u00eb r\u00ebnd\u00eb\\\/ Pas Xumit flet dhe Egli: Un\u00eb kam babin\"}]},{\"@type\":\"WebSite\",\"@id\":\"https:\\\/\\\/blogin.al\\\/#website\",\"url\":\"https:\\\/\\\/blogin.al\\\/\",\"name\":\"blogin.al\",\"description\":\"\",\"publisher\":{\"@id\":\"https:\\\/\\\/blogin.al\\\/#organization\"},\"potentialAction\":[{\"@type\":\"SearchAction\",\"target\":{\"@type\":\"EntryPoint\",\"urlTemplate\":\"https:\\\/\\\/blogin.al\\\/?s={search_term_string}\"},\"query-input\":{\"@type\":\"PropertyValueSpecification\",\"valueRequired\":true,\"valueName\":\"search_term_string\"}}],\"inLanguage\":\"en-US\"},{\"@type\":\"Organization\",\"@id\":\"https:\\\/\\\/blogin.al\\\/#organization\",\"name\":\"BLOGIN.al\",\"url\":\"https:\\\/\\\/blogin.al\\\/\",\"logo\":{\"@type\":\"ImageObject\",\"inLanguage\":\"en-US\",\"@id\":\"https:\\\/\\\/blogin.al\\\/#\\\/schema\\\/logo\\\/image\\\/\",\"url\":\"https:\\\/\\\/blogin.al\\\/wp-content\\\/uploads\\\/2022\\\/05\\\/Untitled-2-01-e1652084456514.png\",\"contentUrl\":\"https:\\\/\\\/blogin.al\\\/wp-content\\\/uploads\\\/2022\\\/05\\\/Untitled-2-01-e1652084456514.png\",\"width\":3723,\"height\":1698,\"caption\":\"BLOGIN.al\"},\"image\":{\"@id\":\"https:\\\/\\\/blogin.al\\\/#\\\/schema\\\/logo\\\/image\\\/\"},\"sameAs\":[\"https:\\\/\\\/instagram.com\\\/blogin.al\\\/\"]},{\"@type\":\"Person\",\"@id\":\"https:\\\/\\\/blogin.al\\\/#\\\/schema\\\/person\\\/abdd56bc912cd511db877b852b115399\",\"name\":\"Blogin al\",\"image\":{\"@type\":\"ImageObject\",\"inLanguage\":\"en-US\",\"@id\":\"https:\\\/\\\/secure.gravatar.com\\\/avatar\\\/60d5661aee6e835fb13dc75d2204cd0c1d61bef2efd137c0083e59ef831e235e?s=96&d=mm&r=g\",\"url\":\"https:\\\/\\\/secure.gravatar.com\\\/avatar\\\/60d5661aee6e835fb13dc75d2204cd0c1d61bef2efd137c0083e59ef831e235e?s=96&d=mm&r=g\",\"contentUrl\":\"https:\\\/\\\/secure.gravatar.com\\\/avatar\\\/60d5661aee6e835fb13dc75d2204cd0c1d61bef2efd137c0083e59ef831e235e?s=96&d=mm&r=g\",\"caption\":\"Blogin al\"},\"sameAs\":[\"https:\\\/\\\/blogin.al\"],\"url\":\"https:\\\/\\\/blogin.al\\\/?author=2\"}]}<\/script>\n<!-- \/ Yoast SEO plugin. -->","yoast_head_json":{"title":"Kam mamin me s\u00ebmundje t\u00eb r\u00ebnd\u00eb\/ Pas Xumit flet dhe Egli: Un\u00eb kam babin - blogin.al","robots":{"index":"index","follow":"follow","max-snippet":"max-snippet:-1","max-image-preview":"max-image-preview:large","max-video-preview":"max-video-preview:-1"},"canonical":"https:\/\/blogin.al\/?p=54213","og_locale":"en_US","og_type":"article","og_title":"Kam mamin me s\u00ebmundje t\u00eb r\u00ebnd\u00eb\/ Pas Xumit flet dhe Egli: Un\u00eb kam babin - blogin.al","og_description":"Banorja e \u201cBig Brother Vip\u201d, Egli Tako,&nbsp; ka qen\u00eb e p\u00ebrzgjedhur p\u00ebr hapjen e kutis\u00eb s\u00eb `Pandor\u00ebs`, q\u00eb si gjithmon\u00eb krahas avantazhit ka dhe nj\u00eb \u201cdisavantazh\u201d. Me hapjen e kutis\u00eb, Egli p\u00ebrfitoi nj\u00eb udh\u00ebtim \u00e7ift n\u00eb brigjet jugore t\u00eb Turqis\u00eb. E entuziazmuar, banorja tha se do t\u00eb shkonte t\u2019i shijonte k\u00ebto pushime tep\u00ebr t\u00eb nevojshme [&hellip;]","og_url":"https:\/\/blogin.al\/?p=54213","og_site_name":"blogin.al","article_published_time":"2025-01-20T09:39:03+00:00","og_image":[{"width":899,"height":493,"url":"https:\/\/blogin.al\/wp-content\/uploads\/2025\/01\/xumi-egli-1-2.jpg","type":"image\/jpeg"}],"author":"Blogin al","twitter_card":"summary_large_image","twitter_misc":{"Written by":"Blogin al","Est. reading time":"4 minutes"},"schema":{"@context":"https:\/\/schema.org","@graph":[{"@type":"Article","@id":"https:\/\/blogin.al\/?p=54213#article","isPartOf":{"@id":"https:\/\/blogin.al\/?p=54213"},"author":{"name":"Blogin al","@id":"https:\/\/blogin.al\/#\/schema\/person\/abdd56bc912cd511db877b852b115399"},"headline":"Kam mamin me s\u00ebmundje t\u00eb r\u00ebnd\u00eb\/ Pas Xumit flet dhe Egli: Un\u00eb kam babin","datePublished":"2025-01-20T09:39:03+00:00","mainEntityOfPage":{"@id":"https:\/\/blogin.al\/?p=54213"},"wordCount":740,"commentCount":0,"publisher":{"@id":"https:\/\/blogin.al\/#organization"},"image":{"@id":"https:\/\/blogin.al\/?p=54213#primaryimage"},"thumbnailUrl":"https:\/\/blogin.al\/wp-content\/uploads\/2025\/01\/xumi-egli-1-2.jpg","articleSection":["SHOWBIZ"],"inLanguage":"en-US","potentialAction":[{"@type":"CommentAction","name":"Comment","target":["https:\/\/blogin.al\/?p=54213#respond"]}]},{"@type":"WebPage","@id":"https:\/\/blogin.al\/?p=54213","url":"https:\/\/blogin.al\/?p=54213","name":"Kam mamin me s\u00ebmundje t\u00eb r\u00ebnd\u00eb\/ Pas Xumit flet dhe Egli: Un\u00eb kam babin - blogin.al","isPartOf":{"@id":"https:\/\/blogin.al\/#website"},"primaryImageOfPage":{"@id":"https:\/\/blogin.al\/?p=54213#primaryimage"},"image":{"@id":"https:\/\/blogin.al\/?p=54213#primaryimage"},"thumbnailUrl":"https:\/\/blogin.al\/wp-content\/uploads\/2025\/01\/xumi-egli-1-2.jpg","datePublished":"2025-01-20T09:39:03+00:00","breadcrumb":{"@id":"https:\/\/blogin.al\/?p=54213#breadcrumb"},"inLanguage":"en-US","potentialAction":[{"@type":"ReadAction","target":["https:\/\/blogin.al\/?p=54213"]}]},{"@type":"ImageObject","inLanguage":"en-US","@id":"https:\/\/blogin.al\/?p=54213#primaryimage","url":"https:\/\/blogin.al\/wp-content\/uploads\/2025\/01\/xumi-egli-1-2.jpg","contentUrl":"https:\/\/blogin.al\/wp-content\/uploads\/2025\/01\/xumi-egli-1-2.jpg","width":899,"height":493},{"@type":"BreadcrumbList","@id":"https:\/\/blogin.al\/?p=54213#breadcrumb","itemListElement":[{"@type":"ListItem","position":1,"name":"Home","item":"https:\/\/blogin.al\/"},{"@type":"ListItem","position":2,"name":"Kam mamin me s\u00ebmundje t\u00eb r\u00ebnd\u00eb\/ Pas Xumit flet dhe Egli: Un\u00eb kam babin"}]},{"@type":"WebSite","@id":"https:\/\/blogin.al\/#website","url":"https:\/\/blogin.al\/","name":"blogin.al","description":"","publisher":{"@id":"https:\/\/blogin.al\/#organization"},"potentialAction":[{"@type":"SearchAction","target":{"@type":"EntryPoint","urlTemplate":"https:\/\/blogin.al\/?s={search_term_string}"},"query-input":{"@type":"PropertyValueSpecification","valueRequired":true,"valueName":"search_term_string"}}],"inLanguage":"en-US"},{"@type":"Organization","@id":"https:\/\/blogin.al\/#organization","name":"BLOGIN.al","url":"https:\/\/blogin.al\/","logo":{"@type":"ImageObject","inLanguage":"en-US","@id":"https:\/\/blogin.al\/#\/schema\/logo\/image\/","url":"https:\/\/blogin.al\/wp-content\/uploads\/2022\/05\/Untitled-2-01-e1652084456514.png","contentUrl":"https:\/\/blogin.al\/wp-content\/uploads\/2022\/05\/Untitled-2-01-e1652084456514.png","width":3723,"height":1698,"caption":"BLOGIN.al"},"image":{"@id":"https:\/\/blogin.al\/#\/schema\/logo\/image\/"},"sameAs":["https:\/\/instagram.com\/blogin.al\/"]},{"@type":"Person","@id":"https:\/\/blogin.al\/#\/schema\/person\/abdd56bc912cd511db877b852b115399","name":"Blogin al","image":{"@type":"ImageObject","inLanguage":"en-US","@id":"https:\/\/secure.gravatar.com\/avatar\/60d5661aee6e835fb13dc75d2204cd0c1d61bef2efd137c0083e59ef831e235e?s=96&d=mm&r=g","url":"https:\/\/secure.gravatar.com\/avatar\/60d5661aee6e835fb13dc75d2204cd0c1d61bef2efd137c0083e59ef831e235e?s=96&d=mm&r=g","contentUrl":"https:\/\/secure.gravatar.com\/avatar\/60d5661aee6e835fb13dc75d2204cd0c1d61bef2efd137c0083e59ef831e235e?s=96&d=mm&r=g","caption":"Blogin al"},"sameAs":["https:\/\/blogin.al"],"url":"https:\/\/blogin.al\/?author=2"}]}},"_links":{"self":[{"href":"https:\/\/blogin.al\/index.php?rest_route=\/wp\/v2\/posts\/54213","targetHints":{"allow":["GET"]}}],"collection":[{"href":"https:\/\/blogin.al\/index.php?rest_route=\/wp\/v2\/posts"}],"about":[{"href":"https:\/\/blogin.al\/index.php?rest_route=\/wp\/v2\/types\/post"}],"author":[{"embeddable":true,"href":"https:\/\/blogin.al\/index.php?rest_route=\/wp\/v2\/users\/2"}],"replies":[{"embeddable":true,"href":"https:\/\/blogin.al\/index.php?rest_route=%2Fwp%2Fv2%2Fcomments&post=54213"}],"version-history":[{"count":0,"href":"https:\/\/blogin.al\/index.php?rest_route=\/wp\/v2\/posts\/54213\/revisions"}],"wp:featuredmedia":[{"embeddable":true,"href":"https:\/\/blogin.al\/index.php?rest_route=\/wp\/v2\/media\/54212"}],"wp:attachment":[{"href":"https:\/\/blogin.al\/index.php?rest_route=%2Fwp%2Fv2%2Fmedia&parent=54213"}],"wp:term":[{"taxonomy":"category","embeddable":true,"href":"https:\/\/blogin.al\/index.php?rest_route=%2Fwp%2Fv2%2Fcategories&post=54213"},{"taxonomy":"post_tag","embeddable":true,"href":"https:\/\/blogin.al\/index.php?rest_route=%2Fwp%2Fv2%2Ftags&post=54213"}],"curies":[{"name":"wp","href":"https:\/\/api.w.org\/{rel}","templated":true}]}}