{"id":54227,"date":"2025-01-20T10:42:27","date_gmt":"2025-01-20T10:42:27","guid":{"rendered":"https:\/\/blogin.al\/debati-gerta-rozana-flet-motra-e-rozanes\/"},"modified":"2025-01-20T10:42:27","modified_gmt":"2025-01-20T10:42:27","slug":"debati-gerta-rozana-flet-motra-e-rozanes","status":"publish","type":"post","link":"https:\/\/blogin.al\/?p=54227","title":{"rendered":"Debati Gerta-Rozana, flet motra e Rozan\u00ebs!"},"content":{"rendered":"\n<p class=\"post-category background-showbiz category-showbiz\">Andeta Radit, motra e Rozan\u00ebs ka komentuar debatin e motr\u00ebs s\u00eb saj me Gerta Gixharin n\u00eb Fan Club, ku kjo e fundit i p\u00ebrmendi faktin se k\u00ebng\u00ebtarja nuk \u00ebsht\u00eb n\u00ebn\u00eb, ndryshe nga Gerta.<\/p>\n\n\n\n<p>Sipas Andet\u00ebs, me shprehjen \u201cun\u00eb kam at\u00eb q\u00eb s\u2019e ke ti\u201d, Gerta ka l\u00ebnduar Rozan\u00ebn, q\u00eb prej vitesh \u00ebsht\u00eb p\u00ebrpjekur t\u00eb sjell\u00eb n\u00eb jet\u00eb nj\u00eb f\u00ebmij\u00eb.<\/p>\n\n\n\n<p>&#8220;Historia e Rozit \u00ebsht\u00eb disa vje\u00e7are, un\u00eb nuk dua ta tregoj k\u00ebtu se do thoni viktimizohet familjarisht. U hap n\u00eb m\u00ebnyr\u00ebn m\u00eb t\u00eb keqe t\u00eb mundshme dhe u diskutua n\u00eb nj\u00eb m\u00ebnyr\u00eb q\u00eb nuk do t\u00eb doja t\u00eb diskutohej. N\u00ebse me Jozin ishte di\u00e7ka e th\u00ebn\u00eb, p\u00ebr t\u00eb cil\u00ebn Rozi s\u2019ka pse reagon keq se nuk preket, me Gert\u00ebn, ka pas nj\u00eb histori disa vje\u00e7are q\u00eb e ka kaluar mbi shpatulla\u201d, \u2013 tha motra e Rozan\u00ebs.<\/p>\n\n\n\n<p>Ronaldo: Nuk besoj se ka Gert\u00eb apo grua tjet\u00ebr q\u00eb nuk d\u00ebshiron q\u00eb nj\u00eb grua t\u00eb p\u00ebrjetoj\u00eb emocionin e m\u00ebm\u00ebsis\u00eb. Un\u00eb mendoj se \u00ebsht\u00eb m\u00eb e r\u00ebnd\u00eb ajo q\u00eb Jozi i tha Rozan\u00ebs, se sa ajo q\u00eb Gerta i tha Rozan\u00ebs, madje e b\u00ebri nip\u00e7e. E ke ti nip\u00e7e<\/p>\n\n\n\n<p>Andeta: Ajo tha un\u00eb nuk mendoj p\u00ebr k\u00ebtu, por mendoj p\u00ebr njer\u00ebzit q\u00eb ndodhen jasht\u00eb. Nd\u00ebrsa, sa i p\u00ebrket Gert\u00ebs, \u00ebsht\u00eb nj\u00eb dram\u00eb e saj q\u00eb e l\u00ebndon drejtp\u00ebrdrejt. Nip\u00e7e nuk konsideroj ask\u00ebnd. Njer\u00ebz q\u00eb Rozi mendon t\u2019i fal\u00eb, e di ajo k\u00eb t\u00eb fal\u00eb.<\/p>\n\n\n\n<p>Ronaldo: T\u00eb dyja vajzat kan\u00eb gabuar n\u00eb k\u00ebt\u00eb histori. Rozana provokoi, pastaj pse duhet t\u00eb ken\u00eb edukat\u00eb vet\u00ebm ato q\u00eb kan\u00eb f\u00ebmij\u00eb.<\/p>\n","protected":false},"excerpt":{"rendered":"<p>Andeta Radit, motra e Rozan\u00ebs ka komentuar debatin e motr\u00ebs s\u00eb saj me Gerta Gixharin n\u00eb Fan Club, ku kjo e fundit i p\u00ebrmendi faktin se k\u00ebng\u00ebtarja nuk \u00ebsht\u00eb n\u00ebn\u00eb, ndryshe nga Gerta. Sipas Andet\u00ebs, me shprehjen \u201cun\u00eb kam at\u00eb q\u00eb s\u2019e ke ti\u201d, Gerta ka l\u00ebnduar Rozan\u00ebn, q\u00eb prej vitesh \u00ebsht\u00eb p\u00ebrpjekur t\u00eb sjell\u00eb [&hellip;]<\/p>\n","protected":false},"author":2,"featured_media":54132,"comment_status":"open","ping_status":"open","sticky":false,"template":"","format":"standard","meta":{"footnotes":""},"categories":[33],"tags":[],"class_list":{"0":"post-54227","1":"post","2":"type-post","3":"status-publish","4":"format-standard","5":"has-post-thumbnail","7":"category-showbiz"},"yoast_head":"<!-- This site is optimized with the Yoast SEO plugin v27.4 - https:\/\/yoast.com\/product\/yoast-seo-wordpress\/ -->\n<title>Debati Gerta-Rozana, flet motra e Rozan\u00ebs! - blogin.al<\/title>\n<meta name=\"robots\" content=\"index, follow, max-snippet:-1, max-image-preview:large, max-video-preview:-1\" \/>\n<link rel=\"canonical\" href=\"https:\/\/blogin.al\/?p=54227\" \/>\n<meta property=\"og:locale\" content=\"en_US\" \/>\n<meta property=\"og:type\" content=\"article\" \/>\n<meta property=\"og:title\" content=\"Debati Gerta-Rozana, flet motra e Rozan\u00ebs! - blogin.al\" \/>\n<meta property=\"og:description\" content=\"Andeta Radit, motra e Rozan\u00ebs ka komentuar debatin e motr\u00ebs s\u00eb saj me Gerta Gixharin n\u00eb Fan Club, ku kjo e fundit i p\u00ebrmendi faktin se k\u00ebng\u00ebtarja nuk \u00ebsht\u00eb n\u00ebn\u00eb, ndryshe nga Gerta. Sipas Andet\u00ebs, me shprehjen \u201cun\u00eb kam at\u00eb q\u00eb s\u2019e ke ti\u201d, Gerta ka l\u00ebnduar Rozan\u00ebn, q\u00eb prej vitesh \u00ebsht\u00eb p\u00ebrpjekur t\u00eb sjell\u00eb [&hellip;]\" \/>\n<meta property=\"og:url\" content=\"https:\/\/blogin.al\/?p=54227\" \/>\n<meta property=\"og:site_name\" content=\"blogin.al\" \/>\n<meta property=\"article:published_time\" content=\"2025-01-20T10:42:27+00:00\" \/>\n<meta property=\"og:image\" content=\"https:\/\/blogin.al\/wp-content\/uploads\/2025\/01\/SYE3f2kz-photo-output-1280x720-1.jpeg\" \/>\n\t<meta property=\"og:image:width\" content=\"1280\" \/>\n\t<meta property=\"og:image:height\" content=\"720\" \/>\n\t<meta property=\"og:image:type\" content=\"image\/jpeg\" \/>\n<meta name=\"author\" content=\"Blogin al\" \/>\n<meta name=\"twitter:card\" content=\"summary_large_image\" \/>\n<meta name=\"twitter:label1\" content=\"Written by\" \/>\n\t<meta name=\"twitter:data1\" content=\"Blogin al\" \/>\n\t<meta name=\"twitter:label2\" content=\"Est. reading time\" \/>\n\t<meta name=\"twitter:data2\" content=\"2 minutes\" \/>\n<script type=\"application\/ld+json\" class=\"yoast-schema-graph\">{\"@context\":\"https:\\\/\\\/schema.org\",\"@graph\":[{\"@type\":\"Article\",\"@id\":\"https:\\\/\\\/blogin.al\\\/?p=54227#article\",\"isPartOf\":{\"@id\":\"https:\\\/\\\/blogin.al\\\/?p=54227\"},\"author\":{\"name\":\"Blogin al\",\"@id\":\"https:\\\/\\\/blogin.al\\\/#\\\/schema\\\/person\\\/abdd56bc912cd511db877b852b115399\"},\"headline\":\"Debati Gerta-Rozana, flet motra e Rozan\u00ebs!\",\"datePublished\":\"2025-01-20T10:42:27+00:00\",\"mainEntityOfPage\":{\"@id\":\"https:\\\/\\\/blogin.al\\\/?p=54227\"},\"wordCount\":310,\"commentCount\":0,\"publisher\":{\"@id\":\"https:\\\/\\\/blogin.al\\\/#organization\"},\"image\":{\"@id\":\"https:\\\/\\\/blogin.al\\\/?p=54227#primaryimage\"},\"thumbnailUrl\":\"https:\\\/\\\/blogin.al\\\/wp-content\\\/uploads\\\/2025\\\/01\\\/SYE3f2kz-photo-output-1280x720-1.jpeg\",\"articleSection\":[\"SHOWBIZ\"],\"inLanguage\":\"en-US\",\"potentialAction\":[{\"@type\":\"CommentAction\",\"name\":\"Comment\",\"target\":[\"https:\\\/\\\/blogin.al\\\/?p=54227#respond\"]}]},{\"@type\":\"WebPage\",\"@id\":\"https:\\\/\\\/blogin.al\\\/?p=54227\",\"url\":\"https:\\\/\\\/blogin.al\\\/?p=54227\",\"name\":\"Debati Gerta-Rozana, flet motra e Rozan\u00ebs! - blogin.al\",\"isPartOf\":{\"@id\":\"https:\\\/\\\/blogin.al\\\/#website\"},\"primaryImageOfPage\":{\"@id\":\"https:\\\/\\\/blogin.al\\\/?p=54227#primaryimage\"},\"image\":{\"@id\":\"https:\\\/\\\/blogin.al\\\/?p=54227#primaryimage\"},\"thumbnailUrl\":\"https:\\\/\\\/blogin.al\\\/wp-content\\\/uploads\\\/2025\\\/01\\\/SYE3f2kz-photo-output-1280x720-1.jpeg\",\"datePublished\":\"2025-01-20T10:42:27+00:00\",\"breadcrumb\":{\"@id\":\"https:\\\/\\\/blogin.al\\\/?p=54227#breadcrumb\"},\"inLanguage\":\"en-US\",\"potentialAction\":[{\"@type\":\"ReadAction\",\"target\":[\"https:\\\/\\\/blogin.al\\\/?p=54227\"]}]},{\"@type\":\"ImageObject\",\"inLanguage\":\"en-US\",\"@id\":\"https:\\\/\\\/blogin.al\\\/?p=54227#primaryimage\",\"url\":\"https:\\\/\\\/blogin.al\\\/wp-content\\\/uploads\\\/2025\\\/01\\\/SYE3f2kz-photo-output-1280x720-1.jpeg\",\"contentUrl\":\"https:\\\/\\\/blogin.al\\\/wp-content\\\/uploads\\\/2025\\\/01\\\/SYE3f2kz-photo-output-1280x720-1.jpeg\",\"width\":1280,\"height\":720},{\"@type\":\"BreadcrumbList\",\"@id\":\"https:\\\/\\\/blogin.al\\\/?p=54227#breadcrumb\",\"itemListElement\":[{\"@type\":\"ListItem\",\"position\":1,\"name\":\"Home\",\"item\":\"https:\\\/\\\/blogin.al\\\/\"},{\"@type\":\"ListItem\",\"position\":2,\"name\":\"Debati Gerta-Rozana, flet motra e Rozan\u00ebs!\"}]},{\"@type\":\"WebSite\",\"@id\":\"https:\\\/\\\/blogin.al\\\/#website\",\"url\":\"https:\\\/\\\/blogin.al\\\/\",\"name\":\"blogin.al\",\"description\":\"\",\"publisher\":{\"@id\":\"https:\\\/\\\/blogin.al\\\/#organization\"},\"potentialAction\":[{\"@type\":\"SearchAction\",\"target\":{\"@type\":\"EntryPoint\",\"urlTemplate\":\"https:\\\/\\\/blogin.al\\\/?s={search_term_string}\"},\"query-input\":{\"@type\":\"PropertyValueSpecification\",\"valueRequired\":true,\"valueName\":\"search_term_string\"}}],\"inLanguage\":\"en-US\"},{\"@type\":\"Organization\",\"@id\":\"https:\\\/\\\/blogin.al\\\/#organization\",\"name\":\"BLOGIN.al\",\"url\":\"https:\\\/\\\/blogin.al\\\/\",\"logo\":{\"@type\":\"ImageObject\",\"inLanguage\":\"en-US\",\"@id\":\"https:\\\/\\\/blogin.al\\\/#\\\/schema\\\/logo\\\/image\\\/\",\"url\":\"https:\\\/\\\/blogin.al\\\/wp-content\\\/uploads\\\/2022\\\/05\\\/Untitled-2-01-e1652084456514.png\",\"contentUrl\":\"https:\\\/\\\/blogin.al\\\/wp-content\\\/uploads\\\/2022\\\/05\\\/Untitled-2-01-e1652084456514.png\",\"width\":3723,\"height\":1698,\"caption\":\"BLOGIN.al\"},\"image\":{\"@id\":\"https:\\\/\\\/blogin.al\\\/#\\\/schema\\\/logo\\\/image\\\/\"},\"sameAs\":[\"https:\\\/\\\/instagram.com\\\/blogin.al\\\/\"]},{\"@type\":\"Person\",\"@id\":\"https:\\\/\\\/blogin.al\\\/#\\\/schema\\\/person\\\/abdd56bc912cd511db877b852b115399\",\"name\":\"Blogin al\",\"image\":{\"@type\":\"ImageObject\",\"inLanguage\":\"en-US\",\"@id\":\"https:\\\/\\\/secure.gravatar.com\\\/avatar\\\/60d5661aee6e835fb13dc75d2204cd0c1d61bef2efd137c0083e59ef831e235e?s=96&d=mm&r=g\",\"url\":\"https:\\\/\\\/secure.gravatar.com\\\/avatar\\\/60d5661aee6e835fb13dc75d2204cd0c1d61bef2efd137c0083e59ef831e235e?s=96&d=mm&r=g\",\"contentUrl\":\"https:\\\/\\\/secure.gravatar.com\\\/avatar\\\/60d5661aee6e835fb13dc75d2204cd0c1d61bef2efd137c0083e59ef831e235e?s=96&d=mm&r=g\",\"caption\":\"Blogin al\"},\"sameAs\":[\"https:\\\/\\\/blogin.al\"],\"url\":\"https:\\\/\\\/blogin.al\\\/?author=2\"}]}<\/script>\n<!-- \/ Yoast SEO plugin. -->","yoast_head_json":{"title":"Debati Gerta-Rozana, flet motra e Rozan\u00ebs! - blogin.al","robots":{"index":"index","follow":"follow","max-snippet":"max-snippet:-1","max-image-preview":"max-image-preview:large","max-video-preview":"max-video-preview:-1"},"canonical":"https:\/\/blogin.al\/?p=54227","og_locale":"en_US","og_type":"article","og_title":"Debati Gerta-Rozana, flet motra e Rozan\u00ebs! - blogin.al","og_description":"Andeta Radit, motra e Rozan\u00ebs ka komentuar debatin e motr\u00ebs s\u00eb saj me Gerta Gixharin n\u00eb Fan Club, ku kjo e fundit i p\u00ebrmendi faktin se k\u00ebng\u00ebtarja nuk \u00ebsht\u00eb n\u00ebn\u00eb, ndryshe nga Gerta. Sipas Andet\u00ebs, me shprehjen \u201cun\u00eb kam at\u00eb q\u00eb s\u2019e ke ti\u201d, Gerta ka l\u00ebnduar Rozan\u00ebn, q\u00eb prej vitesh \u00ebsht\u00eb p\u00ebrpjekur t\u00eb sjell\u00eb [&hellip;]","og_url":"https:\/\/blogin.al\/?p=54227","og_site_name":"blogin.al","article_published_time":"2025-01-20T10:42:27+00:00","og_image":[{"width":1280,"height":720,"url":"https:\/\/blogin.al\/wp-content\/uploads\/2025\/01\/SYE3f2kz-photo-output-1280x720-1.jpeg","type":"image\/jpeg"}],"author":"Blogin al","twitter_card":"summary_large_image","twitter_misc":{"Written by":"Blogin al","Est. reading time":"2 minutes"},"schema":{"@context":"https:\/\/schema.org","@graph":[{"@type":"Article","@id":"https:\/\/blogin.al\/?p=54227#article","isPartOf":{"@id":"https:\/\/blogin.al\/?p=54227"},"author":{"name":"Blogin al","@id":"https:\/\/blogin.al\/#\/schema\/person\/abdd56bc912cd511db877b852b115399"},"headline":"Debati Gerta-Rozana, flet motra e Rozan\u00ebs!","datePublished":"2025-01-20T10:42:27+00:00","mainEntityOfPage":{"@id":"https:\/\/blogin.al\/?p=54227"},"wordCount":310,"commentCount":0,"publisher":{"@id":"https:\/\/blogin.al\/#organization"},"image":{"@id":"https:\/\/blogin.al\/?p=54227#primaryimage"},"thumbnailUrl":"https:\/\/blogin.al\/wp-content\/uploads\/2025\/01\/SYE3f2kz-photo-output-1280x720-1.jpeg","articleSection":["SHOWBIZ"],"inLanguage":"en-US","potentialAction":[{"@type":"CommentAction","name":"Comment","target":["https:\/\/blogin.al\/?p=54227#respond"]}]},{"@type":"WebPage","@id":"https:\/\/blogin.al\/?p=54227","url":"https:\/\/blogin.al\/?p=54227","name":"Debati Gerta-Rozana, flet motra e Rozan\u00ebs! - blogin.al","isPartOf":{"@id":"https:\/\/blogin.al\/#website"},"primaryImageOfPage":{"@id":"https:\/\/blogin.al\/?p=54227#primaryimage"},"image":{"@id":"https:\/\/blogin.al\/?p=54227#primaryimage"},"thumbnailUrl":"https:\/\/blogin.al\/wp-content\/uploads\/2025\/01\/SYE3f2kz-photo-output-1280x720-1.jpeg","datePublished":"2025-01-20T10:42:27+00:00","breadcrumb":{"@id":"https:\/\/blogin.al\/?p=54227#breadcrumb"},"inLanguage":"en-US","potentialAction":[{"@type":"ReadAction","target":["https:\/\/blogin.al\/?p=54227"]}]},{"@type":"ImageObject","inLanguage":"en-US","@id":"https:\/\/blogin.al\/?p=54227#primaryimage","url":"https:\/\/blogin.al\/wp-content\/uploads\/2025\/01\/SYE3f2kz-photo-output-1280x720-1.jpeg","contentUrl":"https:\/\/blogin.al\/wp-content\/uploads\/2025\/01\/SYE3f2kz-photo-output-1280x720-1.jpeg","width":1280,"height":720},{"@type":"BreadcrumbList","@id":"https:\/\/blogin.al\/?p=54227#breadcrumb","itemListElement":[{"@type":"ListItem","position":1,"name":"Home","item":"https:\/\/blogin.al\/"},{"@type":"ListItem","position":2,"name":"Debati Gerta-Rozana, flet motra e Rozan\u00ebs!"}]},{"@type":"WebSite","@id":"https:\/\/blogin.al\/#website","url":"https:\/\/blogin.al\/","name":"blogin.al","description":"","publisher":{"@id":"https:\/\/blogin.al\/#organization"},"potentialAction":[{"@type":"SearchAction","target":{"@type":"EntryPoint","urlTemplate":"https:\/\/blogin.al\/?s={search_term_string}"},"query-input":{"@type":"PropertyValueSpecification","valueRequired":true,"valueName":"search_term_string"}}],"inLanguage":"en-US"},{"@type":"Organization","@id":"https:\/\/blogin.al\/#organization","name":"BLOGIN.al","url":"https:\/\/blogin.al\/","logo":{"@type":"ImageObject","inLanguage":"en-US","@id":"https:\/\/blogin.al\/#\/schema\/logo\/image\/","url":"https:\/\/blogin.al\/wp-content\/uploads\/2022\/05\/Untitled-2-01-e1652084456514.png","contentUrl":"https:\/\/blogin.al\/wp-content\/uploads\/2022\/05\/Untitled-2-01-e1652084456514.png","width":3723,"height":1698,"caption":"BLOGIN.al"},"image":{"@id":"https:\/\/blogin.al\/#\/schema\/logo\/image\/"},"sameAs":["https:\/\/instagram.com\/blogin.al\/"]},{"@type":"Person","@id":"https:\/\/blogin.al\/#\/schema\/person\/abdd56bc912cd511db877b852b115399","name":"Blogin al","image":{"@type":"ImageObject","inLanguage":"en-US","@id":"https:\/\/secure.gravatar.com\/avatar\/60d5661aee6e835fb13dc75d2204cd0c1d61bef2efd137c0083e59ef831e235e?s=96&d=mm&r=g","url":"https:\/\/secure.gravatar.com\/avatar\/60d5661aee6e835fb13dc75d2204cd0c1d61bef2efd137c0083e59ef831e235e?s=96&d=mm&r=g","contentUrl":"https:\/\/secure.gravatar.com\/avatar\/60d5661aee6e835fb13dc75d2204cd0c1d61bef2efd137c0083e59ef831e235e?s=96&d=mm&r=g","caption":"Blogin al"},"sameAs":["https:\/\/blogin.al"],"url":"https:\/\/blogin.al\/?author=2"}]}},"_links":{"self":[{"href":"https:\/\/blogin.al\/index.php?rest_route=\/wp\/v2\/posts\/54227","targetHints":{"allow":["GET"]}}],"collection":[{"href":"https:\/\/blogin.al\/index.php?rest_route=\/wp\/v2\/posts"}],"about":[{"href":"https:\/\/blogin.al\/index.php?rest_route=\/wp\/v2\/types\/post"}],"author":[{"embeddable":true,"href":"https:\/\/blogin.al\/index.php?rest_route=\/wp\/v2\/users\/2"}],"replies":[{"embeddable":true,"href":"https:\/\/blogin.al\/index.php?rest_route=%2Fwp%2Fv2%2Fcomments&post=54227"}],"version-history":[{"count":0,"href":"https:\/\/blogin.al\/index.php?rest_route=\/wp\/v2\/posts\/54227\/revisions"}],"wp:featuredmedia":[{"embeddable":true,"href":"https:\/\/blogin.al\/index.php?rest_route=\/wp\/v2\/media\/54132"}],"wp:attachment":[{"href":"https:\/\/blogin.al\/index.php?rest_route=%2Fwp%2Fv2%2Fmedia&parent=54227"}],"wp:term":[{"taxonomy":"category","embeddable":true,"href":"https:\/\/blogin.al\/index.php?rest_route=%2Fwp%2Fv2%2Fcategories&post=54227"},{"taxonomy":"post_tag","embeddable":true,"href":"https:\/\/blogin.al\/index.php?rest_route=%2Fwp%2Fv2%2Ftags&post=54227"}],"curies":[{"name":"wp","href":"https:\/\/api.w.org\/{rel}","templated":true}]}}