{"id":54231,"date":"2025-01-20T10:56:43","date_gmt":"2025-01-20T10:56:43","guid":{"rendered":"https:\/\/blogin.al\/?p=54231"},"modified":"2025-01-20T11:47:22","modified_gmt":"2025-01-20T11:47:22","slug":"ishte-e-vendosur-te-hakmerrej-ligjerisht-ndaj-g-banit-arsida-ben-veprimin-e-papritur-ndaj-tij","status":"publish","type":"post","link":"https:\/\/blogin.al\/?p=54231","title":{"rendered":"Ishte e vendosur t\u00eb \u2018hakmerrej\u2019 ligj\u00ebrisht ndaj G-Banit, Arsida b\u00ebn veprimin e papritur ndaj tij"},"content":{"rendered":"\n<p>Pas situat\u00ebs s\u00eb krijuar mbr\u00ebmjen e djeshme, ku G Bani u informua gjat\u00eb spektaklit p\u00ebr padin\u00eb e ngritur ndaj tij nga Arsida, kjo e fundit ka vendosur t\u00eb t\u00ebrhiqet nga veprimet ligjore. Arsida shpjegoi publikisht arsyet q\u00eb e shtyn\u00eb drejt k\u00ebtij vendimi dhe tregoi se falja e G Banit dhe premtimi p\u00ebr ndryshim e bind\u00ebn t\u00eb mbyll\u00eb k\u00ebt\u00eb kapitull.<\/p>\n\n\n\n<p>N\u00eb nj\u00eb reagim t\u00eb gjat\u00eb n\u00eb rrjetet sociale, Arsida shkruan:<\/p>\n\n\n\n<p>\u201cHej p\u00ebrsh\u00ebndetje. P\u00ebr t\u00eb mbyllur dhe k\u00ebt\u00eb histori normalisht nuk do procedoj m\u00eb tutje se normalisht kur tha G Bani k\u00ebto jan\u00eb lek\u00ebt e fundit q\u00eb kam, gjithsesi sado inat t\u00eb kesh prap\u00eb m\u00eb vjen keq dhe nuk do t\u00eb doja ta p\u00ebrkeq\u00ebsoja gjendjen e tij edhe pse pavaresisht r\u00ebndeses dhe t\u00eb gjitha gj\u00ebrave por dua ta mbyll me kaq.<\/p>\n\n\n\n<p>Jam e lumtur se hoqa nga krah\u00ebt nj\u00eb pesh\u00eb t\u00eb r\u00ebnd\u00eb q\u00eb kisha. Tani mund t\u00eb them q\u00eb e kam mbyllur Big-un tim dhe t\u00eb vazhdoj m\u00eb tutje. Un\u00eb e kisha d\u00ebgjuar shum\u00eb her\u00eb G Banin q\u00eb k\u00ebrkonte falje dhe p\u00ebr at\u00eb nuk \u00ebsht\u00eb se m\u00eb bindi dhe aq por k\u00ebt\u00eb her\u00eb dua t\u2019i besoj Arbrit q\u00eb thot\u00eb \u00ebsht\u00eb i sinqert\u00eb.<\/p>\n\n\n\n<p>Shpresoj mos t\u00eb p\u00ebrs\u00ebriten sjelljet e tij edhe pse kam dyshimet e mia, gjithsesi normalisht falja vler\u00ebsohet, pranohet dhe shpresoj q\u00eb me k\u00ebt\u00eb histori jam e sigurt q\u00eb ka p\u00ebr t\u2019u hedhur nj\u00eb gur p\u00ebr t\u00eb gjith\u00eb ato q\u00eb shajn\u00eb dhe b\u00ebrtasin dhe ofendojn\u00eb q\u00eb gjithsesi ka nj\u00eb p\u00ebrgjegj\u00ebsi dhe nj\u00eb pesh\u00eb p\u00ebr fjal\u00ebn q\u00eb thuhet edhe ajo \u00e7far\u00eb \u00ebsht\u00eb e trisht\u00eb n\u00eb p\u00ebrgjith\u00ebsi se tani u b\u00eb ky muhabeti m\u00eb i madh se \u00e7\u2019ishte \u00ebsht\u00eb fakti q\u00eb shqiptar\u00ebve nuk u b\u00ebn m\u00eb p\u00ebrshtypje asnj\u00eb gj\u00eb dhe kjo \u00ebsht\u00eb problem dometh\u00ebn\u00eb dukej si gj\u00eb e r\u00ebnd\u00eb t\u00eb merrshe n\u00eb konsiderat\u00eb nj\u00eb ofendim se jo po ne na vran, na presin gj\u00eb q\u00eb p\u00ebr mua nuk \u00ebsht\u00eb normale se k\u00ebtu filloj \u00e7do gj\u00eb. Gjithsesi si\u00e7 ju thash\u00eb un\u00eb e mbarova rrug\u00ebtimin tim e mbarova Big-un tim!<\/p>\n","protected":false},"excerpt":{"rendered":"<p>Pas situat\u00ebs s\u00eb krijuar mbr\u00ebmjen e djeshme, ku G Bani u informua gjat\u00eb spektaklit p\u00ebr padin\u00eb e ngritur ndaj tij nga Arsida, kjo e fundit ka vendosur t\u00eb t\u00ebrhiqet nga veprimet ligjore. Arsida shpjegoi publikisht arsyet q\u00eb e shtyn\u00eb drejt k\u00ebtij vendimi dhe tregoi se falja e G Banit dhe premtimi p\u00ebr ndryshim e bind\u00ebn [&hellip;]<\/p>\n","protected":false},"author":2,"featured_media":54232,"comment_status":"open","ping_status":"open","sticky":false,"template":"","format":"standard","meta":{"footnotes":""},"categories":[33],"tags":[],"class_list":{"0":"post-54231","1":"post","2":"type-post","3":"status-publish","4":"format-standard","5":"has-post-thumbnail","7":"category-showbiz"},"yoast_head":"<!-- This site is optimized with the Yoast SEO plugin v27.4 - https:\/\/yoast.com\/product\/yoast-seo-wordpress\/ -->\n<title>Ishte e vendosur t\u00eb \u2018hakmerrej\u2019 ligj\u00ebrisht ndaj G-Banit, Arsida b\u00ebn veprimin e papritur ndaj tij - blogin.al<\/title>\n<meta name=\"robots\" content=\"index, follow, max-snippet:-1, max-image-preview:large, max-video-preview:-1\" \/>\n<link rel=\"canonical\" href=\"https:\/\/blogin.al\/?p=54231\" \/>\n<meta property=\"og:locale\" content=\"en_US\" \/>\n<meta property=\"og:type\" content=\"article\" \/>\n<meta property=\"og:title\" content=\"Ishte e vendosur t\u00eb \u2018hakmerrej\u2019 ligj\u00ebrisht ndaj G-Banit, Arsida b\u00ebn veprimin e papritur ndaj tij - blogin.al\" \/>\n<meta property=\"og:description\" content=\"Pas situat\u00ebs s\u00eb krijuar mbr\u00ebmjen e djeshme, ku G Bani u informua gjat\u00eb spektaklit p\u00ebr padin\u00eb e ngritur ndaj tij nga Arsida, kjo e fundit ka vendosur t\u00eb t\u00ebrhiqet nga veprimet ligjore. Arsida shpjegoi publikisht arsyet q\u00eb e shtyn\u00eb drejt k\u00ebtij vendimi dhe tregoi se falja e G Banit dhe premtimi p\u00ebr ndryshim e bind\u00ebn [&hellip;]\" \/>\n<meta property=\"og:url\" content=\"https:\/\/blogin.al\/?p=54231\" \/>\n<meta property=\"og:site_name\" content=\"blogin.al\" \/>\n<meta property=\"article:published_time\" content=\"2025-01-20T10:56:43+00:00\" \/>\n<meta property=\"article:modified_time\" content=\"2025-01-20T11:47:22+00:00\" \/>\n<meta property=\"og:image\" content=\"https:\/\/blogin.al\/wp-content\/uploads\/2025\/01\/IMG_9621-1.jpeg\" \/>\n\t<meta property=\"og:image:width\" content=\"1350\" \/>\n\t<meta property=\"og:image:height\" content=\"1081\" \/>\n\t<meta property=\"og:image:type\" content=\"image\/jpeg\" \/>\n<meta name=\"author\" content=\"Blogin al\" \/>\n<meta name=\"twitter:card\" content=\"summary_large_image\" \/>\n<meta name=\"twitter:label1\" content=\"Written by\" \/>\n\t<meta name=\"twitter:data1\" content=\"Blogin al\" \/>\n\t<meta name=\"twitter:label2\" content=\"Est. reading time\" \/>\n\t<meta name=\"twitter:data2\" content=\"2 minutes\" \/>\n<script type=\"application\/ld+json\" class=\"yoast-schema-graph\">{\"@context\":\"https:\\\/\\\/schema.org\",\"@graph\":[{\"@type\":\"Article\",\"@id\":\"https:\\\/\\\/blogin.al\\\/?p=54231#article\",\"isPartOf\":{\"@id\":\"https:\\\/\\\/blogin.al\\\/?p=54231\"},\"author\":{\"name\":\"Blogin al\",\"@id\":\"https:\\\/\\\/blogin.al\\\/#\\\/schema\\\/person\\\/abdd56bc912cd511db877b852b115399\"},\"headline\":\"Ishte e vendosur t\u00eb \u2018hakmerrej\u2019 ligj\u00ebrisht ndaj G-Banit, Arsida b\u00ebn veprimin e papritur ndaj tij\",\"datePublished\":\"2025-01-20T10:56:43+00:00\",\"dateModified\":\"2025-01-20T11:47:22+00:00\",\"mainEntityOfPage\":{\"@id\":\"https:\\\/\\\/blogin.al\\\/?p=54231\"},\"wordCount\":389,\"commentCount\":0,\"publisher\":{\"@id\":\"https:\\\/\\\/blogin.al\\\/#organization\"},\"image\":{\"@id\":\"https:\\\/\\\/blogin.al\\\/?p=54231#primaryimage\"},\"thumbnailUrl\":\"https:\\\/\\\/blogin.al\\\/wp-content\\\/uploads\\\/2025\\\/01\\\/IMG_9621-1.jpeg\",\"articleSection\":[\"SHOWBIZ\"],\"inLanguage\":\"en-US\",\"potentialAction\":[{\"@type\":\"CommentAction\",\"name\":\"Comment\",\"target\":[\"https:\\\/\\\/blogin.al\\\/?p=54231#respond\"]}]},{\"@type\":\"WebPage\",\"@id\":\"https:\\\/\\\/blogin.al\\\/?p=54231\",\"url\":\"https:\\\/\\\/blogin.al\\\/?p=54231\",\"name\":\"Ishte e vendosur t\u00eb \u2018hakmerrej\u2019 ligj\u00ebrisht ndaj G-Banit, Arsida b\u00ebn veprimin e papritur ndaj tij - blogin.al\",\"isPartOf\":{\"@id\":\"https:\\\/\\\/blogin.al\\\/#website\"},\"primaryImageOfPage\":{\"@id\":\"https:\\\/\\\/blogin.al\\\/?p=54231#primaryimage\"},\"image\":{\"@id\":\"https:\\\/\\\/blogin.al\\\/?p=54231#primaryimage\"},\"thumbnailUrl\":\"https:\\\/\\\/blogin.al\\\/wp-content\\\/uploads\\\/2025\\\/01\\\/IMG_9621-1.jpeg\",\"datePublished\":\"2025-01-20T10:56:43+00:00\",\"dateModified\":\"2025-01-20T11:47:22+00:00\",\"breadcrumb\":{\"@id\":\"https:\\\/\\\/blogin.al\\\/?p=54231#breadcrumb\"},\"inLanguage\":\"en-US\",\"potentialAction\":[{\"@type\":\"ReadAction\",\"target\":[\"https:\\\/\\\/blogin.al\\\/?p=54231\"]}]},{\"@type\":\"ImageObject\",\"inLanguage\":\"en-US\",\"@id\":\"https:\\\/\\\/blogin.al\\\/?p=54231#primaryimage\",\"url\":\"https:\\\/\\\/blogin.al\\\/wp-content\\\/uploads\\\/2025\\\/01\\\/IMG_9621-1.jpeg\",\"contentUrl\":\"https:\\\/\\\/blogin.al\\\/wp-content\\\/uploads\\\/2025\\\/01\\\/IMG_9621-1.jpeg\",\"width\":1350,\"height\":1081},{\"@type\":\"BreadcrumbList\",\"@id\":\"https:\\\/\\\/blogin.al\\\/?p=54231#breadcrumb\",\"itemListElement\":[{\"@type\":\"ListItem\",\"position\":1,\"name\":\"Home\",\"item\":\"https:\\\/\\\/blogin.al\\\/\"},{\"@type\":\"ListItem\",\"position\":2,\"name\":\"Ishte e vendosur t\u00eb \u2018hakmerrej\u2019 ligj\u00ebrisht ndaj G-Banit, Arsida b\u00ebn veprimin e papritur ndaj tij\"}]},{\"@type\":\"WebSite\",\"@id\":\"https:\\\/\\\/blogin.al\\\/#website\",\"url\":\"https:\\\/\\\/blogin.al\\\/\",\"name\":\"blogin.al\",\"description\":\"\",\"publisher\":{\"@id\":\"https:\\\/\\\/blogin.al\\\/#organization\"},\"potentialAction\":[{\"@type\":\"SearchAction\",\"target\":{\"@type\":\"EntryPoint\",\"urlTemplate\":\"https:\\\/\\\/blogin.al\\\/?s={search_term_string}\"},\"query-input\":{\"@type\":\"PropertyValueSpecification\",\"valueRequired\":true,\"valueName\":\"search_term_string\"}}],\"inLanguage\":\"en-US\"},{\"@type\":\"Organization\",\"@id\":\"https:\\\/\\\/blogin.al\\\/#organization\",\"name\":\"BLOGIN.al\",\"url\":\"https:\\\/\\\/blogin.al\\\/\",\"logo\":{\"@type\":\"ImageObject\",\"inLanguage\":\"en-US\",\"@id\":\"https:\\\/\\\/blogin.al\\\/#\\\/schema\\\/logo\\\/image\\\/\",\"url\":\"https:\\\/\\\/blogin.al\\\/wp-content\\\/uploads\\\/2022\\\/05\\\/Untitled-2-01-e1652084456514.png\",\"contentUrl\":\"https:\\\/\\\/blogin.al\\\/wp-content\\\/uploads\\\/2022\\\/05\\\/Untitled-2-01-e1652084456514.png\",\"width\":3723,\"height\":1698,\"caption\":\"BLOGIN.al\"},\"image\":{\"@id\":\"https:\\\/\\\/blogin.al\\\/#\\\/schema\\\/logo\\\/image\\\/\"},\"sameAs\":[\"https:\\\/\\\/instagram.com\\\/blogin.al\\\/\"]},{\"@type\":\"Person\",\"@id\":\"https:\\\/\\\/blogin.al\\\/#\\\/schema\\\/person\\\/abdd56bc912cd511db877b852b115399\",\"name\":\"Blogin al\",\"image\":{\"@type\":\"ImageObject\",\"inLanguage\":\"en-US\",\"@id\":\"https:\\\/\\\/secure.gravatar.com\\\/avatar\\\/60d5661aee6e835fb13dc75d2204cd0c1d61bef2efd137c0083e59ef831e235e?s=96&d=mm&r=g\",\"url\":\"https:\\\/\\\/secure.gravatar.com\\\/avatar\\\/60d5661aee6e835fb13dc75d2204cd0c1d61bef2efd137c0083e59ef831e235e?s=96&d=mm&r=g\",\"contentUrl\":\"https:\\\/\\\/secure.gravatar.com\\\/avatar\\\/60d5661aee6e835fb13dc75d2204cd0c1d61bef2efd137c0083e59ef831e235e?s=96&d=mm&r=g\",\"caption\":\"Blogin al\"},\"sameAs\":[\"https:\\\/\\\/blogin.al\"],\"url\":\"https:\\\/\\\/blogin.al\\\/?author=2\"}]}<\/script>\n<!-- \/ Yoast SEO plugin. -->","yoast_head_json":{"title":"Ishte e vendosur t\u00eb \u2018hakmerrej\u2019 ligj\u00ebrisht ndaj G-Banit, Arsida b\u00ebn veprimin e papritur ndaj tij - blogin.al","robots":{"index":"index","follow":"follow","max-snippet":"max-snippet:-1","max-image-preview":"max-image-preview:large","max-video-preview":"max-video-preview:-1"},"canonical":"https:\/\/blogin.al\/?p=54231","og_locale":"en_US","og_type":"article","og_title":"Ishte e vendosur t\u00eb \u2018hakmerrej\u2019 ligj\u00ebrisht ndaj G-Banit, Arsida b\u00ebn veprimin e papritur ndaj tij - blogin.al","og_description":"Pas situat\u00ebs s\u00eb krijuar mbr\u00ebmjen e djeshme, ku G Bani u informua gjat\u00eb spektaklit p\u00ebr padin\u00eb e ngritur ndaj tij nga Arsida, kjo e fundit ka vendosur t\u00eb t\u00ebrhiqet nga veprimet ligjore. Arsida shpjegoi publikisht arsyet q\u00eb e shtyn\u00eb drejt k\u00ebtij vendimi dhe tregoi se falja e G Banit dhe premtimi p\u00ebr ndryshim e bind\u00ebn [&hellip;]","og_url":"https:\/\/blogin.al\/?p=54231","og_site_name":"blogin.al","article_published_time":"2025-01-20T10:56:43+00:00","article_modified_time":"2025-01-20T11:47:22+00:00","og_image":[{"width":1350,"height":1081,"url":"https:\/\/blogin.al\/wp-content\/uploads\/2025\/01\/IMG_9621-1.jpeg","type":"image\/jpeg"}],"author":"Blogin al","twitter_card":"summary_large_image","twitter_misc":{"Written by":"Blogin al","Est. reading time":"2 minutes"},"schema":{"@context":"https:\/\/schema.org","@graph":[{"@type":"Article","@id":"https:\/\/blogin.al\/?p=54231#article","isPartOf":{"@id":"https:\/\/blogin.al\/?p=54231"},"author":{"name":"Blogin al","@id":"https:\/\/blogin.al\/#\/schema\/person\/abdd56bc912cd511db877b852b115399"},"headline":"Ishte e vendosur t\u00eb \u2018hakmerrej\u2019 ligj\u00ebrisht ndaj G-Banit, Arsida b\u00ebn veprimin e papritur ndaj tij","datePublished":"2025-01-20T10:56:43+00:00","dateModified":"2025-01-20T11:47:22+00:00","mainEntityOfPage":{"@id":"https:\/\/blogin.al\/?p=54231"},"wordCount":389,"commentCount":0,"publisher":{"@id":"https:\/\/blogin.al\/#organization"},"image":{"@id":"https:\/\/blogin.al\/?p=54231#primaryimage"},"thumbnailUrl":"https:\/\/blogin.al\/wp-content\/uploads\/2025\/01\/IMG_9621-1.jpeg","articleSection":["SHOWBIZ"],"inLanguage":"en-US","potentialAction":[{"@type":"CommentAction","name":"Comment","target":["https:\/\/blogin.al\/?p=54231#respond"]}]},{"@type":"WebPage","@id":"https:\/\/blogin.al\/?p=54231","url":"https:\/\/blogin.al\/?p=54231","name":"Ishte e vendosur t\u00eb \u2018hakmerrej\u2019 ligj\u00ebrisht ndaj G-Banit, Arsida b\u00ebn veprimin e papritur ndaj tij - blogin.al","isPartOf":{"@id":"https:\/\/blogin.al\/#website"},"primaryImageOfPage":{"@id":"https:\/\/blogin.al\/?p=54231#primaryimage"},"image":{"@id":"https:\/\/blogin.al\/?p=54231#primaryimage"},"thumbnailUrl":"https:\/\/blogin.al\/wp-content\/uploads\/2025\/01\/IMG_9621-1.jpeg","datePublished":"2025-01-20T10:56:43+00:00","dateModified":"2025-01-20T11:47:22+00:00","breadcrumb":{"@id":"https:\/\/blogin.al\/?p=54231#breadcrumb"},"inLanguage":"en-US","potentialAction":[{"@type":"ReadAction","target":["https:\/\/blogin.al\/?p=54231"]}]},{"@type":"ImageObject","inLanguage":"en-US","@id":"https:\/\/blogin.al\/?p=54231#primaryimage","url":"https:\/\/blogin.al\/wp-content\/uploads\/2025\/01\/IMG_9621-1.jpeg","contentUrl":"https:\/\/blogin.al\/wp-content\/uploads\/2025\/01\/IMG_9621-1.jpeg","width":1350,"height":1081},{"@type":"BreadcrumbList","@id":"https:\/\/blogin.al\/?p=54231#breadcrumb","itemListElement":[{"@type":"ListItem","position":1,"name":"Home","item":"https:\/\/blogin.al\/"},{"@type":"ListItem","position":2,"name":"Ishte e vendosur t\u00eb \u2018hakmerrej\u2019 ligj\u00ebrisht ndaj G-Banit, Arsida b\u00ebn veprimin e papritur ndaj tij"}]},{"@type":"WebSite","@id":"https:\/\/blogin.al\/#website","url":"https:\/\/blogin.al\/","name":"blogin.al","description":"","publisher":{"@id":"https:\/\/blogin.al\/#organization"},"potentialAction":[{"@type":"SearchAction","target":{"@type":"EntryPoint","urlTemplate":"https:\/\/blogin.al\/?s={search_term_string}"},"query-input":{"@type":"PropertyValueSpecification","valueRequired":true,"valueName":"search_term_string"}}],"inLanguage":"en-US"},{"@type":"Organization","@id":"https:\/\/blogin.al\/#organization","name":"BLOGIN.al","url":"https:\/\/blogin.al\/","logo":{"@type":"ImageObject","inLanguage":"en-US","@id":"https:\/\/blogin.al\/#\/schema\/logo\/image\/","url":"https:\/\/blogin.al\/wp-content\/uploads\/2022\/05\/Untitled-2-01-e1652084456514.png","contentUrl":"https:\/\/blogin.al\/wp-content\/uploads\/2022\/05\/Untitled-2-01-e1652084456514.png","width":3723,"height":1698,"caption":"BLOGIN.al"},"image":{"@id":"https:\/\/blogin.al\/#\/schema\/logo\/image\/"},"sameAs":["https:\/\/instagram.com\/blogin.al\/"]},{"@type":"Person","@id":"https:\/\/blogin.al\/#\/schema\/person\/abdd56bc912cd511db877b852b115399","name":"Blogin al","image":{"@type":"ImageObject","inLanguage":"en-US","@id":"https:\/\/secure.gravatar.com\/avatar\/60d5661aee6e835fb13dc75d2204cd0c1d61bef2efd137c0083e59ef831e235e?s=96&d=mm&r=g","url":"https:\/\/secure.gravatar.com\/avatar\/60d5661aee6e835fb13dc75d2204cd0c1d61bef2efd137c0083e59ef831e235e?s=96&d=mm&r=g","contentUrl":"https:\/\/secure.gravatar.com\/avatar\/60d5661aee6e835fb13dc75d2204cd0c1d61bef2efd137c0083e59ef831e235e?s=96&d=mm&r=g","caption":"Blogin al"},"sameAs":["https:\/\/blogin.al"],"url":"https:\/\/blogin.al\/?author=2"}]}},"_links":{"self":[{"href":"https:\/\/blogin.al\/index.php?rest_route=\/wp\/v2\/posts\/54231","targetHints":{"allow":["GET"]}}],"collection":[{"href":"https:\/\/blogin.al\/index.php?rest_route=\/wp\/v2\/posts"}],"about":[{"href":"https:\/\/blogin.al\/index.php?rest_route=\/wp\/v2\/types\/post"}],"author":[{"embeddable":true,"href":"https:\/\/blogin.al\/index.php?rest_route=\/wp\/v2\/users\/2"}],"replies":[{"embeddable":true,"href":"https:\/\/blogin.al\/index.php?rest_route=%2Fwp%2Fv2%2Fcomments&post=54231"}],"version-history":[{"count":1,"href":"https:\/\/blogin.al\/index.php?rest_route=\/wp\/v2\/posts\/54231\/revisions"}],"predecessor-version":[{"id":54233,"href":"https:\/\/blogin.al\/index.php?rest_route=\/wp\/v2\/posts\/54231\/revisions\/54233"}],"wp:featuredmedia":[{"embeddable":true,"href":"https:\/\/blogin.al\/index.php?rest_route=\/wp\/v2\/media\/54232"}],"wp:attachment":[{"href":"https:\/\/blogin.al\/index.php?rest_route=%2Fwp%2Fv2%2Fmedia&parent=54231"}],"wp:term":[{"taxonomy":"category","embeddable":true,"href":"https:\/\/blogin.al\/index.php?rest_route=%2Fwp%2Fv2%2Fcategories&post=54231"},{"taxonomy":"post_tag","embeddable":true,"href":"https:\/\/blogin.al\/index.php?rest_route=%2Fwp%2Fv2%2Ftags&post=54231"}],"curies":[{"name":"wp","href":"https:\/\/api.w.org\/{rel}","templated":true}]}}