{"id":54247,"date":"2025-01-21T08:34:26","date_gmt":"2025-01-21T08:34:26","guid":{"rendered":"https:\/\/blogin.al\/doli-kunder-tij-pas-deklarates-qe-beri-stresi-sqarohet-me-vullnetin\/"},"modified":"2025-01-21T08:34:26","modified_gmt":"2025-01-21T08:34:26","slug":"doli-kunder-tij-pas-deklarates-qe-beri-stresi-sqarohet-me-vullnetin","status":"publish","type":"post","link":"https:\/\/blogin.al\/?p=54247","title":{"rendered":"Doli kund\u00ebr tij pas deklarat\u00ebs q\u00eb b\u00ebri, Stresi \u201csqarohet\u201d me Vullnetin!"},"content":{"rendered":"\n<p>Mbr\u00ebmjen e djeshme, Stresi u b\u00eb pjes\u00eb e sht\u00ebpis\u00eb s\u00eb \u201cBBVK\u201d n\u00eb t\u00eb cil\u00ebn do t\u00eb q\u00ebndroj\u00eb 24 or\u00eb. Brenda k\u00ebtyre or\u00ebve ai ka zhvilluar diskutime t\u00eb ndryshme me finalist\u00ebt mir\u00ebpo ka patur dhe nj\u00eb sqarim me Vullnetin, ku k\u00ebtij t\u00eb fundit refuzoi t\u2019i jepte dor\u00ebn teksa hyri n\u00eb sht\u00ebpi.<\/p>\n\n\n\n<p>Rikujtojm\u00eb q\u00eb Stresi doli kund\u00ebr deklarat\u00ebs s\u00eb Vullnetit pasi finalisti pranoi se ishte homoseksual dhe gjat\u00eb diskutimit t\u00eb tyre Stresi u shpreh k\u00ebshtu:<\/p>\n\n\n\n<p>\u201cM\u00eb vjen mir\u00eb q\u00eb po takohemi n\u00eb \u201cBB\u201d dhe t\u2019i l\u00ebm\u00eb k\u00ebto gj\u00ebra k\u00ebtu, publikisht!<\/p>\n\n\n\n<p>Sepse kemi pasur p\u00ebr t\u2019u takuar edhe ndryshe, p\u00ebr shembull ishim par\u00eb n\u00eb rrug\u00eb dhe ndoshta ishim kapur, por po ta garantoj k\u00ebt\u00eb gj\u00eb! Skandali \u00ebsht\u00eb b\u00ebr\u00eb, t\u00eb kisha rrahur pak. Nuk jam k\u00ebtu p\u00ebr t\u00eb t\u00eb k\u00ebrc\u00ebnuar v\u00eblla, kam ardhur t\u00eb mbyll muhabetin me ty!\u201d<\/p>\n","protected":false},"excerpt":{"rendered":"<p>Mbr\u00ebmjen e djeshme, Stresi u b\u00eb pjes\u00eb e sht\u00ebpis\u00eb s\u00eb \u201cBBVK\u201d n\u00eb t\u00eb cil\u00ebn do t\u00eb q\u00ebndroj\u00eb 24 or\u00eb. Brenda k\u00ebtyre or\u00ebve ai ka zhvilluar diskutime t\u00eb ndryshme me finalist\u00ebt mir\u00ebpo ka patur dhe nj\u00eb sqarim me Vullnetin, ku k\u00ebtij t\u00eb fundit refuzoi t\u2019i jepte dor\u00ebn teksa hyri n\u00eb sht\u00ebpi. Rikujtojm\u00eb q\u00eb Stresi doli kund\u00ebr [&hellip;]<\/p>\n","protected":false},"author":2,"featured_media":54246,"comment_status":"open","ping_status":"open","sticky":false,"template":"","format":"standard","meta":{"footnotes":""},"categories":[33],"tags":[],"class_list":{"0":"post-54247","1":"post","2":"type-post","3":"status-publish","4":"format-standard","5":"has-post-thumbnail","7":"category-showbiz"},"yoast_head":"<!-- This site is optimized with the Yoast SEO plugin v27.4 - https:\/\/yoast.com\/product\/yoast-seo-wordpress\/ -->\n<title>Doli kund\u00ebr tij pas deklarat\u00ebs q\u00eb b\u00ebri, Stresi \u201csqarohet\u201d me Vullnetin! - blogin.al<\/title>\n<meta name=\"robots\" content=\"index, follow, max-snippet:-1, max-image-preview:large, max-video-preview:-1\" \/>\n<link rel=\"canonical\" href=\"https:\/\/blogin.al\/?p=54247\" \/>\n<meta property=\"og:locale\" content=\"en_US\" \/>\n<meta property=\"og:type\" content=\"article\" \/>\n<meta property=\"og:title\" content=\"Doli kund\u00ebr tij pas deklarat\u00ebs q\u00eb b\u00ebri, Stresi \u201csqarohet\u201d me Vullnetin! - blogin.al\" \/>\n<meta property=\"og:description\" content=\"Mbr\u00ebmjen e djeshme, Stresi u b\u00eb pjes\u00eb e sht\u00ebpis\u00eb s\u00eb \u201cBBVK\u201d n\u00eb t\u00eb cil\u00ebn do t\u00eb q\u00ebndroj\u00eb 24 or\u00eb. Brenda k\u00ebtyre or\u00ebve ai ka zhvilluar diskutime t\u00eb ndryshme me finalist\u00ebt mir\u00ebpo ka patur dhe nj\u00eb sqarim me Vullnetin, ku k\u00ebtij t\u00eb fundit refuzoi t\u2019i jepte dor\u00ebn teksa hyri n\u00eb sht\u00ebpi. Rikujtojm\u00eb q\u00eb Stresi doli kund\u00ebr [&hellip;]\" \/>\n<meta property=\"og:url\" content=\"https:\/\/blogin.al\/?p=54247\" \/>\n<meta property=\"og:site_name\" content=\"blogin.al\" \/>\n<meta property=\"article:published_time\" content=\"2025-01-21T08:34:26+00:00\" \/>\n<meta property=\"og:image\" content=\"https:\/\/blogin.al\/wp-content\/uploads\/2025\/01\/channels4_profile.jpg\" \/>\n\t<meta property=\"og:image:width\" content=\"900\" \/>\n\t<meta property=\"og:image:height\" content=\"900\" \/>\n\t<meta property=\"og:image:type\" content=\"image\/jpeg\" \/>\n<meta name=\"author\" content=\"Blogin al\" \/>\n<meta name=\"twitter:card\" content=\"summary_large_image\" \/>\n<meta name=\"twitter:label1\" content=\"Written by\" \/>\n\t<meta name=\"twitter:data1\" content=\"Blogin al\" \/>\n\t<meta name=\"twitter:label2\" content=\"Est. reading time\" \/>\n\t<meta name=\"twitter:data2\" content=\"1 minute\" \/>\n<script type=\"application\/ld+json\" class=\"yoast-schema-graph\">{\"@context\":\"https:\\\/\\\/schema.org\",\"@graph\":[{\"@type\":\"Article\",\"@id\":\"https:\\\/\\\/blogin.al\\\/?p=54247#article\",\"isPartOf\":{\"@id\":\"https:\\\/\\\/blogin.al\\\/?p=54247\"},\"author\":{\"name\":\"Blogin al\",\"@id\":\"https:\\\/\\\/blogin.al\\\/#\\\/schema\\\/person\\\/abdd56bc912cd511db877b852b115399\"},\"headline\":\"Doli kund\u00ebr tij pas deklarat\u00ebs q\u00eb b\u00ebri, Stresi \u201csqarohet\u201d me Vullnetin!\",\"datePublished\":\"2025-01-21T08:34:26+00:00\",\"mainEntityOfPage\":{\"@id\":\"https:\\\/\\\/blogin.al\\\/?p=54247\"},\"wordCount\":177,\"commentCount\":0,\"publisher\":{\"@id\":\"https:\\\/\\\/blogin.al\\\/#organization\"},\"image\":{\"@id\":\"https:\\\/\\\/blogin.al\\\/?p=54247#primaryimage\"},\"thumbnailUrl\":\"https:\\\/\\\/blogin.al\\\/wp-content\\\/uploads\\\/2025\\\/01\\\/channels4_profile.jpg\",\"articleSection\":[\"SHOWBIZ\"],\"inLanguage\":\"en-US\",\"potentialAction\":[{\"@type\":\"CommentAction\",\"name\":\"Comment\",\"target\":[\"https:\\\/\\\/blogin.al\\\/?p=54247#respond\"]}]},{\"@type\":\"WebPage\",\"@id\":\"https:\\\/\\\/blogin.al\\\/?p=54247\",\"url\":\"https:\\\/\\\/blogin.al\\\/?p=54247\",\"name\":\"Doli kund\u00ebr tij pas deklarat\u00ebs q\u00eb b\u00ebri, Stresi \u201csqarohet\u201d me Vullnetin! - blogin.al\",\"isPartOf\":{\"@id\":\"https:\\\/\\\/blogin.al\\\/#website\"},\"primaryImageOfPage\":{\"@id\":\"https:\\\/\\\/blogin.al\\\/?p=54247#primaryimage\"},\"image\":{\"@id\":\"https:\\\/\\\/blogin.al\\\/?p=54247#primaryimage\"},\"thumbnailUrl\":\"https:\\\/\\\/blogin.al\\\/wp-content\\\/uploads\\\/2025\\\/01\\\/channels4_profile.jpg\",\"datePublished\":\"2025-01-21T08:34:26+00:00\",\"breadcrumb\":{\"@id\":\"https:\\\/\\\/blogin.al\\\/?p=54247#breadcrumb\"},\"inLanguage\":\"en-US\",\"potentialAction\":[{\"@type\":\"ReadAction\",\"target\":[\"https:\\\/\\\/blogin.al\\\/?p=54247\"]}]},{\"@type\":\"ImageObject\",\"inLanguage\":\"en-US\",\"@id\":\"https:\\\/\\\/blogin.al\\\/?p=54247#primaryimage\",\"url\":\"https:\\\/\\\/blogin.al\\\/wp-content\\\/uploads\\\/2025\\\/01\\\/channels4_profile.jpg\",\"contentUrl\":\"https:\\\/\\\/blogin.al\\\/wp-content\\\/uploads\\\/2025\\\/01\\\/channels4_profile.jpg\",\"width\":900,\"height\":900},{\"@type\":\"BreadcrumbList\",\"@id\":\"https:\\\/\\\/blogin.al\\\/?p=54247#breadcrumb\",\"itemListElement\":[{\"@type\":\"ListItem\",\"position\":1,\"name\":\"Home\",\"item\":\"https:\\\/\\\/blogin.al\\\/\"},{\"@type\":\"ListItem\",\"position\":2,\"name\":\"Doli kund\u00ebr tij pas deklarat\u00ebs q\u00eb b\u00ebri, Stresi \u201csqarohet\u201d me Vullnetin!\"}]},{\"@type\":\"WebSite\",\"@id\":\"https:\\\/\\\/blogin.al\\\/#website\",\"url\":\"https:\\\/\\\/blogin.al\\\/\",\"name\":\"blogin.al\",\"description\":\"\",\"publisher\":{\"@id\":\"https:\\\/\\\/blogin.al\\\/#organization\"},\"potentialAction\":[{\"@type\":\"SearchAction\",\"target\":{\"@type\":\"EntryPoint\",\"urlTemplate\":\"https:\\\/\\\/blogin.al\\\/?s={search_term_string}\"},\"query-input\":{\"@type\":\"PropertyValueSpecification\",\"valueRequired\":true,\"valueName\":\"search_term_string\"}}],\"inLanguage\":\"en-US\"},{\"@type\":\"Organization\",\"@id\":\"https:\\\/\\\/blogin.al\\\/#organization\",\"name\":\"BLOGIN.al\",\"url\":\"https:\\\/\\\/blogin.al\\\/\",\"logo\":{\"@type\":\"ImageObject\",\"inLanguage\":\"en-US\",\"@id\":\"https:\\\/\\\/blogin.al\\\/#\\\/schema\\\/logo\\\/image\\\/\",\"url\":\"https:\\\/\\\/blogin.al\\\/wp-content\\\/uploads\\\/2022\\\/05\\\/Untitled-2-01-e1652084456514.png\",\"contentUrl\":\"https:\\\/\\\/blogin.al\\\/wp-content\\\/uploads\\\/2022\\\/05\\\/Untitled-2-01-e1652084456514.png\",\"width\":3723,\"height\":1698,\"caption\":\"BLOGIN.al\"},\"image\":{\"@id\":\"https:\\\/\\\/blogin.al\\\/#\\\/schema\\\/logo\\\/image\\\/\"},\"sameAs\":[\"https:\\\/\\\/instagram.com\\\/blogin.al\\\/\"]},{\"@type\":\"Person\",\"@id\":\"https:\\\/\\\/blogin.al\\\/#\\\/schema\\\/person\\\/abdd56bc912cd511db877b852b115399\",\"name\":\"Blogin al\",\"image\":{\"@type\":\"ImageObject\",\"inLanguage\":\"en-US\",\"@id\":\"https:\\\/\\\/secure.gravatar.com\\\/avatar\\\/60d5661aee6e835fb13dc75d2204cd0c1d61bef2efd137c0083e59ef831e235e?s=96&d=mm&r=g\",\"url\":\"https:\\\/\\\/secure.gravatar.com\\\/avatar\\\/60d5661aee6e835fb13dc75d2204cd0c1d61bef2efd137c0083e59ef831e235e?s=96&d=mm&r=g\",\"contentUrl\":\"https:\\\/\\\/secure.gravatar.com\\\/avatar\\\/60d5661aee6e835fb13dc75d2204cd0c1d61bef2efd137c0083e59ef831e235e?s=96&d=mm&r=g\",\"caption\":\"Blogin al\"},\"sameAs\":[\"https:\\\/\\\/blogin.al\"],\"url\":\"https:\\\/\\\/blogin.al\\\/?author=2\"}]}<\/script>\n<!-- \/ Yoast SEO plugin. -->","yoast_head_json":{"title":"Doli kund\u00ebr tij pas deklarat\u00ebs q\u00eb b\u00ebri, Stresi \u201csqarohet\u201d me Vullnetin! - blogin.al","robots":{"index":"index","follow":"follow","max-snippet":"max-snippet:-1","max-image-preview":"max-image-preview:large","max-video-preview":"max-video-preview:-1"},"canonical":"https:\/\/blogin.al\/?p=54247","og_locale":"en_US","og_type":"article","og_title":"Doli kund\u00ebr tij pas deklarat\u00ebs q\u00eb b\u00ebri, Stresi \u201csqarohet\u201d me Vullnetin! - blogin.al","og_description":"Mbr\u00ebmjen e djeshme, Stresi u b\u00eb pjes\u00eb e sht\u00ebpis\u00eb s\u00eb \u201cBBVK\u201d n\u00eb t\u00eb cil\u00ebn do t\u00eb q\u00ebndroj\u00eb 24 or\u00eb. Brenda k\u00ebtyre or\u00ebve ai ka zhvilluar diskutime t\u00eb ndryshme me finalist\u00ebt mir\u00ebpo ka patur dhe nj\u00eb sqarim me Vullnetin, ku k\u00ebtij t\u00eb fundit refuzoi t\u2019i jepte dor\u00ebn teksa hyri n\u00eb sht\u00ebpi. Rikujtojm\u00eb q\u00eb Stresi doli kund\u00ebr [&hellip;]","og_url":"https:\/\/blogin.al\/?p=54247","og_site_name":"blogin.al","article_published_time":"2025-01-21T08:34:26+00:00","og_image":[{"width":900,"height":900,"url":"https:\/\/blogin.al\/wp-content\/uploads\/2025\/01\/channels4_profile.jpg","type":"image\/jpeg"}],"author":"Blogin al","twitter_card":"summary_large_image","twitter_misc":{"Written by":"Blogin al","Est. reading time":"1 minute"},"schema":{"@context":"https:\/\/schema.org","@graph":[{"@type":"Article","@id":"https:\/\/blogin.al\/?p=54247#article","isPartOf":{"@id":"https:\/\/blogin.al\/?p=54247"},"author":{"name":"Blogin al","@id":"https:\/\/blogin.al\/#\/schema\/person\/abdd56bc912cd511db877b852b115399"},"headline":"Doli kund\u00ebr tij pas deklarat\u00ebs q\u00eb b\u00ebri, Stresi \u201csqarohet\u201d me Vullnetin!","datePublished":"2025-01-21T08:34:26+00:00","mainEntityOfPage":{"@id":"https:\/\/blogin.al\/?p=54247"},"wordCount":177,"commentCount":0,"publisher":{"@id":"https:\/\/blogin.al\/#organization"},"image":{"@id":"https:\/\/blogin.al\/?p=54247#primaryimage"},"thumbnailUrl":"https:\/\/blogin.al\/wp-content\/uploads\/2025\/01\/channels4_profile.jpg","articleSection":["SHOWBIZ"],"inLanguage":"en-US","potentialAction":[{"@type":"CommentAction","name":"Comment","target":["https:\/\/blogin.al\/?p=54247#respond"]}]},{"@type":"WebPage","@id":"https:\/\/blogin.al\/?p=54247","url":"https:\/\/blogin.al\/?p=54247","name":"Doli kund\u00ebr tij pas deklarat\u00ebs q\u00eb b\u00ebri, Stresi \u201csqarohet\u201d me Vullnetin! - blogin.al","isPartOf":{"@id":"https:\/\/blogin.al\/#website"},"primaryImageOfPage":{"@id":"https:\/\/blogin.al\/?p=54247#primaryimage"},"image":{"@id":"https:\/\/blogin.al\/?p=54247#primaryimage"},"thumbnailUrl":"https:\/\/blogin.al\/wp-content\/uploads\/2025\/01\/channels4_profile.jpg","datePublished":"2025-01-21T08:34:26+00:00","breadcrumb":{"@id":"https:\/\/blogin.al\/?p=54247#breadcrumb"},"inLanguage":"en-US","potentialAction":[{"@type":"ReadAction","target":["https:\/\/blogin.al\/?p=54247"]}]},{"@type":"ImageObject","inLanguage":"en-US","@id":"https:\/\/blogin.al\/?p=54247#primaryimage","url":"https:\/\/blogin.al\/wp-content\/uploads\/2025\/01\/channels4_profile.jpg","contentUrl":"https:\/\/blogin.al\/wp-content\/uploads\/2025\/01\/channels4_profile.jpg","width":900,"height":900},{"@type":"BreadcrumbList","@id":"https:\/\/blogin.al\/?p=54247#breadcrumb","itemListElement":[{"@type":"ListItem","position":1,"name":"Home","item":"https:\/\/blogin.al\/"},{"@type":"ListItem","position":2,"name":"Doli kund\u00ebr tij pas deklarat\u00ebs q\u00eb b\u00ebri, Stresi \u201csqarohet\u201d me Vullnetin!"}]},{"@type":"WebSite","@id":"https:\/\/blogin.al\/#website","url":"https:\/\/blogin.al\/","name":"blogin.al","description":"","publisher":{"@id":"https:\/\/blogin.al\/#organization"},"potentialAction":[{"@type":"SearchAction","target":{"@type":"EntryPoint","urlTemplate":"https:\/\/blogin.al\/?s={search_term_string}"},"query-input":{"@type":"PropertyValueSpecification","valueRequired":true,"valueName":"search_term_string"}}],"inLanguage":"en-US"},{"@type":"Organization","@id":"https:\/\/blogin.al\/#organization","name":"BLOGIN.al","url":"https:\/\/blogin.al\/","logo":{"@type":"ImageObject","inLanguage":"en-US","@id":"https:\/\/blogin.al\/#\/schema\/logo\/image\/","url":"https:\/\/blogin.al\/wp-content\/uploads\/2022\/05\/Untitled-2-01-e1652084456514.png","contentUrl":"https:\/\/blogin.al\/wp-content\/uploads\/2022\/05\/Untitled-2-01-e1652084456514.png","width":3723,"height":1698,"caption":"BLOGIN.al"},"image":{"@id":"https:\/\/blogin.al\/#\/schema\/logo\/image\/"},"sameAs":["https:\/\/instagram.com\/blogin.al\/"]},{"@type":"Person","@id":"https:\/\/blogin.al\/#\/schema\/person\/abdd56bc912cd511db877b852b115399","name":"Blogin al","image":{"@type":"ImageObject","inLanguage":"en-US","@id":"https:\/\/secure.gravatar.com\/avatar\/60d5661aee6e835fb13dc75d2204cd0c1d61bef2efd137c0083e59ef831e235e?s=96&d=mm&r=g","url":"https:\/\/secure.gravatar.com\/avatar\/60d5661aee6e835fb13dc75d2204cd0c1d61bef2efd137c0083e59ef831e235e?s=96&d=mm&r=g","contentUrl":"https:\/\/secure.gravatar.com\/avatar\/60d5661aee6e835fb13dc75d2204cd0c1d61bef2efd137c0083e59ef831e235e?s=96&d=mm&r=g","caption":"Blogin al"},"sameAs":["https:\/\/blogin.al"],"url":"https:\/\/blogin.al\/?author=2"}]}},"_links":{"self":[{"href":"https:\/\/blogin.al\/index.php?rest_route=\/wp\/v2\/posts\/54247","targetHints":{"allow":["GET"]}}],"collection":[{"href":"https:\/\/blogin.al\/index.php?rest_route=\/wp\/v2\/posts"}],"about":[{"href":"https:\/\/blogin.al\/index.php?rest_route=\/wp\/v2\/types\/post"}],"author":[{"embeddable":true,"href":"https:\/\/blogin.al\/index.php?rest_route=\/wp\/v2\/users\/2"}],"replies":[{"embeddable":true,"href":"https:\/\/blogin.al\/index.php?rest_route=%2Fwp%2Fv2%2Fcomments&post=54247"}],"version-history":[{"count":0,"href":"https:\/\/blogin.al\/index.php?rest_route=\/wp\/v2\/posts\/54247\/revisions"}],"wp:featuredmedia":[{"embeddable":true,"href":"https:\/\/blogin.al\/index.php?rest_route=\/wp\/v2\/media\/54246"}],"wp:attachment":[{"href":"https:\/\/blogin.al\/index.php?rest_route=%2Fwp%2Fv2%2Fmedia&parent=54247"}],"wp:term":[{"taxonomy":"category","embeddable":true,"href":"https:\/\/blogin.al\/index.php?rest_route=%2Fwp%2Fv2%2Fcategories&post=54247"},{"taxonomy":"post_tag","embeddable":true,"href":"https:\/\/blogin.al\/index.php?rest_route=%2Fwp%2Fv2%2Ftags&post=54247"}],"curies":[{"name":"wp","href":"https:\/\/api.w.org\/{rel}","templated":true}]}}