{"id":54260,"date":"2025-01-22T09:29:58","date_gmt":"2025-01-22T09:29:58","guid":{"rendered":"https:\/\/blogin.al\/valbona-rrefen-linjen-e-jetes-me-humbjen-e-babit-mu-shkaterrua-gjithcka\/"},"modified":"2025-01-22T09:29:58","modified_gmt":"2025-01-22T09:29:58","slug":"valbona-rrefen-linjen-e-jetes-me-humbjen-e-babit-mu-shkaterrua-gjithcka","status":"publish","type":"post","link":"https:\/\/blogin.al\/?p=54260","title":{"rendered":"Valbona rr\u00ebfen linj\u00ebn e jet\u00ebs: Me humbjen e babit, m\u2019u shkat\u00ebrrua gjith\u00e7ka"},"content":{"rendered":"\n<p>Valbona Mhilli rr\u00ebfeu gjat\u00eb spektaklit t\u00eb sot\u00ebm linj\u00ebn e saj t\u00eb jet\u00ebs.<\/p>\n\n\n\n<p>Momenti m\u00eb i v\u00ebshtir\u00eb p\u00ebr t\u00eb, q\u00eb i ndryshoi jet\u00ebn, ishte humbja e t\u00eb atit. Tonin Mhilli u aksidentua p\u00ebr vdekja teksa udh\u00ebtonte drejt vendit t\u00eb tij t\u00eb pun\u00ebs, drejt burgut t\u00eb Rrogozhin\u00ebs. Baban\u00eb, gazetarja e kujton si mb\u00ebshtetjen m\u00eb t\u00eb madhe, njeriun q\u00eb i jepte forc\u00eb \u00e7do dit\u00eb.<\/p>\n\n\n\n<p><em>\u201cKam lindur n\u00eb Puk\u00eb. Ka qen\u00eb nj\u00eb dit\u00eb dimri, mami udh\u00ebtoi me kal, kishte kushte shum\u00eb t\u00eb v\u00ebshtira p\u00ebr t\u00eb arritur n\u00eb spital. Kemi pasur nj\u00eb f\u00ebmij\u00ebri t\u00eb bukur. N\u00eb 1994, kemi ardhur n\u00eb Tiran\u00eb. 2 vite m\u00eb von\u00eb, babai fillon pun\u00eb n\u00eb Policin\u00eb Ushtarake dhe p\u00ebrgjegj\u00ebsia p\u00ebr t\u00eb na rritur ne, i ra mamit. Kur nisa pun\u00eb n\u00eb radio, shok\u00ebt e shoqet m\u00eb thoshin s\u2019je e aft\u00eb, vet\u00ebm babai m\u00eb mb\u00ebshteste. Shum\u00eb vite m\u00eb von\u00eb, m\u00eb vjen nj\u00eb ftes\u00eb p\u00ebr gazetare terreni.<\/em><\/p>\n\n\n\n<p><em>Ishte plot\u00ebsim i \u00ebndrr\u00ebs sime, forca ime ishte babi, ishte aty kur kisha nevoj\u00eb p\u00ebr fort\u00ebsin\u00eb e tij, komisari i jet\u00ebs sime, m\u00eb dha \u00e7do gj\u00eb q\u00eb kishte. N\u00eb 2019, babai im shkarkohet nga puna, ndryshoi totalisht, mundohesha t\u2019i thosha duhet t\u00eb punosh. N\u00eb 2021, tha dua t\u00eb rikthehem n\u00eb pun\u00eb. Dha provimet, fitoi, ishte emocioni m\u00eb i bukur. E em\u00ebrojn\u00eb n\u00eb burgun e Rrogozhin\u00ebs. Mori uniform\u00ebn dhe rikthehet n\u00eb sht\u00ebpi, ishte dita m\u00eb e bukur p\u00ebr t\u00eb, qerasi t\u00eb gjith\u00eb lagjen.<\/em><\/p>\n\n\n\n<p><em>Niset n\u00eb or\u00ebt e para t\u00eb m\u00ebngjesit t\u00eb dat\u00ebs 6 mars. N\u00eb 6 t\u00eb m\u00ebngjesit n\u00eb sht\u00ebpi d\u00ebgjoj nj\u00eb ul\u00ebrim\u00eb nga mami. \u00c7ohem dhe dal jasht\u00eb. Thot\u00eb babi ka b\u00ebr\u00eb aksident. Nisem drejt Durr\u00ebsit dhe lutesha ta gjeja gjall\u00eb, gjat\u00eb rrug\u00ebs futem n\u00eb nj\u00eb lokal dhe n\u00eb ekranet televizive ishte q\u00eb humb jet\u00ebn efektivi. Gjithmon\u00eb kam dashur t\u00eb lexoj arritjet e tij, por lexova si ai humbi jet\u00ebn p\u00ebr profesionin. Ndihesha e humbur. Aty humbi dhe familja jon\u00eb\u201d.<\/em><\/p>\n\n\n\n<p>Pas humbjes s\u00eb babait, ishte Valbona q\u00eb u b\u00eb mb\u00ebshtetja m\u00eb e madhe p\u00ebr familjen.<\/p>\n\n\n\n<p><em>\u201cJeta jon\u00eb ndryshoi shum\u00eb kur babi iku. U detyrova t\u00eb ngrihesha dhe t\u00eb merrja situat\u00ebn n\u00eb dor\u00eb, nga nj\u00eb familje e madhe, ngela vet\u00ebm me mamin. E kisha shum\u00eb t\u00eb v\u00ebshtir\u00eb t\u00eb b\u00ebja nj\u00eb bised\u00eb, sepse t\u00eb gjitha bisedat i b\u00ebja me babin. Nuk dija t\u2019i q\u00ebndroja pran\u00eb mamit. Aty kuptova q\u00eb po humbisja edhe mamin. Nuk kam ditur ta dua mamin. T\u00eb lutem, m\u00eb fal p\u00ebr t\u00eb gjitha. Dua shum\u00eb t\u00eb di n\u00ebse ajo i ka marr\u00eb ila\u00e7et, me k\u00eb rri sepse ka frik\u00eb t\u00eb rrij\u00eb vet\u00ebm. T\u00eb dua mam\u201d.<\/em><\/p>\n","protected":false},"excerpt":{"rendered":"<p>Valbona Mhilli rr\u00ebfeu gjat\u00eb spektaklit t\u00eb sot\u00ebm linj\u00ebn e saj t\u00eb jet\u00ebs. Momenti m\u00eb i v\u00ebshtir\u00eb p\u00ebr t\u00eb, q\u00eb i ndryshoi jet\u00ebn, ishte humbja e t\u00eb atit. Tonin Mhilli u aksidentua p\u00ebr vdekja teksa udh\u00ebtonte drejt vendit t\u00eb tij t\u00eb pun\u00ebs, drejt burgut t\u00eb Rrogozhin\u00ebs. Baban\u00eb, gazetarja e kujton si mb\u00ebshtetjen m\u00eb t\u00eb madhe, njeriun [&hellip;]<\/p>\n","protected":false},"author":2,"featured_media":54259,"comment_status":"open","ping_status":"open","sticky":false,"template":"","format":"standard","meta":{"footnotes":""},"categories":[33],"tags":[],"class_list":{"0":"post-54260","1":"post","2":"type-post","3":"status-publish","4":"format-standard","5":"has-post-thumbnail","7":"category-showbiz"},"yoast_head":"<!-- This site is optimized with the Yoast SEO plugin v27.4 - https:\/\/yoast.com\/product\/yoast-seo-wordpress\/ -->\n<title>Valbona rr\u00ebfen linj\u00ebn e jet\u00ebs: Me humbjen e babit, m\u2019u shkat\u00ebrrua gjith\u00e7ka - blogin.al<\/title>\n<meta name=\"robots\" content=\"index, follow, max-snippet:-1, max-image-preview:large, max-video-preview:-1\" \/>\n<link rel=\"canonical\" href=\"https:\/\/blogin.al\/?p=54260\" \/>\n<meta property=\"og:locale\" content=\"en_US\" \/>\n<meta property=\"og:type\" content=\"article\" \/>\n<meta property=\"og:title\" content=\"Valbona rr\u00ebfen linj\u00ebn e jet\u00ebs: Me humbjen e babit, m\u2019u shkat\u00ebrrua gjith\u00e7ka - blogin.al\" \/>\n<meta property=\"og:description\" content=\"Valbona Mhilli rr\u00ebfeu gjat\u00eb spektaklit t\u00eb sot\u00ebm linj\u00ebn e saj t\u00eb jet\u00ebs. Momenti m\u00eb i v\u00ebshtir\u00eb p\u00ebr t\u00eb, q\u00eb i ndryshoi jet\u00ebn, ishte humbja e t\u00eb atit. Tonin Mhilli u aksidentua p\u00ebr vdekja teksa udh\u00ebtonte drejt vendit t\u00eb tij t\u00eb pun\u00ebs, drejt burgut t\u00eb Rrogozhin\u00ebs. Baban\u00eb, gazetarja e kujton si mb\u00ebshtetjen m\u00eb t\u00eb madhe, njeriun [&hellip;]\" \/>\n<meta property=\"og:url\" content=\"https:\/\/blogin.al\/?p=54260\" \/>\n<meta property=\"og:site_name\" content=\"blogin.al\" \/>\n<meta property=\"article:published_time\" content=\"2025-01-22T09:29:58+00:00\" \/>\n<meta property=\"og:image\" content=\"https:\/\/blogin.al\/wp-content\/uploads\/2025\/01\/900-0-1716396098xscreenshot-8-594-1.jpg\" \/>\n\t<meta property=\"og:image:width\" content=\"900\" \/>\n\t<meta property=\"og:image:height\" content=\"614\" \/>\n\t<meta property=\"og:image:type\" content=\"image\/jpeg\" \/>\n<meta name=\"author\" content=\"Blogin al\" \/>\n<meta name=\"twitter:card\" content=\"summary_large_image\" \/>\n<meta name=\"twitter:label1\" content=\"Written by\" \/>\n\t<meta name=\"twitter:data1\" content=\"Blogin al\" \/>\n\t<meta name=\"twitter:label2\" content=\"Est. reading time\" \/>\n\t<meta name=\"twitter:data2\" content=\"2 minutes\" \/>\n<script type=\"application\/ld+json\" class=\"yoast-schema-graph\">{\"@context\":\"https:\\\/\\\/schema.org\",\"@graph\":[{\"@type\":\"Article\",\"@id\":\"https:\\\/\\\/blogin.al\\\/?p=54260#article\",\"isPartOf\":{\"@id\":\"https:\\\/\\\/blogin.al\\\/?p=54260\"},\"author\":{\"name\":\"Blogin al\",\"@id\":\"https:\\\/\\\/blogin.al\\\/#\\\/schema\\\/person\\\/abdd56bc912cd511db877b852b115399\"},\"headline\":\"Valbona rr\u00ebfen linj\u00ebn e jet\u00ebs: Me humbjen e babit, m\u2019u shkat\u00ebrrua gjith\u00e7ka\",\"datePublished\":\"2025-01-22T09:29:58+00:00\",\"mainEntityOfPage\":{\"@id\":\"https:\\\/\\\/blogin.al\\\/?p=54260\"},\"wordCount\":484,\"commentCount\":0,\"publisher\":{\"@id\":\"https:\\\/\\\/blogin.al\\\/#organization\"},\"image\":{\"@id\":\"https:\\\/\\\/blogin.al\\\/?p=54260#primaryimage\"},\"thumbnailUrl\":\"https:\\\/\\\/blogin.al\\\/wp-content\\\/uploads\\\/2025\\\/01\\\/900-0-1716396098xscreenshot-8-594-1.jpg\",\"articleSection\":[\"SHOWBIZ\"],\"inLanguage\":\"en-US\",\"potentialAction\":[{\"@type\":\"CommentAction\",\"name\":\"Comment\",\"target\":[\"https:\\\/\\\/blogin.al\\\/?p=54260#respond\"]}]},{\"@type\":\"WebPage\",\"@id\":\"https:\\\/\\\/blogin.al\\\/?p=54260\",\"url\":\"https:\\\/\\\/blogin.al\\\/?p=54260\",\"name\":\"Valbona rr\u00ebfen linj\u00ebn e jet\u00ebs: Me humbjen e babit, m\u2019u shkat\u00ebrrua gjith\u00e7ka - blogin.al\",\"isPartOf\":{\"@id\":\"https:\\\/\\\/blogin.al\\\/#website\"},\"primaryImageOfPage\":{\"@id\":\"https:\\\/\\\/blogin.al\\\/?p=54260#primaryimage\"},\"image\":{\"@id\":\"https:\\\/\\\/blogin.al\\\/?p=54260#primaryimage\"},\"thumbnailUrl\":\"https:\\\/\\\/blogin.al\\\/wp-content\\\/uploads\\\/2025\\\/01\\\/900-0-1716396098xscreenshot-8-594-1.jpg\",\"datePublished\":\"2025-01-22T09:29:58+00:00\",\"breadcrumb\":{\"@id\":\"https:\\\/\\\/blogin.al\\\/?p=54260#breadcrumb\"},\"inLanguage\":\"en-US\",\"potentialAction\":[{\"@type\":\"ReadAction\",\"target\":[\"https:\\\/\\\/blogin.al\\\/?p=54260\"]}]},{\"@type\":\"ImageObject\",\"inLanguage\":\"en-US\",\"@id\":\"https:\\\/\\\/blogin.al\\\/?p=54260#primaryimage\",\"url\":\"https:\\\/\\\/blogin.al\\\/wp-content\\\/uploads\\\/2025\\\/01\\\/900-0-1716396098xscreenshot-8-594-1.jpg\",\"contentUrl\":\"https:\\\/\\\/blogin.al\\\/wp-content\\\/uploads\\\/2025\\\/01\\\/900-0-1716396098xscreenshot-8-594-1.jpg\",\"width\":900,\"height\":614},{\"@type\":\"BreadcrumbList\",\"@id\":\"https:\\\/\\\/blogin.al\\\/?p=54260#breadcrumb\",\"itemListElement\":[{\"@type\":\"ListItem\",\"position\":1,\"name\":\"Home\",\"item\":\"https:\\\/\\\/blogin.al\\\/\"},{\"@type\":\"ListItem\",\"position\":2,\"name\":\"Valbona rr\u00ebfen linj\u00ebn e jet\u00ebs: Me humbjen e babit, m\u2019u shkat\u00ebrrua gjith\u00e7ka\"}]},{\"@type\":\"WebSite\",\"@id\":\"https:\\\/\\\/blogin.al\\\/#website\",\"url\":\"https:\\\/\\\/blogin.al\\\/\",\"name\":\"blogin.al\",\"description\":\"\",\"publisher\":{\"@id\":\"https:\\\/\\\/blogin.al\\\/#organization\"},\"potentialAction\":[{\"@type\":\"SearchAction\",\"target\":{\"@type\":\"EntryPoint\",\"urlTemplate\":\"https:\\\/\\\/blogin.al\\\/?s={search_term_string}\"},\"query-input\":{\"@type\":\"PropertyValueSpecification\",\"valueRequired\":true,\"valueName\":\"search_term_string\"}}],\"inLanguage\":\"en-US\"},{\"@type\":\"Organization\",\"@id\":\"https:\\\/\\\/blogin.al\\\/#organization\",\"name\":\"BLOGIN.al\",\"url\":\"https:\\\/\\\/blogin.al\\\/\",\"logo\":{\"@type\":\"ImageObject\",\"inLanguage\":\"en-US\",\"@id\":\"https:\\\/\\\/blogin.al\\\/#\\\/schema\\\/logo\\\/image\\\/\",\"url\":\"https:\\\/\\\/blogin.al\\\/wp-content\\\/uploads\\\/2022\\\/05\\\/Untitled-2-01-e1652084456514.png\",\"contentUrl\":\"https:\\\/\\\/blogin.al\\\/wp-content\\\/uploads\\\/2022\\\/05\\\/Untitled-2-01-e1652084456514.png\",\"width\":3723,\"height\":1698,\"caption\":\"BLOGIN.al\"},\"image\":{\"@id\":\"https:\\\/\\\/blogin.al\\\/#\\\/schema\\\/logo\\\/image\\\/\"},\"sameAs\":[\"https:\\\/\\\/instagram.com\\\/blogin.al\\\/\"]},{\"@type\":\"Person\",\"@id\":\"https:\\\/\\\/blogin.al\\\/#\\\/schema\\\/person\\\/abdd56bc912cd511db877b852b115399\",\"name\":\"Blogin al\",\"image\":{\"@type\":\"ImageObject\",\"inLanguage\":\"en-US\",\"@id\":\"https:\\\/\\\/secure.gravatar.com\\\/avatar\\\/60d5661aee6e835fb13dc75d2204cd0c1d61bef2efd137c0083e59ef831e235e?s=96&d=mm&r=g\",\"url\":\"https:\\\/\\\/secure.gravatar.com\\\/avatar\\\/60d5661aee6e835fb13dc75d2204cd0c1d61bef2efd137c0083e59ef831e235e?s=96&d=mm&r=g\",\"contentUrl\":\"https:\\\/\\\/secure.gravatar.com\\\/avatar\\\/60d5661aee6e835fb13dc75d2204cd0c1d61bef2efd137c0083e59ef831e235e?s=96&d=mm&r=g\",\"caption\":\"Blogin al\"},\"sameAs\":[\"https:\\\/\\\/blogin.al\"],\"url\":\"https:\\\/\\\/blogin.al\\\/?author=2\"}]}<\/script>\n<!-- \/ Yoast SEO plugin. -->","yoast_head_json":{"title":"Valbona rr\u00ebfen linj\u00ebn e jet\u00ebs: Me humbjen e babit, m\u2019u shkat\u00ebrrua gjith\u00e7ka - blogin.al","robots":{"index":"index","follow":"follow","max-snippet":"max-snippet:-1","max-image-preview":"max-image-preview:large","max-video-preview":"max-video-preview:-1"},"canonical":"https:\/\/blogin.al\/?p=54260","og_locale":"en_US","og_type":"article","og_title":"Valbona rr\u00ebfen linj\u00ebn e jet\u00ebs: Me humbjen e babit, m\u2019u shkat\u00ebrrua gjith\u00e7ka - blogin.al","og_description":"Valbona Mhilli rr\u00ebfeu gjat\u00eb spektaklit t\u00eb sot\u00ebm linj\u00ebn e saj t\u00eb jet\u00ebs. Momenti m\u00eb i v\u00ebshtir\u00eb p\u00ebr t\u00eb, q\u00eb i ndryshoi jet\u00ebn, ishte humbja e t\u00eb atit. Tonin Mhilli u aksidentua p\u00ebr vdekja teksa udh\u00ebtonte drejt vendit t\u00eb tij t\u00eb pun\u00ebs, drejt burgut t\u00eb Rrogozhin\u00ebs. Baban\u00eb, gazetarja e kujton si mb\u00ebshtetjen m\u00eb t\u00eb madhe, njeriun [&hellip;]","og_url":"https:\/\/blogin.al\/?p=54260","og_site_name":"blogin.al","article_published_time":"2025-01-22T09:29:58+00:00","og_image":[{"width":900,"height":614,"url":"https:\/\/blogin.al\/wp-content\/uploads\/2025\/01\/900-0-1716396098xscreenshot-8-594-1.jpg","type":"image\/jpeg"}],"author":"Blogin al","twitter_card":"summary_large_image","twitter_misc":{"Written by":"Blogin al","Est. reading time":"2 minutes"},"schema":{"@context":"https:\/\/schema.org","@graph":[{"@type":"Article","@id":"https:\/\/blogin.al\/?p=54260#article","isPartOf":{"@id":"https:\/\/blogin.al\/?p=54260"},"author":{"name":"Blogin al","@id":"https:\/\/blogin.al\/#\/schema\/person\/abdd56bc912cd511db877b852b115399"},"headline":"Valbona rr\u00ebfen linj\u00ebn e jet\u00ebs: Me humbjen e babit, m\u2019u shkat\u00ebrrua gjith\u00e7ka","datePublished":"2025-01-22T09:29:58+00:00","mainEntityOfPage":{"@id":"https:\/\/blogin.al\/?p=54260"},"wordCount":484,"commentCount":0,"publisher":{"@id":"https:\/\/blogin.al\/#organization"},"image":{"@id":"https:\/\/blogin.al\/?p=54260#primaryimage"},"thumbnailUrl":"https:\/\/blogin.al\/wp-content\/uploads\/2025\/01\/900-0-1716396098xscreenshot-8-594-1.jpg","articleSection":["SHOWBIZ"],"inLanguage":"en-US","potentialAction":[{"@type":"CommentAction","name":"Comment","target":["https:\/\/blogin.al\/?p=54260#respond"]}]},{"@type":"WebPage","@id":"https:\/\/blogin.al\/?p=54260","url":"https:\/\/blogin.al\/?p=54260","name":"Valbona rr\u00ebfen linj\u00ebn e jet\u00ebs: Me humbjen e babit, m\u2019u shkat\u00ebrrua gjith\u00e7ka - blogin.al","isPartOf":{"@id":"https:\/\/blogin.al\/#website"},"primaryImageOfPage":{"@id":"https:\/\/blogin.al\/?p=54260#primaryimage"},"image":{"@id":"https:\/\/blogin.al\/?p=54260#primaryimage"},"thumbnailUrl":"https:\/\/blogin.al\/wp-content\/uploads\/2025\/01\/900-0-1716396098xscreenshot-8-594-1.jpg","datePublished":"2025-01-22T09:29:58+00:00","breadcrumb":{"@id":"https:\/\/blogin.al\/?p=54260#breadcrumb"},"inLanguage":"en-US","potentialAction":[{"@type":"ReadAction","target":["https:\/\/blogin.al\/?p=54260"]}]},{"@type":"ImageObject","inLanguage":"en-US","@id":"https:\/\/blogin.al\/?p=54260#primaryimage","url":"https:\/\/blogin.al\/wp-content\/uploads\/2025\/01\/900-0-1716396098xscreenshot-8-594-1.jpg","contentUrl":"https:\/\/blogin.al\/wp-content\/uploads\/2025\/01\/900-0-1716396098xscreenshot-8-594-1.jpg","width":900,"height":614},{"@type":"BreadcrumbList","@id":"https:\/\/blogin.al\/?p=54260#breadcrumb","itemListElement":[{"@type":"ListItem","position":1,"name":"Home","item":"https:\/\/blogin.al\/"},{"@type":"ListItem","position":2,"name":"Valbona rr\u00ebfen linj\u00ebn e jet\u00ebs: Me humbjen e babit, m\u2019u shkat\u00ebrrua gjith\u00e7ka"}]},{"@type":"WebSite","@id":"https:\/\/blogin.al\/#website","url":"https:\/\/blogin.al\/","name":"blogin.al","description":"","publisher":{"@id":"https:\/\/blogin.al\/#organization"},"potentialAction":[{"@type":"SearchAction","target":{"@type":"EntryPoint","urlTemplate":"https:\/\/blogin.al\/?s={search_term_string}"},"query-input":{"@type":"PropertyValueSpecification","valueRequired":true,"valueName":"search_term_string"}}],"inLanguage":"en-US"},{"@type":"Organization","@id":"https:\/\/blogin.al\/#organization","name":"BLOGIN.al","url":"https:\/\/blogin.al\/","logo":{"@type":"ImageObject","inLanguage":"en-US","@id":"https:\/\/blogin.al\/#\/schema\/logo\/image\/","url":"https:\/\/blogin.al\/wp-content\/uploads\/2022\/05\/Untitled-2-01-e1652084456514.png","contentUrl":"https:\/\/blogin.al\/wp-content\/uploads\/2022\/05\/Untitled-2-01-e1652084456514.png","width":3723,"height":1698,"caption":"BLOGIN.al"},"image":{"@id":"https:\/\/blogin.al\/#\/schema\/logo\/image\/"},"sameAs":["https:\/\/instagram.com\/blogin.al\/"]},{"@type":"Person","@id":"https:\/\/blogin.al\/#\/schema\/person\/abdd56bc912cd511db877b852b115399","name":"Blogin al","image":{"@type":"ImageObject","inLanguage":"en-US","@id":"https:\/\/secure.gravatar.com\/avatar\/60d5661aee6e835fb13dc75d2204cd0c1d61bef2efd137c0083e59ef831e235e?s=96&d=mm&r=g","url":"https:\/\/secure.gravatar.com\/avatar\/60d5661aee6e835fb13dc75d2204cd0c1d61bef2efd137c0083e59ef831e235e?s=96&d=mm&r=g","contentUrl":"https:\/\/secure.gravatar.com\/avatar\/60d5661aee6e835fb13dc75d2204cd0c1d61bef2efd137c0083e59ef831e235e?s=96&d=mm&r=g","caption":"Blogin al"},"sameAs":["https:\/\/blogin.al"],"url":"https:\/\/blogin.al\/?author=2"}]}},"_links":{"self":[{"href":"https:\/\/blogin.al\/index.php?rest_route=\/wp\/v2\/posts\/54260","targetHints":{"allow":["GET"]}}],"collection":[{"href":"https:\/\/blogin.al\/index.php?rest_route=\/wp\/v2\/posts"}],"about":[{"href":"https:\/\/blogin.al\/index.php?rest_route=\/wp\/v2\/types\/post"}],"author":[{"embeddable":true,"href":"https:\/\/blogin.al\/index.php?rest_route=\/wp\/v2\/users\/2"}],"replies":[{"embeddable":true,"href":"https:\/\/blogin.al\/index.php?rest_route=%2Fwp%2Fv2%2Fcomments&post=54260"}],"version-history":[{"count":0,"href":"https:\/\/blogin.al\/index.php?rest_route=\/wp\/v2\/posts\/54260\/revisions"}],"wp:featuredmedia":[{"embeddable":true,"href":"https:\/\/blogin.al\/index.php?rest_route=\/wp\/v2\/media\/54259"}],"wp:attachment":[{"href":"https:\/\/blogin.al\/index.php?rest_route=%2Fwp%2Fv2%2Fmedia&parent=54260"}],"wp:term":[{"taxonomy":"category","embeddable":true,"href":"https:\/\/blogin.al\/index.php?rest_route=%2Fwp%2Fv2%2Fcategories&post=54260"},{"taxonomy":"post_tag","embeddable":true,"href":"https:\/\/blogin.al\/index.php?rest_route=%2Fwp%2Fv2%2Ftags&post=54260"}],"curies":[{"name":"wp","href":"https:\/\/api.w.org\/{rel}","templated":true}]}}