{"id":54262,"date":"2025-01-22T09:36:29","date_gmt":"2025-01-22T09:36:29","guid":{"rendered":"https:\/\/blogin.al\/dhunove-vajzen-ne-mes-te-lokalit-plas-keq-mes-laertit-dhe-gertit-si-nuk-te-vjen-turp\/"},"modified":"2025-01-22T09:36:29","modified_gmt":"2025-01-22T09:36:29","slug":"dhunove-vajzen-ne-mes-te-lokalit-plas-keq-mes-laertit-dhe-gertit-si-nuk-te-vjen-turp","status":"publish","type":"post","link":"https:\/\/blogin.al\/?p=54262","title":{"rendered":"\u201cDhunove vajz\u00ebn n\u00eb mes t\u00eb lokalit\u201d\/ \u201cPlas\u201d keq mes Laertit dhe Gertit: Si nuk t\u00eb vjen turp"},"content":{"rendered":"\n<p>Laerti dhe Gerti jan\u00eb p\u00ebrfshir\u00eb n\u00eb debate t\u00eb forta gjat\u00eb dit\u00ebve t\u00eb fundit, q\u00eb kan\u00eb kaluar edhe n\u00eb ofendime dhe p\u00ebrmendje t\u00eb situatave personale mes tyre.<\/p>\n\n\n\n<p>Edhe n\u00eb mbr\u00ebmjen e sotme ka ndodhur e nj\u00ebjta gj\u00eb, teksa banor\u00ebt kan\u00eb sulmuar njeri-tjetrin n\u00eb nj\u00eb p\u00ebrplasje t\u00eb fort\u00eb.<\/p>\n\n\n\n<p>Gerti: Kam nj\u00eb konsiderat\u00eb p\u00ebr Laertin, por e prisja gjith\u00e7ka q\u00eb ndodhi.<\/p>\n\n\n\n<p>Laerti: Ke hyr\u00eb me fantazmat e tua, ke th\u00ebn\u00eb Laerti t\u00eb jep shpirtin. Bie n\u00eb kontradit\u00eb. Hiqe mask\u00ebn. Si nuk t\u00eb vjen turp<\/p>\n\n\n\n<p>Gerti: Je xheloz, je i vog\u00ebl,<\/p>\n\n\n\n<p>Laerti: Kjo quhet tradhti, pabesi, hyr\u00eb me ekstr\u00ebn e imagjinat\u00ebs t\u00ebnde. Nuk t\u00eb b\u00ebn mir\u00eb pushteti. Ke p\u00ebrmendur f\u00ebmij\u00eb k\u00ebtu brenda. \u00c7far\u00eb t\u00eb duhet ty me f\u00ebmij\u00ebt e bot\u00ebs.<\/p>\n\n\n\n<p>Gerti: At\u00eb vajz\u00eb e ke degjeneruar n\u00eb mes t\u00eb lokalit. E ke rrahur n\u00eb mes t\u00eb lokalit. T\u00eb doli gjith\u00eb lokali kudn\u00ebr. Nuk ke turp. Si i p\u00ebrmend f\u00ebmij\u00ebn e asaj vajze?<\/p>\n\n\n\n<p>Laerti: G\u00ebnjen, ke hyr\u00eb duke th\u00ebn\u00eb Laerti \u00ebsht\u00eb njeriu m\u00eb i mir\u00eb. Nuk t\u00eb vjen turp ty more?<\/p>\n\n\n\n<p>Gerti: Je i pafytyr\u00eb totalisht. I ke th\u00ebn\u00eb atij tjetrit hiqe nga puna k\u00ebt\u00eb. Injorant. I pafytyr\u00eb, vete rreh n\u00ebn\u00ebn.<\/p>\n\n\n\n<p>Laerti: Ti ke problem t\u00eb jesh i lumtur, prishe dit\u00eblindjen t\u00ebnde.<\/p>\n\n\n\n<p>Ge\u00ebrti: N\u00eb momentin q\u00eb ky t\u00eb d\u00ebgjoj\u00eb emrin e Olta Dakut, un\u00eb dal nga sht\u00ebpia. Un\u00eb them nuk \u00ebsht\u00eb Olta. Un\u00eb nuk dua, se po t\u00eb kishte dashur ajo grua, kishte v\u00ebn\u00eb emrin aty. Ky njeri punon p\u00ebr t\u00eb m\u00eb intimiduar.<\/p>\n\n\n\n<p>Rozana: \u00c7far\u00eb nuk ke th\u00ebn\u00eb n\u00eb k\u00ebt\u00eb sht\u00ebpi, p\u00ebrmend dhe baballar\u00ebt e vdekur.<\/p>\n\n\n\n<p>Gerti: Edhe p\u00ebr at\u00eb do flas.<\/p>\n\n\n\n<p>Laerti: Ai kryq q\u00eb mban nuk \u00ebhst\u00eb i joti, e ke borxh edhe at\u00eb. Ty t\u00eb t\u00eb vij\u00eb turp. N\u00eb 3 t\u00eb m\u00ebngjesit t\u00eb jam gjendur. Ti kujton se duke sharr\u00eb t\u00eb gjith\u00eb k\u00ebtu, do fitosh?<\/p>\n\n\n\n<p>Gerti: Ky njeri e b\u00ebn me k\u00ebmb\u00ebngulje 4 her\u00eb at\u00eb gj\u00eb. Pse ndaloi te ky em\u00ebr. E ka t\u00eb br\u00ebndshme k\u00ebt\u00eb gj\u00eb, e ka p\u00ebr t\u00eb m\u00eb intimiduar.<\/p>\n\n\n\n<p>Laerti: Un\u00eb nuk e di ku q\u00ebndron intimidimi n\u00ebse un\u00eb p\u00ebrmend Olta Dakun. Un\u00eb prime e kaluar lajm\u00ebrova banor\u00ebt t\u00eb k\u00ebndonim k\u00ebng\u00ebn e dit\u00eblindjes p\u00ebr t\u00eb.<\/p>\n\n\n\n<p>Gerti: Ta thash\u00eb un\u00eb q\u00eb kisha dit\u00eblindjen.<\/p>\n\n\n\n<p>Laerti: M\u00eb tha q\u00eb i erdhi urimi nga lart dhe un\u00eb i p\u00ebrmenda emrat\u2026<\/p>\n\n\n\n<p>Gerti: P\u00ebrmende vet\u00ebm Olta Dakun<\/p>\n","protected":false},"excerpt":{"rendered":"<p>Laerti dhe Gerti jan\u00eb p\u00ebrfshir\u00eb n\u00eb debate t\u00eb forta gjat\u00eb dit\u00ebve t\u00eb fundit, q\u00eb kan\u00eb kaluar edhe n\u00eb ofendime dhe p\u00ebrmendje t\u00eb situatave personale mes tyre. Edhe n\u00eb mbr\u00ebmjen e sotme ka ndodhur e nj\u00ebjta gj\u00eb, teksa banor\u00ebt kan\u00eb sulmuar njeri-tjetrin n\u00eb nj\u00eb p\u00ebrplasje t\u00eb fort\u00eb. Gerti: Kam nj\u00eb konsiderat\u00eb p\u00ebr Laertin, por e prisja [&hellip;]<\/p>\n","protected":false},"author":2,"featured_media":54261,"comment_status":"open","ping_status":"open","sticky":false,"template":"","format":"standard","meta":{"footnotes":""},"categories":[33],"tags":[],"class_list":{"0":"post-54262","1":"post","2":"type-post","3":"status-publish","4":"format-standard","5":"has-post-thumbnail","7":"category-showbiz"},"yoast_head":"<!-- This site is optimized with the Yoast SEO plugin v27.4 - https:\/\/yoast.com\/product\/yoast-seo-wordpress\/ -->\n<title>\u201cDhunove vajz\u00ebn n\u00eb mes t\u00eb lokalit\u201d\/ \u201cPlas\u201d keq mes Laertit dhe Gertit: Si nuk t\u00eb vjen turp - blogin.al<\/title>\n<meta name=\"robots\" content=\"index, follow, max-snippet:-1, max-image-preview:large, max-video-preview:-1\" \/>\n<link rel=\"canonical\" href=\"https:\/\/blogin.al\/?p=54262\" \/>\n<meta property=\"og:locale\" content=\"en_US\" \/>\n<meta property=\"og:type\" content=\"article\" \/>\n<meta property=\"og:title\" content=\"\u201cDhunove vajz\u00ebn n\u00eb mes t\u00eb lokalit\u201d\/ \u201cPlas\u201d keq mes Laertit dhe Gertit: Si nuk t\u00eb vjen turp - blogin.al\" \/>\n<meta property=\"og:description\" content=\"Laerti dhe Gerti jan\u00eb p\u00ebrfshir\u00eb n\u00eb debate t\u00eb forta gjat\u00eb dit\u00ebve t\u00eb fundit, q\u00eb kan\u00eb kaluar edhe n\u00eb ofendime dhe p\u00ebrmendje t\u00eb situatave personale mes tyre. Edhe n\u00eb mbr\u00ebmjen e sotme ka ndodhur e nj\u00ebjta gj\u00eb, teksa banor\u00ebt kan\u00eb sulmuar njeri-tjetrin n\u00eb nj\u00eb p\u00ebrplasje t\u00eb fort\u00eb. Gerti: Kam nj\u00eb konsiderat\u00eb p\u00ebr Laertin, por e prisja [&hellip;]\" \/>\n<meta property=\"og:url\" content=\"https:\/\/blogin.al\/?p=54262\" \/>\n<meta property=\"og:site_name\" content=\"blogin.al\" \/>\n<meta property=\"article:published_time\" content=\"2025-01-22T09:36:29+00:00\" \/>\n<meta property=\"og:image\" content=\"https:\/\/blogin.al\/wp-content\/uploads\/2025\/01\/lg_sd_hd-1280x720-1.jpg\" \/>\n\t<meta property=\"og:image:width\" content=\"1280\" \/>\n\t<meta property=\"og:image:height\" content=\"720\" \/>\n\t<meta property=\"og:image:type\" content=\"image\/jpeg\" \/>\n<meta name=\"author\" content=\"Blogin al\" \/>\n<meta name=\"twitter:card\" content=\"summary_large_image\" \/>\n<meta name=\"twitter:label1\" content=\"Written by\" \/>\n\t<meta name=\"twitter:data1\" content=\"Blogin al\" \/>\n\t<meta name=\"twitter:label2\" content=\"Est. reading time\" \/>\n\t<meta name=\"twitter:data2\" content=\"2 minutes\" \/>\n<script type=\"application\/ld+json\" class=\"yoast-schema-graph\">{\"@context\":\"https:\\\/\\\/schema.org\",\"@graph\":[{\"@type\":\"Article\",\"@id\":\"https:\\\/\\\/blogin.al\\\/?p=54262#article\",\"isPartOf\":{\"@id\":\"https:\\\/\\\/blogin.al\\\/?p=54262\"},\"author\":{\"name\":\"Blogin al\",\"@id\":\"https:\\\/\\\/blogin.al\\\/#\\\/schema\\\/person\\\/abdd56bc912cd511db877b852b115399\"},\"headline\":\"\u201cDhunove vajz\u00ebn n\u00eb mes t\u00eb lokalit\u201d\\\/ \u201cPlas\u201d keq mes Laertit dhe Gertit: Si nuk t\u00eb vjen turp\",\"datePublished\":\"2025-01-22T09:36:29+00:00\",\"mainEntityOfPage\":{\"@id\":\"https:\\\/\\\/blogin.al\\\/?p=54262\"},\"wordCount\":457,\"commentCount\":0,\"publisher\":{\"@id\":\"https:\\\/\\\/blogin.al\\\/#organization\"},\"image\":{\"@id\":\"https:\\\/\\\/blogin.al\\\/?p=54262#primaryimage\"},\"thumbnailUrl\":\"https:\\\/\\\/blogin.al\\\/wp-content\\\/uploads\\\/2025\\\/01\\\/lg_sd_hd-1280x720-1.jpg\",\"articleSection\":[\"SHOWBIZ\"],\"inLanguage\":\"en-US\",\"potentialAction\":[{\"@type\":\"CommentAction\",\"name\":\"Comment\",\"target\":[\"https:\\\/\\\/blogin.al\\\/?p=54262#respond\"]}]},{\"@type\":\"WebPage\",\"@id\":\"https:\\\/\\\/blogin.al\\\/?p=54262\",\"url\":\"https:\\\/\\\/blogin.al\\\/?p=54262\",\"name\":\"\u201cDhunove vajz\u00ebn n\u00eb mes t\u00eb lokalit\u201d\\\/ \u201cPlas\u201d keq mes Laertit dhe Gertit: Si nuk t\u00eb vjen turp - blogin.al\",\"isPartOf\":{\"@id\":\"https:\\\/\\\/blogin.al\\\/#website\"},\"primaryImageOfPage\":{\"@id\":\"https:\\\/\\\/blogin.al\\\/?p=54262#primaryimage\"},\"image\":{\"@id\":\"https:\\\/\\\/blogin.al\\\/?p=54262#primaryimage\"},\"thumbnailUrl\":\"https:\\\/\\\/blogin.al\\\/wp-content\\\/uploads\\\/2025\\\/01\\\/lg_sd_hd-1280x720-1.jpg\",\"datePublished\":\"2025-01-22T09:36:29+00:00\",\"breadcrumb\":{\"@id\":\"https:\\\/\\\/blogin.al\\\/?p=54262#breadcrumb\"},\"inLanguage\":\"en-US\",\"potentialAction\":[{\"@type\":\"ReadAction\",\"target\":[\"https:\\\/\\\/blogin.al\\\/?p=54262\"]}]},{\"@type\":\"ImageObject\",\"inLanguage\":\"en-US\",\"@id\":\"https:\\\/\\\/blogin.al\\\/?p=54262#primaryimage\",\"url\":\"https:\\\/\\\/blogin.al\\\/wp-content\\\/uploads\\\/2025\\\/01\\\/lg_sd_hd-1280x720-1.jpg\",\"contentUrl\":\"https:\\\/\\\/blogin.al\\\/wp-content\\\/uploads\\\/2025\\\/01\\\/lg_sd_hd-1280x720-1.jpg\",\"width\":1280,\"height\":720},{\"@type\":\"BreadcrumbList\",\"@id\":\"https:\\\/\\\/blogin.al\\\/?p=54262#breadcrumb\",\"itemListElement\":[{\"@type\":\"ListItem\",\"position\":1,\"name\":\"Home\",\"item\":\"https:\\\/\\\/blogin.al\\\/\"},{\"@type\":\"ListItem\",\"position\":2,\"name\":\"\u201cDhunove vajz\u00ebn n\u00eb mes t\u00eb lokalit\u201d\\\/ \u201cPlas\u201d keq mes Laertit dhe Gertit: Si nuk t\u00eb vjen turp\"}]},{\"@type\":\"WebSite\",\"@id\":\"https:\\\/\\\/blogin.al\\\/#website\",\"url\":\"https:\\\/\\\/blogin.al\\\/\",\"name\":\"blogin.al\",\"description\":\"\",\"publisher\":{\"@id\":\"https:\\\/\\\/blogin.al\\\/#organization\"},\"potentialAction\":[{\"@type\":\"SearchAction\",\"target\":{\"@type\":\"EntryPoint\",\"urlTemplate\":\"https:\\\/\\\/blogin.al\\\/?s={search_term_string}\"},\"query-input\":{\"@type\":\"PropertyValueSpecification\",\"valueRequired\":true,\"valueName\":\"search_term_string\"}}],\"inLanguage\":\"en-US\"},{\"@type\":\"Organization\",\"@id\":\"https:\\\/\\\/blogin.al\\\/#organization\",\"name\":\"BLOGIN.al\",\"url\":\"https:\\\/\\\/blogin.al\\\/\",\"logo\":{\"@type\":\"ImageObject\",\"inLanguage\":\"en-US\",\"@id\":\"https:\\\/\\\/blogin.al\\\/#\\\/schema\\\/logo\\\/image\\\/\",\"url\":\"https:\\\/\\\/blogin.al\\\/wp-content\\\/uploads\\\/2022\\\/05\\\/Untitled-2-01-e1652084456514.png\",\"contentUrl\":\"https:\\\/\\\/blogin.al\\\/wp-content\\\/uploads\\\/2022\\\/05\\\/Untitled-2-01-e1652084456514.png\",\"width\":3723,\"height\":1698,\"caption\":\"BLOGIN.al\"},\"image\":{\"@id\":\"https:\\\/\\\/blogin.al\\\/#\\\/schema\\\/logo\\\/image\\\/\"},\"sameAs\":[\"https:\\\/\\\/instagram.com\\\/blogin.al\\\/\"]},{\"@type\":\"Person\",\"@id\":\"https:\\\/\\\/blogin.al\\\/#\\\/schema\\\/person\\\/abdd56bc912cd511db877b852b115399\",\"name\":\"Blogin al\",\"image\":{\"@type\":\"ImageObject\",\"inLanguage\":\"en-US\",\"@id\":\"https:\\\/\\\/secure.gravatar.com\\\/avatar\\\/60d5661aee6e835fb13dc75d2204cd0c1d61bef2efd137c0083e59ef831e235e?s=96&d=mm&r=g\",\"url\":\"https:\\\/\\\/secure.gravatar.com\\\/avatar\\\/60d5661aee6e835fb13dc75d2204cd0c1d61bef2efd137c0083e59ef831e235e?s=96&d=mm&r=g\",\"contentUrl\":\"https:\\\/\\\/secure.gravatar.com\\\/avatar\\\/60d5661aee6e835fb13dc75d2204cd0c1d61bef2efd137c0083e59ef831e235e?s=96&d=mm&r=g\",\"caption\":\"Blogin al\"},\"sameAs\":[\"https:\\\/\\\/blogin.al\"],\"url\":\"https:\\\/\\\/blogin.al\\\/?author=2\"}]}<\/script>\n<!-- \/ Yoast SEO plugin. -->","yoast_head_json":{"title":"\u201cDhunove vajz\u00ebn n\u00eb mes t\u00eb lokalit\u201d\/ \u201cPlas\u201d keq mes Laertit dhe Gertit: Si nuk t\u00eb vjen turp - blogin.al","robots":{"index":"index","follow":"follow","max-snippet":"max-snippet:-1","max-image-preview":"max-image-preview:large","max-video-preview":"max-video-preview:-1"},"canonical":"https:\/\/blogin.al\/?p=54262","og_locale":"en_US","og_type":"article","og_title":"\u201cDhunove vajz\u00ebn n\u00eb mes t\u00eb lokalit\u201d\/ \u201cPlas\u201d keq mes Laertit dhe Gertit: Si nuk t\u00eb vjen turp - blogin.al","og_description":"Laerti dhe Gerti jan\u00eb p\u00ebrfshir\u00eb n\u00eb debate t\u00eb forta gjat\u00eb dit\u00ebve t\u00eb fundit, q\u00eb kan\u00eb kaluar edhe n\u00eb ofendime dhe p\u00ebrmendje t\u00eb situatave personale mes tyre. Edhe n\u00eb mbr\u00ebmjen e sotme ka ndodhur e nj\u00ebjta gj\u00eb, teksa banor\u00ebt kan\u00eb sulmuar njeri-tjetrin n\u00eb nj\u00eb p\u00ebrplasje t\u00eb fort\u00eb. Gerti: Kam nj\u00eb konsiderat\u00eb p\u00ebr Laertin, por e prisja [&hellip;]","og_url":"https:\/\/blogin.al\/?p=54262","og_site_name":"blogin.al","article_published_time":"2025-01-22T09:36:29+00:00","og_image":[{"width":1280,"height":720,"url":"https:\/\/blogin.al\/wp-content\/uploads\/2025\/01\/lg_sd_hd-1280x720-1.jpg","type":"image\/jpeg"}],"author":"Blogin al","twitter_card":"summary_large_image","twitter_misc":{"Written by":"Blogin al","Est. reading time":"2 minutes"},"schema":{"@context":"https:\/\/schema.org","@graph":[{"@type":"Article","@id":"https:\/\/blogin.al\/?p=54262#article","isPartOf":{"@id":"https:\/\/blogin.al\/?p=54262"},"author":{"name":"Blogin al","@id":"https:\/\/blogin.al\/#\/schema\/person\/abdd56bc912cd511db877b852b115399"},"headline":"\u201cDhunove vajz\u00ebn n\u00eb mes t\u00eb lokalit\u201d\/ \u201cPlas\u201d keq mes Laertit dhe Gertit: Si nuk t\u00eb vjen turp","datePublished":"2025-01-22T09:36:29+00:00","mainEntityOfPage":{"@id":"https:\/\/blogin.al\/?p=54262"},"wordCount":457,"commentCount":0,"publisher":{"@id":"https:\/\/blogin.al\/#organization"},"image":{"@id":"https:\/\/blogin.al\/?p=54262#primaryimage"},"thumbnailUrl":"https:\/\/blogin.al\/wp-content\/uploads\/2025\/01\/lg_sd_hd-1280x720-1.jpg","articleSection":["SHOWBIZ"],"inLanguage":"en-US","potentialAction":[{"@type":"CommentAction","name":"Comment","target":["https:\/\/blogin.al\/?p=54262#respond"]}]},{"@type":"WebPage","@id":"https:\/\/blogin.al\/?p=54262","url":"https:\/\/blogin.al\/?p=54262","name":"\u201cDhunove vajz\u00ebn n\u00eb mes t\u00eb lokalit\u201d\/ \u201cPlas\u201d keq mes Laertit dhe Gertit: Si nuk t\u00eb vjen turp - blogin.al","isPartOf":{"@id":"https:\/\/blogin.al\/#website"},"primaryImageOfPage":{"@id":"https:\/\/blogin.al\/?p=54262#primaryimage"},"image":{"@id":"https:\/\/blogin.al\/?p=54262#primaryimage"},"thumbnailUrl":"https:\/\/blogin.al\/wp-content\/uploads\/2025\/01\/lg_sd_hd-1280x720-1.jpg","datePublished":"2025-01-22T09:36:29+00:00","breadcrumb":{"@id":"https:\/\/blogin.al\/?p=54262#breadcrumb"},"inLanguage":"en-US","potentialAction":[{"@type":"ReadAction","target":["https:\/\/blogin.al\/?p=54262"]}]},{"@type":"ImageObject","inLanguage":"en-US","@id":"https:\/\/blogin.al\/?p=54262#primaryimage","url":"https:\/\/blogin.al\/wp-content\/uploads\/2025\/01\/lg_sd_hd-1280x720-1.jpg","contentUrl":"https:\/\/blogin.al\/wp-content\/uploads\/2025\/01\/lg_sd_hd-1280x720-1.jpg","width":1280,"height":720},{"@type":"BreadcrumbList","@id":"https:\/\/blogin.al\/?p=54262#breadcrumb","itemListElement":[{"@type":"ListItem","position":1,"name":"Home","item":"https:\/\/blogin.al\/"},{"@type":"ListItem","position":2,"name":"\u201cDhunove vajz\u00ebn n\u00eb mes t\u00eb lokalit\u201d\/ \u201cPlas\u201d keq mes Laertit dhe Gertit: Si nuk t\u00eb vjen turp"}]},{"@type":"WebSite","@id":"https:\/\/blogin.al\/#website","url":"https:\/\/blogin.al\/","name":"blogin.al","description":"","publisher":{"@id":"https:\/\/blogin.al\/#organization"},"potentialAction":[{"@type":"SearchAction","target":{"@type":"EntryPoint","urlTemplate":"https:\/\/blogin.al\/?s={search_term_string}"},"query-input":{"@type":"PropertyValueSpecification","valueRequired":true,"valueName":"search_term_string"}}],"inLanguage":"en-US"},{"@type":"Organization","@id":"https:\/\/blogin.al\/#organization","name":"BLOGIN.al","url":"https:\/\/blogin.al\/","logo":{"@type":"ImageObject","inLanguage":"en-US","@id":"https:\/\/blogin.al\/#\/schema\/logo\/image\/","url":"https:\/\/blogin.al\/wp-content\/uploads\/2022\/05\/Untitled-2-01-e1652084456514.png","contentUrl":"https:\/\/blogin.al\/wp-content\/uploads\/2022\/05\/Untitled-2-01-e1652084456514.png","width":3723,"height":1698,"caption":"BLOGIN.al"},"image":{"@id":"https:\/\/blogin.al\/#\/schema\/logo\/image\/"},"sameAs":["https:\/\/instagram.com\/blogin.al\/"]},{"@type":"Person","@id":"https:\/\/blogin.al\/#\/schema\/person\/abdd56bc912cd511db877b852b115399","name":"Blogin al","image":{"@type":"ImageObject","inLanguage":"en-US","@id":"https:\/\/secure.gravatar.com\/avatar\/60d5661aee6e835fb13dc75d2204cd0c1d61bef2efd137c0083e59ef831e235e?s=96&d=mm&r=g","url":"https:\/\/secure.gravatar.com\/avatar\/60d5661aee6e835fb13dc75d2204cd0c1d61bef2efd137c0083e59ef831e235e?s=96&d=mm&r=g","contentUrl":"https:\/\/secure.gravatar.com\/avatar\/60d5661aee6e835fb13dc75d2204cd0c1d61bef2efd137c0083e59ef831e235e?s=96&d=mm&r=g","caption":"Blogin al"},"sameAs":["https:\/\/blogin.al"],"url":"https:\/\/blogin.al\/?author=2"}]}},"_links":{"self":[{"href":"https:\/\/blogin.al\/index.php?rest_route=\/wp\/v2\/posts\/54262","targetHints":{"allow":["GET"]}}],"collection":[{"href":"https:\/\/blogin.al\/index.php?rest_route=\/wp\/v2\/posts"}],"about":[{"href":"https:\/\/blogin.al\/index.php?rest_route=\/wp\/v2\/types\/post"}],"author":[{"embeddable":true,"href":"https:\/\/blogin.al\/index.php?rest_route=\/wp\/v2\/users\/2"}],"replies":[{"embeddable":true,"href":"https:\/\/blogin.al\/index.php?rest_route=%2Fwp%2Fv2%2Fcomments&post=54262"}],"version-history":[{"count":0,"href":"https:\/\/blogin.al\/index.php?rest_route=\/wp\/v2\/posts\/54262\/revisions"}],"wp:featuredmedia":[{"embeddable":true,"href":"https:\/\/blogin.al\/index.php?rest_route=\/wp\/v2\/media\/54261"}],"wp:attachment":[{"href":"https:\/\/blogin.al\/index.php?rest_route=%2Fwp%2Fv2%2Fmedia&parent=54262"}],"wp:term":[{"taxonomy":"category","embeddable":true,"href":"https:\/\/blogin.al\/index.php?rest_route=%2Fwp%2Fv2%2Fcategories&post=54262"},{"taxonomy":"post_tag","embeddable":true,"href":"https:\/\/blogin.al\/index.php?rest_route=%2Fwp%2Fv2%2Ftags&post=54262"}],"curies":[{"name":"wp","href":"https:\/\/api.w.org\/{rel}","templated":true}]}}