{"id":54270,"date":"2025-01-22T09:41:47","date_gmt":"2025-01-22T09:41:47","guid":{"rendered":"https:\/\/blogin.al\/gent-bejko-shperthen-ndaj-laert-vasilit-cdo-fjale-qe-u-tha-per-te-eshte-e-vertete\/"},"modified":"2025-01-22T09:41:47","modified_gmt":"2025-01-22T09:41:47","slug":"gent-bejko-shperthen-ndaj-laert-vasilit-cdo-fjale-qe-u-tha-per-te-eshte-e-vertete","status":"publish","type":"post","link":"https:\/\/blogin.al\/?p=54270","title":{"rendered":"Gent Bejko shp\u00ebrthen ndaj Laert Vasilit: \u00c7do fjal\u00eb q\u00eb u tha p\u00ebr t\u00eb \u00ebsht\u00eb e v\u00ebrtet\u00eb"},"content":{"rendered":"\n<p>Aktori Gent Bejko ka reaguar ashp\u00ebr pas debatit t\u00eb fort\u00eb mes Gert Ferr\u00ebs dhe Laert Vasili n\u00eb \u201cBig Brother VIP\u201d. N\u00eb nj\u00eb postim n\u00eb rrjetet sociale, ai ka mb\u00ebshtetur deklaratat e Ferr\u00ebs, duke e quajtur Vasilin \u201cpseudopatriot\u201d dhe duke b\u00ebr\u00eb disa akuza t\u00eb forta ndaj tij.<\/p>\n\n\n\n<p>\u201c<em>Ato q\u00eb po i thot\u00eb Gert Ferra k\u00ebtij Laertit jan\u00eb t\u00eb gjitha t\u00eb v\u00ebrteta. Edhe pse e kan\u00eb zbuar nga Greqia, edhe pse ka ngr\u00ebn\u00eb dru edhe at\u00eb tentativ\u00ebn p\u00ebr heqje nga puna. Q\u00eb ta dini ju \u00e7far\u00eb rruspie \u00ebsht\u00eb ky pseudopatrioti. Edhe le t\u00eb m\u00eb kund\u00ebrshtoj mua ky \u201cbythka\u201d q\u00eb na kafshonte balerin\u00ebt te Dance with Me, po t\u00eb doj\u00eb. Kaq kisha,<\/em>\u201d shkroi Bejko.<\/p>\n\n\n\n<p>Ai paralajm\u00ebroi se do t\u00eb bllokoj\u00eb komentet p\u00ebr t\u00eb shmangur p\u00ebrplasjet mes ndjek\u00ebsve.<\/p>\n\n\n\n<p>\u201c<em>Komentet po i b\u00ebj block se nuk dua as t\u00eb ziheni e as t\u00eb shaheni te muri im. P\u00ebr m\u00eb tep\u00ebr, komente karshi meje mund t\u00eb b\u00ebjn\u00eb ata\/ato q\u00eb m\u00eb njohin, jo ata q\u00eb kujtojn\u00eb se m\u00eb njohin. Muri im, rregullat e mia. Ju faleminderit p\u00ebr mir\u00ebkuptimin,<\/em>\u201d p\u00ebrfundoi ai.<\/p>\n","protected":false},"excerpt":{"rendered":"<p>Aktori Gent Bejko ka reaguar ashp\u00ebr pas debatit t\u00eb fort\u00eb mes Gert Ferr\u00ebs dhe Laert Vasili n\u00eb \u201cBig Brother VIP\u201d. N\u00eb nj\u00eb postim n\u00eb rrjetet sociale, ai ka mb\u00ebshtetur deklaratat e Ferr\u00ebs, duke e quajtur Vasilin \u201cpseudopatriot\u201d dhe duke b\u00ebr\u00eb disa akuza t\u00eb forta ndaj tij. \u201cAto q\u00eb po i thot\u00eb Gert Ferra k\u00ebtij Laertit [&hellip;]<\/p>\n","protected":false},"author":2,"featured_media":54269,"comment_status":"open","ping_status":"open","sticky":false,"template":"","format":"standard","meta":{"footnotes":""},"categories":[33],"tags":[],"class_list":{"0":"post-54270","1":"post","2":"type-post","3":"status-publish","4":"format-standard","5":"has-post-thumbnail","7":"category-showbiz"},"yoast_head":"<!-- This site is optimized with the Yoast SEO plugin v27.4 - https:\/\/yoast.com\/product\/yoast-seo-wordpress\/ -->\n<title>Gent Bejko shp\u00ebrthen ndaj Laert Vasilit: \u00c7do fjal\u00eb q\u00eb u tha p\u00ebr t\u00eb \u00ebsht\u00eb e v\u00ebrtet\u00eb - blogin.al<\/title>\n<meta name=\"robots\" content=\"index, follow, max-snippet:-1, max-image-preview:large, max-video-preview:-1\" \/>\n<link rel=\"canonical\" href=\"https:\/\/blogin.al\/?p=54270\" \/>\n<meta property=\"og:locale\" content=\"en_US\" \/>\n<meta property=\"og:type\" content=\"article\" \/>\n<meta property=\"og:title\" content=\"Gent Bejko shp\u00ebrthen ndaj Laert Vasilit: \u00c7do fjal\u00eb q\u00eb u tha p\u00ebr t\u00eb \u00ebsht\u00eb e v\u00ebrtet\u00eb - blogin.al\" \/>\n<meta property=\"og:description\" content=\"Aktori Gent Bejko ka reaguar ashp\u00ebr pas debatit t\u00eb fort\u00eb mes Gert Ferr\u00ebs dhe Laert Vasili n\u00eb \u201cBig Brother VIP\u201d. N\u00eb nj\u00eb postim n\u00eb rrjetet sociale, ai ka mb\u00ebshtetur deklaratat e Ferr\u00ebs, duke e quajtur Vasilin \u201cpseudopatriot\u201d dhe duke b\u00ebr\u00eb disa akuza t\u00eb forta ndaj tij. \u201cAto q\u00eb po i thot\u00eb Gert Ferra k\u00ebtij Laertit [&hellip;]\" \/>\n<meta property=\"og:url\" content=\"https:\/\/blogin.al\/?p=54270\" \/>\n<meta property=\"og:site_name\" content=\"blogin.al\" \/>\n<meta property=\"article:published_time\" content=\"2025-01-22T09:41:47+00:00\" \/>\n<meta property=\"og:image\" content=\"https:\/\/blogin.al\/wp-content\/uploads\/2025\/01\/IMG_3564.jpeg\" \/>\n\t<meta property=\"og:image:width\" content=\"640\" \/>\n\t<meta property=\"og:image:height\" content=\"385\" \/>\n\t<meta property=\"og:image:type\" content=\"image\/jpeg\" \/>\n<meta name=\"author\" content=\"Blogin al\" \/>\n<meta name=\"twitter:card\" content=\"summary_large_image\" \/>\n<meta name=\"twitter:label1\" content=\"Written by\" \/>\n\t<meta name=\"twitter:data1\" content=\"Blogin al\" \/>\n\t<meta name=\"twitter:label2\" content=\"Est. reading time\" \/>\n\t<meta name=\"twitter:data2\" content=\"1 minute\" \/>\n<script type=\"application\/ld+json\" class=\"yoast-schema-graph\">{\"@context\":\"https:\\\/\\\/schema.org\",\"@graph\":[{\"@type\":\"Article\",\"@id\":\"https:\\\/\\\/blogin.al\\\/?p=54270#article\",\"isPartOf\":{\"@id\":\"https:\\\/\\\/blogin.al\\\/?p=54270\"},\"author\":{\"name\":\"Blogin al\",\"@id\":\"https:\\\/\\\/blogin.al\\\/#\\\/schema\\\/person\\\/abdd56bc912cd511db877b852b115399\"},\"headline\":\"Gent Bejko shp\u00ebrthen ndaj Laert Vasilit: \u00c7do fjal\u00eb q\u00eb u tha p\u00ebr t\u00eb \u00ebsht\u00eb e v\u00ebrtet\u00eb\",\"datePublished\":\"2025-01-22T09:41:47+00:00\",\"mainEntityOfPage\":{\"@id\":\"https:\\\/\\\/blogin.al\\\/?p=54270\"},\"wordCount\":216,\"commentCount\":0,\"publisher\":{\"@id\":\"https:\\\/\\\/blogin.al\\\/#organization\"},\"image\":{\"@id\":\"https:\\\/\\\/blogin.al\\\/?p=54270#primaryimage\"},\"thumbnailUrl\":\"https:\\\/\\\/blogin.al\\\/wp-content\\\/uploads\\\/2025\\\/01\\\/IMG_3564.jpeg\",\"articleSection\":[\"SHOWBIZ\"],\"inLanguage\":\"en-US\",\"potentialAction\":[{\"@type\":\"CommentAction\",\"name\":\"Comment\",\"target\":[\"https:\\\/\\\/blogin.al\\\/?p=54270#respond\"]}]},{\"@type\":\"WebPage\",\"@id\":\"https:\\\/\\\/blogin.al\\\/?p=54270\",\"url\":\"https:\\\/\\\/blogin.al\\\/?p=54270\",\"name\":\"Gent Bejko shp\u00ebrthen ndaj Laert Vasilit: \u00c7do fjal\u00eb q\u00eb u tha p\u00ebr t\u00eb \u00ebsht\u00eb e v\u00ebrtet\u00eb - blogin.al\",\"isPartOf\":{\"@id\":\"https:\\\/\\\/blogin.al\\\/#website\"},\"primaryImageOfPage\":{\"@id\":\"https:\\\/\\\/blogin.al\\\/?p=54270#primaryimage\"},\"image\":{\"@id\":\"https:\\\/\\\/blogin.al\\\/?p=54270#primaryimage\"},\"thumbnailUrl\":\"https:\\\/\\\/blogin.al\\\/wp-content\\\/uploads\\\/2025\\\/01\\\/IMG_3564.jpeg\",\"datePublished\":\"2025-01-22T09:41:47+00:00\",\"breadcrumb\":{\"@id\":\"https:\\\/\\\/blogin.al\\\/?p=54270#breadcrumb\"},\"inLanguage\":\"en-US\",\"potentialAction\":[{\"@type\":\"ReadAction\",\"target\":[\"https:\\\/\\\/blogin.al\\\/?p=54270\"]}]},{\"@type\":\"ImageObject\",\"inLanguage\":\"en-US\",\"@id\":\"https:\\\/\\\/blogin.al\\\/?p=54270#primaryimage\",\"url\":\"https:\\\/\\\/blogin.al\\\/wp-content\\\/uploads\\\/2025\\\/01\\\/IMG_3564.jpeg\",\"contentUrl\":\"https:\\\/\\\/blogin.al\\\/wp-content\\\/uploads\\\/2025\\\/01\\\/IMG_3564.jpeg\",\"width\":640,\"height\":385},{\"@type\":\"BreadcrumbList\",\"@id\":\"https:\\\/\\\/blogin.al\\\/?p=54270#breadcrumb\",\"itemListElement\":[{\"@type\":\"ListItem\",\"position\":1,\"name\":\"Home\",\"item\":\"https:\\\/\\\/blogin.al\\\/\"},{\"@type\":\"ListItem\",\"position\":2,\"name\":\"Gent Bejko shp\u00ebrthen ndaj Laert Vasilit: \u00c7do fjal\u00eb q\u00eb u tha p\u00ebr t\u00eb \u00ebsht\u00eb e v\u00ebrtet\u00eb\"}]},{\"@type\":\"WebSite\",\"@id\":\"https:\\\/\\\/blogin.al\\\/#website\",\"url\":\"https:\\\/\\\/blogin.al\\\/\",\"name\":\"blogin.al\",\"description\":\"\",\"publisher\":{\"@id\":\"https:\\\/\\\/blogin.al\\\/#organization\"},\"potentialAction\":[{\"@type\":\"SearchAction\",\"target\":{\"@type\":\"EntryPoint\",\"urlTemplate\":\"https:\\\/\\\/blogin.al\\\/?s={search_term_string}\"},\"query-input\":{\"@type\":\"PropertyValueSpecification\",\"valueRequired\":true,\"valueName\":\"search_term_string\"}}],\"inLanguage\":\"en-US\"},{\"@type\":\"Organization\",\"@id\":\"https:\\\/\\\/blogin.al\\\/#organization\",\"name\":\"BLOGIN.al\",\"url\":\"https:\\\/\\\/blogin.al\\\/\",\"logo\":{\"@type\":\"ImageObject\",\"inLanguage\":\"en-US\",\"@id\":\"https:\\\/\\\/blogin.al\\\/#\\\/schema\\\/logo\\\/image\\\/\",\"url\":\"https:\\\/\\\/blogin.al\\\/wp-content\\\/uploads\\\/2022\\\/05\\\/Untitled-2-01-e1652084456514.png\",\"contentUrl\":\"https:\\\/\\\/blogin.al\\\/wp-content\\\/uploads\\\/2022\\\/05\\\/Untitled-2-01-e1652084456514.png\",\"width\":3723,\"height\":1698,\"caption\":\"BLOGIN.al\"},\"image\":{\"@id\":\"https:\\\/\\\/blogin.al\\\/#\\\/schema\\\/logo\\\/image\\\/\"},\"sameAs\":[\"https:\\\/\\\/instagram.com\\\/blogin.al\\\/\"]},{\"@type\":\"Person\",\"@id\":\"https:\\\/\\\/blogin.al\\\/#\\\/schema\\\/person\\\/abdd56bc912cd511db877b852b115399\",\"name\":\"Blogin al\",\"image\":{\"@type\":\"ImageObject\",\"inLanguage\":\"en-US\",\"@id\":\"https:\\\/\\\/secure.gravatar.com\\\/avatar\\\/60d5661aee6e835fb13dc75d2204cd0c1d61bef2efd137c0083e59ef831e235e?s=96&d=mm&r=g\",\"url\":\"https:\\\/\\\/secure.gravatar.com\\\/avatar\\\/60d5661aee6e835fb13dc75d2204cd0c1d61bef2efd137c0083e59ef831e235e?s=96&d=mm&r=g\",\"contentUrl\":\"https:\\\/\\\/secure.gravatar.com\\\/avatar\\\/60d5661aee6e835fb13dc75d2204cd0c1d61bef2efd137c0083e59ef831e235e?s=96&d=mm&r=g\",\"caption\":\"Blogin al\"},\"sameAs\":[\"https:\\\/\\\/blogin.al\"],\"url\":\"https:\\\/\\\/blogin.al\\\/?author=2\"}]}<\/script>\n<!-- \/ Yoast SEO plugin. -->","yoast_head_json":{"title":"Gent Bejko shp\u00ebrthen ndaj Laert Vasilit: \u00c7do fjal\u00eb q\u00eb u tha p\u00ebr t\u00eb \u00ebsht\u00eb e v\u00ebrtet\u00eb - blogin.al","robots":{"index":"index","follow":"follow","max-snippet":"max-snippet:-1","max-image-preview":"max-image-preview:large","max-video-preview":"max-video-preview:-1"},"canonical":"https:\/\/blogin.al\/?p=54270","og_locale":"en_US","og_type":"article","og_title":"Gent Bejko shp\u00ebrthen ndaj Laert Vasilit: \u00c7do fjal\u00eb q\u00eb u tha p\u00ebr t\u00eb \u00ebsht\u00eb e v\u00ebrtet\u00eb - blogin.al","og_description":"Aktori Gent Bejko ka reaguar ashp\u00ebr pas debatit t\u00eb fort\u00eb mes Gert Ferr\u00ebs dhe Laert Vasili n\u00eb \u201cBig Brother VIP\u201d. N\u00eb nj\u00eb postim n\u00eb rrjetet sociale, ai ka mb\u00ebshtetur deklaratat e Ferr\u00ebs, duke e quajtur Vasilin \u201cpseudopatriot\u201d dhe duke b\u00ebr\u00eb disa akuza t\u00eb forta ndaj tij. \u201cAto q\u00eb po i thot\u00eb Gert Ferra k\u00ebtij Laertit [&hellip;]","og_url":"https:\/\/blogin.al\/?p=54270","og_site_name":"blogin.al","article_published_time":"2025-01-22T09:41:47+00:00","og_image":[{"width":640,"height":385,"url":"https:\/\/blogin.al\/wp-content\/uploads\/2025\/01\/IMG_3564.jpeg","type":"image\/jpeg"}],"author":"Blogin al","twitter_card":"summary_large_image","twitter_misc":{"Written by":"Blogin al","Est. reading time":"1 minute"},"schema":{"@context":"https:\/\/schema.org","@graph":[{"@type":"Article","@id":"https:\/\/blogin.al\/?p=54270#article","isPartOf":{"@id":"https:\/\/blogin.al\/?p=54270"},"author":{"name":"Blogin al","@id":"https:\/\/blogin.al\/#\/schema\/person\/abdd56bc912cd511db877b852b115399"},"headline":"Gent Bejko shp\u00ebrthen ndaj Laert Vasilit: \u00c7do fjal\u00eb q\u00eb u tha p\u00ebr t\u00eb \u00ebsht\u00eb e v\u00ebrtet\u00eb","datePublished":"2025-01-22T09:41:47+00:00","mainEntityOfPage":{"@id":"https:\/\/blogin.al\/?p=54270"},"wordCount":216,"commentCount":0,"publisher":{"@id":"https:\/\/blogin.al\/#organization"},"image":{"@id":"https:\/\/blogin.al\/?p=54270#primaryimage"},"thumbnailUrl":"https:\/\/blogin.al\/wp-content\/uploads\/2025\/01\/IMG_3564.jpeg","articleSection":["SHOWBIZ"],"inLanguage":"en-US","potentialAction":[{"@type":"CommentAction","name":"Comment","target":["https:\/\/blogin.al\/?p=54270#respond"]}]},{"@type":"WebPage","@id":"https:\/\/blogin.al\/?p=54270","url":"https:\/\/blogin.al\/?p=54270","name":"Gent Bejko shp\u00ebrthen ndaj Laert Vasilit: \u00c7do fjal\u00eb q\u00eb u tha p\u00ebr t\u00eb \u00ebsht\u00eb e v\u00ebrtet\u00eb - blogin.al","isPartOf":{"@id":"https:\/\/blogin.al\/#website"},"primaryImageOfPage":{"@id":"https:\/\/blogin.al\/?p=54270#primaryimage"},"image":{"@id":"https:\/\/blogin.al\/?p=54270#primaryimage"},"thumbnailUrl":"https:\/\/blogin.al\/wp-content\/uploads\/2025\/01\/IMG_3564.jpeg","datePublished":"2025-01-22T09:41:47+00:00","breadcrumb":{"@id":"https:\/\/blogin.al\/?p=54270#breadcrumb"},"inLanguage":"en-US","potentialAction":[{"@type":"ReadAction","target":["https:\/\/blogin.al\/?p=54270"]}]},{"@type":"ImageObject","inLanguage":"en-US","@id":"https:\/\/blogin.al\/?p=54270#primaryimage","url":"https:\/\/blogin.al\/wp-content\/uploads\/2025\/01\/IMG_3564.jpeg","contentUrl":"https:\/\/blogin.al\/wp-content\/uploads\/2025\/01\/IMG_3564.jpeg","width":640,"height":385},{"@type":"BreadcrumbList","@id":"https:\/\/blogin.al\/?p=54270#breadcrumb","itemListElement":[{"@type":"ListItem","position":1,"name":"Home","item":"https:\/\/blogin.al\/"},{"@type":"ListItem","position":2,"name":"Gent Bejko shp\u00ebrthen ndaj Laert Vasilit: \u00c7do fjal\u00eb q\u00eb u tha p\u00ebr t\u00eb \u00ebsht\u00eb e v\u00ebrtet\u00eb"}]},{"@type":"WebSite","@id":"https:\/\/blogin.al\/#website","url":"https:\/\/blogin.al\/","name":"blogin.al","description":"","publisher":{"@id":"https:\/\/blogin.al\/#organization"},"potentialAction":[{"@type":"SearchAction","target":{"@type":"EntryPoint","urlTemplate":"https:\/\/blogin.al\/?s={search_term_string}"},"query-input":{"@type":"PropertyValueSpecification","valueRequired":true,"valueName":"search_term_string"}}],"inLanguage":"en-US"},{"@type":"Organization","@id":"https:\/\/blogin.al\/#organization","name":"BLOGIN.al","url":"https:\/\/blogin.al\/","logo":{"@type":"ImageObject","inLanguage":"en-US","@id":"https:\/\/blogin.al\/#\/schema\/logo\/image\/","url":"https:\/\/blogin.al\/wp-content\/uploads\/2022\/05\/Untitled-2-01-e1652084456514.png","contentUrl":"https:\/\/blogin.al\/wp-content\/uploads\/2022\/05\/Untitled-2-01-e1652084456514.png","width":3723,"height":1698,"caption":"BLOGIN.al"},"image":{"@id":"https:\/\/blogin.al\/#\/schema\/logo\/image\/"},"sameAs":["https:\/\/instagram.com\/blogin.al\/"]},{"@type":"Person","@id":"https:\/\/blogin.al\/#\/schema\/person\/abdd56bc912cd511db877b852b115399","name":"Blogin al","image":{"@type":"ImageObject","inLanguage":"en-US","@id":"https:\/\/secure.gravatar.com\/avatar\/60d5661aee6e835fb13dc75d2204cd0c1d61bef2efd137c0083e59ef831e235e?s=96&d=mm&r=g","url":"https:\/\/secure.gravatar.com\/avatar\/60d5661aee6e835fb13dc75d2204cd0c1d61bef2efd137c0083e59ef831e235e?s=96&d=mm&r=g","contentUrl":"https:\/\/secure.gravatar.com\/avatar\/60d5661aee6e835fb13dc75d2204cd0c1d61bef2efd137c0083e59ef831e235e?s=96&d=mm&r=g","caption":"Blogin al"},"sameAs":["https:\/\/blogin.al"],"url":"https:\/\/blogin.al\/?author=2"}]}},"_links":{"self":[{"href":"https:\/\/blogin.al\/index.php?rest_route=\/wp\/v2\/posts\/54270","targetHints":{"allow":["GET"]}}],"collection":[{"href":"https:\/\/blogin.al\/index.php?rest_route=\/wp\/v2\/posts"}],"about":[{"href":"https:\/\/blogin.al\/index.php?rest_route=\/wp\/v2\/types\/post"}],"author":[{"embeddable":true,"href":"https:\/\/blogin.al\/index.php?rest_route=\/wp\/v2\/users\/2"}],"replies":[{"embeddable":true,"href":"https:\/\/blogin.al\/index.php?rest_route=%2Fwp%2Fv2%2Fcomments&post=54270"}],"version-history":[{"count":0,"href":"https:\/\/blogin.al\/index.php?rest_route=\/wp\/v2\/posts\/54270\/revisions"}],"wp:featuredmedia":[{"embeddable":true,"href":"https:\/\/blogin.al\/index.php?rest_route=\/wp\/v2\/media\/54269"}],"wp:attachment":[{"href":"https:\/\/blogin.al\/index.php?rest_route=%2Fwp%2Fv2%2Fmedia&parent=54270"}],"wp:term":[{"taxonomy":"category","embeddable":true,"href":"https:\/\/blogin.al\/index.php?rest_route=%2Fwp%2Fv2%2Fcategories&post=54270"},{"taxonomy":"post_tag","embeddable":true,"href":"https:\/\/blogin.al\/index.php?rest_route=%2Fwp%2Fv2%2Ftags&post=54270"}],"curies":[{"name":"wp","href":"https:\/\/api.w.org\/{rel}","templated":true}]}}