{"id":54289,"date":"2025-01-23T10:10:49","date_gmt":"2025-01-23T10:10:49","guid":{"rendered":"https:\/\/blogin.al\/gjesti-jep-deklaraten-e-papritur-per-marredhenien-me-eglin\/"},"modified":"2025-01-23T10:10:49","modified_gmt":"2025-01-23T10:10:49","slug":"gjesti-jep-deklaraten-e-papritur-per-marredhenien-me-eglin","status":"publish","type":"post","link":"https:\/\/blogin.al\/?p=54289","title":{"rendered":"Gjesti jep deklarat\u00ebn e papritur p\u00ebr marr\u00ebdh\u00ebnien me Eglin"},"content":{"rendered":"\n<p>Nj\u00eb bised\u00eb mes Gjestit dhe Jozit ka b\u00ebr\u00eb buj\u00eb pasi tema e largimit t\u00eb mundsh\u00ebm t\u00eb Jozit nga sht\u00ebpia solli nj\u00eb aludim t\u00eb papritur nga ana e Gjestit. Gjat\u00eb diskutimeve, Gjesti u shpreh n\u00eb m\u00ebnyr\u00eb t\u00eb drejtp\u00ebrdrejt\u00eb:&nbsp;<em>\u201cMendoj se ti do dal\u00ebsh k\u00ebt\u00eb jav\u00eb, s\u2019ke b\u00ebr\u00eb gj\u00eb.\u201d<\/em><\/p>\n\n\n\n<p>N\u00eb p\u00ebrgjigje, Jozi reagoi me nj\u00eb sfid\u00eb intriguese, duke th\u00ebn\u00eb:&nbsp;<em>\u201cNuk do t\u00eb dal nga sht\u00ebpia pa ju par\u00eb (Gjestin dhe Eglin) si \u00e7ift, duke u puthur.\u201d<\/em>&nbsp;Kjo fraz\u00eb shkaktoi menj\u00ebher\u00eb nj\u00eb reagim t\u00eb papritur nga Gjesti, i cili u p\u00ebrgjigj pa hezitim me nj\u00eb fjal\u00eb t\u00eb thjesht\u00eb, por shum\u00eb t\u00eb habitshme:&nbsp;<em>\u201cNe jemi \u00e7ift\u2026 jemi puthur.\u201d<\/em><\/p>\n\n\n\n<p>Momenti, q\u00eb mund t\u00eb dukej si nj\u00eb shaka mes miqsh, ka ngjallur shum\u00eb pyetje dhe spekulime mes fansave. T\u00eb dy ata filluan t\u00eb qeshin, por ky reagim ka l\u00ebn\u00eb t\u00eb hapur mund\u00ebsin\u00eb q\u00eb mund t\u00eb ket\u00eb di\u00e7ka m\u00eb shum\u00eb pas k\u00ebtyre fjal\u00ebve. A \u00ebsht\u00eb nj\u00eb romanc\u00eb n\u00eb horizont p\u00ebr Gjestin dhe Eglin? Po ndodhin gj\u00ebra mes tyre q\u00eb nuk i dim\u00eb ende?<\/p>\n\n\n\n<figure class=\"wp-block-embed is-type-video is-provider-youtube wp-block-embed-youtube wp-embed-aspect-16-9 wp-has-aspect-ratio\"><div class=\"wp-block-embed__wrapper\">\n<iframe title=\"\u201cNe jemi \u00e7ift\u201d\/ Gjesti bisedon me Jozin: Jemi puthur\u2026 - Big Brother Albania VIP 4\" width=\"696\" height=\"392\" src=\"https:\/\/www.youtube.com\/embed\/eDgg6SPapDY?feature=oembed\" frameborder=\"0\" allow=\"accelerometer; autoplay; clipboard-write; encrypted-media; gyroscope; picture-in-picture; web-share\" referrerpolicy=\"strict-origin-when-cross-origin\" allowfullscreen><\/iframe>\n<\/div><\/figure>\n","protected":false},"excerpt":{"rendered":"<p>Nj\u00eb bised\u00eb mes Gjestit dhe Jozit ka b\u00ebr\u00eb buj\u00eb pasi tema e largimit t\u00eb mundsh\u00ebm t\u00eb Jozit nga sht\u00ebpia solli nj\u00eb aludim t\u00eb papritur nga ana e Gjestit. Gjat\u00eb diskutimeve, Gjesti u shpreh n\u00eb m\u00ebnyr\u00eb t\u00eb drejtp\u00ebrdrejt\u00eb:&nbsp;\u201cMendoj se ti do dal\u00ebsh k\u00ebt\u00eb jav\u00eb, s\u2019ke b\u00ebr\u00eb gj\u00eb.\u201d N\u00eb p\u00ebrgjigje, Jozi reagoi me nj\u00eb sfid\u00eb intriguese, duke [&hellip;]<\/p>\n","protected":false},"author":2,"featured_media":54288,"comment_status":"open","ping_status":"open","sticky":false,"template":"","format":"standard","meta":{"footnotes":""},"categories":[33],"tags":[],"class_list":{"0":"post-54289","1":"post","2":"type-post","3":"status-publish","4":"format-standard","5":"has-post-thumbnail","7":"category-showbiz"},"yoast_head":"<!-- This site is optimized with the Yoast SEO plugin v27.4 - https:\/\/yoast.com\/product\/yoast-seo-wordpress\/ -->\n<title>Gjesti jep deklarat\u00ebn e papritur p\u00ebr marr\u00ebdh\u00ebnien me Eglin - blogin.al<\/title>\n<meta name=\"robots\" content=\"index, follow, max-snippet:-1, max-image-preview:large, max-video-preview:-1\" \/>\n<link rel=\"canonical\" href=\"https:\/\/blogin.al\/?p=54289\" \/>\n<meta property=\"og:locale\" content=\"en_US\" \/>\n<meta property=\"og:type\" content=\"article\" \/>\n<meta property=\"og:title\" content=\"Gjesti jep deklarat\u00ebn e papritur p\u00ebr marr\u00ebdh\u00ebnien me Eglin - blogin.al\" \/>\n<meta property=\"og:description\" content=\"Nj\u00eb bised\u00eb mes Gjestit dhe Jozit ka b\u00ebr\u00eb buj\u00eb pasi tema e largimit t\u00eb mundsh\u00ebm t\u00eb Jozit nga sht\u00ebpia solli nj\u00eb aludim t\u00eb papritur nga ana e Gjestit. Gjat\u00eb diskutimeve, Gjesti u shpreh n\u00eb m\u00ebnyr\u00eb t\u00eb drejtp\u00ebrdrejt\u00eb:&nbsp;\u201cMendoj se ti do dal\u00ebsh k\u00ebt\u00eb jav\u00eb, s\u2019ke b\u00ebr\u00eb gj\u00eb.\u201d N\u00eb p\u00ebrgjigje, Jozi reagoi me nj\u00eb sfid\u00eb intriguese, duke [&hellip;]\" \/>\n<meta property=\"og:url\" content=\"https:\/\/blogin.al\/?p=54289\" \/>\n<meta property=\"og:site_name\" content=\"blogin.al\" \/>\n<meta property=\"article:published_time\" content=\"2025-01-23T10:10:49+00:00\" \/>\n<meta property=\"og:image\" content=\"https:\/\/blogin.al\/wp-content\/uploads\/2025\/01\/IMG_5664-3.webp\" \/>\n\t<meta property=\"og:image:width\" content=\"1280\" \/>\n\t<meta property=\"og:image:height\" content=\"720\" \/>\n\t<meta property=\"og:image:type\" content=\"image\/webp\" \/>\n<meta name=\"author\" content=\"Blogin al\" \/>\n<meta name=\"twitter:card\" content=\"summary_large_image\" \/>\n<meta name=\"twitter:label1\" content=\"Written by\" \/>\n\t<meta name=\"twitter:data1\" content=\"Blogin al\" \/>\n\t<meta name=\"twitter:label2\" content=\"Est. reading time\" \/>\n\t<meta name=\"twitter:data2\" content=\"1 minute\" \/>\n<script type=\"application\/ld+json\" class=\"yoast-schema-graph\">{\"@context\":\"https:\\\/\\\/schema.org\",\"@graph\":[{\"@type\":\"Article\",\"@id\":\"https:\\\/\\\/blogin.al\\\/?p=54289#article\",\"isPartOf\":{\"@id\":\"https:\\\/\\\/blogin.al\\\/?p=54289\"},\"author\":{\"name\":\"Blogin al\",\"@id\":\"https:\\\/\\\/blogin.al\\\/#\\\/schema\\\/person\\\/abdd56bc912cd511db877b852b115399\"},\"headline\":\"Gjesti jep deklarat\u00ebn e papritur p\u00ebr marr\u00ebdh\u00ebnien me Eglin\",\"datePublished\":\"2025-01-23T10:10:49+00:00\",\"mainEntityOfPage\":{\"@id\":\"https:\\\/\\\/blogin.al\\\/?p=54289\"},\"wordCount\":213,\"commentCount\":0,\"publisher\":{\"@id\":\"https:\\\/\\\/blogin.al\\\/#organization\"},\"image\":{\"@id\":\"https:\\\/\\\/blogin.al\\\/?p=54289#primaryimage\"},\"thumbnailUrl\":\"https:\\\/\\\/blogin.al\\\/wp-content\\\/uploads\\\/2025\\\/01\\\/IMG_5664-3.webp\",\"articleSection\":[\"SHOWBIZ\"],\"inLanguage\":\"en-US\",\"potentialAction\":[{\"@type\":\"CommentAction\",\"name\":\"Comment\",\"target\":[\"https:\\\/\\\/blogin.al\\\/?p=54289#respond\"]}]},{\"@type\":\"WebPage\",\"@id\":\"https:\\\/\\\/blogin.al\\\/?p=54289\",\"url\":\"https:\\\/\\\/blogin.al\\\/?p=54289\",\"name\":\"Gjesti jep deklarat\u00ebn e papritur p\u00ebr marr\u00ebdh\u00ebnien me Eglin - blogin.al\",\"isPartOf\":{\"@id\":\"https:\\\/\\\/blogin.al\\\/#website\"},\"primaryImageOfPage\":{\"@id\":\"https:\\\/\\\/blogin.al\\\/?p=54289#primaryimage\"},\"image\":{\"@id\":\"https:\\\/\\\/blogin.al\\\/?p=54289#primaryimage\"},\"thumbnailUrl\":\"https:\\\/\\\/blogin.al\\\/wp-content\\\/uploads\\\/2025\\\/01\\\/IMG_5664-3.webp\",\"datePublished\":\"2025-01-23T10:10:49+00:00\",\"breadcrumb\":{\"@id\":\"https:\\\/\\\/blogin.al\\\/?p=54289#breadcrumb\"},\"inLanguage\":\"en-US\",\"potentialAction\":[{\"@type\":\"ReadAction\",\"target\":[\"https:\\\/\\\/blogin.al\\\/?p=54289\"]}]},{\"@type\":\"ImageObject\",\"inLanguage\":\"en-US\",\"@id\":\"https:\\\/\\\/blogin.al\\\/?p=54289#primaryimage\",\"url\":\"https:\\\/\\\/blogin.al\\\/wp-content\\\/uploads\\\/2025\\\/01\\\/IMG_5664-3.webp\",\"contentUrl\":\"https:\\\/\\\/blogin.al\\\/wp-content\\\/uploads\\\/2025\\\/01\\\/IMG_5664-3.webp\",\"width\":1280,\"height\":720},{\"@type\":\"BreadcrumbList\",\"@id\":\"https:\\\/\\\/blogin.al\\\/?p=54289#breadcrumb\",\"itemListElement\":[{\"@type\":\"ListItem\",\"position\":1,\"name\":\"Home\",\"item\":\"https:\\\/\\\/blogin.al\\\/\"},{\"@type\":\"ListItem\",\"position\":2,\"name\":\"Gjesti jep deklarat\u00ebn e papritur p\u00ebr marr\u00ebdh\u00ebnien me Eglin\"}]},{\"@type\":\"WebSite\",\"@id\":\"https:\\\/\\\/blogin.al\\\/#website\",\"url\":\"https:\\\/\\\/blogin.al\\\/\",\"name\":\"blogin.al\",\"description\":\"\",\"publisher\":{\"@id\":\"https:\\\/\\\/blogin.al\\\/#organization\"},\"potentialAction\":[{\"@type\":\"SearchAction\",\"target\":{\"@type\":\"EntryPoint\",\"urlTemplate\":\"https:\\\/\\\/blogin.al\\\/?s={search_term_string}\"},\"query-input\":{\"@type\":\"PropertyValueSpecification\",\"valueRequired\":true,\"valueName\":\"search_term_string\"}}],\"inLanguage\":\"en-US\"},{\"@type\":\"Organization\",\"@id\":\"https:\\\/\\\/blogin.al\\\/#organization\",\"name\":\"BLOGIN.al\",\"url\":\"https:\\\/\\\/blogin.al\\\/\",\"logo\":{\"@type\":\"ImageObject\",\"inLanguage\":\"en-US\",\"@id\":\"https:\\\/\\\/blogin.al\\\/#\\\/schema\\\/logo\\\/image\\\/\",\"url\":\"https:\\\/\\\/blogin.al\\\/wp-content\\\/uploads\\\/2022\\\/05\\\/Untitled-2-01-e1652084456514.png\",\"contentUrl\":\"https:\\\/\\\/blogin.al\\\/wp-content\\\/uploads\\\/2022\\\/05\\\/Untitled-2-01-e1652084456514.png\",\"width\":3723,\"height\":1698,\"caption\":\"BLOGIN.al\"},\"image\":{\"@id\":\"https:\\\/\\\/blogin.al\\\/#\\\/schema\\\/logo\\\/image\\\/\"},\"sameAs\":[\"https:\\\/\\\/instagram.com\\\/blogin.al\\\/\"]},{\"@type\":\"Person\",\"@id\":\"https:\\\/\\\/blogin.al\\\/#\\\/schema\\\/person\\\/abdd56bc912cd511db877b852b115399\",\"name\":\"Blogin al\",\"image\":{\"@type\":\"ImageObject\",\"inLanguage\":\"en-US\",\"@id\":\"https:\\\/\\\/secure.gravatar.com\\\/avatar\\\/60d5661aee6e835fb13dc75d2204cd0c1d61bef2efd137c0083e59ef831e235e?s=96&d=mm&r=g\",\"url\":\"https:\\\/\\\/secure.gravatar.com\\\/avatar\\\/60d5661aee6e835fb13dc75d2204cd0c1d61bef2efd137c0083e59ef831e235e?s=96&d=mm&r=g\",\"contentUrl\":\"https:\\\/\\\/secure.gravatar.com\\\/avatar\\\/60d5661aee6e835fb13dc75d2204cd0c1d61bef2efd137c0083e59ef831e235e?s=96&d=mm&r=g\",\"caption\":\"Blogin al\"},\"sameAs\":[\"https:\\\/\\\/blogin.al\"],\"url\":\"https:\\\/\\\/blogin.al\\\/?author=2\"}]}<\/script>\n<!-- \/ Yoast SEO plugin. -->","yoast_head_json":{"title":"Gjesti jep deklarat\u00ebn e papritur p\u00ebr marr\u00ebdh\u00ebnien me Eglin - blogin.al","robots":{"index":"index","follow":"follow","max-snippet":"max-snippet:-1","max-image-preview":"max-image-preview:large","max-video-preview":"max-video-preview:-1"},"canonical":"https:\/\/blogin.al\/?p=54289","og_locale":"en_US","og_type":"article","og_title":"Gjesti jep deklarat\u00ebn e papritur p\u00ebr marr\u00ebdh\u00ebnien me Eglin - blogin.al","og_description":"Nj\u00eb bised\u00eb mes Gjestit dhe Jozit ka b\u00ebr\u00eb buj\u00eb pasi tema e largimit t\u00eb mundsh\u00ebm t\u00eb Jozit nga sht\u00ebpia solli nj\u00eb aludim t\u00eb papritur nga ana e Gjestit. Gjat\u00eb diskutimeve, Gjesti u shpreh n\u00eb m\u00ebnyr\u00eb t\u00eb drejtp\u00ebrdrejt\u00eb:&nbsp;\u201cMendoj se ti do dal\u00ebsh k\u00ebt\u00eb jav\u00eb, s\u2019ke b\u00ebr\u00eb gj\u00eb.\u201d N\u00eb p\u00ebrgjigje, Jozi reagoi me nj\u00eb sfid\u00eb intriguese, duke [&hellip;]","og_url":"https:\/\/blogin.al\/?p=54289","og_site_name":"blogin.al","article_published_time":"2025-01-23T10:10:49+00:00","og_image":[{"width":1280,"height":720,"url":"https:\/\/blogin.al\/wp-content\/uploads\/2025\/01\/IMG_5664-3.webp","type":"image\/webp"}],"author":"Blogin al","twitter_card":"summary_large_image","twitter_misc":{"Written by":"Blogin al","Est. reading time":"1 minute"},"schema":{"@context":"https:\/\/schema.org","@graph":[{"@type":"Article","@id":"https:\/\/blogin.al\/?p=54289#article","isPartOf":{"@id":"https:\/\/blogin.al\/?p=54289"},"author":{"name":"Blogin al","@id":"https:\/\/blogin.al\/#\/schema\/person\/abdd56bc912cd511db877b852b115399"},"headline":"Gjesti jep deklarat\u00ebn e papritur p\u00ebr marr\u00ebdh\u00ebnien me Eglin","datePublished":"2025-01-23T10:10:49+00:00","mainEntityOfPage":{"@id":"https:\/\/blogin.al\/?p=54289"},"wordCount":213,"commentCount":0,"publisher":{"@id":"https:\/\/blogin.al\/#organization"},"image":{"@id":"https:\/\/blogin.al\/?p=54289#primaryimage"},"thumbnailUrl":"https:\/\/blogin.al\/wp-content\/uploads\/2025\/01\/IMG_5664-3.webp","articleSection":["SHOWBIZ"],"inLanguage":"en-US","potentialAction":[{"@type":"CommentAction","name":"Comment","target":["https:\/\/blogin.al\/?p=54289#respond"]}]},{"@type":"WebPage","@id":"https:\/\/blogin.al\/?p=54289","url":"https:\/\/blogin.al\/?p=54289","name":"Gjesti jep deklarat\u00ebn e papritur p\u00ebr marr\u00ebdh\u00ebnien me Eglin - blogin.al","isPartOf":{"@id":"https:\/\/blogin.al\/#website"},"primaryImageOfPage":{"@id":"https:\/\/blogin.al\/?p=54289#primaryimage"},"image":{"@id":"https:\/\/blogin.al\/?p=54289#primaryimage"},"thumbnailUrl":"https:\/\/blogin.al\/wp-content\/uploads\/2025\/01\/IMG_5664-3.webp","datePublished":"2025-01-23T10:10:49+00:00","breadcrumb":{"@id":"https:\/\/blogin.al\/?p=54289#breadcrumb"},"inLanguage":"en-US","potentialAction":[{"@type":"ReadAction","target":["https:\/\/blogin.al\/?p=54289"]}]},{"@type":"ImageObject","inLanguage":"en-US","@id":"https:\/\/blogin.al\/?p=54289#primaryimage","url":"https:\/\/blogin.al\/wp-content\/uploads\/2025\/01\/IMG_5664-3.webp","contentUrl":"https:\/\/blogin.al\/wp-content\/uploads\/2025\/01\/IMG_5664-3.webp","width":1280,"height":720},{"@type":"BreadcrumbList","@id":"https:\/\/blogin.al\/?p=54289#breadcrumb","itemListElement":[{"@type":"ListItem","position":1,"name":"Home","item":"https:\/\/blogin.al\/"},{"@type":"ListItem","position":2,"name":"Gjesti jep deklarat\u00ebn e papritur p\u00ebr marr\u00ebdh\u00ebnien me Eglin"}]},{"@type":"WebSite","@id":"https:\/\/blogin.al\/#website","url":"https:\/\/blogin.al\/","name":"blogin.al","description":"","publisher":{"@id":"https:\/\/blogin.al\/#organization"},"potentialAction":[{"@type":"SearchAction","target":{"@type":"EntryPoint","urlTemplate":"https:\/\/blogin.al\/?s={search_term_string}"},"query-input":{"@type":"PropertyValueSpecification","valueRequired":true,"valueName":"search_term_string"}}],"inLanguage":"en-US"},{"@type":"Organization","@id":"https:\/\/blogin.al\/#organization","name":"BLOGIN.al","url":"https:\/\/blogin.al\/","logo":{"@type":"ImageObject","inLanguage":"en-US","@id":"https:\/\/blogin.al\/#\/schema\/logo\/image\/","url":"https:\/\/blogin.al\/wp-content\/uploads\/2022\/05\/Untitled-2-01-e1652084456514.png","contentUrl":"https:\/\/blogin.al\/wp-content\/uploads\/2022\/05\/Untitled-2-01-e1652084456514.png","width":3723,"height":1698,"caption":"BLOGIN.al"},"image":{"@id":"https:\/\/blogin.al\/#\/schema\/logo\/image\/"},"sameAs":["https:\/\/instagram.com\/blogin.al\/"]},{"@type":"Person","@id":"https:\/\/blogin.al\/#\/schema\/person\/abdd56bc912cd511db877b852b115399","name":"Blogin al","image":{"@type":"ImageObject","inLanguage":"en-US","@id":"https:\/\/secure.gravatar.com\/avatar\/60d5661aee6e835fb13dc75d2204cd0c1d61bef2efd137c0083e59ef831e235e?s=96&d=mm&r=g","url":"https:\/\/secure.gravatar.com\/avatar\/60d5661aee6e835fb13dc75d2204cd0c1d61bef2efd137c0083e59ef831e235e?s=96&d=mm&r=g","contentUrl":"https:\/\/secure.gravatar.com\/avatar\/60d5661aee6e835fb13dc75d2204cd0c1d61bef2efd137c0083e59ef831e235e?s=96&d=mm&r=g","caption":"Blogin al"},"sameAs":["https:\/\/blogin.al"],"url":"https:\/\/blogin.al\/?author=2"}]}},"_links":{"self":[{"href":"https:\/\/blogin.al\/index.php?rest_route=\/wp\/v2\/posts\/54289","targetHints":{"allow":["GET"]}}],"collection":[{"href":"https:\/\/blogin.al\/index.php?rest_route=\/wp\/v2\/posts"}],"about":[{"href":"https:\/\/blogin.al\/index.php?rest_route=\/wp\/v2\/types\/post"}],"author":[{"embeddable":true,"href":"https:\/\/blogin.al\/index.php?rest_route=\/wp\/v2\/users\/2"}],"replies":[{"embeddable":true,"href":"https:\/\/blogin.al\/index.php?rest_route=%2Fwp%2Fv2%2Fcomments&post=54289"}],"version-history":[{"count":0,"href":"https:\/\/blogin.al\/index.php?rest_route=\/wp\/v2\/posts\/54289\/revisions"}],"wp:featuredmedia":[{"embeddable":true,"href":"https:\/\/blogin.al\/index.php?rest_route=\/wp\/v2\/media\/54288"}],"wp:attachment":[{"href":"https:\/\/blogin.al\/index.php?rest_route=%2Fwp%2Fv2%2Fmedia&parent=54289"}],"wp:term":[{"taxonomy":"category","embeddable":true,"href":"https:\/\/blogin.al\/index.php?rest_route=%2Fwp%2Fv2%2Fcategories&post=54289"},{"taxonomy":"post_tag","embeddable":true,"href":"https:\/\/blogin.al\/index.php?rest_route=%2Fwp%2Fv2%2Ftags&post=54289"}],"curies":[{"name":"wp","href":"https:\/\/api.w.org\/{rel}","templated":true}]}}