{"id":54304,"date":"2025-01-23T14:53:50","date_gmt":"2025-01-23T14:53:50","guid":{"rendered":"https:\/\/blogin.al\/g-bani-fyen-rende-rozanen-gjate-debatit-teksa-i-permend-edhe-nenen-e-vdekur\/"},"modified":"2025-01-23T14:53:50","modified_gmt":"2025-01-23T14:53:50","slug":"g-bani-fyen-rende-rozanen-gjate-debatit-teksa-i-permend-edhe-nenen-e-vdekur","status":"publish","type":"post","link":"https:\/\/blogin.al\/?p=54304","title":{"rendered":"G Bani fyen r\u00ebnd\u00eb Rozan\u00ebn! Gjat\u00eb debatit teksa i p\u00ebrmend edhe n\u00ebn\u00ebn e vdekur"},"content":{"rendered":"\n<p>Nj\u00eb debat i ashp\u00ebr ka shp\u00ebrthyer sot mes dy personazheve t\u00eb njohur, G Banit dhe Rozan\u00ebs. Sipas d\u00ebshmive t\u00eb tjera, Rozana e ka akuzuar G Banin se \u00ebsht\u00eb ngritur q\u00eb n\u00eb m\u00ebngjes duke shar\u00eb Valbon\u00ebn. Kjo ka shkaktuar nj\u00eb tension t\u00eb menj\u00ebhersh\u00ebm mes tyre, duke i b\u00ebr\u00eb t\u00eb dy t\u00eb p\u00ebrplasen.<\/p>\n\n\n\n<blockquote class=\"wp-block-quote is-layout-flow wp-block-quote-is-layout-flow\">\n<p>\u00c7far\u00eb tha Valbona q\u00eb ka t\u00eb drejt\u00eb?<\/p>\n\n\n\n<p>Rozana: Je 40 e kusur vje\u00e7, mba koherenc\u00eb se le nam.<\/p>\n\n\n\n<p>G Bani: Ti je skizofrene. O goj\u00eb hale mos ma p\u00ebrmend mamin. Pyet mamin t\u00ebnd, legene.<\/p>\n\n\n\n<p>Rozana: Mua m\u00eb ka vdekur mami, nuk e pyes dot.<\/p>\n\n\n\n<p>Danja: Mos u merrni me ato q\u00eb kan\u00eb vdekur. M\u00eb ka vdekur vet mami dhe e di se \u00e7far\u00eb dhimbje \u00ebsht\u00eb.<\/p>\n\n\n\n<p>G Bani: Mua mamin nuk ma p\u00ebrmend njeri. Nuk ka shanse ta b\u00ebj njeri.<\/p>\n<\/blockquote>\n","protected":false},"excerpt":{"rendered":"<p>Nj\u00eb debat i ashp\u00ebr ka shp\u00ebrthyer sot mes dy personazheve t\u00eb njohur, G Banit dhe Rozan\u00ebs. Sipas d\u00ebshmive t\u00eb tjera, Rozana e ka akuzuar G Banin se \u00ebsht\u00eb ngritur q\u00eb n\u00eb m\u00ebngjes duke shar\u00eb Valbon\u00ebn. Kjo ka shkaktuar nj\u00eb tension t\u00eb menj\u00ebhersh\u00ebm mes tyre, duke i b\u00ebr\u00eb t\u00eb dy t\u00eb p\u00ebrplasen. \u00c7far\u00eb tha Valbona q\u00eb [&hellip;]<\/p>\n","protected":false},"author":2,"featured_media":54303,"comment_status":"open","ping_status":"open","sticky":false,"template":"","format":"standard","meta":{"footnotes":""},"categories":[33],"tags":[],"class_list":{"0":"post-54304","1":"post","2":"type-post","3":"status-publish","4":"format-standard","5":"has-post-thumbnail","7":"category-showbiz"},"yoast_head":"<!-- This site is optimized with the Yoast SEO plugin v27.4 - https:\/\/yoast.com\/product\/yoast-seo-wordpress\/ -->\n<title>G Bani fyen r\u00ebnd\u00eb Rozan\u00ebn! Gjat\u00eb debatit teksa i p\u00ebrmend edhe n\u00ebn\u00ebn e vdekur - blogin.al<\/title>\n<meta name=\"robots\" content=\"index, follow, max-snippet:-1, max-image-preview:large, max-video-preview:-1\" \/>\n<link rel=\"canonical\" href=\"https:\/\/blogin.al\/?p=54304\" \/>\n<meta property=\"og:locale\" content=\"en_US\" \/>\n<meta property=\"og:type\" content=\"article\" \/>\n<meta property=\"og:title\" content=\"G Bani fyen r\u00ebnd\u00eb Rozan\u00ebn! Gjat\u00eb debatit teksa i p\u00ebrmend edhe n\u00ebn\u00ebn e vdekur - blogin.al\" \/>\n<meta property=\"og:description\" content=\"Nj\u00eb debat i ashp\u00ebr ka shp\u00ebrthyer sot mes dy personazheve t\u00eb njohur, G Banit dhe Rozan\u00ebs. Sipas d\u00ebshmive t\u00eb tjera, Rozana e ka akuzuar G Banin se \u00ebsht\u00eb ngritur q\u00eb n\u00eb m\u00ebngjes duke shar\u00eb Valbon\u00ebn. Kjo ka shkaktuar nj\u00eb tension t\u00eb menj\u00ebhersh\u00ebm mes tyre, duke i b\u00ebr\u00eb t\u00eb dy t\u00eb p\u00ebrplasen. \u00c7far\u00eb tha Valbona q\u00eb [&hellip;]\" \/>\n<meta property=\"og:url\" content=\"https:\/\/blogin.al\/?p=54304\" \/>\n<meta property=\"og:site_name\" content=\"blogin.al\" \/>\n<meta property=\"article:published_time\" content=\"2025-01-23T14:53:50+00:00\" \/>\n<meta property=\"og:image\" content=\"https:\/\/blogin.al\/wp-content\/uploads\/2025\/01\/hq720-1.jpg\" \/>\n\t<meta property=\"og:image:width\" content=\"686\" \/>\n\t<meta property=\"og:image:height\" content=\"386\" \/>\n\t<meta property=\"og:image:type\" content=\"image\/jpeg\" \/>\n<meta name=\"author\" content=\"Blogin al\" \/>\n<meta name=\"twitter:card\" content=\"summary_large_image\" \/>\n<meta name=\"twitter:label1\" content=\"Written by\" \/>\n\t<meta name=\"twitter:data1\" content=\"Blogin al\" \/>\n\t<meta name=\"twitter:label2\" content=\"Est. reading time\" \/>\n\t<meta name=\"twitter:data2\" content=\"1 minute\" \/>\n<script type=\"application\/ld+json\" class=\"yoast-schema-graph\">{\"@context\":\"https:\\\/\\\/schema.org\",\"@graph\":[{\"@type\":\"Article\",\"@id\":\"https:\\\/\\\/blogin.al\\\/?p=54304#article\",\"isPartOf\":{\"@id\":\"https:\\\/\\\/blogin.al\\\/?p=54304\"},\"author\":{\"name\":\"Blogin al\",\"@id\":\"https:\\\/\\\/blogin.al\\\/#\\\/schema\\\/person\\\/abdd56bc912cd511db877b852b115399\"},\"headline\":\"G Bani fyen r\u00ebnd\u00eb Rozan\u00ebn! Gjat\u00eb debatit teksa i p\u00ebrmend edhe n\u00ebn\u00ebn e vdekur\",\"datePublished\":\"2025-01-23T14:53:50+00:00\",\"mainEntityOfPage\":{\"@id\":\"https:\\\/\\\/blogin.al\\\/?p=54304\"},\"wordCount\":162,\"commentCount\":0,\"publisher\":{\"@id\":\"https:\\\/\\\/blogin.al\\\/#organization\"},\"image\":{\"@id\":\"https:\\\/\\\/blogin.al\\\/?p=54304#primaryimage\"},\"thumbnailUrl\":\"https:\\\/\\\/blogin.al\\\/wp-content\\\/uploads\\\/2025\\\/01\\\/hq720-1.jpg\",\"articleSection\":[\"SHOWBIZ\"],\"inLanguage\":\"en-US\",\"potentialAction\":[{\"@type\":\"CommentAction\",\"name\":\"Comment\",\"target\":[\"https:\\\/\\\/blogin.al\\\/?p=54304#respond\"]}]},{\"@type\":\"WebPage\",\"@id\":\"https:\\\/\\\/blogin.al\\\/?p=54304\",\"url\":\"https:\\\/\\\/blogin.al\\\/?p=54304\",\"name\":\"G Bani fyen r\u00ebnd\u00eb Rozan\u00ebn! Gjat\u00eb debatit teksa i p\u00ebrmend edhe n\u00ebn\u00ebn e vdekur - blogin.al\",\"isPartOf\":{\"@id\":\"https:\\\/\\\/blogin.al\\\/#website\"},\"primaryImageOfPage\":{\"@id\":\"https:\\\/\\\/blogin.al\\\/?p=54304#primaryimage\"},\"image\":{\"@id\":\"https:\\\/\\\/blogin.al\\\/?p=54304#primaryimage\"},\"thumbnailUrl\":\"https:\\\/\\\/blogin.al\\\/wp-content\\\/uploads\\\/2025\\\/01\\\/hq720-1.jpg\",\"datePublished\":\"2025-01-23T14:53:50+00:00\",\"breadcrumb\":{\"@id\":\"https:\\\/\\\/blogin.al\\\/?p=54304#breadcrumb\"},\"inLanguage\":\"en-US\",\"potentialAction\":[{\"@type\":\"ReadAction\",\"target\":[\"https:\\\/\\\/blogin.al\\\/?p=54304\"]}]},{\"@type\":\"ImageObject\",\"inLanguage\":\"en-US\",\"@id\":\"https:\\\/\\\/blogin.al\\\/?p=54304#primaryimage\",\"url\":\"https:\\\/\\\/blogin.al\\\/wp-content\\\/uploads\\\/2025\\\/01\\\/hq720-1.jpg\",\"contentUrl\":\"https:\\\/\\\/blogin.al\\\/wp-content\\\/uploads\\\/2025\\\/01\\\/hq720-1.jpg\",\"width\":686,\"height\":386},{\"@type\":\"BreadcrumbList\",\"@id\":\"https:\\\/\\\/blogin.al\\\/?p=54304#breadcrumb\",\"itemListElement\":[{\"@type\":\"ListItem\",\"position\":1,\"name\":\"Home\",\"item\":\"https:\\\/\\\/blogin.al\\\/\"},{\"@type\":\"ListItem\",\"position\":2,\"name\":\"G Bani fyen r\u00ebnd\u00eb Rozan\u00ebn! Gjat\u00eb debatit teksa i p\u00ebrmend edhe n\u00ebn\u00ebn e vdekur\"}]},{\"@type\":\"WebSite\",\"@id\":\"https:\\\/\\\/blogin.al\\\/#website\",\"url\":\"https:\\\/\\\/blogin.al\\\/\",\"name\":\"blogin.al\",\"description\":\"\",\"publisher\":{\"@id\":\"https:\\\/\\\/blogin.al\\\/#organization\"},\"potentialAction\":[{\"@type\":\"SearchAction\",\"target\":{\"@type\":\"EntryPoint\",\"urlTemplate\":\"https:\\\/\\\/blogin.al\\\/?s={search_term_string}\"},\"query-input\":{\"@type\":\"PropertyValueSpecification\",\"valueRequired\":true,\"valueName\":\"search_term_string\"}}],\"inLanguage\":\"en-US\"},{\"@type\":\"Organization\",\"@id\":\"https:\\\/\\\/blogin.al\\\/#organization\",\"name\":\"BLOGIN.al\",\"url\":\"https:\\\/\\\/blogin.al\\\/\",\"logo\":{\"@type\":\"ImageObject\",\"inLanguage\":\"en-US\",\"@id\":\"https:\\\/\\\/blogin.al\\\/#\\\/schema\\\/logo\\\/image\\\/\",\"url\":\"https:\\\/\\\/blogin.al\\\/wp-content\\\/uploads\\\/2022\\\/05\\\/Untitled-2-01-e1652084456514.png\",\"contentUrl\":\"https:\\\/\\\/blogin.al\\\/wp-content\\\/uploads\\\/2022\\\/05\\\/Untitled-2-01-e1652084456514.png\",\"width\":3723,\"height\":1698,\"caption\":\"BLOGIN.al\"},\"image\":{\"@id\":\"https:\\\/\\\/blogin.al\\\/#\\\/schema\\\/logo\\\/image\\\/\"},\"sameAs\":[\"https:\\\/\\\/instagram.com\\\/blogin.al\\\/\"]},{\"@type\":\"Person\",\"@id\":\"https:\\\/\\\/blogin.al\\\/#\\\/schema\\\/person\\\/abdd56bc912cd511db877b852b115399\",\"name\":\"Blogin al\",\"image\":{\"@type\":\"ImageObject\",\"inLanguage\":\"en-US\",\"@id\":\"https:\\\/\\\/secure.gravatar.com\\\/avatar\\\/60d5661aee6e835fb13dc75d2204cd0c1d61bef2efd137c0083e59ef831e235e?s=96&d=mm&r=g\",\"url\":\"https:\\\/\\\/secure.gravatar.com\\\/avatar\\\/60d5661aee6e835fb13dc75d2204cd0c1d61bef2efd137c0083e59ef831e235e?s=96&d=mm&r=g\",\"contentUrl\":\"https:\\\/\\\/secure.gravatar.com\\\/avatar\\\/60d5661aee6e835fb13dc75d2204cd0c1d61bef2efd137c0083e59ef831e235e?s=96&d=mm&r=g\",\"caption\":\"Blogin al\"},\"sameAs\":[\"https:\\\/\\\/blogin.al\"],\"url\":\"https:\\\/\\\/blogin.al\\\/?author=2\"}]}<\/script>\n<!-- \/ Yoast SEO plugin. -->","yoast_head_json":{"title":"G Bani fyen r\u00ebnd\u00eb Rozan\u00ebn! Gjat\u00eb debatit teksa i p\u00ebrmend edhe n\u00ebn\u00ebn e vdekur - blogin.al","robots":{"index":"index","follow":"follow","max-snippet":"max-snippet:-1","max-image-preview":"max-image-preview:large","max-video-preview":"max-video-preview:-1"},"canonical":"https:\/\/blogin.al\/?p=54304","og_locale":"en_US","og_type":"article","og_title":"G Bani fyen r\u00ebnd\u00eb Rozan\u00ebn! Gjat\u00eb debatit teksa i p\u00ebrmend edhe n\u00ebn\u00ebn e vdekur - blogin.al","og_description":"Nj\u00eb debat i ashp\u00ebr ka shp\u00ebrthyer sot mes dy personazheve t\u00eb njohur, G Banit dhe Rozan\u00ebs. Sipas d\u00ebshmive t\u00eb tjera, Rozana e ka akuzuar G Banin se \u00ebsht\u00eb ngritur q\u00eb n\u00eb m\u00ebngjes duke shar\u00eb Valbon\u00ebn. Kjo ka shkaktuar nj\u00eb tension t\u00eb menj\u00ebhersh\u00ebm mes tyre, duke i b\u00ebr\u00eb t\u00eb dy t\u00eb p\u00ebrplasen. \u00c7far\u00eb tha Valbona q\u00eb [&hellip;]","og_url":"https:\/\/blogin.al\/?p=54304","og_site_name":"blogin.al","article_published_time":"2025-01-23T14:53:50+00:00","og_image":[{"width":686,"height":386,"url":"https:\/\/blogin.al\/wp-content\/uploads\/2025\/01\/hq720-1.jpg","type":"image\/jpeg"}],"author":"Blogin al","twitter_card":"summary_large_image","twitter_misc":{"Written by":"Blogin al","Est. reading time":"1 minute"},"schema":{"@context":"https:\/\/schema.org","@graph":[{"@type":"Article","@id":"https:\/\/blogin.al\/?p=54304#article","isPartOf":{"@id":"https:\/\/blogin.al\/?p=54304"},"author":{"name":"Blogin al","@id":"https:\/\/blogin.al\/#\/schema\/person\/abdd56bc912cd511db877b852b115399"},"headline":"G Bani fyen r\u00ebnd\u00eb Rozan\u00ebn! Gjat\u00eb debatit teksa i p\u00ebrmend edhe n\u00ebn\u00ebn e vdekur","datePublished":"2025-01-23T14:53:50+00:00","mainEntityOfPage":{"@id":"https:\/\/blogin.al\/?p=54304"},"wordCount":162,"commentCount":0,"publisher":{"@id":"https:\/\/blogin.al\/#organization"},"image":{"@id":"https:\/\/blogin.al\/?p=54304#primaryimage"},"thumbnailUrl":"https:\/\/blogin.al\/wp-content\/uploads\/2025\/01\/hq720-1.jpg","articleSection":["SHOWBIZ"],"inLanguage":"en-US","potentialAction":[{"@type":"CommentAction","name":"Comment","target":["https:\/\/blogin.al\/?p=54304#respond"]}]},{"@type":"WebPage","@id":"https:\/\/blogin.al\/?p=54304","url":"https:\/\/blogin.al\/?p=54304","name":"G Bani fyen r\u00ebnd\u00eb Rozan\u00ebn! Gjat\u00eb debatit teksa i p\u00ebrmend edhe n\u00ebn\u00ebn e vdekur - blogin.al","isPartOf":{"@id":"https:\/\/blogin.al\/#website"},"primaryImageOfPage":{"@id":"https:\/\/blogin.al\/?p=54304#primaryimage"},"image":{"@id":"https:\/\/blogin.al\/?p=54304#primaryimage"},"thumbnailUrl":"https:\/\/blogin.al\/wp-content\/uploads\/2025\/01\/hq720-1.jpg","datePublished":"2025-01-23T14:53:50+00:00","breadcrumb":{"@id":"https:\/\/blogin.al\/?p=54304#breadcrumb"},"inLanguage":"en-US","potentialAction":[{"@type":"ReadAction","target":["https:\/\/blogin.al\/?p=54304"]}]},{"@type":"ImageObject","inLanguage":"en-US","@id":"https:\/\/blogin.al\/?p=54304#primaryimage","url":"https:\/\/blogin.al\/wp-content\/uploads\/2025\/01\/hq720-1.jpg","contentUrl":"https:\/\/blogin.al\/wp-content\/uploads\/2025\/01\/hq720-1.jpg","width":686,"height":386},{"@type":"BreadcrumbList","@id":"https:\/\/blogin.al\/?p=54304#breadcrumb","itemListElement":[{"@type":"ListItem","position":1,"name":"Home","item":"https:\/\/blogin.al\/"},{"@type":"ListItem","position":2,"name":"G Bani fyen r\u00ebnd\u00eb Rozan\u00ebn! Gjat\u00eb debatit teksa i p\u00ebrmend edhe n\u00ebn\u00ebn e vdekur"}]},{"@type":"WebSite","@id":"https:\/\/blogin.al\/#website","url":"https:\/\/blogin.al\/","name":"blogin.al","description":"","publisher":{"@id":"https:\/\/blogin.al\/#organization"},"potentialAction":[{"@type":"SearchAction","target":{"@type":"EntryPoint","urlTemplate":"https:\/\/blogin.al\/?s={search_term_string}"},"query-input":{"@type":"PropertyValueSpecification","valueRequired":true,"valueName":"search_term_string"}}],"inLanguage":"en-US"},{"@type":"Organization","@id":"https:\/\/blogin.al\/#organization","name":"BLOGIN.al","url":"https:\/\/blogin.al\/","logo":{"@type":"ImageObject","inLanguage":"en-US","@id":"https:\/\/blogin.al\/#\/schema\/logo\/image\/","url":"https:\/\/blogin.al\/wp-content\/uploads\/2022\/05\/Untitled-2-01-e1652084456514.png","contentUrl":"https:\/\/blogin.al\/wp-content\/uploads\/2022\/05\/Untitled-2-01-e1652084456514.png","width":3723,"height":1698,"caption":"BLOGIN.al"},"image":{"@id":"https:\/\/blogin.al\/#\/schema\/logo\/image\/"},"sameAs":["https:\/\/instagram.com\/blogin.al\/"]},{"@type":"Person","@id":"https:\/\/blogin.al\/#\/schema\/person\/abdd56bc912cd511db877b852b115399","name":"Blogin al","image":{"@type":"ImageObject","inLanguage":"en-US","@id":"https:\/\/secure.gravatar.com\/avatar\/60d5661aee6e835fb13dc75d2204cd0c1d61bef2efd137c0083e59ef831e235e?s=96&d=mm&r=g","url":"https:\/\/secure.gravatar.com\/avatar\/60d5661aee6e835fb13dc75d2204cd0c1d61bef2efd137c0083e59ef831e235e?s=96&d=mm&r=g","contentUrl":"https:\/\/secure.gravatar.com\/avatar\/60d5661aee6e835fb13dc75d2204cd0c1d61bef2efd137c0083e59ef831e235e?s=96&d=mm&r=g","caption":"Blogin al"},"sameAs":["https:\/\/blogin.al"],"url":"https:\/\/blogin.al\/?author=2"}]}},"_links":{"self":[{"href":"https:\/\/blogin.al\/index.php?rest_route=\/wp\/v2\/posts\/54304","targetHints":{"allow":["GET"]}}],"collection":[{"href":"https:\/\/blogin.al\/index.php?rest_route=\/wp\/v2\/posts"}],"about":[{"href":"https:\/\/blogin.al\/index.php?rest_route=\/wp\/v2\/types\/post"}],"author":[{"embeddable":true,"href":"https:\/\/blogin.al\/index.php?rest_route=\/wp\/v2\/users\/2"}],"replies":[{"embeddable":true,"href":"https:\/\/blogin.al\/index.php?rest_route=%2Fwp%2Fv2%2Fcomments&post=54304"}],"version-history":[{"count":0,"href":"https:\/\/blogin.al\/index.php?rest_route=\/wp\/v2\/posts\/54304\/revisions"}],"wp:featuredmedia":[{"embeddable":true,"href":"https:\/\/blogin.al\/index.php?rest_route=\/wp\/v2\/media\/54303"}],"wp:attachment":[{"href":"https:\/\/blogin.al\/index.php?rest_route=%2Fwp%2Fv2%2Fmedia&parent=54304"}],"wp:term":[{"taxonomy":"category","embeddable":true,"href":"https:\/\/blogin.al\/index.php?rest_route=%2Fwp%2Fv2%2Fcategories&post=54304"},{"taxonomy":"post_tag","embeddable":true,"href":"https:\/\/blogin.al\/index.php?rest_route=%2Fwp%2Fv2%2Ftags&post=54304"}],"curies":[{"name":"wp","href":"https:\/\/api.w.org\/{rel}","templated":true}]}}