{"id":54362,"date":"2025-01-26T08:48:51","date_gmt":"2025-01-26T08:48:51","guid":{"rendered":"https:\/\/blogin.al\/tensionet-mes-valbones-dhe-g-banit-pershkallezohen-akuzat-per-ndjekje\/"},"modified":"2025-01-26T08:48:51","modified_gmt":"2025-01-26T08:48:51","slug":"tensionet-mes-valbones-dhe-g-banit-pershkallezohen-akuzat-per-ndjekje","status":"publish","type":"post","link":"https:\/\/blogin.al\/?p=54362","title":{"rendered":"Tensionet mes Valbon\u00ebs dhe G Banit p\u00ebrshkall\u00ebzohen: Akuzat p\u00ebr ndjekje"},"content":{"rendered":"\n<p>N\u00eb dit\u00ebt e fundit, banor\u00ebt e sht\u00ebpis\u00eb kan\u00eb qen\u00eb t\u00eb p\u00ebrfshir\u00eb n\u00eb debate t\u00eb ashpra, dhe nj\u00eb prej m\u00eb t\u00eb diskutuarave \u00ebsht\u00eb ai mes Valbon\u00ebs dhe G Banit.<\/p>\n\n\n\n<p>Banorja ka akuzuar G Banin p\u00ebr ndjekje dhe dhun\u00eb, duke theksuar se, pavar\u00ebsisht se ia ka b\u00ebr\u00eb t\u00eb qart\u00eb se mund t\u00eb jen\u00eb vet\u00ebm shok\u00eb, ai nuk e ka respektuar k\u00ebt\u00eb kufi.<\/p>\n\n\n\n<p>Tensionet mes tyre jan\u00eb rritur, duke shtuar pasiguri dhe ndjenja t\u00eb forta brenda sht\u00ebpis\u00eb.<\/p>\n\n\n\n<blockquote class=\"wp-block-quote is-layout-flow wp-block-quote-is-layout-flow\">\n<p>Valbona: E ke b\u00ebr\u00eb q\u00eb nga dita e par\u00eb, deri m\u00eb sot. Mos m\u00eb trego histori p\u00ebr Jezusin. M\u00eb thuaj pse jam legene p\u00ebr ty? Kur t\u00eb kam th\u00ebn\u00eb q\u00eb dua t\u00eb kem di\u00e7ka me ty? Un\u00eb t\u00eb kam falur, edhe kur m\u00eb ke shtyr\u00eb, m\u00eb ke dhunuar, nuk kam dashur t\u00eb b\u00ebhem sebepi q\u00eb ti t\u00eb ik\u00ebsh nga kjo sht\u00ebpi, por pa mua. M\u00eb ke implikuar q\u00eb dit\u00ebn e par\u00eb. M\u00eb thuaj pse kam mashtruese, ku e kam skenarin?<\/p>\n\n\n\n<p>G Bani: Valbona \u00ebsht\u00eb mashtruese sepse ka th\u00ebn\u00eb q\u00eb nuk ka p\u00eblqim as p\u00ebr mua e as p\u00ebr Laertin. M\u00eb ka akuzuar si hajdut, m\u00eb ka th\u00ebn\u00eb p\u00ebrndjek\u00ebs. Legene nuk \u00ebsht\u00eb e drejt\u00eb, kam kaaluar n\u00eb disa epitete q\u00eb nuk duhen. M\u00eb ka th\u00ebn\u00eb dhunues, por kur thua m\u00eb ke falur, koka e falur nuk theret.<\/p>\n\n\n\n<p>Valbona: Ti je dhunuesi m\u00eb i madh n\u00eb k\u00ebt\u00eb sht\u00ebpi. Mua G Bani sa her\u00eb i kam th\u00ebn\u00eb do ruajm\u00eb raport si shok\u00eb, nuk m\u00eb ka l\u00ebn\u00eb t\u00eb marr frym\u00eb, m\u00eb ka p\u00ebrndjekur kudo me sy, m\u00eb ka ofenduar n\u00eb m\u00ebnyr\u00eb indirekte. Un\u00eb i kam th\u00ebn\u00eb do t\u00eb t\u00eb flas si shoqe. Por ai ka vazhduar me t\u00eb nj\u00ebjt\u00ebn sjellje. E kam falur gjithmon\u00eb, por nuk mundem m\u00eb . E kam menduar se i kishte t\u00eb ndjera ato ndjenjat, dhe nuk kam menduar q\u00eb ndjenjat ndryshojn\u00eb brenda dit\u00ebs.<\/p>\n\n\n\n<p>M\u00eb ka k\u00ebrc\u00ebnuar fytyr\u00eb m\u00eb fytyr\u00eb. Sajoi gj\u00ebra t\u00eb tmerrshme.<\/p>\n\n\n\n<p>G Bani: Nj\u00eb nat\u00eb para se t\u00eb m\u00eb quante p\u00ebrndjek\u00ebs dhe dhunues, po luane n\u00eb krah\u00ebt e mija n\u00eb pishin\u00eb. Un\u00eb nuk jam njeri q\u00eb p\u00ebrndjek me sy, sepse syt\u00eb e mi nuk jan\u00eb m\u00eb p\u00ebr Valbon\u00ebn. Ka qen\u00eb nj\u00eb njeri q\u00eb kur kam pasur nevoj\u00eb p\u00ebr fjal\u00eb t\u00eb mir\u00eb, ka qen\u00eb aty. Nuk e p\u00ebrndjek. Mir\u00ebnjohje p\u00ebr t\u00eb po, ushar dhe zar i saj jo.<\/p>\n<\/blockquote>\n","protected":false},"excerpt":{"rendered":"<p>N\u00eb dit\u00ebt e fundit, banor\u00ebt e sht\u00ebpis\u00eb kan\u00eb qen\u00eb t\u00eb p\u00ebrfshir\u00eb n\u00eb debate t\u00eb ashpra, dhe nj\u00eb prej m\u00eb t\u00eb diskutuarave \u00ebsht\u00eb ai mes Valbon\u00ebs dhe G Banit. Banorja ka akuzuar G Banin p\u00ebr ndjekje dhe dhun\u00eb, duke theksuar se, pavar\u00ebsisht se ia ka b\u00ebr\u00eb t\u00eb qart\u00eb se mund t\u00eb jen\u00eb vet\u00ebm shok\u00eb, ai nuk [&hellip;]<\/p>\n","protected":false},"author":2,"featured_media":54361,"comment_status":"open","ping_status":"open","sticky":false,"template":"","format":"standard","meta":{"footnotes":""},"categories":[33],"tags":[],"class_list":{"0":"post-54362","1":"post","2":"type-post","3":"status-publish","4":"format-standard","5":"has-post-thumbnail","7":"category-showbiz"},"yoast_head":"<!-- This site is optimized with the Yoast SEO plugin v27.4 - https:\/\/yoast.com\/product\/yoast-seo-wordpress\/ -->\n<title>Tensionet mes Valbon\u00ebs dhe G Banit p\u00ebrshkall\u00ebzohen: Akuzat p\u00ebr ndjekje - blogin.al<\/title>\n<meta name=\"robots\" content=\"index, follow, max-snippet:-1, max-image-preview:large, max-video-preview:-1\" \/>\n<link rel=\"canonical\" href=\"https:\/\/blogin.al\/?p=54362\" \/>\n<meta property=\"og:locale\" content=\"en_US\" \/>\n<meta property=\"og:type\" content=\"article\" \/>\n<meta property=\"og:title\" content=\"Tensionet mes Valbon\u00ebs dhe G Banit p\u00ebrshkall\u00ebzohen: Akuzat p\u00ebr ndjekje - blogin.al\" \/>\n<meta property=\"og:description\" content=\"N\u00eb dit\u00ebt e fundit, banor\u00ebt e sht\u00ebpis\u00eb kan\u00eb qen\u00eb t\u00eb p\u00ebrfshir\u00eb n\u00eb debate t\u00eb ashpra, dhe nj\u00eb prej m\u00eb t\u00eb diskutuarave \u00ebsht\u00eb ai mes Valbon\u00ebs dhe G Banit. Banorja ka akuzuar G Banin p\u00ebr ndjekje dhe dhun\u00eb, duke theksuar se, pavar\u00ebsisht se ia ka b\u00ebr\u00eb t\u00eb qart\u00eb se mund t\u00eb jen\u00eb vet\u00ebm shok\u00eb, ai nuk [&hellip;]\" \/>\n<meta property=\"og:url\" content=\"https:\/\/blogin.al\/?p=54362\" \/>\n<meta property=\"og:site_name\" content=\"blogin.al\" \/>\n<meta property=\"article:published_time\" content=\"2025-01-26T08:48:51+00:00\" \/>\n<meta property=\"og:image\" content=\"https:\/\/blogin.al\/wp-content\/uploads\/2025\/01\/900-0-1735125233x640-0-bfce046fe147bf613ac4c92f54006adc-675-1.jpg\" \/>\n\t<meta property=\"og:image:width\" content=\"900\" \/>\n\t<meta property=\"og:image:height\" content=\"598\" \/>\n\t<meta property=\"og:image:type\" content=\"image\/jpeg\" \/>\n<meta name=\"author\" content=\"Blogin al\" \/>\n<meta name=\"twitter:card\" content=\"summary_large_image\" \/>\n<meta name=\"twitter:label1\" content=\"Written by\" \/>\n\t<meta name=\"twitter:data1\" content=\"Blogin al\" \/>\n\t<meta name=\"twitter:label2\" content=\"Est. reading time\" \/>\n\t<meta name=\"twitter:data2\" content=\"2 minutes\" \/>\n<script type=\"application\/ld+json\" class=\"yoast-schema-graph\">{\"@context\":\"https:\\\/\\\/schema.org\",\"@graph\":[{\"@type\":\"Article\",\"@id\":\"https:\\\/\\\/blogin.al\\\/?p=54362#article\",\"isPartOf\":{\"@id\":\"https:\\\/\\\/blogin.al\\\/?p=54362\"},\"author\":{\"name\":\"Blogin al\",\"@id\":\"https:\\\/\\\/blogin.al\\\/#\\\/schema\\\/person\\\/abdd56bc912cd511db877b852b115399\"},\"headline\":\"Tensionet mes Valbon\u00ebs dhe G Banit p\u00ebrshkall\u00ebzohen: Akuzat p\u00ebr ndjekje\",\"datePublished\":\"2025-01-26T08:48:51+00:00\",\"mainEntityOfPage\":{\"@id\":\"https:\\\/\\\/blogin.al\\\/?p=54362\"},\"wordCount\":438,\"commentCount\":0,\"publisher\":{\"@id\":\"https:\\\/\\\/blogin.al\\\/#organization\"},\"image\":{\"@id\":\"https:\\\/\\\/blogin.al\\\/?p=54362#primaryimage\"},\"thumbnailUrl\":\"https:\\\/\\\/blogin.al\\\/wp-content\\\/uploads\\\/2025\\\/01\\\/900-0-1735125233x640-0-bfce046fe147bf613ac4c92f54006adc-675-1.jpg\",\"articleSection\":[\"SHOWBIZ\"],\"inLanguage\":\"en-US\",\"potentialAction\":[{\"@type\":\"CommentAction\",\"name\":\"Comment\",\"target\":[\"https:\\\/\\\/blogin.al\\\/?p=54362#respond\"]}]},{\"@type\":\"WebPage\",\"@id\":\"https:\\\/\\\/blogin.al\\\/?p=54362\",\"url\":\"https:\\\/\\\/blogin.al\\\/?p=54362\",\"name\":\"Tensionet mes Valbon\u00ebs dhe G Banit p\u00ebrshkall\u00ebzohen: Akuzat p\u00ebr ndjekje - blogin.al\",\"isPartOf\":{\"@id\":\"https:\\\/\\\/blogin.al\\\/#website\"},\"primaryImageOfPage\":{\"@id\":\"https:\\\/\\\/blogin.al\\\/?p=54362#primaryimage\"},\"image\":{\"@id\":\"https:\\\/\\\/blogin.al\\\/?p=54362#primaryimage\"},\"thumbnailUrl\":\"https:\\\/\\\/blogin.al\\\/wp-content\\\/uploads\\\/2025\\\/01\\\/900-0-1735125233x640-0-bfce046fe147bf613ac4c92f54006adc-675-1.jpg\",\"datePublished\":\"2025-01-26T08:48:51+00:00\",\"breadcrumb\":{\"@id\":\"https:\\\/\\\/blogin.al\\\/?p=54362#breadcrumb\"},\"inLanguage\":\"en-US\",\"potentialAction\":[{\"@type\":\"ReadAction\",\"target\":[\"https:\\\/\\\/blogin.al\\\/?p=54362\"]}]},{\"@type\":\"ImageObject\",\"inLanguage\":\"en-US\",\"@id\":\"https:\\\/\\\/blogin.al\\\/?p=54362#primaryimage\",\"url\":\"https:\\\/\\\/blogin.al\\\/wp-content\\\/uploads\\\/2025\\\/01\\\/900-0-1735125233x640-0-bfce046fe147bf613ac4c92f54006adc-675-1.jpg\",\"contentUrl\":\"https:\\\/\\\/blogin.al\\\/wp-content\\\/uploads\\\/2025\\\/01\\\/900-0-1735125233x640-0-bfce046fe147bf613ac4c92f54006adc-675-1.jpg\",\"width\":900,\"height\":598},{\"@type\":\"BreadcrumbList\",\"@id\":\"https:\\\/\\\/blogin.al\\\/?p=54362#breadcrumb\",\"itemListElement\":[{\"@type\":\"ListItem\",\"position\":1,\"name\":\"Home\",\"item\":\"https:\\\/\\\/blogin.al\\\/\"},{\"@type\":\"ListItem\",\"position\":2,\"name\":\"Tensionet mes Valbon\u00ebs dhe G Banit p\u00ebrshkall\u00ebzohen: Akuzat p\u00ebr ndjekje\"}]},{\"@type\":\"WebSite\",\"@id\":\"https:\\\/\\\/blogin.al\\\/#website\",\"url\":\"https:\\\/\\\/blogin.al\\\/\",\"name\":\"blogin.al\",\"description\":\"\",\"publisher\":{\"@id\":\"https:\\\/\\\/blogin.al\\\/#organization\"},\"potentialAction\":[{\"@type\":\"SearchAction\",\"target\":{\"@type\":\"EntryPoint\",\"urlTemplate\":\"https:\\\/\\\/blogin.al\\\/?s={search_term_string}\"},\"query-input\":{\"@type\":\"PropertyValueSpecification\",\"valueRequired\":true,\"valueName\":\"search_term_string\"}}],\"inLanguage\":\"en-US\"},{\"@type\":\"Organization\",\"@id\":\"https:\\\/\\\/blogin.al\\\/#organization\",\"name\":\"BLOGIN.al\",\"url\":\"https:\\\/\\\/blogin.al\\\/\",\"logo\":{\"@type\":\"ImageObject\",\"inLanguage\":\"en-US\",\"@id\":\"https:\\\/\\\/blogin.al\\\/#\\\/schema\\\/logo\\\/image\\\/\",\"url\":\"https:\\\/\\\/blogin.al\\\/wp-content\\\/uploads\\\/2022\\\/05\\\/Untitled-2-01-e1652084456514.png\",\"contentUrl\":\"https:\\\/\\\/blogin.al\\\/wp-content\\\/uploads\\\/2022\\\/05\\\/Untitled-2-01-e1652084456514.png\",\"width\":3723,\"height\":1698,\"caption\":\"BLOGIN.al\"},\"image\":{\"@id\":\"https:\\\/\\\/blogin.al\\\/#\\\/schema\\\/logo\\\/image\\\/\"},\"sameAs\":[\"https:\\\/\\\/instagram.com\\\/blogin.al\\\/\"]},{\"@type\":\"Person\",\"@id\":\"https:\\\/\\\/blogin.al\\\/#\\\/schema\\\/person\\\/abdd56bc912cd511db877b852b115399\",\"name\":\"Blogin al\",\"image\":{\"@type\":\"ImageObject\",\"inLanguage\":\"en-US\",\"@id\":\"https:\\\/\\\/secure.gravatar.com\\\/avatar\\\/60d5661aee6e835fb13dc75d2204cd0c1d61bef2efd137c0083e59ef831e235e?s=96&d=mm&r=g\",\"url\":\"https:\\\/\\\/secure.gravatar.com\\\/avatar\\\/60d5661aee6e835fb13dc75d2204cd0c1d61bef2efd137c0083e59ef831e235e?s=96&d=mm&r=g\",\"contentUrl\":\"https:\\\/\\\/secure.gravatar.com\\\/avatar\\\/60d5661aee6e835fb13dc75d2204cd0c1d61bef2efd137c0083e59ef831e235e?s=96&d=mm&r=g\",\"caption\":\"Blogin al\"},\"sameAs\":[\"https:\\\/\\\/blogin.al\"],\"url\":\"https:\\\/\\\/blogin.al\\\/?author=2\"}]}<\/script>\n<!-- \/ Yoast SEO plugin. -->","yoast_head_json":{"title":"Tensionet mes Valbon\u00ebs dhe G Banit p\u00ebrshkall\u00ebzohen: Akuzat p\u00ebr ndjekje - blogin.al","robots":{"index":"index","follow":"follow","max-snippet":"max-snippet:-1","max-image-preview":"max-image-preview:large","max-video-preview":"max-video-preview:-1"},"canonical":"https:\/\/blogin.al\/?p=54362","og_locale":"en_US","og_type":"article","og_title":"Tensionet mes Valbon\u00ebs dhe G Banit p\u00ebrshkall\u00ebzohen: Akuzat p\u00ebr ndjekje - blogin.al","og_description":"N\u00eb dit\u00ebt e fundit, banor\u00ebt e sht\u00ebpis\u00eb kan\u00eb qen\u00eb t\u00eb p\u00ebrfshir\u00eb n\u00eb debate t\u00eb ashpra, dhe nj\u00eb prej m\u00eb t\u00eb diskutuarave \u00ebsht\u00eb ai mes Valbon\u00ebs dhe G Banit. Banorja ka akuzuar G Banin p\u00ebr ndjekje dhe dhun\u00eb, duke theksuar se, pavar\u00ebsisht se ia ka b\u00ebr\u00eb t\u00eb qart\u00eb se mund t\u00eb jen\u00eb vet\u00ebm shok\u00eb, ai nuk [&hellip;]","og_url":"https:\/\/blogin.al\/?p=54362","og_site_name":"blogin.al","article_published_time":"2025-01-26T08:48:51+00:00","og_image":[{"width":900,"height":598,"url":"https:\/\/blogin.al\/wp-content\/uploads\/2025\/01\/900-0-1735125233x640-0-bfce046fe147bf613ac4c92f54006adc-675-1.jpg","type":"image\/jpeg"}],"author":"Blogin al","twitter_card":"summary_large_image","twitter_misc":{"Written by":"Blogin al","Est. reading time":"2 minutes"},"schema":{"@context":"https:\/\/schema.org","@graph":[{"@type":"Article","@id":"https:\/\/blogin.al\/?p=54362#article","isPartOf":{"@id":"https:\/\/blogin.al\/?p=54362"},"author":{"name":"Blogin al","@id":"https:\/\/blogin.al\/#\/schema\/person\/abdd56bc912cd511db877b852b115399"},"headline":"Tensionet mes Valbon\u00ebs dhe G Banit p\u00ebrshkall\u00ebzohen: Akuzat p\u00ebr ndjekje","datePublished":"2025-01-26T08:48:51+00:00","mainEntityOfPage":{"@id":"https:\/\/blogin.al\/?p=54362"},"wordCount":438,"commentCount":0,"publisher":{"@id":"https:\/\/blogin.al\/#organization"},"image":{"@id":"https:\/\/blogin.al\/?p=54362#primaryimage"},"thumbnailUrl":"https:\/\/blogin.al\/wp-content\/uploads\/2025\/01\/900-0-1735125233x640-0-bfce046fe147bf613ac4c92f54006adc-675-1.jpg","articleSection":["SHOWBIZ"],"inLanguage":"en-US","potentialAction":[{"@type":"CommentAction","name":"Comment","target":["https:\/\/blogin.al\/?p=54362#respond"]}]},{"@type":"WebPage","@id":"https:\/\/blogin.al\/?p=54362","url":"https:\/\/blogin.al\/?p=54362","name":"Tensionet mes Valbon\u00ebs dhe G Banit p\u00ebrshkall\u00ebzohen: Akuzat p\u00ebr ndjekje - blogin.al","isPartOf":{"@id":"https:\/\/blogin.al\/#website"},"primaryImageOfPage":{"@id":"https:\/\/blogin.al\/?p=54362#primaryimage"},"image":{"@id":"https:\/\/blogin.al\/?p=54362#primaryimage"},"thumbnailUrl":"https:\/\/blogin.al\/wp-content\/uploads\/2025\/01\/900-0-1735125233x640-0-bfce046fe147bf613ac4c92f54006adc-675-1.jpg","datePublished":"2025-01-26T08:48:51+00:00","breadcrumb":{"@id":"https:\/\/blogin.al\/?p=54362#breadcrumb"},"inLanguage":"en-US","potentialAction":[{"@type":"ReadAction","target":["https:\/\/blogin.al\/?p=54362"]}]},{"@type":"ImageObject","inLanguage":"en-US","@id":"https:\/\/blogin.al\/?p=54362#primaryimage","url":"https:\/\/blogin.al\/wp-content\/uploads\/2025\/01\/900-0-1735125233x640-0-bfce046fe147bf613ac4c92f54006adc-675-1.jpg","contentUrl":"https:\/\/blogin.al\/wp-content\/uploads\/2025\/01\/900-0-1735125233x640-0-bfce046fe147bf613ac4c92f54006adc-675-1.jpg","width":900,"height":598},{"@type":"BreadcrumbList","@id":"https:\/\/blogin.al\/?p=54362#breadcrumb","itemListElement":[{"@type":"ListItem","position":1,"name":"Home","item":"https:\/\/blogin.al\/"},{"@type":"ListItem","position":2,"name":"Tensionet mes Valbon\u00ebs dhe G Banit p\u00ebrshkall\u00ebzohen: Akuzat p\u00ebr ndjekje"}]},{"@type":"WebSite","@id":"https:\/\/blogin.al\/#website","url":"https:\/\/blogin.al\/","name":"blogin.al","description":"","publisher":{"@id":"https:\/\/blogin.al\/#organization"},"potentialAction":[{"@type":"SearchAction","target":{"@type":"EntryPoint","urlTemplate":"https:\/\/blogin.al\/?s={search_term_string}"},"query-input":{"@type":"PropertyValueSpecification","valueRequired":true,"valueName":"search_term_string"}}],"inLanguage":"en-US"},{"@type":"Organization","@id":"https:\/\/blogin.al\/#organization","name":"BLOGIN.al","url":"https:\/\/blogin.al\/","logo":{"@type":"ImageObject","inLanguage":"en-US","@id":"https:\/\/blogin.al\/#\/schema\/logo\/image\/","url":"https:\/\/blogin.al\/wp-content\/uploads\/2022\/05\/Untitled-2-01-e1652084456514.png","contentUrl":"https:\/\/blogin.al\/wp-content\/uploads\/2022\/05\/Untitled-2-01-e1652084456514.png","width":3723,"height":1698,"caption":"BLOGIN.al"},"image":{"@id":"https:\/\/blogin.al\/#\/schema\/logo\/image\/"},"sameAs":["https:\/\/instagram.com\/blogin.al\/"]},{"@type":"Person","@id":"https:\/\/blogin.al\/#\/schema\/person\/abdd56bc912cd511db877b852b115399","name":"Blogin al","image":{"@type":"ImageObject","inLanguage":"en-US","@id":"https:\/\/secure.gravatar.com\/avatar\/60d5661aee6e835fb13dc75d2204cd0c1d61bef2efd137c0083e59ef831e235e?s=96&d=mm&r=g","url":"https:\/\/secure.gravatar.com\/avatar\/60d5661aee6e835fb13dc75d2204cd0c1d61bef2efd137c0083e59ef831e235e?s=96&d=mm&r=g","contentUrl":"https:\/\/secure.gravatar.com\/avatar\/60d5661aee6e835fb13dc75d2204cd0c1d61bef2efd137c0083e59ef831e235e?s=96&d=mm&r=g","caption":"Blogin al"},"sameAs":["https:\/\/blogin.al"],"url":"https:\/\/blogin.al\/?author=2"}]}},"_links":{"self":[{"href":"https:\/\/blogin.al\/index.php?rest_route=\/wp\/v2\/posts\/54362","targetHints":{"allow":["GET"]}}],"collection":[{"href":"https:\/\/blogin.al\/index.php?rest_route=\/wp\/v2\/posts"}],"about":[{"href":"https:\/\/blogin.al\/index.php?rest_route=\/wp\/v2\/types\/post"}],"author":[{"embeddable":true,"href":"https:\/\/blogin.al\/index.php?rest_route=\/wp\/v2\/users\/2"}],"replies":[{"embeddable":true,"href":"https:\/\/blogin.al\/index.php?rest_route=%2Fwp%2Fv2%2Fcomments&post=54362"}],"version-history":[{"count":0,"href":"https:\/\/blogin.al\/index.php?rest_route=\/wp\/v2\/posts\/54362\/revisions"}],"wp:featuredmedia":[{"embeddable":true,"href":"https:\/\/blogin.al\/index.php?rest_route=\/wp\/v2\/media\/54361"}],"wp:attachment":[{"href":"https:\/\/blogin.al\/index.php?rest_route=%2Fwp%2Fv2%2Fmedia&parent=54362"}],"wp:term":[{"taxonomy":"category","embeddable":true,"href":"https:\/\/blogin.al\/index.php?rest_route=%2Fwp%2Fv2%2Fcategories&post=54362"},{"taxonomy":"post_tag","embeddable":true,"href":"https:\/\/blogin.al\/index.php?rest_route=%2Fwp%2Fv2%2Ftags&post=54362"}],"curies":[{"name":"wp","href":"https:\/\/api.w.org\/{rel}","templated":true}]}}